{"id":3619,"date":"2022-01-05T19:32:24","date_gmt":"2022-01-05T19:32:24","guid":{"rendered":"https:\/\/unisale.com.br\/pastoral\/?p=3619"},"modified":"2022-01-05T19:32:24","modified_gmt":"2022-01-05T19:32:24","slug":"09-01-ele-vos-batizara-no-espirito-santo-e-no-fogo","status":"publish","type":"post","link":"https:\/\/unisale.com.br\/pastoral\/09-01-ele-vos-batizara-no-espirito-santo-e-no-fogo\/","title":{"rendered":"09\/01 &#8211; Ele vos batizar\u00e1 no Esp\u00edrito Santo e no fogo."},"content":{"rendered":"<p>Domingo, 9 de janeiro de 2022. Batismo do Senhor<\/p>\n<p>&nbsp;<\/p>\n<p>Evangelho (Lc 3,15-16.21-22)<\/p>\n<p>&nbsp;<\/p>\n<p><strong>\u201cEle vos batizar\u00e1 no Esp\u00edrito Santo e no fogo\u201d<\/strong><\/p>\n<p>&nbsp;<\/p>\n<p>Naquele tempo, <sup>15<\/sup>o povo estava na expectativa e todos se perguntavam no seu \u00edntimo se Jo\u00e3o n\u00e3o seria o Messias. <sup>16<\/sup>Por isso, Jo\u00e3o declarou a todos: \u201cEu vos batizo com \u00e1gua, mas vir\u00e1 aquele que \u00e9 mais forte do que eu. Eu n\u00e3o sou digno de desamarrar a correia de suas sand\u00e1lias. Ele vos batizar\u00e1 no Esp\u00edrito Santo e no fogo\u201d. <sup>21<\/sup>Quando todo o povo estava sendo batizado, Jesus tamb\u00e9m recebeu o batismo. E, enquanto rezava, o c\u00e9u se abriu <sup>22<\/sup>e o Esp\u00edrito Santo desceu sobre Jesus em forma vis\u00edvel, como pomba. E do c\u00e9u veio uma voz: \u201cTu \u00e9s o meu Filho amado, em ti ponho o meu bem-querer\u201d.<\/p>\n<p>&nbsp;<\/p>\n<p><strong>Reflex\u00e3o<\/strong><\/p>\n<p>&nbsp;<\/p>\n<p>A festa do Batismo de Jesus fecha o tempo do Natal. A Encarna\u00e7\u00e3o do Verbo na nossa humanidade n\u00e3o \u00e9 somente a manifesta\u00e7\u00e3o de uma admir\u00e1vel complac\u00eancia e de uma comovente ternura divina, mas \u00e9 tamb\u00e9m a descida do c\u00e9u de um fogo que deseja ser a vida dos nossos percursos humanos e o impulso da nossa liberdade. Jo\u00e3o Batista aparece em todos os evangelhos como um profeta apaixonado e convincente. A sua vida e a sua prega\u00e7\u00e3o revelam uma qualidade humana alt\u00edssima, de uma magn\u00e9tica liberdade interior. \u00c9 um homem capaz de falar a uma multid\u00e3o com verdade, de fazer aberturas no cora\u00e7\u00e3o com uma prega\u00e7\u00e3o sincera e tocante. Contudo, a grandeza de Jo\u00e3o n\u00e3o est\u00e1 em ser o mais forte do que outros que o precederam no minist\u00e9rio prof\u00e9tico, mas de ser uma pessoa consciente da pr\u00f3pria necessidade de salva\u00e7\u00e3o, de saber indicar com clareza a segura vinda o Senhor. E Jo\u00e3o \u00e9 quem batiza Jesus. O Batismo do homem Jesus n\u00e3o \u00e9 outra coisa que a confirma\u00e7\u00e3o do Natal do menino Jesus o qual, colocando-se em fila conosco e com a nossa necessidade de sermos protegidos e salvos, nos revela quanto fogo da vida divina esteja disposto a apostar com a nossa realidade humana, do momento em que Deus, no seu desejo de comunh\u00e3o conosco, est\u00e1 disposto a descer e a se inclinar para chegar l\u00e1 onde os caminhos tortuosos da vida, por fim os nossos pecados, nos conduziram. Ao final do tempo do Natal, possamos perguntar-nos serenamente quanto o mist\u00e9rio de comunh\u00e3o que Deus quis estabelecer conosco penetre novamente no nosso cora\u00e7\u00e3o e tenha come\u00e7ado a plasmar o nosso modo de viver, at\u00e9 nos tornarmos homens e mulheres cheios de esperan\u00e7a, herdeiros da vida eterna.<\/p>\n<p>&nbsp;<\/p>\n<p><strong>Pe. Paulo Eduardo J\u00e1como, sdb.<\/strong><\/p>\n","protected":false},"excerpt":{"rendered":"<p>Domingo, 9 de janeiro de 2022. Batismo do Senhor &nbsp; Evangelho (Lc 3,15-16.21-22) &nbsp; \u201cEle vos batizar\u00e1 no Esp\u00edrito Santo e no fogo\u201d &nbsp; Naquele&#8230;<\/p>\n","protected":false},"author":6,"featured_media":3608,"comment_status":"closed","ping_status":"closed","sticky":false,"template":"","format":"standard","meta":{"_acf_changed":false,"footnotes":""},"categories":[13],"tags":[],"class_list":["post-3619","post","type-post","status-publish","format-standard","has-post-thumbnail","hentry","category-reflexaodoevagelho"],"acf":[],"yoast_head":"<!-- This site is optimized with the Yoast SEO plugin v27.3 - https:\/\/yoast.com\/product\/yoast-seo-wordpress\/ -->\n<title>09\/01 - Ele vos batizar\u00e1 no Esp\u00edrito Santo e no fogo. - Pastoral Universit\u00e1ria UniSALESIANO<\/title>\n<meta name=\"robots\" content=\"index, follow, max-snippet:-1, max-image-preview:large, max-video-preview:-1\" \/>\n<link rel=\"canonical\" href=\"https:\/\/unisale.com.br\/novo\/09-01-ele-vos-batizara-no-espirito-santo-e-no-fogo\/\" \/>\n<meta property=\"og:locale\" content=\"pt_BR\" \/>\n<meta property=\"og:type\" content=\"article\" \/>\n<meta property=\"og:title\" content=\"09\/01 - Ele vos batizar\u00e1 no Esp\u00edrito Santo e no fogo. - Pastoral Universit\u00e1ria UniSALESIANO\" \/>\n<meta property=\"og:description\" content=\"Domingo, 9 de janeiro de 2022. Batismo do Senhor &nbsp; Evangelho (Lc 3,15-16.21-22) &nbsp; \u201cEle vos batizar\u00e1 no Esp\u00edrito Santo e no fogo\u201d &nbsp; Naquele...\" \/>\n<meta property=\"og:url\" content=\"https:\/\/unisale.com.br\/novo\/09-01-ele-vos-batizara-no-espirito-santo-e-no-fogo\/\" \/>\n<meta property=\"og:site_name\" content=\"Pastoral Universit\u00e1ria UniSALESIANO\" \/>\n<meta property=\"article:published_time\" content=\"2022-01-05T19:32:24+00:00\" \/>\n<meta property=\"og:image\" content=\"https:\/\/unisale.com.br\/novo\/wp-content\/uploads\/2022\/01\/ev-09.jpg\" \/>\n\t<meta property=\"og:image:width\" content=\"1280\" \/>\n\t<meta property=\"og:image:height\" content=\"720\" \/>\n\t<meta property=\"og:image:type\" content=\"image\/jpeg\" \/>\n<meta name=\"author\" content=\"Luiz Alexandre Marinho Lanzoni\" \/>\n<meta name=\"twitter:card\" content=\"summary_large_image\" \/>\n<meta name=\"twitter:label1\" content=\"Escrito por\" \/>\n\t<meta name=\"twitter:data1\" content=\"Luiz Alexandre Marinho Lanzoni\" \/>\n\t<meta name=\"twitter:label2\" content=\"Est. tempo de leitura\" \/>\n\t<meta name=\"twitter:data2\" content=\"2 minutos\" \/>\n<script type=\"application\/ld+json\" class=\"yoast-schema-graph\">{\"@context\":\"https:\\\/\\\/schema.org\",\"@graph\":[{\"@type\":\"Article\",\"@id\":\"https:\\\/\\\/unisale.com.br\\\/novo\\\/09-01-ele-vos-batizara-no-espirito-santo-e-no-fogo\\\/#article\",\"isPartOf\":{\"@id\":\"https:\\\/\\\/unisale.com.br\\\/novo\\\/09-01-ele-vos-batizara-no-espirito-santo-e-no-fogo\\\/\"},\"author\":{\"name\":\"Luiz Alexandre Marinho Lanzoni\",\"@id\":\"https:\\\/\\\/unisale.com.br\\\/pastoral\\\/#\\\/schema\\\/person\\\/492d3d7bfe53a8302576d39485aff2c4\"},\"headline\":\"09\\\/01 &#8211; Ele vos batizar\u00e1 no Esp\u00edrito Santo e no fogo.\",\"datePublished\":\"2022-01-05T19:32:24+00:00\",\"mainEntityOfPage\":{\"@id\":\"https:\\\/\\\/unisale.com.br\\\/novo\\\/09-01-ele-vos-batizara-no-espirito-santo-e-no-fogo\\\/\"},\"wordCount\":479,\"image\":{\"@id\":\"https:\\\/\\\/unisale.com.br\\\/novo\\\/09-01-ele-vos-batizara-no-espirito-santo-e-no-fogo\\\/#primaryimage\"},\"thumbnailUrl\":\"https:\\\/\\\/unisale.com.br\\\/pastoral\\\/wp-content\\\/uploads\\\/2022\\\/01\\\/ev-09.jpg\",\"articleSection\":[\"Reflex\u00e3o do Evangelho\"],\"inLanguage\":\"pt-BR\"},{\"@type\":\"WebPage\",\"@id\":\"https:\\\/\\\/unisale.com.br\\\/novo\\\/09-01-ele-vos-batizara-no-espirito-santo-e-no-fogo\\\/\",\"url\":\"https:\\\/\\\/unisale.com.br\\\/novo\\\/09-01-ele-vos-batizara-no-espirito-santo-e-no-fogo\\\/\",\"name\":\"09\\\/01 - Ele vos batizar\u00e1 no Esp\u00edrito Santo e no fogo. - Pastoral Universit\u00e1ria UniSALESIANO\",\"isPartOf\":{\"@id\":\"https:\\\/\\\/unisale.com.br\\\/pastoral\\\/#website\"},\"primaryImageOfPage\":{\"@id\":\"https:\\\/\\\/unisale.com.br\\\/novo\\\/09-01-ele-vos-batizara-no-espirito-santo-e-no-fogo\\\/#primaryimage\"},\"image\":{\"@id\":\"https:\\\/\\\/unisale.com.br\\\/novo\\\/09-01-ele-vos-batizara-no-espirito-santo-e-no-fogo\\\/#primaryimage\"},\"thumbnailUrl\":\"https:\\\/\\\/unisale.com.br\\\/pastoral\\\/wp-content\\\/uploads\\\/2022\\\/01\\\/ev-09.jpg\",\"datePublished\":\"2022-01-05T19:32:24+00:00\",\"author\":{\"@id\":\"https:\\\/\\\/unisale.com.br\\\/pastoral\\\/#\\\/schema\\\/person\\\/492d3d7bfe53a8302576d39485aff2c4\"},\"inLanguage\":\"pt-BR\",\"potentialAction\":[{\"@type\":\"ReadAction\",\"target\":[\"https:\\\/\\\/unisale.com.br\\\/novo\\\/09-01-ele-vos-batizara-no-espirito-santo-e-no-fogo\\\/\"]}]},{\"@type\":\"ImageObject\",\"inLanguage\":\"pt-BR\",\"@id\":\"https:\\\/\\\/unisale.com.br\\\/novo\\\/09-01-ele-vos-batizara-no-espirito-santo-e-no-fogo\\\/#primaryimage\",\"url\":\"https:\\\/\\\/unisale.com.br\\\/pastoral\\\/wp-content\\\/uploads\\\/2022\\\/01\\\/ev-09.jpg\",\"contentUrl\":\"https:\\\/\\\/unisale.com.br\\\/pastoral\\\/wp-content\\\/uploads\\\/2022\\\/01\\\/ev-09.jpg\",\"width\":889,\"height\":500},{\"@type\":\"WebSite\",\"@id\":\"https:\\\/\\\/unisale.com.br\\\/pastoral\\\/#website\",\"url\":\"https:\\\/\\\/unisale.com.br\\\/pastoral\\\/\",\"name\":\"Pastoral Universit\u00e1ria UniSALESIANO\",\"description\":\"Site da Pastoral Universit\u00e1ria do UniSALESIANO\",\"potentialAction\":[{\"@type\":\"SearchAction\",\"target\":{\"@type\":\"EntryPoint\",\"urlTemplate\":\"https:\\\/\\\/unisale.com.br\\\/pastoral\\\/?s={search_term_string}\"},\"query-input\":{\"@type\":\"PropertyValueSpecification\",\"valueRequired\":true,\"valueName\":\"search_term_string\"}}],\"inLanguage\":\"pt-BR\"},{\"@type\":\"Person\",\"@id\":\"https:\\\/\\\/unisale.com.br\\\/pastoral\\\/#\\\/schema\\\/person\\\/492d3d7bfe53a8302576d39485aff2c4\",\"name\":\"Luiz Alexandre Marinho Lanzoni\",\"url\":\"https:\\\/\\\/unisale.com.br\\\/pastoral\\\/author\\\/luiz\\\/\"}]}<\/script>\n<!-- \/ Yoast SEO plugin. -->","yoast_head_json":{"title":"09\/01 - Ele vos batizar\u00e1 no Esp\u00edrito Santo e no fogo. - Pastoral Universit\u00e1ria UniSALESIANO","robots":{"index":"index","follow":"follow","max-snippet":"max-snippet:-1","max-image-preview":"max-image-preview:large","max-video-preview":"max-video-preview:-1"},"canonical":"https:\/\/unisale.com.br\/novo\/09-01-ele-vos-batizara-no-espirito-santo-e-no-fogo\/","og_locale":"pt_BR","og_type":"article","og_title":"09\/01 - Ele vos batizar\u00e1 no Esp\u00edrito Santo e no fogo. - Pastoral Universit\u00e1ria UniSALESIANO","og_description":"Domingo, 9 de janeiro de 2022. Batismo do Senhor &nbsp; Evangelho (Lc 3,15-16.21-22) &nbsp; \u201cEle vos batizar\u00e1 no Esp\u00edrito Santo e no fogo\u201d &nbsp; Naquele...","og_url":"https:\/\/unisale.com.br\/novo\/09-01-ele-vos-batizara-no-espirito-santo-e-no-fogo\/","og_site_name":"Pastoral Universit\u00e1ria UniSALESIANO","article_published_time":"2022-01-05T19:32:24+00:00","og_image":[{"width":1280,"height":720,"url":"https:\/\/unisale.com.br\/novo\/wp-content\/uploads\/2022\/01\/ev-09.jpg","type":"image\/jpeg"}],"author":"Luiz Alexandre Marinho Lanzoni","twitter_card":"summary_large_image","twitter_misc":{"Escrito por":"Luiz Alexandre Marinho Lanzoni","Est. tempo de leitura":"2 minutos"},"schema":{"@context":"https:\/\/schema.org","@graph":[{"@type":"Article","@id":"https:\/\/unisale.com.br\/novo\/09-01-ele-vos-batizara-no-espirito-santo-e-no-fogo\/#article","isPartOf":{"@id":"https:\/\/unisale.com.br\/novo\/09-01-ele-vos-batizara-no-espirito-santo-e-no-fogo\/"},"author":{"name":"Luiz Alexandre Marinho Lanzoni","@id":"https:\/\/unisale.com.br\/pastoral\/#\/schema\/person\/492d3d7bfe53a8302576d39485aff2c4"},"headline":"09\/01 &#8211; Ele vos batizar\u00e1 no Esp\u00edrito Santo e no fogo.","datePublished":"2022-01-05T19:32:24+00:00","mainEntityOfPage":{"@id":"https:\/\/unisale.com.br\/novo\/09-01-ele-vos-batizara-no-espirito-santo-e-no-fogo\/"},"wordCount":479,"image":{"@id":"https:\/\/unisale.com.br\/novo\/09-01-ele-vos-batizara-no-espirito-santo-e-no-fogo\/#primaryimage"},"thumbnailUrl":"https:\/\/unisale.com.br\/pastoral\/wp-content\/uploads\/2022\/01\/ev-09.jpg","articleSection":["Reflex\u00e3o do Evangelho"],"inLanguage":"pt-BR"},{"@type":"WebPage","@id":"https:\/\/unisale.com.br\/novo\/09-01-ele-vos-batizara-no-espirito-santo-e-no-fogo\/","url":"https:\/\/unisale.com.br\/novo\/09-01-ele-vos-batizara-no-espirito-santo-e-no-fogo\/","name":"09\/01 - Ele vos batizar\u00e1 no Esp\u00edrito Santo e no fogo. - Pastoral Universit\u00e1ria UniSALESIANO","isPartOf":{"@id":"https:\/\/unisale.com.br\/pastoral\/#website"},"primaryImageOfPage":{"@id":"https:\/\/unisale.com.br\/novo\/09-01-ele-vos-batizara-no-espirito-santo-e-no-fogo\/#primaryimage"},"image":{"@id":"https:\/\/unisale.com.br\/novo\/09-01-ele-vos-batizara-no-espirito-santo-e-no-fogo\/#primaryimage"},"thumbnailUrl":"https:\/\/unisale.com.br\/pastoral\/wp-content\/uploads\/2022\/01\/ev-09.jpg","datePublished":"2022-01-05T19:32:24+00:00","author":{"@id":"https:\/\/unisale.com.br\/pastoral\/#\/schema\/person\/492d3d7bfe53a8302576d39485aff2c4"},"inLanguage":"pt-BR","potentialAction":[{"@type":"ReadAction","target":["https:\/\/unisale.com.br\/novo\/09-01-ele-vos-batizara-no-espirito-santo-e-no-fogo\/"]}]},{"@type":"ImageObject","inLanguage":"pt-BR","@id":"https:\/\/unisale.com.br\/novo\/09-01-ele-vos-batizara-no-espirito-santo-e-no-fogo\/#primaryimage","url":"https:\/\/unisale.com.br\/pastoral\/wp-content\/uploads\/2022\/01\/ev-09.jpg","contentUrl":"https:\/\/unisale.com.br\/pastoral\/wp-content\/uploads\/2022\/01\/ev-09.jpg","width":889,"height":500},{"@type":"WebSite","@id":"https:\/\/unisale.com.br\/pastoral\/#website","url":"https:\/\/unisale.com.br\/pastoral\/","name":"Pastoral Universit\u00e1ria UniSALESIANO","description":"Site da Pastoral Universit\u00e1ria do UniSALESIANO","potentialAction":[{"@type":"SearchAction","target":{"@type":"EntryPoint","urlTemplate":"https:\/\/unisale.com.br\/pastoral\/?s={search_term_string}"},"query-input":{"@type":"PropertyValueSpecification","valueRequired":true,"valueName":"search_term_string"}}],"inLanguage":"pt-BR"},{"@type":"Person","@id":"https:\/\/unisale.com.br\/pastoral\/#\/schema\/person\/492d3d7bfe53a8302576d39485aff2c4","name":"Luiz Alexandre Marinho Lanzoni","url":"https:\/\/unisale.com.br\/pastoral\/author\/luiz\/"}]}},"_links":{"self":[{"href":"https:\/\/unisale.com.br\/pastoral\/wp-json\/wp\/v2\/posts\/3619","targetHints":{"allow":["GET"]}}],"collection":[{"href":"https:\/\/unisale.com.br\/pastoral\/wp-json\/wp\/v2\/posts"}],"about":[{"href":"https:\/\/unisale.com.br\/pastoral\/wp-json\/wp\/v2\/types\/post"}],"author":[{"embeddable":true,"href":"https:\/\/unisale.com.br\/pastoral\/wp-json\/wp\/v2\/users\/6"}],"replies":[{"embeddable":true,"href":"https:\/\/unisale.com.br\/pastoral\/wp-json\/wp\/v2\/comments?post=3619"}],"version-history":[{"count":0,"href":"https:\/\/unisale.com.br\/pastoral\/wp-json\/wp\/v2\/posts\/3619\/revisions"}],"wp:featuredmedia":[{"embeddable":true,"href":"https:\/\/unisale.com.br\/pastoral\/wp-json\/wp\/v2\/media\/3608"}],"wp:attachment":[{"href":"https:\/\/unisale.com.br\/pastoral\/wp-json\/wp\/v2\/media?parent=3619"}],"wp:term":[{"taxonomy":"category","embeddable":true,"href":"https:\/\/unisale.com.br\/pastoral\/wp-json\/wp\/v2\/categories?post=3619"},{"taxonomy":"post_tag","embeddable":true,"href":"https:\/\/unisale.com.br\/pastoral\/wp-json\/wp\/v2\/tags?post=3619"}],"curies":[{"name":"wp","href":"https:\/\/api.w.org\/{rel}","templated":true}]}}