{"id":3626,"date":"2022-01-10T12:30:41","date_gmt":"2022-01-10T12:30:41","guid":{"rendered":"https:\/\/unisale.com.br\/pastoral\/?p=3626"},"modified":"2022-01-10T12:30:41","modified_gmt":"2022-01-10T12:30:41","slug":"liga-academica-de-dermatologia-do-unisalesiano-promove-palestra-sobre-cancer-de-pele","status":"publish","type":"post","link":"https:\/\/unisale.com.br\/pastoral\/liga-academica-de-dermatologia-do-unisalesiano-promove-palestra-sobre-cancer-de-pele\/","title":{"rendered":"Liga Acad\u00eamica de Dermatologia do UniSALESIANO promove palestra sobre c\u00e2ncer de pele"},"content":{"rendered":"<h3><span style=\"font-size: 18pt;\">O evento foi promovido em parceria com a Pastoral Universit\u00e1ria e o Departamento de Recursos Humanos<\/span><\/h3>\n<div class=\"grid-12 post-content\">\n<p>A <strong>Liga Acad\u00eamica de Dermatologia \u201cS\u00e3o Bartolomeu\u201d,<\/strong> do Curso de Medicina do UniSALESIANO, aproveitou a <strong>\u201cReflex\u00e3o e Forma\u00e7\u00e3o da Espiritualidade Salesiana\u201d<\/strong> para abordar a campanha <strong>\u201cDezembro Laranja \u2013 Adicione mais fator de prote\u00e7\u00e3o ao seu ver\u00e3o\u201d.<\/strong><\/p>\n<p>O evento, promovido em parceria com a <strong>Pastoral Universit\u00e1ria<\/strong> e o <strong>Departamento de Recursos Humanos<\/strong>, aconteceu na tarde do dia 9 de dezembro, no audit\u00f3rio Papa Francisco.<\/p>\n<p>Na abertura do encontro, o <strong>Pr\u00f3-Reitor de Pastoral, Pe. Paulo Eduardo J\u00e1como<\/strong>, destacou a import\u00e2ncia de todos aprenderem a cuidar da vida porque a vida \u00e9 um dom de Deus. \u201cTodos n\u00f3s temos uma responsabilidade muito grande sobre a nossa vida\u201d, disse.<\/p>\n<p>A palestra foi ministrada pela dermatologista e docente do <strong>Curso de Medicina do UniSALESIANO, Prof.\u00aa Denise Poletto<\/strong>. Ela ressaltou a import\u00e2ncia do conhecimento da doen\u00e7a pela popula\u00e7\u00e3o, pois o c\u00e2ncer de pele \u00e9 o que aparece em primeiro lugar no ranking.<\/p>\n<p>\u201cTemos que ficar atentos ao nosso corpo. Qualquer sinal, \u00e9 interessante procurar um dermatologista para averiguar e tratar. Quanto mais r\u00e1pido o diagn\u00f3stico e tratamento, maiores as chances de cura\u201d, explicou.<\/p>\n<p>O Instituto Nacional do C\u00e2ncer (INCA) registra, a cada ano, cerca de 185 mil novos casos. A doen\u00e7a \u00e9 provocada pelo crescimento anormal e descontrolado das c\u00e9lulas que comp\u00f5em a pele. Essas c\u00e9lulas se disp\u00f5em formando camadas e, de acordo com as que forem afetadas, s\u00e3o definidos os diferentes tipos de c\u00e2ncer.<\/p>\n<p>Denise deu algumas dicas de como prevenir o c\u00e2ncer de pele. S\u00e3o elas: usar protetor solar todos os dias, em todas as \u00e1reas expostas do corpo e n\u00e3o se esquecer de reaplicar o produto; evitar se expor ao sol no \u201chor\u00e1rio de pico\u201d das 10h \u00e0s 16h; usar chap\u00e9us, \u00f3culos, protetor solar e, por conta da pandemia, m\u00e1scara e \u00e1lcool em gel; se notar o surgimento de alguma ferida que n\u00e3o cicatriza, manchas escuras, n\u00f3dulos na pele ou altera\u00e7\u00f5es em pintas, procurar um m\u00e9dico; e consultar um dermatologista uma vez ao ano.<\/p>\n\n\t\t<style type=\"text\/css\">\n\t\t\t#gallery-1 {\n\t\t\t\tmargin: auto;\n\t\t\t}\n\t\t\t#gallery-1 .gallery-item {\n\t\t\t\tfloat: left;\n\t\t\t\tmargin-top: 10px;\n\t\t\t\ttext-align: center;\n\t\t\t\twidth: 33%;\n\t\t\t}\n\t\t\t#gallery-1 img {\n\t\t\t\tborder: 2px solid #cfcfcf;\n\t\t\t}\n\t\t\t#gallery-1 .gallery-caption {\n\t\t\t\tmargin-left: 0;\n\t\t\t}\n\t\t\t\/* see gallery_shortcode() in wp-includes\/media.php *\/\n\t\t<\/style>\n\t\t<div id='gallery-1' class='gallery galleryid-3626 gallery-columns-3 gallery-size-thumbnail'><dl class='gallery-item'>\n\t\t\t<dt class='gallery-icon landscape'>\n\t\t\t\t<a href='https:\/\/unisale.com.br\/pastoral\/liga-academica-de-dermatologia-realiza-palestra-sobre-cancer-de-pele\/whatsapp-image-2021-12-14-at-09-22-32-1024x682\/'><img decoding=\"async\" width=\"150\" height=\"150\" src=\"https:\/\/unisale.com.br\/pastoral\/wp-content\/uploads\/2021\/12\/WhatsApp-Image-2021-12-14-at-09.22.32-1024x682-1-150x150.jpeg\" class=\"attachment-thumbnail size-thumbnail\" alt=\"\" \/><\/a>\n\t\t\t<\/dt><\/dl><dl class='gallery-item'>\n\t\t\t<dt class='gallery-icon landscape'>\n\t\t\t\t<a href='https:\/\/unisale.com.br\/pastoral\/liga-academica-de-dermatologia-realiza-palestra-sobre-cancer-de-pele\/whatsapp-image-2021-12-14-at-09-22-32-1-1024x682\/'><img decoding=\"async\" width=\"150\" height=\"150\" src=\"https:\/\/unisale.com.br\/pastoral\/wp-content\/uploads\/2021\/12\/WhatsApp-Image-2021-12-14-at-09.22.32-1-1024x682-1-150x150.jpeg\" class=\"attachment-thumbnail size-thumbnail\" alt=\"\" \/><\/a>\n\t\t\t<\/dt><\/dl><dl class='gallery-item'>\n\t\t\t<dt class='gallery-icon landscape'>\n\t\t\t\t<a href='https:\/\/unisale.com.br\/pastoral\/liga-academica-de-dermatologia-realiza-palestra-sobre-cancer-de-pele\/whatsapp-image-2021-12-14-at-09-22-30-1024x682\/'><img decoding=\"async\" width=\"150\" height=\"150\" src=\"https:\/\/unisale.com.br\/pastoral\/wp-content\/uploads\/2021\/12\/WhatsApp-Image-2021-12-14-at-09.22.30-1024x682-1-150x150.jpeg\" class=\"attachment-thumbnail size-thumbnail\" alt=\"\" \/><\/a>\n\t\t\t<\/dt><\/dl><br style=\"clear: both\" \/><dl class='gallery-item'>\n\t\t\t<dt class='gallery-icon landscape'>\n\t\t\t\t<a href='https:\/\/unisale.com.br\/pastoral\/liga-academica-de-dermatologia-realiza-palestra-sobre-cancer-de-pele\/whatsapp-image-2021-12-14-at-09-22-30-2-1024x682\/'><img loading=\"lazy\" decoding=\"async\" width=\"150\" height=\"150\" src=\"https:\/\/unisale.com.br\/pastoral\/wp-content\/uploads\/2021\/12\/WhatsApp-Image-2021-12-14-at-09.22.30-2-1024x682-1-150x150.jpeg\" class=\"attachment-thumbnail size-thumbnail\" alt=\"\" \/><\/a>\n\t\t\t<\/dt><\/dl>\n\t\t\t<br style='clear: both' \/>\n\t\t<\/div>\n\n<\/div>\n","protected":false},"excerpt":{"rendered":"<p>O evento foi promovido em parceria com a Pastoral Universit\u00e1ria e o Departamento de Recursos Humanos A Liga Acad\u00eamica de Dermatologia \u201cS\u00e3o Bartolomeu\u201d, do Curso&#8230;<\/p>\n","protected":false},"author":6,"featured_media":3500,"comment_status":"closed","ping_status":"closed","sticky":false,"template":"","format":"standard","meta":{"_acf_changed":false,"footnotes":""},"categories":[4,3],"tags":[],"class_list":["post-3626","post","type-post","status-publish","format-standard","has-post-thumbnail","hentry","category-event","category-not"],"acf":[],"yoast_head":"<!-- This site is optimized with the Yoast SEO plugin v27.3 - https:\/\/yoast.com\/product\/yoast-seo-wordpress\/ -->\n<title>Liga Acad\u00eamica de Dermatologia do UniSALESIANO promove palestra sobre c\u00e2ncer de pele - Pastoral Universit\u00e1ria UniSALESIANO<\/title>\n<meta name=\"robots\" content=\"index, follow, max-snippet:-1, max-image-preview:large, max-video-preview:-1\" \/>\n<link rel=\"canonical\" href=\"https:\/\/unisale.com.br\/novo\/liga-academica-de-dermatologia-do-unisalesiano-promove-palestra-sobre-cancer-de-pele\/\" \/>\n<meta property=\"og:locale\" content=\"pt_BR\" \/>\n<meta property=\"og:type\" content=\"article\" \/>\n<meta property=\"og:title\" content=\"Liga Acad\u00eamica de Dermatologia do UniSALESIANO promove palestra sobre c\u00e2ncer de pele - Pastoral Universit\u00e1ria UniSALESIANO\" \/>\n<meta property=\"og:description\" content=\"O evento foi promovido em parceria com a Pastoral Universit\u00e1ria e o Departamento de Recursos Humanos A Liga Acad\u00eamica de Dermatologia \u201cS\u00e3o Bartolomeu\u201d, do Curso...\" \/>\n<meta property=\"og:url\" content=\"https:\/\/unisale.com.br\/novo\/liga-academica-de-dermatologia-do-unisalesiano-promove-palestra-sobre-cancer-de-pele\/\" \/>\n<meta property=\"og:site_name\" content=\"Pastoral Universit\u00e1ria UniSALESIANO\" \/>\n<meta property=\"article:published_time\" content=\"2022-01-10T12:30:41+00:00\" \/>\n<meta property=\"og:image\" content=\"https:\/\/unisale.com.br\/novo\/wp-content\/uploads\/2021\/12\/WhatsApp-Image-2021-12-14-at-09.22.32-1-1024x682-1.jpeg\" \/>\n\t<meta property=\"og:image:width\" content=\"1024\" \/>\n\t<meta property=\"og:image:height\" content=\"682\" \/>\n\t<meta property=\"og:image:type\" content=\"image\/jpeg\" \/>\n<meta name=\"author\" content=\"Luiz Alexandre Marinho Lanzoni\" \/>\n<meta name=\"twitter:card\" content=\"summary_large_image\" \/>\n<meta name=\"twitter:label1\" content=\"Escrito por\" \/>\n\t<meta name=\"twitter:data1\" content=\"Luiz Alexandre Marinho Lanzoni\" \/>\n\t<meta name=\"twitter:label2\" content=\"Est. tempo de leitura\" \/>\n\t<meta name=\"twitter:data2\" content=\"2 minutos\" \/>\n<script type=\"application\/ld+json\" class=\"yoast-schema-graph\">{\"@context\":\"https:\\\/\\\/schema.org\",\"@graph\":[{\"@type\":\"Article\",\"@id\":\"https:\\\/\\\/unisale.com.br\\\/novo\\\/liga-academica-de-dermatologia-do-unisalesiano-promove-palestra-sobre-cancer-de-pele\\\/#article\",\"isPartOf\":{\"@id\":\"https:\\\/\\\/unisale.com.br\\\/novo\\\/liga-academica-de-dermatologia-do-unisalesiano-promove-palestra-sobre-cancer-de-pele\\\/\"},\"author\":{\"name\":\"Luiz Alexandre Marinho Lanzoni\",\"@id\":\"https:\\\/\\\/unisale.com.br\\\/pastoral\\\/#\\\/schema\\\/person\\\/492d3d7bfe53a8302576d39485aff2c4\"},\"headline\":\"Liga Acad\u00eamica de Dermatologia do UniSALESIANO promove palestra sobre c\u00e2ncer de pele\",\"datePublished\":\"2022-01-10T12:30:41+00:00\",\"mainEntityOfPage\":{\"@id\":\"https:\\\/\\\/unisale.com.br\\\/novo\\\/liga-academica-de-dermatologia-do-unisalesiano-promove-palestra-sobre-cancer-de-pele\\\/\"},\"wordCount\":383,\"image\":{\"@id\":\"https:\\\/\\\/unisale.com.br\\\/novo\\\/liga-academica-de-dermatologia-do-unisalesiano-promove-palestra-sobre-cancer-de-pele\\\/#primaryimage\"},\"thumbnailUrl\":\"https:\\\/\\\/unisale.com.br\\\/pastoral\\\/wp-content\\\/uploads\\\/2021\\\/12\\\/WhatsApp-Image-2021-12-14-at-09.22.32-1-1024x682-1.jpeg\",\"articleSection\":[\"Eventos\",\"Not\u00edcias\"],\"inLanguage\":\"pt-BR\"},{\"@type\":\"WebPage\",\"@id\":\"https:\\\/\\\/unisale.com.br\\\/novo\\\/liga-academica-de-dermatologia-do-unisalesiano-promove-palestra-sobre-cancer-de-pele\\\/\",\"url\":\"https:\\\/\\\/unisale.com.br\\\/novo\\\/liga-academica-de-dermatologia-do-unisalesiano-promove-palestra-sobre-cancer-de-pele\\\/\",\"name\":\"Liga Acad\u00eamica de Dermatologia do UniSALESIANO promove palestra sobre c\u00e2ncer de pele - Pastoral Universit\u00e1ria UniSALESIANO\",\"isPartOf\":{\"@id\":\"https:\\\/\\\/unisale.com.br\\\/pastoral\\\/#website\"},\"primaryImageOfPage\":{\"@id\":\"https:\\\/\\\/unisale.com.br\\\/novo\\\/liga-academica-de-dermatologia-do-unisalesiano-promove-palestra-sobre-cancer-de-pele\\\/#primaryimage\"},\"image\":{\"@id\":\"https:\\\/\\\/unisale.com.br\\\/novo\\\/liga-academica-de-dermatologia-do-unisalesiano-promove-palestra-sobre-cancer-de-pele\\\/#primaryimage\"},\"thumbnailUrl\":\"https:\\\/\\\/unisale.com.br\\\/pastoral\\\/wp-content\\\/uploads\\\/2021\\\/12\\\/WhatsApp-Image-2021-12-14-at-09.22.32-1-1024x682-1.jpeg\",\"datePublished\":\"2022-01-10T12:30:41+00:00\",\"author\":{\"@id\":\"https:\\\/\\\/unisale.com.br\\\/pastoral\\\/#\\\/schema\\\/person\\\/492d3d7bfe53a8302576d39485aff2c4\"},\"inLanguage\":\"pt-BR\",\"potentialAction\":[{\"@type\":\"ReadAction\",\"target\":[\"https:\\\/\\\/unisale.com.br\\\/novo\\\/liga-academica-de-dermatologia-do-unisalesiano-promove-palestra-sobre-cancer-de-pele\\\/\"]}]},{\"@type\":\"ImageObject\",\"inLanguage\":\"pt-BR\",\"@id\":\"https:\\\/\\\/unisale.com.br\\\/novo\\\/liga-academica-de-dermatologia-do-unisalesiano-promove-palestra-sobre-cancer-de-pele\\\/#primaryimage\",\"url\":\"https:\\\/\\\/unisale.com.br\\\/pastoral\\\/wp-content\\\/uploads\\\/2021\\\/12\\\/WhatsApp-Image-2021-12-14-at-09.22.32-1-1024x682-1.jpeg\",\"contentUrl\":\"https:\\\/\\\/unisale.com.br\\\/pastoral\\\/wp-content\\\/uploads\\\/2021\\\/12\\\/WhatsApp-Image-2021-12-14-at-09.22.32-1-1024x682-1.jpeg\",\"width\":751,\"height\":500},{\"@type\":\"WebSite\",\"@id\":\"https:\\\/\\\/unisale.com.br\\\/pastoral\\\/#website\",\"url\":\"https:\\\/\\\/unisale.com.br\\\/pastoral\\\/\",\"name\":\"Pastoral Universit\u00e1ria UniSALESIANO\",\"description\":\"Site da Pastoral Universit\u00e1ria do UniSALESIANO\",\"potentialAction\":[{\"@type\":\"SearchAction\",\"target\":{\"@type\":\"EntryPoint\",\"urlTemplate\":\"https:\\\/\\\/unisale.com.br\\\/pastoral\\\/?s={search_term_string}\"},\"query-input\":{\"@type\":\"PropertyValueSpecification\",\"valueRequired\":true,\"valueName\":\"search_term_string\"}}],\"inLanguage\":\"pt-BR\"},{\"@type\":\"Person\",\"@id\":\"https:\\\/\\\/unisale.com.br\\\/pastoral\\\/#\\\/schema\\\/person\\\/492d3d7bfe53a8302576d39485aff2c4\",\"name\":\"Luiz Alexandre Marinho Lanzoni\",\"url\":\"https:\\\/\\\/unisale.com.br\\\/pastoral\\\/author\\\/luiz\\\/\"}]}<\/script>\n<!-- \/ Yoast SEO plugin. -->","yoast_head_json":{"title":"Liga Acad\u00eamica de Dermatologia do UniSALESIANO promove palestra sobre c\u00e2ncer de pele - Pastoral Universit\u00e1ria UniSALESIANO","robots":{"index":"index","follow":"follow","max-snippet":"max-snippet:-1","max-image-preview":"max-image-preview:large","max-video-preview":"max-video-preview:-1"},"canonical":"https:\/\/unisale.com.br\/novo\/liga-academica-de-dermatologia-do-unisalesiano-promove-palestra-sobre-cancer-de-pele\/","og_locale":"pt_BR","og_type":"article","og_title":"Liga Acad\u00eamica de Dermatologia do UniSALESIANO promove palestra sobre c\u00e2ncer de pele - Pastoral Universit\u00e1ria UniSALESIANO","og_description":"O evento foi promovido em parceria com a Pastoral Universit\u00e1ria e o Departamento de Recursos Humanos A Liga Acad\u00eamica de Dermatologia \u201cS\u00e3o Bartolomeu\u201d, do Curso...","og_url":"https:\/\/unisale.com.br\/novo\/liga-academica-de-dermatologia-do-unisalesiano-promove-palestra-sobre-cancer-de-pele\/","og_site_name":"Pastoral Universit\u00e1ria UniSALESIANO","article_published_time":"2022-01-10T12:30:41+00:00","og_image":[{"width":1024,"height":682,"url":"https:\/\/unisale.com.br\/novo\/wp-content\/uploads\/2021\/12\/WhatsApp-Image-2021-12-14-at-09.22.32-1-1024x682-1.jpeg","type":"image\/jpeg"}],"author":"Luiz Alexandre Marinho Lanzoni","twitter_card":"summary_large_image","twitter_misc":{"Escrito por":"Luiz Alexandre Marinho Lanzoni","Est. tempo de leitura":"2 minutos"},"schema":{"@context":"https:\/\/schema.org","@graph":[{"@type":"Article","@id":"https:\/\/unisale.com.br\/novo\/liga-academica-de-dermatologia-do-unisalesiano-promove-palestra-sobre-cancer-de-pele\/#article","isPartOf":{"@id":"https:\/\/unisale.com.br\/novo\/liga-academica-de-dermatologia-do-unisalesiano-promove-palestra-sobre-cancer-de-pele\/"},"author":{"name":"Luiz Alexandre Marinho Lanzoni","@id":"https:\/\/unisale.com.br\/pastoral\/#\/schema\/person\/492d3d7bfe53a8302576d39485aff2c4"},"headline":"Liga Acad\u00eamica de Dermatologia do UniSALESIANO promove palestra sobre c\u00e2ncer de pele","datePublished":"2022-01-10T12:30:41+00:00","mainEntityOfPage":{"@id":"https:\/\/unisale.com.br\/novo\/liga-academica-de-dermatologia-do-unisalesiano-promove-palestra-sobre-cancer-de-pele\/"},"wordCount":383,"image":{"@id":"https:\/\/unisale.com.br\/novo\/liga-academica-de-dermatologia-do-unisalesiano-promove-palestra-sobre-cancer-de-pele\/#primaryimage"},"thumbnailUrl":"https:\/\/unisale.com.br\/pastoral\/wp-content\/uploads\/2021\/12\/WhatsApp-Image-2021-12-14-at-09.22.32-1-1024x682-1.jpeg","articleSection":["Eventos","Not\u00edcias"],"inLanguage":"pt-BR"},{"@type":"WebPage","@id":"https:\/\/unisale.com.br\/novo\/liga-academica-de-dermatologia-do-unisalesiano-promove-palestra-sobre-cancer-de-pele\/","url":"https:\/\/unisale.com.br\/novo\/liga-academica-de-dermatologia-do-unisalesiano-promove-palestra-sobre-cancer-de-pele\/","name":"Liga Acad\u00eamica de Dermatologia do UniSALESIANO promove palestra sobre c\u00e2ncer de pele - Pastoral Universit\u00e1ria UniSALESIANO","isPartOf":{"@id":"https:\/\/unisale.com.br\/pastoral\/#website"},"primaryImageOfPage":{"@id":"https:\/\/unisale.com.br\/novo\/liga-academica-de-dermatologia-do-unisalesiano-promove-palestra-sobre-cancer-de-pele\/#primaryimage"},"image":{"@id":"https:\/\/unisale.com.br\/novo\/liga-academica-de-dermatologia-do-unisalesiano-promove-palestra-sobre-cancer-de-pele\/#primaryimage"},"thumbnailUrl":"https:\/\/unisale.com.br\/pastoral\/wp-content\/uploads\/2021\/12\/WhatsApp-Image-2021-12-14-at-09.22.32-1-1024x682-1.jpeg","datePublished":"2022-01-10T12:30:41+00:00","author":{"@id":"https:\/\/unisale.com.br\/pastoral\/#\/schema\/person\/492d3d7bfe53a8302576d39485aff2c4"},"inLanguage":"pt-BR","potentialAction":[{"@type":"ReadAction","target":["https:\/\/unisale.com.br\/novo\/liga-academica-de-dermatologia-do-unisalesiano-promove-palestra-sobre-cancer-de-pele\/"]}]},{"@type":"ImageObject","inLanguage":"pt-BR","@id":"https:\/\/unisale.com.br\/novo\/liga-academica-de-dermatologia-do-unisalesiano-promove-palestra-sobre-cancer-de-pele\/#primaryimage","url":"https:\/\/unisale.com.br\/pastoral\/wp-content\/uploads\/2021\/12\/WhatsApp-Image-2021-12-14-at-09.22.32-1-1024x682-1.jpeg","contentUrl":"https:\/\/unisale.com.br\/pastoral\/wp-content\/uploads\/2021\/12\/WhatsApp-Image-2021-12-14-at-09.22.32-1-1024x682-1.jpeg","width":751,"height":500},{"@type":"WebSite","@id":"https:\/\/unisale.com.br\/pastoral\/#website","url":"https:\/\/unisale.com.br\/pastoral\/","name":"Pastoral Universit\u00e1ria UniSALESIANO","description":"Site da Pastoral Universit\u00e1ria do UniSALESIANO","potentialAction":[{"@type":"SearchAction","target":{"@type":"EntryPoint","urlTemplate":"https:\/\/unisale.com.br\/pastoral\/?s={search_term_string}"},"query-input":{"@type":"PropertyValueSpecification","valueRequired":true,"valueName":"search_term_string"}}],"inLanguage":"pt-BR"},{"@type":"Person","@id":"https:\/\/unisale.com.br\/pastoral\/#\/schema\/person\/492d3d7bfe53a8302576d39485aff2c4","name":"Luiz Alexandre Marinho Lanzoni","url":"https:\/\/unisale.com.br\/pastoral\/author\/luiz\/"}]}},"_links":{"self":[{"href":"https:\/\/unisale.com.br\/pastoral\/wp-json\/wp\/v2\/posts\/3626","targetHints":{"allow":["GET"]}}],"collection":[{"href":"https:\/\/unisale.com.br\/pastoral\/wp-json\/wp\/v2\/posts"}],"about":[{"href":"https:\/\/unisale.com.br\/pastoral\/wp-json\/wp\/v2\/types\/post"}],"author":[{"embeddable":true,"href":"https:\/\/unisale.com.br\/pastoral\/wp-json\/wp\/v2\/users\/6"}],"replies":[{"embeddable":true,"href":"https:\/\/unisale.com.br\/pastoral\/wp-json\/wp\/v2\/comments?post=3626"}],"version-history":[{"count":0,"href":"https:\/\/unisale.com.br\/pastoral\/wp-json\/wp\/v2\/posts\/3626\/revisions"}],"wp:featuredmedia":[{"embeddable":true,"href":"https:\/\/unisale.com.br\/pastoral\/wp-json\/wp\/v2\/media\/3500"}],"wp:attachment":[{"href":"https:\/\/unisale.com.br\/pastoral\/wp-json\/wp\/v2\/media?parent=3626"}],"wp:term":[{"taxonomy":"category","embeddable":true,"href":"https:\/\/unisale.com.br\/pastoral\/wp-json\/wp\/v2\/categories?post=3626"},{"taxonomy":"post_tag","embeddable":true,"href":"https:\/\/unisale.com.br\/pastoral\/wp-json\/wp\/v2\/tags?post=3626"}],"curies":[{"name":"wp","href":"https:\/\/api.w.org\/{rel}","templated":true}]}}