{"id":3637,"date":"2022-01-10T17:45:43","date_gmt":"2022-01-10T17:45:43","guid":{"rendered":"https:\/\/unisale.com.br\/pastoral\/?p=3637"},"modified":"2022-01-10T17:45:43","modified_gmt":"2022-01-10T17:45:43","slug":"12-01-jesus-se-levantou-e-foi-rezar-num-lugar-deserto","status":"publish","type":"post","link":"https:\/\/unisale.com.br\/pastoral\/12-01-jesus-se-levantou-e-foi-rezar-num-lugar-deserto\/","title":{"rendered":"12\/01 &#8211; Jesus se levantou e foi rezar num lugar deserto."},"content":{"rendered":"<p>Quarta-feira, 12 de Janeiro de 2022.<\/p>\n<p><strong>Evangelho (Mc 1,29-39)<\/strong><\/p>\n<p>&nbsp;<\/p>\n<p><strong>\u201cJesus se levantou e foi rezar num lugar deserto\u201d.<\/strong><\/p>\n<p>Naquele tempo,\u00a0<strong><sup>29<\/sup><\/strong>Jesus saiu da sinagoga e foi, com Tiago e Jo\u00e3o, para a casa de Sim\u00e3o e Andr\u00e9.\u00a0<strong><sup>30<\/sup><\/strong>A sogra de Sim\u00e3o estava de cama, com febre, e eles logo contaram a Jesus.\u00a0<strong><sup>31<\/sup><\/strong>E ele se aproximou, segurou sua m\u00e3o e ajudou-a a levantar-se. Ent\u00e3o, a febre desapareceu; e ela come\u00e7ou a servi-los.\u00a0<strong><sup>32<\/sup><\/strong>\u00c0 tarde, depois do p\u00f4r do sol, levaram a Jesus todos os doentes e os possu\u00eddos pelo dem\u00f4nio.\u00a0<strong><sup>33<\/sup><\/strong>A cidade inteira se reuniu em frente da casa.\u00a0<strong><sup>34<\/sup><\/strong>Jesus curou muitas pessoas de diversas doen\u00e7as e expulsou muitos dem\u00f4nios. E n\u00e3o deixava que os dem\u00f4nios falassem, pois sabiam quem ele era.<strong><sup>35<\/sup><\/strong>De madrugada, quando ainda estava escuro, Jesus se levantou e foi rezar num lugar deserto.\u00a0<strong><sup>36<\/sup><\/strong>Sim\u00e3o e seus companheiros foram \u00e0 procura de Jesus.\u00a0<strong><sup>37<\/sup><\/strong>Quando o encontraram, disseram: \u201cTodos est\u00e3o te procurando\u201d.\u00a0<strong><sup>38<\/sup><\/strong>Jesus respondeu: \u201cVamos a outros lugares, \u00e0s aldeias da redondeza! Devo pregar tamb\u00e9m ali, pois foi para isso que eu vim\u201d.\u00a0<strong><sup>39<\/sup><\/strong>E andava por toda a Galileia, pregando em suas sinagogas e expulsando os dem\u00f4nios.<\/p>\n<p>&nbsp;<\/p>\n<p><strong>Reflex\u00e3o<\/strong><\/p>\n<p>Jesus desenvolve uma intensa atividade em Cafarnaum, num espa\u00e7o de dois dias. Cura muito doentes. Uma cura que se destaca \u00e9 a da sogra de Pedro, cuja febre foi cessada ap\u00f3s Jesus a tomar pela m\u00e3o. E depois de curada, ela colocou-se a servi-los. Assim, todos os que s\u00e3o salvos por Cristo devem entregar-se, como ela, ao servi\u00e7o dos outros na comunidade humana e eclesial. Jesus curou ainda uma multid\u00e3o de doentes que foram trazidos a Ele. Entre estes, curou os \u201cendemoniados\u201d, que captam a identidade de Jesus. As curas milagrosas de Jesus evidenciam o seu poder salvador. Mas, como assinala o evangelista, Jesus tem esse poder de cura devido a sua comunh\u00e3o com o Pai, com quem se mant\u00e9m unido pela ora\u00e7\u00e3o: \u201cJesus se levantou e foi rezar num lugar deserto\u201d. E todos procuram Jesus. Ele sabe que o procuravam por interesse, para o instrumentalizar como curandeiro. A resposta de Jesus \u00e9 clara: \u201cvamos a outros lugares, \u00e0s aldeias pr\u00f3ximas, para pregar ali tamb\u00e9m, pois foi para isso que eu vim\u201d. A salva\u00e7\u00e3o de Deus que Jesus traz n\u00e3o tem fronteiras, \u00e9 para todos e sem exce\u00e7\u00f5es. Jesus \u00e9 solid\u00e1rio com a dor humana. Ele carrega as nossas doen\u00e7as.<\/p>\n<p>&nbsp;<\/p>\n<p><strong>\u00a0<\/strong><strong>Pe. Paulo Eduardo J\u00e1como, sdb.<\/strong><\/p>\n","protected":false},"excerpt":{"rendered":"<p>Quarta-feira, 12 de Janeiro de 2022. Evangelho (Mc 1,29-39) &nbsp; \u201cJesus se levantou e foi rezar num lugar deserto\u201d. Naquele tempo,\u00a029Jesus saiu da sinagoga e&#8230;<\/p>\n","protected":false},"author":6,"featured_media":3630,"comment_status":"closed","ping_status":"closed","sticky":false,"template":"","format":"standard","meta":{"_acf_changed":false,"footnotes":""},"categories":[13],"tags":[],"class_list":["post-3637","post","type-post","status-publish","format-standard","has-post-thumbnail","hentry","category-reflexaodoevagelho"],"acf":[],"yoast_head":"<!-- This site is optimized with the Yoast SEO plugin v27.3 - https:\/\/yoast.com\/product\/yoast-seo-wordpress\/ -->\n<title>12\/01 - Jesus se levantou e foi rezar num lugar deserto. - Pastoral Universit\u00e1ria UniSALESIANO<\/title>\n<meta name=\"robots\" content=\"index, follow, max-snippet:-1, max-image-preview:large, max-video-preview:-1\" \/>\n<link rel=\"canonical\" href=\"https:\/\/unisale.com.br\/novo\/12-01-jesus-se-levantou-e-foi-rezar-num-lugar-deserto\/\" \/>\n<meta property=\"og:locale\" content=\"pt_BR\" \/>\n<meta property=\"og:type\" content=\"article\" \/>\n<meta property=\"og:title\" content=\"12\/01 - Jesus se levantou e foi rezar num lugar deserto. - Pastoral Universit\u00e1ria UniSALESIANO\" \/>\n<meta property=\"og:description\" content=\"Quarta-feira, 12 de Janeiro de 2022. Evangelho (Mc 1,29-39) &nbsp; \u201cJesus se levantou e foi rezar num lugar deserto\u201d. Naquele tempo,\u00a029Jesus saiu da sinagoga e...\" \/>\n<meta property=\"og:url\" content=\"https:\/\/unisale.com.br\/novo\/12-01-jesus-se-levantou-e-foi-rezar-num-lugar-deserto\/\" \/>\n<meta property=\"og:site_name\" content=\"Pastoral Universit\u00e1ria UniSALESIANO\" \/>\n<meta property=\"article:published_time\" content=\"2022-01-10T17:45:43+00:00\" \/>\n<meta property=\"og:image\" content=\"https:\/\/unisale.com.br\/novo\/wp-content\/uploads\/2022\/01\/Quarta.jpeg\" \/>\n\t<meta property=\"og:image:width\" content=\"1600\" \/>\n\t<meta property=\"og:image:height\" content=\"1200\" \/>\n\t<meta property=\"og:image:type\" content=\"image\/jpeg\" \/>\n<meta name=\"author\" content=\"Luiz Alexandre Marinho Lanzoni\" \/>\n<meta name=\"twitter:card\" content=\"summary_large_image\" \/>\n<meta name=\"twitter:label1\" content=\"Escrito por\" \/>\n\t<meta name=\"twitter:data1\" content=\"Luiz Alexandre Marinho Lanzoni\" \/>\n\t<meta name=\"twitter:label2\" content=\"Est. tempo de leitura\" \/>\n\t<meta name=\"twitter:data2\" content=\"2 minutos\" \/>\n<script type=\"application\/ld+json\" class=\"yoast-schema-graph\">{\"@context\":\"https:\\\/\\\/schema.org\",\"@graph\":[{\"@type\":\"Article\",\"@id\":\"https:\\\/\\\/unisale.com.br\\\/novo\\\/12-01-jesus-se-levantou-e-foi-rezar-num-lugar-deserto\\\/#article\",\"isPartOf\":{\"@id\":\"https:\\\/\\\/unisale.com.br\\\/novo\\\/12-01-jesus-se-levantou-e-foi-rezar-num-lugar-deserto\\\/\"},\"author\":{\"name\":\"Luiz Alexandre Marinho Lanzoni\",\"@id\":\"https:\\\/\\\/unisale.com.br\\\/pastoral\\\/#\\\/schema\\\/person\\\/492d3d7bfe53a8302576d39485aff2c4\"},\"headline\":\"12\\\/01 &#8211; Jesus se levantou e foi rezar num lugar deserto.\",\"datePublished\":\"2022-01-10T17:45:43+00:00\",\"mainEntityOfPage\":{\"@id\":\"https:\\\/\\\/unisale.com.br\\\/novo\\\/12-01-jesus-se-levantou-e-foi-rezar-num-lugar-deserto\\\/\"},\"wordCount\":435,\"image\":{\"@id\":\"https:\\\/\\\/unisale.com.br\\\/novo\\\/12-01-jesus-se-levantou-e-foi-rezar-num-lugar-deserto\\\/#primaryimage\"},\"thumbnailUrl\":\"https:\\\/\\\/unisale.com.br\\\/pastoral\\\/wp-content\\\/uploads\\\/2022\\\/01\\\/Quarta.jpeg\",\"articleSection\":[\"Reflex\u00e3o do Evangelho\"],\"inLanguage\":\"pt-BR\"},{\"@type\":\"WebPage\",\"@id\":\"https:\\\/\\\/unisale.com.br\\\/novo\\\/12-01-jesus-se-levantou-e-foi-rezar-num-lugar-deserto\\\/\",\"url\":\"https:\\\/\\\/unisale.com.br\\\/novo\\\/12-01-jesus-se-levantou-e-foi-rezar-num-lugar-deserto\\\/\",\"name\":\"12\\\/01 - Jesus se levantou e foi rezar num lugar deserto. - Pastoral Universit\u00e1ria UniSALESIANO\",\"isPartOf\":{\"@id\":\"https:\\\/\\\/unisale.com.br\\\/pastoral\\\/#website\"},\"primaryImageOfPage\":{\"@id\":\"https:\\\/\\\/unisale.com.br\\\/novo\\\/12-01-jesus-se-levantou-e-foi-rezar-num-lugar-deserto\\\/#primaryimage\"},\"image\":{\"@id\":\"https:\\\/\\\/unisale.com.br\\\/novo\\\/12-01-jesus-se-levantou-e-foi-rezar-num-lugar-deserto\\\/#primaryimage\"},\"thumbnailUrl\":\"https:\\\/\\\/unisale.com.br\\\/pastoral\\\/wp-content\\\/uploads\\\/2022\\\/01\\\/Quarta.jpeg\",\"datePublished\":\"2022-01-10T17:45:43+00:00\",\"author\":{\"@id\":\"https:\\\/\\\/unisale.com.br\\\/pastoral\\\/#\\\/schema\\\/person\\\/492d3d7bfe53a8302576d39485aff2c4\"},\"inLanguage\":\"pt-BR\",\"potentialAction\":[{\"@type\":\"ReadAction\",\"target\":[\"https:\\\/\\\/unisale.com.br\\\/novo\\\/12-01-jesus-se-levantou-e-foi-rezar-num-lugar-deserto\\\/\"]}]},{\"@type\":\"ImageObject\",\"inLanguage\":\"pt-BR\",\"@id\":\"https:\\\/\\\/unisale.com.br\\\/novo\\\/12-01-jesus-se-levantou-e-foi-rezar-num-lugar-deserto\\\/#primaryimage\",\"url\":\"https:\\\/\\\/unisale.com.br\\\/pastoral\\\/wp-content\\\/uploads\\\/2022\\\/01\\\/Quarta.jpeg\",\"contentUrl\":\"https:\\\/\\\/unisale.com.br\\\/pastoral\\\/wp-content\\\/uploads\\\/2022\\\/01\\\/Quarta.jpeg\",\"width\":667,\"height\":500},{\"@type\":\"WebSite\",\"@id\":\"https:\\\/\\\/unisale.com.br\\\/pastoral\\\/#website\",\"url\":\"https:\\\/\\\/unisale.com.br\\\/pastoral\\\/\",\"name\":\"Pastoral Universit\u00e1ria UniSALESIANO\",\"description\":\"Site da Pastoral Universit\u00e1ria do UniSALESIANO\",\"potentialAction\":[{\"@type\":\"SearchAction\",\"target\":{\"@type\":\"EntryPoint\",\"urlTemplate\":\"https:\\\/\\\/unisale.com.br\\\/pastoral\\\/?s={search_term_string}\"},\"query-input\":{\"@type\":\"PropertyValueSpecification\",\"valueRequired\":true,\"valueName\":\"search_term_string\"}}],\"inLanguage\":\"pt-BR\"},{\"@type\":\"Person\",\"@id\":\"https:\\\/\\\/unisale.com.br\\\/pastoral\\\/#\\\/schema\\\/person\\\/492d3d7bfe53a8302576d39485aff2c4\",\"name\":\"Luiz Alexandre Marinho Lanzoni\",\"url\":\"https:\\\/\\\/unisale.com.br\\\/pastoral\\\/author\\\/luiz\\\/\"}]}<\/script>\n<!-- \/ Yoast SEO plugin. -->","yoast_head_json":{"title":"12\/01 - Jesus se levantou e foi rezar num lugar deserto. - Pastoral Universit\u00e1ria UniSALESIANO","robots":{"index":"index","follow":"follow","max-snippet":"max-snippet:-1","max-image-preview":"max-image-preview:large","max-video-preview":"max-video-preview:-1"},"canonical":"https:\/\/unisale.com.br\/novo\/12-01-jesus-se-levantou-e-foi-rezar-num-lugar-deserto\/","og_locale":"pt_BR","og_type":"article","og_title":"12\/01 - Jesus se levantou e foi rezar num lugar deserto. - Pastoral Universit\u00e1ria UniSALESIANO","og_description":"Quarta-feira, 12 de Janeiro de 2022. Evangelho (Mc 1,29-39) &nbsp; \u201cJesus se levantou e foi rezar num lugar deserto\u201d. Naquele tempo,\u00a029Jesus saiu da sinagoga e...","og_url":"https:\/\/unisale.com.br\/novo\/12-01-jesus-se-levantou-e-foi-rezar-num-lugar-deserto\/","og_site_name":"Pastoral Universit\u00e1ria UniSALESIANO","article_published_time":"2022-01-10T17:45:43+00:00","og_image":[{"width":1600,"height":1200,"url":"https:\/\/unisale.com.br\/novo\/wp-content\/uploads\/2022\/01\/Quarta.jpeg","type":"image\/jpeg"}],"author":"Luiz Alexandre Marinho Lanzoni","twitter_card":"summary_large_image","twitter_misc":{"Escrito por":"Luiz Alexandre Marinho Lanzoni","Est. tempo de leitura":"2 minutos"},"schema":{"@context":"https:\/\/schema.org","@graph":[{"@type":"Article","@id":"https:\/\/unisale.com.br\/novo\/12-01-jesus-se-levantou-e-foi-rezar-num-lugar-deserto\/#article","isPartOf":{"@id":"https:\/\/unisale.com.br\/novo\/12-01-jesus-se-levantou-e-foi-rezar-num-lugar-deserto\/"},"author":{"name":"Luiz Alexandre Marinho Lanzoni","@id":"https:\/\/unisale.com.br\/pastoral\/#\/schema\/person\/492d3d7bfe53a8302576d39485aff2c4"},"headline":"12\/01 &#8211; Jesus se levantou e foi rezar num lugar deserto.","datePublished":"2022-01-10T17:45:43+00:00","mainEntityOfPage":{"@id":"https:\/\/unisale.com.br\/novo\/12-01-jesus-se-levantou-e-foi-rezar-num-lugar-deserto\/"},"wordCount":435,"image":{"@id":"https:\/\/unisale.com.br\/novo\/12-01-jesus-se-levantou-e-foi-rezar-num-lugar-deserto\/#primaryimage"},"thumbnailUrl":"https:\/\/unisale.com.br\/pastoral\/wp-content\/uploads\/2022\/01\/Quarta.jpeg","articleSection":["Reflex\u00e3o do Evangelho"],"inLanguage":"pt-BR"},{"@type":"WebPage","@id":"https:\/\/unisale.com.br\/novo\/12-01-jesus-se-levantou-e-foi-rezar-num-lugar-deserto\/","url":"https:\/\/unisale.com.br\/novo\/12-01-jesus-se-levantou-e-foi-rezar-num-lugar-deserto\/","name":"12\/01 - Jesus se levantou e foi rezar num lugar deserto. - Pastoral Universit\u00e1ria UniSALESIANO","isPartOf":{"@id":"https:\/\/unisale.com.br\/pastoral\/#website"},"primaryImageOfPage":{"@id":"https:\/\/unisale.com.br\/novo\/12-01-jesus-se-levantou-e-foi-rezar-num-lugar-deserto\/#primaryimage"},"image":{"@id":"https:\/\/unisale.com.br\/novo\/12-01-jesus-se-levantou-e-foi-rezar-num-lugar-deserto\/#primaryimage"},"thumbnailUrl":"https:\/\/unisale.com.br\/pastoral\/wp-content\/uploads\/2022\/01\/Quarta.jpeg","datePublished":"2022-01-10T17:45:43+00:00","author":{"@id":"https:\/\/unisale.com.br\/pastoral\/#\/schema\/person\/492d3d7bfe53a8302576d39485aff2c4"},"inLanguage":"pt-BR","potentialAction":[{"@type":"ReadAction","target":["https:\/\/unisale.com.br\/novo\/12-01-jesus-se-levantou-e-foi-rezar-num-lugar-deserto\/"]}]},{"@type":"ImageObject","inLanguage":"pt-BR","@id":"https:\/\/unisale.com.br\/novo\/12-01-jesus-se-levantou-e-foi-rezar-num-lugar-deserto\/#primaryimage","url":"https:\/\/unisale.com.br\/pastoral\/wp-content\/uploads\/2022\/01\/Quarta.jpeg","contentUrl":"https:\/\/unisale.com.br\/pastoral\/wp-content\/uploads\/2022\/01\/Quarta.jpeg","width":667,"height":500},{"@type":"WebSite","@id":"https:\/\/unisale.com.br\/pastoral\/#website","url":"https:\/\/unisale.com.br\/pastoral\/","name":"Pastoral Universit\u00e1ria UniSALESIANO","description":"Site da Pastoral Universit\u00e1ria do UniSALESIANO","potentialAction":[{"@type":"SearchAction","target":{"@type":"EntryPoint","urlTemplate":"https:\/\/unisale.com.br\/pastoral\/?s={search_term_string}"},"query-input":{"@type":"PropertyValueSpecification","valueRequired":true,"valueName":"search_term_string"}}],"inLanguage":"pt-BR"},{"@type":"Person","@id":"https:\/\/unisale.com.br\/pastoral\/#\/schema\/person\/492d3d7bfe53a8302576d39485aff2c4","name":"Luiz Alexandre Marinho Lanzoni","url":"https:\/\/unisale.com.br\/pastoral\/author\/luiz\/"}]}},"_links":{"self":[{"href":"https:\/\/unisale.com.br\/pastoral\/wp-json\/wp\/v2\/posts\/3637","targetHints":{"allow":["GET"]}}],"collection":[{"href":"https:\/\/unisale.com.br\/pastoral\/wp-json\/wp\/v2\/posts"}],"about":[{"href":"https:\/\/unisale.com.br\/pastoral\/wp-json\/wp\/v2\/types\/post"}],"author":[{"embeddable":true,"href":"https:\/\/unisale.com.br\/pastoral\/wp-json\/wp\/v2\/users\/6"}],"replies":[{"embeddable":true,"href":"https:\/\/unisale.com.br\/pastoral\/wp-json\/wp\/v2\/comments?post=3637"}],"version-history":[{"count":0,"href":"https:\/\/unisale.com.br\/pastoral\/wp-json\/wp\/v2\/posts\/3637\/revisions"}],"wp:featuredmedia":[{"embeddable":true,"href":"https:\/\/unisale.com.br\/pastoral\/wp-json\/wp\/v2\/media\/3630"}],"wp:attachment":[{"href":"https:\/\/unisale.com.br\/pastoral\/wp-json\/wp\/v2\/media?parent=3637"}],"wp:term":[{"taxonomy":"category","embeddable":true,"href":"https:\/\/unisale.com.br\/pastoral\/wp-json\/wp\/v2\/categories?post=3637"},{"taxonomy":"post_tag","embeddable":true,"href":"https:\/\/unisale.com.br\/pastoral\/wp-json\/wp\/v2\/tags?post=3637"}],"curies":[{"name":"wp","href":"https:\/\/api.w.org\/{rel}","templated":true}]}}