{"id":3700,"date":"2022-01-28T20:28:55","date_gmt":"2022-01-28T20:28:55","guid":{"rendered":"https:\/\/unisale.com.br\/pastoral\/?p=3700"},"modified":"2022-01-28T20:31:09","modified_gmt":"2022-01-28T20:31:09","slug":"30-01-em-verdade-eu-vos-digo-que-nenhum-profeta-e-bem-recebido-em-sua-patria","status":"publish","type":"post","link":"https:\/\/unisale.com.br\/pastoral\/30-01-em-verdade-eu-vos-digo-que-nenhum-profeta-e-bem-recebido-em-sua-patria\/","title":{"rendered":"30\/01 &#8211; Em verdade eu vos digo que nenhum profeta \u00e9 bem recebido em sua p\u00e1tria."},"content":{"rendered":"<p>Domingo, 30 de janeiro de 2022.<\/p>\n<p><strong>Evangelho (Lc 4, 21-30)<\/strong><\/p>\n<p><strong>\u00a0<\/strong><\/p>\n<p><strong>\u201cEm verdade eu vos digo que nenhum profeta \u00e9 bem recebido em sua p\u00e1tria\u201d.<\/strong><\/p>\n<p>&nbsp;<\/p>\n<p>Naquele tempo, estando Jesus na sinagoga, come\u00e7ou a dizer:\u00a0<strong><sup>21<\/sup><\/strong>\u201cHoje se cumpriu esta passagem da Escritura que acabastes de ouvir\u201d.<strong><sup>22<\/sup><\/strong>Todos davam testemunho a seu respeito, admirados com as palavras cheias de encanto que sa\u00edam da sua boca. E diziam: \u201cN\u00e3o \u00e9 este o filho de Jos\u00e9?\u201d<strong><sup>23<\/sup><\/strong>Jesus, por\u00e9m, disse: \u201cSem d\u00favida, v\u00f3s me repetireis o prov\u00e9rbio: M\u00e9dico, cura-te a ti mesmo. Faze tamb\u00e9m aqui, em tua terra, tudo o que ouvimos dizer que fizeste em Cafarnaum\u201d.<strong><sup>24<\/sup><\/strong>E acrescentou: \u201cEm verdade eu vos digo que nenhum profeta \u00e9 bem recebido em sua p\u00e1tria.<strong><sup>25<\/sup><\/strong>De fato, eu vos digo: no tempo do profeta Elias, quando n\u00e3o choveu durante tr\u00eas anos e seis meses e houve grande fome em toda a regi\u00e3o, havia muitas vi\u00favas em Israel.\u00a0<strong><sup>26<\/sup><\/strong>No entanto, a nenhuma delas foi enviado Elias, sen\u00e3o a uma vi\u00fava que vivia em Sarepta, na Sid\u00f4nia.<strong><sup>27<\/sup><\/strong>E no tempo do profeta Eliseu, havia muitos leprosos em Israel. Contudo, nenhum deles foi curado, mas sim Naam\u00e3, o s\u00edrio\u201d.<strong><sup>28<\/sup><\/strong>Quando ouviram estas palavras de Jesus, todos na sinagoga ficaram furiosos.\u00a0<strong><sup>29<\/sup><\/strong>Levantaram-se e o expulsaram da cidade. Levaram-no at\u00e9 ao alto do monte sobre o qual a cidade estava constru\u00edda, com a inten\u00e7\u00e3o de lan\u00e7\u00e1-lo no precip\u00edcio.\u00a0<strong><sup>30<\/sup><\/strong>Jesus, por\u00e9m, passando pelo meio deles, continuou o seu caminho.<\/p>\n<p>&nbsp;<\/p>\n<p><strong>Reflex\u00e3o<\/strong><\/p>\n<p>Esta que poderia ser considerada como a primeira homilia de Jesus, n\u00e3o fala somente do nosso fechamento diante da salva\u00e7\u00e3o de Deus, mas fala tamb\u00e9m da dor que devemos sofrer para podermos entrar nos des\u00edgnios de Deus e nos entregarmos ao sublime e imperscrut\u00e1vel da sua vontade de amor. Os habitantes de Nazar\u00e9 n\u00e3o parecem dispostos a aceitar que algu\u00e9m do conv\u00edvio deles possa ser \u201coutro\u201d e, sobretudo, possa estar em grau de ir \u201cal\u00e9m\u201d do que eles conhecem sobre a realidade e os mist\u00e9rios de Deus. E por causa deste prejudicial fechamento, eles s\u00e3o confrontados por Jesus atrav\u00e9s de dois epis\u00f3dios b\u00edblicos: o da vi\u00fava e de Sarepta, a qual \u00e9 mandado o profeta Elias, e Naaman o S\u00edrio, um homem leproso purificado pela intercess\u00e3o de Eliseu. N\u00f3s estamos diante da dificuldade de saber ultrapassar os condicionamentos para aventurar-se no mist\u00e9rio de uma vida que \u00e9 maior ainda, cujas ra\u00edzes aprofundam-se nos mist\u00e9rios da pr\u00f3pria vida de Deus. O profeta Jeremias descreve muito bem isto quando diz: \u201cantes que eu fosse formado no ventre de minha m\u00e3e, tu me conhecias e j\u00e1 me havia consagrado.\u201d Para todos chega o momento de afrontar a vida de modo mais adulto e respons\u00e1vel e com plena liberdade s\u00f3 quando nos conscientizamos que temos a necessidade de sermos acolhidos e conhecidos \u00e9 que podemos nos abrir \u00e0 l\u00f3gica do amor maior.<\/p>\n<p><strong>Pe. Paulo Eduardo J\u00e1como, sdb.<\/strong><\/p>\n","protected":false},"excerpt":{"rendered":"<p>Domingo, 30 de janeiro de 2022. Evangelho (Lc 4, 21-30) \u00a0 \u201cEm verdade eu vos digo que nenhum profeta \u00e9 bem recebido em sua p\u00e1tria\u201d&#8230;.<\/p>\n","protected":false},"author":6,"featured_media":2784,"comment_status":"closed","ping_status":"closed","sticky":false,"template":"","format":"standard","meta":{"_acf_changed":false,"footnotes":""},"categories":[13],"tags":[],"class_list":["post-3700","post","type-post","status-publish","format-standard","has-post-thumbnail","hentry","category-reflexaodoevagelho"],"acf":[],"yoast_head":"<!-- This site is optimized with the Yoast SEO plugin v27.3 - https:\/\/yoast.com\/product\/yoast-seo-wordpress\/ -->\n<title>30\/01 - Em verdade eu vos digo que nenhum profeta \u00e9 bem recebido em sua p\u00e1tria. - Pastoral Universit\u00e1ria UniSALESIANO<\/title>\n<meta name=\"robots\" content=\"index, follow, max-snippet:-1, max-image-preview:large, max-video-preview:-1\" \/>\n<link rel=\"canonical\" href=\"https:\/\/unisale.com.br\/novo\/30-01-em-verdade-eu-vos-digo-que-nenhum-profeta-e-bem-recebido-em-sua-patria\/\" \/>\n<meta property=\"og:locale\" content=\"pt_BR\" \/>\n<meta property=\"og:type\" content=\"article\" \/>\n<meta property=\"og:title\" content=\"30\/01 - Em verdade eu vos digo que nenhum profeta \u00e9 bem recebido em sua p\u00e1tria. - Pastoral Universit\u00e1ria UniSALESIANO\" \/>\n<meta property=\"og:description\" content=\"Domingo, 30 de janeiro de 2022. Evangelho (Lc 4, 21-30) \u00a0 \u201cEm verdade eu vos digo que nenhum profeta \u00e9 bem recebido em sua p\u00e1tria\u201d....\" \/>\n<meta property=\"og:url\" content=\"https:\/\/unisale.com.br\/novo\/30-01-em-verdade-eu-vos-digo-que-nenhum-profeta-e-bem-recebido-em-sua-patria\/\" \/>\n<meta property=\"og:site_name\" content=\"Pastoral Universit\u00e1ria UniSALESIANO\" \/>\n<meta property=\"article:published_time\" content=\"2022-01-28T20:28:55+00:00\" \/>\n<meta property=\"article:modified_time\" content=\"2022-01-28T20:31:09+00:00\" \/>\n<meta property=\"og:image\" content=\"https:\/\/unisale.com.br\/novo\/wp-content\/uploads\/2021\/09\/Ev-dia-09.09.21.jpg\" \/>\n\t<meta property=\"og:image:width\" content=\"600\" \/>\n\t<meta property=\"og:image:height\" content=\"350\" \/>\n\t<meta property=\"og:image:type\" content=\"image\/jpeg\" \/>\n<meta name=\"author\" content=\"Luiz Alexandre Marinho Lanzoni\" \/>\n<meta name=\"twitter:card\" content=\"summary_large_image\" \/>\n<meta name=\"twitter:label1\" content=\"Escrito por\" \/>\n\t<meta name=\"twitter:data1\" content=\"Luiz Alexandre Marinho Lanzoni\" \/>\n\t<meta name=\"twitter:label2\" content=\"Est. tempo de leitura\" \/>\n\t<meta name=\"twitter:data2\" content=\"3 minutos\" \/>\n<script type=\"application\/ld+json\" class=\"yoast-schema-graph\">{\"@context\":\"https:\\\/\\\/schema.org\",\"@graph\":[{\"@type\":\"Article\",\"@id\":\"https:\\\/\\\/unisale.com.br\\\/novo\\\/30-01-em-verdade-eu-vos-digo-que-nenhum-profeta-e-bem-recebido-em-sua-patria\\\/#article\",\"isPartOf\":{\"@id\":\"https:\\\/\\\/unisale.com.br\\\/novo\\\/30-01-em-verdade-eu-vos-digo-que-nenhum-profeta-e-bem-recebido-em-sua-patria\\\/\"},\"author\":{\"name\":\"Luiz Alexandre Marinho Lanzoni\",\"@id\":\"https:\\\/\\\/unisale.com.br\\\/pastoral\\\/#\\\/schema\\\/person\\\/492d3d7bfe53a8302576d39485aff2c4\"},\"headline\":\"30\\\/01 &#8211; Em verdade eu vos digo que nenhum profeta \u00e9 bem recebido em sua p\u00e1tria.\",\"datePublished\":\"2022-01-28T20:28:55+00:00\",\"dateModified\":\"2022-01-28T20:31:09+00:00\",\"mainEntityOfPage\":{\"@id\":\"https:\\\/\\\/unisale.com.br\\\/novo\\\/30-01-em-verdade-eu-vos-digo-que-nenhum-profeta-e-bem-recebido-em-sua-patria\\\/\"},\"wordCount\":527,\"image\":{\"@id\":\"https:\\\/\\\/unisale.com.br\\\/novo\\\/30-01-em-verdade-eu-vos-digo-que-nenhum-profeta-e-bem-recebido-em-sua-patria\\\/#primaryimage\"},\"thumbnailUrl\":\"https:\\\/\\\/unisale.com.br\\\/pastoral\\\/wp-content\\\/uploads\\\/2021\\\/09\\\/Ev-dia-09.09.21.jpg\",\"articleSection\":[\"Reflex\u00e3o do Evangelho\"],\"inLanguage\":\"pt-BR\"},{\"@type\":\"WebPage\",\"@id\":\"https:\\\/\\\/unisale.com.br\\\/novo\\\/30-01-em-verdade-eu-vos-digo-que-nenhum-profeta-e-bem-recebido-em-sua-patria\\\/\",\"url\":\"https:\\\/\\\/unisale.com.br\\\/novo\\\/30-01-em-verdade-eu-vos-digo-que-nenhum-profeta-e-bem-recebido-em-sua-patria\\\/\",\"name\":\"30\\\/01 - Em verdade eu vos digo que nenhum profeta \u00e9 bem recebido em sua p\u00e1tria. - Pastoral Universit\u00e1ria UniSALESIANO\",\"isPartOf\":{\"@id\":\"https:\\\/\\\/unisale.com.br\\\/pastoral\\\/#website\"},\"primaryImageOfPage\":{\"@id\":\"https:\\\/\\\/unisale.com.br\\\/novo\\\/30-01-em-verdade-eu-vos-digo-que-nenhum-profeta-e-bem-recebido-em-sua-patria\\\/#primaryimage\"},\"image\":{\"@id\":\"https:\\\/\\\/unisale.com.br\\\/novo\\\/30-01-em-verdade-eu-vos-digo-que-nenhum-profeta-e-bem-recebido-em-sua-patria\\\/#primaryimage\"},\"thumbnailUrl\":\"https:\\\/\\\/unisale.com.br\\\/pastoral\\\/wp-content\\\/uploads\\\/2021\\\/09\\\/Ev-dia-09.09.21.jpg\",\"datePublished\":\"2022-01-28T20:28:55+00:00\",\"dateModified\":\"2022-01-28T20:31:09+00:00\",\"author\":{\"@id\":\"https:\\\/\\\/unisale.com.br\\\/pastoral\\\/#\\\/schema\\\/person\\\/492d3d7bfe53a8302576d39485aff2c4\"},\"inLanguage\":\"pt-BR\",\"potentialAction\":[{\"@type\":\"ReadAction\",\"target\":[\"https:\\\/\\\/unisale.com.br\\\/novo\\\/30-01-em-verdade-eu-vos-digo-que-nenhum-profeta-e-bem-recebido-em-sua-patria\\\/\"]}]},{\"@type\":\"ImageObject\",\"inLanguage\":\"pt-BR\",\"@id\":\"https:\\\/\\\/unisale.com.br\\\/novo\\\/30-01-em-verdade-eu-vos-digo-que-nenhum-profeta-e-bem-recebido-em-sua-patria\\\/#primaryimage\",\"url\":\"https:\\\/\\\/unisale.com.br\\\/pastoral\\\/wp-content\\\/uploads\\\/2021\\\/09\\\/Ev-dia-09.09.21.jpg\",\"contentUrl\":\"https:\\\/\\\/unisale.com.br\\\/pastoral\\\/wp-content\\\/uploads\\\/2021\\\/09\\\/Ev-dia-09.09.21.jpg\",\"width\":600,\"height\":350,\"caption\":\"Conceptual composition about reconciliation or hate.\"},{\"@type\":\"WebSite\",\"@id\":\"https:\\\/\\\/unisale.com.br\\\/pastoral\\\/#website\",\"url\":\"https:\\\/\\\/unisale.com.br\\\/pastoral\\\/\",\"name\":\"Pastoral Universit\u00e1ria UniSALESIANO\",\"description\":\"Site da Pastoral Universit\u00e1ria do UniSALESIANO\",\"potentialAction\":[{\"@type\":\"SearchAction\",\"target\":{\"@type\":\"EntryPoint\",\"urlTemplate\":\"https:\\\/\\\/unisale.com.br\\\/pastoral\\\/?s={search_term_string}\"},\"query-input\":{\"@type\":\"PropertyValueSpecification\",\"valueRequired\":true,\"valueName\":\"search_term_string\"}}],\"inLanguage\":\"pt-BR\"},{\"@type\":\"Person\",\"@id\":\"https:\\\/\\\/unisale.com.br\\\/pastoral\\\/#\\\/schema\\\/person\\\/492d3d7bfe53a8302576d39485aff2c4\",\"name\":\"Luiz Alexandre Marinho Lanzoni\",\"url\":\"https:\\\/\\\/unisale.com.br\\\/pastoral\\\/author\\\/luiz\\\/\"}]}<\/script>\n<!-- \/ Yoast SEO plugin. -->","yoast_head_json":{"title":"30\/01 - Em verdade eu vos digo que nenhum profeta \u00e9 bem recebido em sua p\u00e1tria. - Pastoral Universit\u00e1ria UniSALESIANO","robots":{"index":"index","follow":"follow","max-snippet":"max-snippet:-1","max-image-preview":"max-image-preview:large","max-video-preview":"max-video-preview:-1"},"canonical":"https:\/\/unisale.com.br\/novo\/30-01-em-verdade-eu-vos-digo-que-nenhum-profeta-e-bem-recebido-em-sua-patria\/","og_locale":"pt_BR","og_type":"article","og_title":"30\/01 - Em verdade eu vos digo que nenhum profeta \u00e9 bem recebido em sua p\u00e1tria. - Pastoral Universit\u00e1ria UniSALESIANO","og_description":"Domingo, 30 de janeiro de 2022. Evangelho (Lc 4, 21-30) \u00a0 \u201cEm verdade eu vos digo que nenhum profeta \u00e9 bem recebido em sua p\u00e1tria\u201d....","og_url":"https:\/\/unisale.com.br\/novo\/30-01-em-verdade-eu-vos-digo-que-nenhum-profeta-e-bem-recebido-em-sua-patria\/","og_site_name":"Pastoral Universit\u00e1ria UniSALESIANO","article_published_time":"2022-01-28T20:28:55+00:00","article_modified_time":"2022-01-28T20:31:09+00:00","og_image":[{"width":600,"height":350,"url":"https:\/\/unisale.com.br\/novo\/wp-content\/uploads\/2021\/09\/Ev-dia-09.09.21.jpg","type":"image\/jpeg"}],"author":"Luiz Alexandre Marinho Lanzoni","twitter_card":"summary_large_image","twitter_misc":{"Escrito por":"Luiz Alexandre Marinho Lanzoni","Est. tempo de leitura":"3 minutos"},"schema":{"@context":"https:\/\/schema.org","@graph":[{"@type":"Article","@id":"https:\/\/unisale.com.br\/novo\/30-01-em-verdade-eu-vos-digo-que-nenhum-profeta-e-bem-recebido-em-sua-patria\/#article","isPartOf":{"@id":"https:\/\/unisale.com.br\/novo\/30-01-em-verdade-eu-vos-digo-que-nenhum-profeta-e-bem-recebido-em-sua-patria\/"},"author":{"name":"Luiz Alexandre Marinho Lanzoni","@id":"https:\/\/unisale.com.br\/pastoral\/#\/schema\/person\/492d3d7bfe53a8302576d39485aff2c4"},"headline":"30\/01 &#8211; Em verdade eu vos digo que nenhum profeta \u00e9 bem recebido em sua p\u00e1tria.","datePublished":"2022-01-28T20:28:55+00:00","dateModified":"2022-01-28T20:31:09+00:00","mainEntityOfPage":{"@id":"https:\/\/unisale.com.br\/novo\/30-01-em-verdade-eu-vos-digo-que-nenhum-profeta-e-bem-recebido-em-sua-patria\/"},"wordCount":527,"image":{"@id":"https:\/\/unisale.com.br\/novo\/30-01-em-verdade-eu-vos-digo-que-nenhum-profeta-e-bem-recebido-em-sua-patria\/#primaryimage"},"thumbnailUrl":"https:\/\/unisale.com.br\/pastoral\/wp-content\/uploads\/2021\/09\/Ev-dia-09.09.21.jpg","articleSection":["Reflex\u00e3o do Evangelho"],"inLanguage":"pt-BR"},{"@type":"WebPage","@id":"https:\/\/unisale.com.br\/novo\/30-01-em-verdade-eu-vos-digo-que-nenhum-profeta-e-bem-recebido-em-sua-patria\/","url":"https:\/\/unisale.com.br\/novo\/30-01-em-verdade-eu-vos-digo-que-nenhum-profeta-e-bem-recebido-em-sua-patria\/","name":"30\/01 - Em verdade eu vos digo que nenhum profeta \u00e9 bem recebido em sua p\u00e1tria. - Pastoral Universit\u00e1ria UniSALESIANO","isPartOf":{"@id":"https:\/\/unisale.com.br\/pastoral\/#website"},"primaryImageOfPage":{"@id":"https:\/\/unisale.com.br\/novo\/30-01-em-verdade-eu-vos-digo-que-nenhum-profeta-e-bem-recebido-em-sua-patria\/#primaryimage"},"image":{"@id":"https:\/\/unisale.com.br\/novo\/30-01-em-verdade-eu-vos-digo-que-nenhum-profeta-e-bem-recebido-em-sua-patria\/#primaryimage"},"thumbnailUrl":"https:\/\/unisale.com.br\/pastoral\/wp-content\/uploads\/2021\/09\/Ev-dia-09.09.21.jpg","datePublished":"2022-01-28T20:28:55+00:00","dateModified":"2022-01-28T20:31:09+00:00","author":{"@id":"https:\/\/unisale.com.br\/pastoral\/#\/schema\/person\/492d3d7bfe53a8302576d39485aff2c4"},"inLanguage":"pt-BR","potentialAction":[{"@type":"ReadAction","target":["https:\/\/unisale.com.br\/novo\/30-01-em-verdade-eu-vos-digo-que-nenhum-profeta-e-bem-recebido-em-sua-patria\/"]}]},{"@type":"ImageObject","inLanguage":"pt-BR","@id":"https:\/\/unisale.com.br\/novo\/30-01-em-verdade-eu-vos-digo-que-nenhum-profeta-e-bem-recebido-em-sua-patria\/#primaryimage","url":"https:\/\/unisale.com.br\/pastoral\/wp-content\/uploads\/2021\/09\/Ev-dia-09.09.21.jpg","contentUrl":"https:\/\/unisale.com.br\/pastoral\/wp-content\/uploads\/2021\/09\/Ev-dia-09.09.21.jpg","width":600,"height":350,"caption":"Conceptual composition about reconciliation or hate."},{"@type":"WebSite","@id":"https:\/\/unisale.com.br\/pastoral\/#website","url":"https:\/\/unisale.com.br\/pastoral\/","name":"Pastoral Universit\u00e1ria UniSALESIANO","description":"Site da Pastoral Universit\u00e1ria do UniSALESIANO","potentialAction":[{"@type":"SearchAction","target":{"@type":"EntryPoint","urlTemplate":"https:\/\/unisale.com.br\/pastoral\/?s={search_term_string}"},"query-input":{"@type":"PropertyValueSpecification","valueRequired":true,"valueName":"search_term_string"}}],"inLanguage":"pt-BR"},{"@type":"Person","@id":"https:\/\/unisale.com.br\/pastoral\/#\/schema\/person\/492d3d7bfe53a8302576d39485aff2c4","name":"Luiz Alexandre Marinho Lanzoni","url":"https:\/\/unisale.com.br\/pastoral\/author\/luiz\/"}]}},"_links":{"self":[{"href":"https:\/\/unisale.com.br\/pastoral\/wp-json\/wp\/v2\/posts\/3700","targetHints":{"allow":["GET"]}}],"collection":[{"href":"https:\/\/unisale.com.br\/pastoral\/wp-json\/wp\/v2\/posts"}],"about":[{"href":"https:\/\/unisale.com.br\/pastoral\/wp-json\/wp\/v2\/types\/post"}],"author":[{"embeddable":true,"href":"https:\/\/unisale.com.br\/pastoral\/wp-json\/wp\/v2\/users\/6"}],"replies":[{"embeddable":true,"href":"https:\/\/unisale.com.br\/pastoral\/wp-json\/wp\/v2\/comments?post=3700"}],"version-history":[{"count":0,"href":"https:\/\/unisale.com.br\/pastoral\/wp-json\/wp\/v2\/posts\/3700\/revisions"}],"wp:featuredmedia":[{"embeddable":true,"href":"https:\/\/unisale.com.br\/pastoral\/wp-json\/wp\/v2\/media\/2784"}],"wp:attachment":[{"href":"https:\/\/unisale.com.br\/pastoral\/wp-json\/wp\/v2\/media?parent=3700"}],"wp:term":[{"taxonomy":"category","embeddable":true,"href":"https:\/\/unisale.com.br\/pastoral\/wp-json\/wp\/v2\/categories?post=3700"},{"taxonomy":"post_tag","embeddable":true,"href":"https:\/\/unisale.com.br\/pastoral\/wp-json\/wp\/v2\/tags?post=3700"}],"curies":[{"name":"wp","href":"https:\/\/api.w.org\/{rel}","templated":true}]}}