{"id":3710,"date":"2022-02-01T11:50:19","date_gmt":"2022-02-01T11:50:19","guid":{"rendered":"https:\/\/unisale.com.br\/pastoral\/?p=3710"},"modified":"2022-02-01T11:50:19","modified_gmt":"2022-02-01T11:50:19","slug":"01-02-nao-tenhas-medo-basta-ter-fe","status":"publish","type":"post","link":"https:\/\/unisale.com.br\/pastoral\/01-02-nao-tenhas-medo-basta-ter-fe\/","title":{"rendered":"01\/02 &#8211; N\u00e3o tenhas medo. Basta ter f\u00e9!"},"content":{"rendered":"<p>Ter\u00e7a-feira, 01 de fevereiro de 2022.<\/p>\n<p><strong>Evangelho (Mc 5, 21-43)<\/strong><\/p>\n<p><strong>\u00a0<\/strong><\/p>\n<p><strong>\u201cN\u00e3o tenhas medo. Basta ter f\u00e9!\u201d<\/strong><\/p>\n<p><strong>\u00a0<\/strong><\/p>\n<p>Naquele tempo,\u00a0<strong><sup>21<\/sup><\/strong>Jesus atravessou de novo, numa barca, para outra margem. Uma numerosa multid\u00e3o se reuniu junto dele, e Jesus ficou na praia.<strong>\u00a0<sup>22<\/sup><\/strong>Aproximou-se, ent\u00e3o, um dos chefes da sinagoga, chamado Jairo. Quando viu Jesus, caiu a seus p\u00e9s,\u00a0<strong><sup>23<\/sup><\/strong>e pediu com insist\u00eancia: \u201cMinha filhinha est\u00e1 nas \u00faltimas. Vem e p\u00f5e as m\u00e3os sobre ela, para que ela sare e viva!\u201d<strong><sup>24<\/sup><\/strong>Jesus ent\u00e3o o acompanhou. Numerosa multid\u00e3o o seguia e comprimia.\u00a0<strong><sup>25<\/sup><\/strong>Ora, achava-se ali uma mulher que, h\u00e1 doze anos, estava com hemorragia;\u00a0<strong><sup>26<\/sup><\/strong>tinha sofrido nas m\u00e3os de muitos m\u00e9dicos, gastou tudo o que possu\u00eda, e, em vez de melhorar, piorava cada vez mais.<strong><sup>27<\/sup><\/strong>Tendo ouvido falar de Jesus, aproximou-se dele por detr\u00e1s, no meio da multid\u00e3o, e tocou na sua roupa.<strong>\u00a0<sup>28<\/sup><\/strong>Ela pensava: \u201cSe eu ao menos tocar na roupa dele, ficarei curada\u201d. <strong><sup>29<\/sup><\/strong>A hemorragia parou imediatamente, e a mulher sentiu dentro de si que estava curada da doen\u00e7a.\u00a0<strong><sup>30<\/sup><\/strong>Jesus logo percebeu que uma for\u00e7a tinha sa\u00eddo dele. E, voltando-se no meio da multid\u00e3o, perguntou: \u201cQuem tocou na minha roupa?\u201d\u00a0<strong><sup>31<\/sup><\/strong>Os disc\u00edpulos disseram: \u201cEst\u00e1s vendo a multid\u00e3o que te comprime e ainda perguntas: \u2018Quem me tocou\u2019?\u201d<strong><sup>32<\/sup><\/strong>Ele, por\u00e9m, olhava ao redor para ver quem havia feito aquilo.\u00a0<strong><sup>33<\/sup><\/strong>A mulher, cheia de medo e tremendo, percebendo o que lhe havia acontecido, veio e caiu aos p\u00e9s de Jesus, e contou-lhe toda a verdade.\u00a0<strong><sup>34<\/sup><\/strong>Ele lhe disse: \u201cFilha, a tua f\u00e9 te curou. Vai em paz e fica curada dessa doen\u00e7a\u201d.<strong><sup>35<\/sup><\/strong>Ele estava ainda falando, quando chegaram alguns da casa do chefe da sinagoga, e disseram: \u201cTua filha morreu. Por que ainda incomodar o mestre?\u201d\u00a0<strong><sup>36<\/sup><\/strong>Jesus ouviu a not\u00edcia e disse ao chefe da sinagoga: \u201cN\u00e3o tenhas medo. Basta ter f\u00e9!\u201d\u00a0<strong><sup>37<\/sup><\/strong>E n\u00e3o deixou que ningu\u00e9m o acompanhasse, a n\u00e3o ser Pedro, Tiago e seu irm\u00e3o Jo\u00e3o.\u00a0<strong><sup>38<\/sup><\/strong>Quando chegaram \u00e0 casa do chefe da sinagoga, Jesus viu a confus\u00e3o e como estavam chorando e gritando.<strong><sup>39<\/sup><\/strong>Ent\u00e3o, ele entrou e disse: \u201cPor que essa confus\u00e3o e esse choro? A crian\u00e7a n\u00e3o morreu, mas est\u00e1 dormindo\u201d.\u00a0<strong><sup>40<\/sup><\/strong>Come\u00e7aram ent\u00e3o a ca\u00e7oar dele. Mas, ele mandou que todos sa\u00edssem, menos o pai e a m\u00e3e da menina, e os tr\u00eas disc\u00edpulos que o acompanhavam. Depois entraram no quarto onde estava a crian\u00e7a.\u00a0<strong><sup>41<\/sup><\/strong>Jesus pegou na m\u00e3o da menina e disse: \u201cTalit\u00e1 cum\u201d \u2014 que quer dizer: \u201cMenina, levanta-te!\u201d<strong>\u00a0<sup>42<\/sup><\/strong>Ela levantou-se imediatamente e come\u00e7ou a andar, pois tinha doze anos. E todos ficaram admirados.\u00a0<strong><sup>43<\/sup><\/strong>Ele recomendou com insist\u00eancia que ningu\u00e9m ficasse sabendo daquilo. E mandou dar de comer \u00e0 menina.<\/p>\n<p>&nbsp;<\/p>\n<p><strong>Reflex\u00e3o<\/strong><\/p>\n<p>O que caracteriza a ades\u00e3o do crist\u00e3o a Cristo \u00e9 a f\u00e9, e o seu aspecto complementar \u00e9 a esperan\u00e7a. Crer significa ver para al\u00e9m da cortina vis\u00edvel do mundo, e para al\u00e9m da vida terrena, a vida eterna. A esperan\u00e7a \u00e9 a confian\u00e7a que esta outra vida ser\u00e1 plenamente nossa. No sentido b\u00edblico crer e esperar s\u00e3o identificados num \u00fanico voc\u00e1bulo. Para poder esperar \u00e9 necess\u00e1rio viver. O que significa a realidade para um morto? Nada. Por isso os cantos e as reflex\u00f5es sobre a mote s\u00e3o assim pessimistas: se chora pela perda da esperan\u00e7a. Cristo, ao contr\u00e1rio, disse ao pai da filha morta; acredite! \u00c9 uma f\u00e9 que se a anuncia s\u00f3 no cristianismo ou tamb\u00e9m nas outras religi\u00f5es? Todos os povos tem as suas ideias sobre a vida ap\u00f3s a morte, mas muitas vezes n\u00e3o d\u00e3o esperan\u00e7a, somente um pouco de consola\u00e7\u00e3o para quem faz a experiencia da perda de uma pessoa querida. A atitude crist\u00e3 se exprime numa palavra: \u201cacredite\u201d. Acredite que a tua vida em Cristo se exprime numa palavra: \u201cAcredite\u201d. Acredite que tua vida em Cristo n\u00e3o tem fim. \u201ca menina n\u00e3o morreu, dorme\u201d. Muitas vezes nos t\u00famulos est\u00e1 escrito: \u201cAqui dorme com sono eterno&#8230;\u201d. por que se compara a morte com o sono? O homem que dorme n\u00e3o est\u00e1 morto, n\u00e3o percebe aquilo que acontece ao redor dele, mas no sono a sua vida e a energia se refor\u00e7am e crescem, e se sabe que acorda abre os olhos e come\u00e7a a pensar e a decidir. Na vida despertamos milhares de vezes, antes, podemos dizer que toda a vida \u00e9 um continuo e progressivo \u201cacordar\u201d. E n\u00e3o s\u00f3 do sono. Mas n\u00e3o \u00e9 importante ser acordado no conhecimento do mundo terreno quanto, na morte, acordamos no conhecimento do mundo divino, at\u00e9 quando Jesus dir\u00e1: levanta-te!<\/p>\n<p><strong>Pe. Paulo Eduardo J\u00e1como, sdb.<\/strong><\/p>\n<p><strong>\u00a0<\/strong><\/p>\n","protected":false},"excerpt":{"rendered":"<p>Ter\u00e7a-feira, 01 de fevereiro de 2022. Evangelho (Mc 5, 21-43) \u00a0 \u201cN\u00e3o tenhas medo. Basta ter f\u00e9!\u201d \u00a0 Naquele tempo,\u00a021Jesus atravessou de novo, numa barca,&#8230;<\/p>\n","protected":false},"author":6,"featured_media":3712,"comment_status":"closed","ping_status":"closed","sticky":false,"template":"","format":"standard","meta":{"_acf_changed":false,"footnotes":""},"categories":[13],"tags":[],"class_list":["post-3710","post","type-post","status-publish","format-standard","has-post-thumbnail","hentry","category-reflexaodoevagelho"],"acf":[],"yoast_head":"<!-- This site is optimized with the Yoast SEO plugin v27.3 - https:\/\/yoast.com\/product\/yoast-seo-wordpress\/ -->\n<title>01\/02 - N\u00e3o tenhas medo. Basta ter f\u00e9! - Pastoral Universit\u00e1ria UniSALESIANO<\/title>\n<meta name=\"robots\" content=\"index, follow, max-snippet:-1, max-image-preview:large, max-video-preview:-1\" \/>\n<link rel=\"canonical\" href=\"https:\/\/unisale.com.br\/novo\/01-02-nao-tenhas-medo-basta-ter-fe\/\" \/>\n<meta property=\"og:locale\" content=\"pt_BR\" \/>\n<meta property=\"og:type\" content=\"article\" \/>\n<meta property=\"og:title\" content=\"01\/02 - N\u00e3o tenhas medo. Basta ter f\u00e9! - Pastoral Universit\u00e1ria UniSALESIANO\" \/>\n<meta property=\"og:description\" content=\"Ter\u00e7a-feira, 01 de fevereiro de 2022. Evangelho (Mc 5, 21-43) \u00a0 \u201cN\u00e3o tenhas medo. Basta ter f\u00e9!\u201d \u00a0 Naquele tempo,\u00a021Jesus atravessou de novo, numa barca,...\" \/>\n<meta property=\"og:url\" content=\"https:\/\/unisale.com.br\/novo\/01-02-nao-tenhas-medo-basta-ter-fe\/\" \/>\n<meta property=\"og:site_name\" content=\"Pastoral Universit\u00e1ria UniSALESIANO\" \/>\n<meta property=\"article:published_time\" content=\"2022-02-01T11:50:19+00:00\" \/>\n<meta property=\"og:image\" content=\"https:\/\/unisale.com.br\/novo\/wp-content\/uploads\/2022\/02\/filha-de-jairo.jpg\" \/>\n\t<meta property=\"og:image:width\" content=\"857\" \/>\n\t<meta property=\"og:image:height\" content=\"1071\" \/>\n\t<meta property=\"og:image:type\" content=\"image\/jpeg\" \/>\n<meta name=\"author\" content=\"Luiz Alexandre Marinho Lanzoni\" \/>\n<meta name=\"twitter:card\" content=\"summary_large_image\" \/>\n<meta name=\"twitter:label1\" content=\"Escrito por\" \/>\n\t<meta name=\"twitter:data1\" content=\"Luiz Alexandre Marinho Lanzoni\" \/>\n\t<meta name=\"twitter:label2\" content=\"Est. tempo de leitura\" \/>\n\t<meta name=\"twitter:data2\" content=\"4 minutos\" \/>\n<script type=\"application\/ld+json\" class=\"yoast-schema-graph\">{\"@context\":\"https:\\\/\\\/schema.org\",\"@graph\":[{\"@type\":\"Article\",\"@id\":\"https:\\\/\\\/unisale.com.br\\\/novo\\\/01-02-nao-tenhas-medo-basta-ter-fe\\\/#article\",\"isPartOf\":{\"@id\":\"https:\\\/\\\/unisale.com.br\\\/novo\\\/01-02-nao-tenhas-medo-basta-ter-fe\\\/\"},\"author\":{\"name\":\"Luiz Alexandre Marinho Lanzoni\",\"@id\":\"https:\\\/\\\/unisale.com.br\\\/pastoral\\\/#\\\/schema\\\/person\\\/492d3d7bfe53a8302576d39485aff2c4\"},\"headline\":\"01\\\/02 &#8211; N\u00e3o tenhas medo. Basta ter f\u00e9!\",\"datePublished\":\"2022-02-01T11:50:19+00:00\",\"mainEntityOfPage\":{\"@id\":\"https:\\\/\\\/unisale.com.br\\\/novo\\\/01-02-nao-tenhas-medo-basta-ter-fe\\\/\"},\"wordCount\":817,\"image\":{\"@id\":\"https:\\\/\\\/unisale.com.br\\\/novo\\\/01-02-nao-tenhas-medo-basta-ter-fe\\\/#primaryimage\"},\"thumbnailUrl\":\"https:\\\/\\\/unisale.com.br\\\/pastoral\\\/wp-content\\\/uploads\\\/2022\\\/02\\\/filha-de-jairo.jpg\",\"articleSection\":[\"Reflex\u00e3o do Evangelho\"],\"inLanguage\":\"pt-BR\"},{\"@type\":\"WebPage\",\"@id\":\"https:\\\/\\\/unisale.com.br\\\/novo\\\/01-02-nao-tenhas-medo-basta-ter-fe\\\/\",\"url\":\"https:\\\/\\\/unisale.com.br\\\/novo\\\/01-02-nao-tenhas-medo-basta-ter-fe\\\/\",\"name\":\"01\\\/02 - N\u00e3o tenhas medo. Basta ter f\u00e9! - Pastoral Universit\u00e1ria UniSALESIANO\",\"isPartOf\":{\"@id\":\"https:\\\/\\\/unisale.com.br\\\/pastoral\\\/#website\"},\"primaryImageOfPage\":{\"@id\":\"https:\\\/\\\/unisale.com.br\\\/novo\\\/01-02-nao-tenhas-medo-basta-ter-fe\\\/#primaryimage\"},\"image\":{\"@id\":\"https:\\\/\\\/unisale.com.br\\\/novo\\\/01-02-nao-tenhas-medo-basta-ter-fe\\\/#primaryimage\"},\"thumbnailUrl\":\"https:\\\/\\\/unisale.com.br\\\/pastoral\\\/wp-content\\\/uploads\\\/2022\\\/02\\\/filha-de-jairo.jpg\",\"datePublished\":\"2022-02-01T11:50:19+00:00\",\"author\":{\"@id\":\"https:\\\/\\\/unisale.com.br\\\/pastoral\\\/#\\\/schema\\\/person\\\/492d3d7bfe53a8302576d39485aff2c4\"},\"inLanguage\":\"pt-BR\",\"potentialAction\":[{\"@type\":\"ReadAction\",\"target\":[\"https:\\\/\\\/unisale.com.br\\\/novo\\\/01-02-nao-tenhas-medo-basta-ter-fe\\\/\"]}]},{\"@type\":\"ImageObject\",\"inLanguage\":\"pt-BR\",\"@id\":\"https:\\\/\\\/unisale.com.br\\\/novo\\\/01-02-nao-tenhas-medo-basta-ter-fe\\\/#primaryimage\",\"url\":\"https:\\\/\\\/unisale.com.br\\\/pastoral\\\/wp-content\\\/uploads\\\/2022\\\/02\\\/filha-de-jairo.jpg\",\"contentUrl\":\"https:\\\/\\\/unisale.com.br\\\/pastoral\\\/wp-content\\\/uploads\\\/2022\\\/02\\\/filha-de-jairo.jpg\",\"width\":400,\"height\":500},{\"@type\":\"WebSite\",\"@id\":\"https:\\\/\\\/unisale.com.br\\\/pastoral\\\/#website\",\"url\":\"https:\\\/\\\/unisale.com.br\\\/pastoral\\\/\",\"name\":\"Pastoral Universit\u00e1ria UniSALESIANO\",\"description\":\"Site da Pastoral Universit\u00e1ria do UniSALESIANO\",\"potentialAction\":[{\"@type\":\"SearchAction\",\"target\":{\"@type\":\"EntryPoint\",\"urlTemplate\":\"https:\\\/\\\/unisale.com.br\\\/pastoral\\\/?s={search_term_string}\"},\"query-input\":{\"@type\":\"PropertyValueSpecification\",\"valueRequired\":true,\"valueName\":\"search_term_string\"}}],\"inLanguage\":\"pt-BR\"},{\"@type\":\"Person\",\"@id\":\"https:\\\/\\\/unisale.com.br\\\/pastoral\\\/#\\\/schema\\\/person\\\/492d3d7bfe53a8302576d39485aff2c4\",\"name\":\"Luiz Alexandre Marinho Lanzoni\",\"url\":\"https:\\\/\\\/unisale.com.br\\\/pastoral\\\/author\\\/luiz\\\/\"}]}<\/script>\n<!-- \/ Yoast SEO plugin. -->","yoast_head_json":{"title":"01\/02 - N\u00e3o tenhas medo. Basta ter f\u00e9! - Pastoral Universit\u00e1ria UniSALESIANO","robots":{"index":"index","follow":"follow","max-snippet":"max-snippet:-1","max-image-preview":"max-image-preview:large","max-video-preview":"max-video-preview:-1"},"canonical":"https:\/\/unisale.com.br\/novo\/01-02-nao-tenhas-medo-basta-ter-fe\/","og_locale":"pt_BR","og_type":"article","og_title":"01\/02 - N\u00e3o tenhas medo. Basta ter f\u00e9! - Pastoral Universit\u00e1ria UniSALESIANO","og_description":"Ter\u00e7a-feira, 01 de fevereiro de 2022. Evangelho (Mc 5, 21-43) \u00a0 \u201cN\u00e3o tenhas medo. Basta ter f\u00e9!\u201d \u00a0 Naquele tempo,\u00a021Jesus atravessou de novo, numa barca,...","og_url":"https:\/\/unisale.com.br\/novo\/01-02-nao-tenhas-medo-basta-ter-fe\/","og_site_name":"Pastoral Universit\u00e1ria UniSALESIANO","article_published_time":"2022-02-01T11:50:19+00:00","og_image":[{"width":857,"height":1071,"url":"https:\/\/unisale.com.br\/novo\/wp-content\/uploads\/2022\/02\/filha-de-jairo.jpg","type":"image\/jpeg"}],"author":"Luiz Alexandre Marinho Lanzoni","twitter_card":"summary_large_image","twitter_misc":{"Escrito por":"Luiz Alexandre Marinho Lanzoni","Est. tempo de leitura":"4 minutos"},"schema":{"@context":"https:\/\/schema.org","@graph":[{"@type":"Article","@id":"https:\/\/unisale.com.br\/novo\/01-02-nao-tenhas-medo-basta-ter-fe\/#article","isPartOf":{"@id":"https:\/\/unisale.com.br\/novo\/01-02-nao-tenhas-medo-basta-ter-fe\/"},"author":{"name":"Luiz Alexandre Marinho Lanzoni","@id":"https:\/\/unisale.com.br\/pastoral\/#\/schema\/person\/492d3d7bfe53a8302576d39485aff2c4"},"headline":"01\/02 &#8211; N\u00e3o tenhas medo. Basta ter f\u00e9!","datePublished":"2022-02-01T11:50:19+00:00","mainEntityOfPage":{"@id":"https:\/\/unisale.com.br\/novo\/01-02-nao-tenhas-medo-basta-ter-fe\/"},"wordCount":817,"image":{"@id":"https:\/\/unisale.com.br\/novo\/01-02-nao-tenhas-medo-basta-ter-fe\/#primaryimage"},"thumbnailUrl":"https:\/\/unisale.com.br\/pastoral\/wp-content\/uploads\/2022\/02\/filha-de-jairo.jpg","articleSection":["Reflex\u00e3o do Evangelho"],"inLanguage":"pt-BR"},{"@type":"WebPage","@id":"https:\/\/unisale.com.br\/novo\/01-02-nao-tenhas-medo-basta-ter-fe\/","url":"https:\/\/unisale.com.br\/novo\/01-02-nao-tenhas-medo-basta-ter-fe\/","name":"01\/02 - N\u00e3o tenhas medo. Basta ter f\u00e9! - Pastoral Universit\u00e1ria UniSALESIANO","isPartOf":{"@id":"https:\/\/unisale.com.br\/pastoral\/#website"},"primaryImageOfPage":{"@id":"https:\/\/unisale.com.br\/novo\/01-02-nao-tenhas-medo-basta-ter-fe\/#primaryimage"},"image":{"@id":"https:\/\/unisale.com.br\/novo\/01-02-nao-tenhas-medo-basta-ter-fe\/#primaryimage"},"thumbnailUrl":"https:\/\/unisale.com.br\/pastoral\/wp-content\/uploads\/2022\/02\/filha-de-jairo.jpg","datePublished":"2022-02-01T11:50:19+00:00","author":{"@id":"https:\/\/unisale.com.br\/pastoral\/#\/schema\/person\/492d3d7bfe53a8302576d39485aff2c4"},"inLanguage":"pt-BR","potentialAction":[{"@type":"ReadAction","target":["https:\/\/unisale.com.br\/novo\/01-02-nao-tenhas-medo-basta-ter-fe\/"]}]},{"@type":"ImageObject","inLanguage":"pt-BR","@id":"https:\/\/unisale.com.br\/novo\/01-02-nao-tenhas-medo-basta-ter-fe\/#primaryimage","url":"https:\/\/unisale.com.br\/pastoral\/wp-content\/uploads\/2022\/02\/filha-de-jairo.jpg","contentUrl":"https:\/\/unisale.com.br\/pastoral\/wp-content\/uploads\/2022\/02\/filha-de-jairo.jpg","width":400,"height":500},{"@type":"WebSite","@id":"https:\/\/unisale.com.br\/pastoral\/#website","url":"https:\/\/unisale.com.br\/pastoral\/","name":"Pastoral Universit\u00e1ria UniSALESIANO","description":"Site da Pastoral Universit\u00e1ria do UniSALESIANO","potentialAction":[{"@type":"SearchAction","target":{"@type":"EntryPoint","urlTemplate":"https:\/\/unisale.com.br\/pastoral\/?s={search_term_string}"},"query-input":{"@type":"PropertyValueSpecification","valueRequired":true,"valueName":"search_term_string"}}],"inLanguage":"pt-BR"},{"@type":"Person","@id":"https:\/\/unisale.com.br\/pastoral\/#\/schema\/person\/492d3d7bfe53a8302576d39485aff2c4","name":"Luiz Alexandre Marinho Lanzoni","url":"https:\/\/unisale.com.br\/pastoral\/author\/luiz\/"}]}},"_links":{"self":[{"href":"https:\/\/unisale.com.br\/pastoral\/wp-json\/wp\/v2\/posts\/3710","targetHints":{"allow":["GET"]}}],"collection":[{"href":"https:\/\/unisale.com.br\/pastoral\/wp-json\/wp\/v2\/posts"}],"about":[{"href":"https:\/\/unisale.com.br\/pastoral\/wp-json\/wp\/v2\/types\/post"}],"author":[{"embeddable":true,"href":"https:\/\/unisale.com.br\/pastoral\/wp-json\/wp\/v2\/users\/6"}],"replies":[{"embeddable":true,"href":"https:\/\/unisale.com.br\/pastoral\/wp-json\/wp\/v2\/comments?post=3710"}],"version-history":[{"count":0,"href":"https:\/\/unisale.com.br\/pastoral\/wp-json\/wp\/v2\/posts\/3710\/revisions"}],"wp:featuredmedia":[{"embeddable":true,"href":"https:\/\/unisale.com.br\/pastoral\/wp-json\/wp\/v2\/media\/3712"}],"wp:attachment":[{"href":"https:\/\/unisale.com.br\/pastoral\/wp-json\/wp\/v2\/media?parent=3710"}],"wp:term":[{"taxonomy":"category","embeddable":true,"href":"https:\/\/unisale.com.br\/pastoral\/wp-json\/wp\/v2\/categories?post=3710"},{"taxonomy":"post_tag","embeddable":true,"href":"https:\/\/unisale.com.br\/pastoral\/wp-json\/wp\/v2\/tags?post=3710"}],"curies":[{"name":"wp","href":"https:\/\/api.w.org\/{rel}","templated":true}]}}