{"id":3714,"date":"2022-02-01T11:52:06","date_gmt":"2022-02-01T11:52:06","guid":{"rendered":"https:\/\/unisale.com.br\/pastoral\/?p=3714"},"modified":"2022-02-01T13:27:11","modified_gmt":"2022-02-01T13:27:11","slug":"02-02-o-menino-crescia-e-tornava-se-forte-cheio-de-sabedoria-e-a-graca-de-deus-estava-com-ele","status":"publish","type":"post","link":"https:\/\/unisale.com.br\/pastoral\/02-02-o-menino-crescia-e-tornava-se-forte-cheio-de-sabedoria-e-a-graca-de-deus-estava-com-ele\/","title":{"rendered":"02\/02 &#8211; O menino crescia e tornava-se forte, cheio de sabedoria e a gra\u00e7a de Deus estava com ele."},"content":{"rendered":"<p>Quarta-feira, 02 de fevereiro de 2022.<\/p>\n<p><strong>Evangelho (Lc 2,22-40)<\/strong><\/p>\n<p><strong>\u00a0<\/strong><\/p>\n<p><strong>\u201cO menino crescia e tornava-se forte, cheio de sabedoria e a gra\u00e7a de Deus estava com ele\u201d<\/strong><\/p>\n<p><strong><sup>22<\/sup><\/strong>Quando se completaram os dias para a purifica\u00e7\u00e3o da m\u00e3e e do filho, conforme a lei de Mois\u00e9s, Maria e Jos\u00e9 levaram Jesus a Jerusal\u00e9m, a fim de apresent\u00e1-lo ao Senhor.\u00a0<strong><sup>23<\/sup><\/strong>Conforme est\u00e1 escrito na lei do Senhor: \u201cTodo primog\u00eanito do sexo masculino deve ser consagrado ao Senhor\u201d.<strong><sup>24<\/sup><\/strong>Foram tamb\u00e9m oferecer o sacrif\u00edcio\u00a0\u2014\u00a0um par de rolas ou dois pombinhos\u00a0\u2014\u00a0como est\u00e1 ordenado na Lei do Senhor.\u00a0<strong><sup>25<\/sup><\/strong>Em Jerusal\u00e9m, havia um homem chamado Sime\u00e3o, o qual era justo e piedoso, e esperava a consola\u00e7\u00e3o do povo de Israel. O Esp\u00edrito Santo estava com ele\u00a0<strong><sup>26<\/sup><\/strong>e lhe havia anunciado que n\u00e3o morreria antes de ver o Messias que vem do Senhor.<strong><sup>27<\/sup><\/strong>Movido pelo Esp\u00edrito, Sime\u00e3o veio ao Templo. Quando os pais trouxeram o menino Jesus para cumprir o que a Lei ordenava,\u00a0<strong><sup>28<\/sup><\/strong>Sime\u00e3o tomou o menino nos bra\u00e7os e bendisse a Deus:\u00a0<strong><sup>29<\/sup><\/strong>\u201cAgora, Senhor, conforme a tua promessa, podes deixar teu servo partir em paz;\u00a0<strong><sup>30<\/sup><\/strong>porque meus olhos viram a tua salva\u00e7\u00e3o,\u00a0<strong><sup>31<\/sup><\/strong>que preparaste diante de todos os povos:\u00a0<strong><sup>32<\/sup><\/strong>luz para iluminar as na\u00e7\u00f5es e gl\u00f3ria do teu povo Israel\u201d.<strong><sup>33<\/sup><\/strong>O pai e a m\u00e3e de Jesus estavam admirados com o que diziam a respeito dele.\u00a0<strong><sup>34<\/sup><\/strong>Sime\u00e3o os aben\u00e7oou e disse a Maria, a m\u00e3e de Jesus: \u201cEste menino vai ser causa tanto de queda como de reerguimento para muitos em Israel. Ele ser\u00e1 um sinal de contradi\u00e7\u00e3o.\u00a0<strong><sup>35<\/sup><\/strong>Assim ser\u00e3o revelados os pensamentos de muitos cora\u00e7\u00f5es. Quanto a ti, uma espada te traspassar\u00e1 a alma\u201d.<strong><sup>36<\/sup><\/strong>Havia tamb\u00e9m uma profetisa, chamada Ana, filha de Fanuel, da tribo de Aser. Era de idade muito avan\u00e7ada; quando jovem, tinha sido casada e vivera sete anos com o marido.\u00a0<strong><sup>37<\/sup><\/strong>Depois ficara vi\u00fava, e agora j\u00e1 estava com oitenta e quatro anos. N\u00e3o sa\u00eda do Templo, dia e noite servindo a Deus com jejuns e ora\u00e7\u00f5es.\u00a0<strong><sup>38<\/sup><\/strong>Ana chegou nesse momento e p\u00f4s-se a louvar a Deus e a falar do menino a todos os que esperavam a liberta\u00e7\u00e3o de Jerusal\u00e9m.<strong><sup>39<\/sup><\/strong>Depois de cumprirem tudo, conforme a Lei do Senhor, voltaram \u00e0 Galileia, para Nazar\u00e9, sua cidade.\u00a0<strong><sup>40<\/sup><\/strong>O menino crescia e tornava-se forte, cheio de sabedoria; e a gra\u00e7a de Deus estava com ele.<\/p>\n<p>&nbsp;<\/p>\n<p><strong>Reflex\u00e3o<\/strong><\/p>\n<p>Hoje, festa da Apresenta\u00e7\u00e3o do Senhor. Por que justamente hoje? No evangelho podemos ler as palavras do velho Sime\u00e3o que engradece a Deus porque pode ver ainda em vida aquele que \u00e9 luz para iluminar o mundo e gl\u00f3ria de Israel. As velas s\u00e3o usadas continuamente nas igrejas. A origem do uso \u00e9 evidentemente pr\u00e1tica. As velas eram usadas para iluminar as casas. A ilumina\u00e7\u00e3o com as velas cria uma agrad\u00e1vel sugest\u00e3o, sobretudo quando a igreja est\u00e1 cheia de imagens. Os refletores n\u00e3o podem substituir tal efeito. Durante a liturgia se acende sempre as velas. E a mesma vela s\u00e3o atribu\u00eddos tantos significados simb\u00f3licos. Nos textos lit\u00fargicos, a vela, o c\u00edrio, \u00e9 imagem de Cristo, que \u00e9 a luz do mundo. O momento mais sugestivo \u00e9 o da vig\u00edlia pascal, quando se ascende o grande c\u00edrio, levando-o pela igreja escura acompanhado do canto \u201ceis a luz de Cristo\u201d. Do c\u00edrio s\u00e3o ascendidos todas as outras, a luz de Cristo ilumina tamb\u00e9m n\u00f3s. Nas dificuldades as vezes nos deixamos iluminar por muitas luzes banais, mas todas estas luzes cair\u00e3o, como nos diz o livro do apocalipse. Cristo \u00e9 a verdadeira luz. A luz que se consome. Cristo \u00e9 a luz do mundo atrav\u00e9s do seu sacrif\u00edcio, assim como a vela se consome e se torna luz, Cristo se consome por n\u00f3s e se torna a nossa luz. Tamb\u00e9m cada um de nossos sacrif\u00edcios, por pequeno que seja, h\u00e1 um grande valo e retorna tamb\u00e9m luz. Todas as grandes obras surgem de grandes sacrif\u00edcios vale o prov\u00e9rbio: uma coisa vale tanto quanto custa.<\/p>\n<p><strong>Pe. Paulo Eduardo J\u00e1como, sdb.<\/strong><\/p>\n<p><strong>\u00a0<\/strong><\/p>\n","protected":false},"excerpt":{"rendered":"<p>Quarta-feira, 02 de fevereiro de 2022. Evangelho (Lc 2,22-40) \u00a0 \u201cO menino crescia e tornava-se forte, cheio de sabedoria e a gra\u00e7a de Deus estava&#8230;<\/p>\n","protected":false},"author":6,"featured_media":3711,"comment_status":"closed","ping_status":"closed","sticky":false,"template":"","format":"standard","meta":{"_acf_changed":false,"footnotes":""},"categories":[13],"tags":[],"class_list":["post-3714","post","type-post","status-publish","format-standard","has-post-thumbnail","hentry","category-reflexaodoevagelho"],"acf":[],"yoast_head":"<!-- This site is optimized with the Yoast SEO plugin v27.3 - https:\/\/yoast.com\/product\/yoast-seo-wordpress\/ -->\n<title>02\/02 - O menino crescia e tornava-se forte, cheio de sabedoria e a gra\u00e7a de Deus estava com ele. - Pastoral Universit\u00e1ria UniSALESIANO<\/title>\n<meta name=\"robots\" content=\"index, follow, max-snippet:-1, max-image-preview:large, max-video-preview:-1\" \/>\n<link rel=\"canonical\" href=\"https:\/\/unisale.com.br\/novo\/02-02-o-menino-crescia-e-tornava-se-forte-cheio-de-sabedoria-e-a-graca-de-deus-estava-com-ele\/\" \/>\n<meta property=\"og:locale\" content=\"pt_BR\" \/>\n<meta property=\"og:type\" content=\"article\" \/>\n<meta property=\"og:title\" content=\"02\/02 - O menino crescia e tornava-se forte, cheio de sabedoria e a gra\u00e7a de Deus estava com ele. - Pastoral Universit\u00e1ria UniSALESIANO\" \/>\n<meta property=\"og:description\" content=\"Quarta-feira, 02 de fevereiro de 2022. Evangelho (Lc 2,22-40) \u00a0 \u201cO menino crescia e tornava-se forte, cheio de sabedoria e a gra\u00e7a de Deus estava...\" \/>\n<meta property=\"og:url\" content=\"https:\/\/unisale.com.br\/novo\/02-02-o-menino-crescia-e-tornava-se-forte-cheio-de-sabedoria-e-a-graca-de-deus-estava-com-ele\/\" \/>\n<meta property=\"og:site_name\" content=\"Pastoral Universit\u00e1ria UniSALESIANO\" \/>\n<meta property=\"article:published_time\" content=\"2022-02-01T11:52:06+00:00\" \/>\n<meta property=\"article:modified_time\" content=\"2022-02-01T13:27:11+00:00\" \/>\n<meta property=\"og:image\" content=\"https:\/\/unisale.com.br\/novo\/wp-content\/uploads\/2022\/02\/apresentacao-Senhor.jpg\" \/>\n\t<meta property=\"og:image:width\" content=\"1280\" \/>\n\t<meta property=\"og:image:height\" content=\"720\" \/>\n\t<meta property=\"og:image:type\" content=\"image\/jpeg\" \/>\n<meta name=\"author\" content=\"Luiz Alexandre Marinho Lanzoni\" \/>\n<meta name=\"twitter:card\" content=\"summary_large_image\" \/>\n<meta name=\"twitter:label1\" content=\"Escrito por\" \/>\n\t<meta name=\"twitter:data1\" content=\"Luiz Alexandre Marinho Lanzoni\" \/>\n\t<meta name=\"twitter:label2\" content=\"Est. tempo de leitura\" \/>\n\t<meta name=\"twitter:data2\" content=\"4 minutos\" \/>\n<script type=\"application\/ld+json\" class=\"yoast-schema-graph\">{\"@context\":\"https:\\\/\\\/schema.org\",\"@graph\":[{\"@type\":\"Article\",\"@id\":\"https:\\\/\\\/unisale.com.br\\\/novo\\\/02-02-o-menino-crescia-e-tornava-se-forte-cheio-de-sabedoria-e-a-graca-de-deus-estava-com-ele\\\/#article\",\"isPartOf\":{\"@id\":\"https:\\\/\\\/unisale.com.br\\\/novo\\\/02-02-o-menino-crescia-e-tornava-se-forte-cheio-de-sabedoria-e-a-graca-de-deus-estava-com-ele\\\/\"},\"author\":{\"name\":\"Luiz Alexandre Marinho Lanzoni\",\"@id\":\"https:\\\/\\\/unisale.com.br\\\/pastoral\\\/#\\\/schema\\\/person\\\/492d3d7bfe53a8302576d39485aff2c4\"},\"headline\":\"02\\\/02 &#8211; O menino crescia e tornava-se forte, cheio de sabedoria e a gra\u00e7a de Deus estava com ele.\",\"datePublished\":\"2022-02-01T11:52:06+00:00\",\"dateModified\":\"2022-02-01T13:27:11+00:00\",\"mainEntityOfPage\":{\"@id\":\"https:\\\/\\\/unisale.com.br\\\/novo\\\/02-02-o-menino-crescia-e-tornava-se-forte-cheio-de-sabedoria-e-a-graca-de-deus-estava-com-ele\\\/\"},\"wordCount\":729,\"image\":{\"@id\":\"https:\\\/\\\/unisale.com.br\\\/novo\\\/02-02-o-menino-crescia-e-tornava-se-forte-cheio-de-sabedoria-e-a-graca-de-deus-estava-com-ele\\\/#primaryimage\"},\"thumbnailUrl\":\"https:\\\/\\\/unisale.com.br\\\/pastoral\\\/wp-content\\\/uploads\\\/2022\\\/02\\\/apresentacao-Senhor.jpg\",\"articleSection\":[\"Reflex\u00e3o do Evangelho\"],\"inLanguage\":\"pt-BR\"},{\"@type\":\"WebPage\",\"@id\":\"https:\\\/\\\/unisale.com.br\\\/novo\\\/02-02-o-menino-crescia-e-tornava-se-forte-cheio-de-sabedoria-e-a-graca-de-deus-estava-com-ele\\\/\",\"url\":\"https:\\\/\\\/unisale.com.br\\\/novo\\\/02-02-o-menino-crescia-e-tornava-se-forte-cheio-de-sabedoria-e-a-graca-de-deus-estava-com-ele\\\/\",\"name\":\"02\\\/02 - O menino crescia e tornava-se forte, cheio de sabedoria e a gra\u00e7a de Deus estava com ele. - Pastoral Universit\u00e1ria UniSALESIANO\",\"isPartOf\":{\"@id\":\"https:\\\/\\\/unisale.com.br\\\/pastoral\\\/#website\"},\"primaryImageOfPage\":{\"@id\":\"https:\\\/\\\/unisale.com.br\\\/novo\\\/02-02-o-menino-crescia-e-tornava-se-forte-cheio-de-sabedoria-e-a-graca-de-deus-estava-com-ele\\\/#primaryimage\"},\"image\":{\"@id\":\"https:\\\/\\\/unisale.com.br\\\/novo\\\/02-02-o-menino-crescia-e-tornava-se-forte-cheio-de-sabedoria-e-a-graca-de-deus-estava-com-ele\\\/#primaryimage\"},\"thumbnailUrl\":\"https:\\\/\\\/unisale.com.br\\\/pastoral\\\/wp-content\\\/uploads\\\/2022\\\/02\\\/apresentacao-Senhor.jpg\",\"datePublished\":\"2022-02-01T11:52:06+00:00\",\"dateModified\":\"2022-02-01T13:27:11+00:00\",\"author\":{\"@id\":\"https:\\\/\\\/unisale.com.br\\\/pastoral\\\/#\\\/schema\\\/person\\\/492d3d7bfe53a8302576d39485aff2c4\"},\"inLanguage\":\"pt-BR\",\"potentialAction\":[{\"@type\":\"ReadAction\",\"target\":[\"https:\\\/\\\/unisale.com.br\\\/novo\\\/02-02-o-menino-crescia-e-tornava-se-forte-cheio-de-sabedoria-e-a-graca-de-deus-estava-com-ele\\\/\"]}]},{\"@type\":\"ImageObject\",\"inLanguage\":\"pt-BR\",\"@id\":\"https:\\\/\\\/unisale.com.br\\\/novo\\\/02-02-o-menino-crescia-e-tornava-se-forte-cheio-de-sabedoria-e-a-graca-de-deus-estava-com-ele\\\/#primaryimage\",\"url\":\"https:\\\/\\\/unisale.com.br\\\/pastoral\\\/wp-content\\\/uploads\\\/2022\\\/02\\\/apresentacao-Senhor.jpg\",\"contentUrl\":\"https:\\\/\\\/unisale.com.br\\\/pastoral\\\/wp-content\\\/uploads\\\/2022\\\/02\\\/apresentacao-Senhor.jpg\",\"width\":889,\"height\":500},{\"@type\":\"WebSite\",\"@id\":\"https:\\\/\\\/unisale.com.br\\\/pastoral\\\/#website\",\"url\":\"https:\\\/\\\/unisale.com.br\\\/pastoral\\\/\",\"name\":\"Pastoral Universit\u00e1ria UniSALESIANO\",\"description\":\"Site da Pastoral Universit\u00e1ria do UniSALESIANO\",\"potentialAction\":[{\"@type\":\"SearchAction\",\"target\":{\"@type\":\"EntryPoint\",\"urlTemplate\":\"https:\\\/\\\/unisale.com.br\\\/pastoral\\\/?s={search_term_string}\"},\"query-input\":{\"@type\":\"PropertyValueSpecification\",\"valueRequired\":true,\"valueName\":\"search_term_string\"}}],\"inLanguage\":\"pt-BR\"},{\"@type\":\"Person\",\"@id\":\"https:\\\/\\\/unisale.com.br\\\/pastoral\\\/#\\\/schema\\\/person\\\/492d3d7bfe53a8302576d39485aff2c4\",\"name\":\"Luiz Alexandre Marinho Lanzoni\",\"url\":\"https:\\\/\\\/unisale.com.br\\\/pastoral\\\/author\\\/luiz\\\/\"}]}<\/script>\n<!-- \/ Yoast SEO plugin. -->","yoast_head_json":{"title":"02\/02 - O menino crescia e tornava-se forte, cheio de sabedoria e a gra\u00e7a de Deus estava com ele. - Pastoral Universit\u00e1ria UniSALESIANO","robots":{"index":"index","follow":"follow","max-snippet":"max-snippet:-1","max-image-preview":"max-image-preview:large","max-video-preview":"max-video-preview:-1"},"canonical":"https:\/\/unisale.com.br\/novo\/02-02-o-menino-crescia-e-tornava-se-forte-cheio-de-sabedoria-e-a-graca-de-deus-estava-com-ele\/","og_locale":"pt_BR","og_type":"article","og_title":"02\/02 - O menino crescia e tornava-se forte, cheio de sabedoria e a gra\u00e7a de Deus estava com ele. - Pastoral Universit\u00e1ria UniSALESIANO","og_description":"Quarta-feira, 02 de fevereiro de 2022. Evangelho (Lc 2,22-40) \u00a0 \u201cO menino crescia e tornava-se forte, cheio de sabedoria e a gra\u00e7a de Deus estava...","og_url":"https:\/\/unisale.com.br\/novo\/02-02-o-menino-crescia-e-tornava-se-forte-cheio-de-sabedoria-e-a-graca-de-deus-estava-com-ele\/","og_site_name":"Pastoral Universit\u00e1ria UniSALESIANO","article_published_time":"2022-02-01T11:52:06+00:00","article_modified_time":"2022-02-01T13:27:11+00:00","og_image":[{"width":1280,"height":720,"url":"https:\/\/unisale.com.br\/novo\/wp-content\/uploads\/2022\/02\/apresentacao-Senhor.jpg","type":"image\/jpeg"}],"author":"Luiz Alexandre Marinho Lanzoni","twitter_card":"summary_large_image","twitter_misc":{"Escrito por":"Luiz Alexandre Marinho Lanzoni","Est. tempo de leitura":"4 minutos"},"schema":{"@context":"https:\/\/schema.org","@graph":[{"@type":"Article","@id":"https:\/\/unisale.com.br\/novo\/02-02-o-menino-crescia-e-tornava-se-forte-cheio-de-sabedoria-e-a-graca-de-deus-estava-com-ele\/#article","isPartOf":{"@id":"https:\/\/unisale.com.br\/novo\/02-02-o-menino-crescia-e-tornava-se-forte-cheio-de-sabedoria-e-a-graca-de-deus-estava-com-ele\/"},"author":{"name":"Luiz Alexandre Marinho Lanzoni","@id":"https:\/\/unisale.com.br\/pastoral\/#\/schema\/person\/492d3d7bfe53a8302576d39485aff2c4"},"headline":"02\/02 &#8211; O menino crescia e tornava-se forte, cheio de sabedoria e a gra\u00e7a de Deus estava com ele.","datePublished":"2022-02-01T11:52:06+00:00","dateModified":"2022-02-01T13:27:11+00:00","mainEntityOfPage":{"@id":"https:\/\/unisale.com.br\/novo\/02-02-o-menino-crescia-e-tornava-se-forte-cheio-de-sabedoria-e-a-graca-de-deus-estava-com-ele\/"},"wordCount":729,"image":{"@id":"https:\/\/unisale.com.br\/novo\/02-02-o-menino-crescia-e-tornava-se-forte-cheio-de-sabedoria-e-a-graca-de-deus-estava-com-ele\/#primaryimage"},"thumbnailUrl":"https:\/\/unisale.com.br\/pastoral\/wp-content\/uploads\/2022\/02\/apresentacao-Senhor.jpg","articleSection":["Reflex\u00e3o do Evangelho"],"inLanguage":"pt-BR"},{"@type":"WebPage","@id":"https:\/\/unisale.com.br\/novo\/02-02-o-menino-crescia-e-tornava-se-forte-cheio-de-sabedoria-e-a-graca-de-deus-estava-com-ele\/","url":"https:\/\/unisale.com.br\/novo\/02-02-o-menino-crescia-e-tornava-se-forte-cheio-de-sabedoria-e-a-graca-de-deus-estava-com-ele\/","name":"02\/02 - O menino crescia e tornava-se forte, cheio de sabedoria e a gra\u00e7a de Deus estava com ele. - Pastoral Universit\u00e1ria UniSALESIANO","isPartOf":{"@id":"https:\/\/unisale.com.br\/pastoral\/#website"},"primaryImageOfPage":{"@id":"https:\/\/unisale.com.br\/novo\/02-02-o-menino-crescia-e-tornava-se-forte-cheio-de-sabedoria-e-a-graca-de-deus-estava-com-ele\/#primaryimage"},"image":{"@id":"https:\/\/unisale.com.br\/novo\/02-02-o-menino-crescia-e-tornava-se-forte-cheio-de-sabedoria-e-a-graca-de-deus-estava-com-ele\/#primaryimage"},"thumbnailUrl":"https:\/\/unisale.com.br\/pastoral\/wp-content\/uploads\/2022\/02\/apresentacao-Senhor.jpg","datePublished":"2022-02-01T11:52:06+00:00","dateModified":"2022-02-01T13:27:11+00:00","author":{"@id":"https:\/\/unisale.com.br\/pastoral\/#\/schema\/person\/492d3d7bfe53a8302576d39485aff2c4"},"inLanguage":"pt-BR","potentialAction":[{"@type":"ReadAction","target":["https:\/\/unisale.com.br\/novo\/02-02-o-menino-crescia-e-tornava-se-forte-cheio-de-sabedoria-e-a-graca-de-deus-estava-com-ele\/"]}]},{"@type":"ImageObject","inLanguage":"pt-BR","@id":"https:\/\/unisale.com.br\/novo\/02-02-o-menino-crescia-e-tornava-se-forte-cheio-de-sabedoria-e-a-graca-de-deus-estava-com-ele\/#primaryimage","url":"https:\/\/unisale.com.br\/pastoral\/wp-content\/uploads\/2022\/02\/apresentacao-Senhor.jpg","contentUrl":"https:\/\/unisale.com.br\/pastoral\/wp-content\/uploads\/2022\/02\/apresentacao-Senhor.jpg","width":889,"height":500},{"@type":"WebSite","@id":"https:\/\/unisale.com.br\/pastoral\/#website","url":"https:\/\/unisale.com.br\/pastoral\/","name":"Pastoral Universit\u00e1ria UniSALESIANO","description":"Site da Pastoral Universit\u00e1ria do UniSALESIANO","potentialAction":[{"@type":"SearchAction","target":{"@type":"EntryPoint","urlTemplate":"https:\/\/unisale.com.br\/pastoral\/?s={search_term_string}"},"query-input":{"@type":"PropertyValueSpecification","valueRequired":true,"valueName":"search_term_string"}}],"inLanguage":"pt-BR"},{"@type":"Person","@id":"https:\/\/unisale.com.br\/pastoral\/#\/schema\/person\/492d3d7bfe53a8302576d39485aff2c4","name":"Luiz Alexandre Marinho Lanzoni","url":"https:\/\/unisale.com.br\/pastoral\/author\/luiz\/"}]}},"_links":{"self":[{"href":"https:\/\/unisale.com.br\/pastoral\/wp-json\/wp\/v2\/posts\/3714","targetHints":{"allow":["GET"]}}],"collection":[{"href":"https:\/\/unisale.com.br\/pastoral\/wp-json\/wp\/v2\/posts"}],"about":[{"href":"https:\/\/unisale.com.br\/pastoral\/wp-json\/wp\/v2\/types\/post"}],"author":[{"embeddable":true,"href":"https:\/\/unisale.com.br\/pastoral\/wp-json\/wp\/v2\/users\/6"}],"replies":[{"embeddable":true,"href":"https:\/\/unisale.com.br\/pastoral\/wp-json\/wp\/v2\/comments?post=3714"}],"version-history":[{"count":0,"href":"https:\/\/unisale.com.br\/pastoral\/wp-json\/wp\/v2\/posts\/3714\/revisions"}],"wp:featuredmedia":[{"embeddable":true,"href":"https:\/\/unisale.com.br\/pastoral\/wp-json\/wp\/v2\/media\/3711"}],"wp:attachment":[{"href":"https:\/\/unisale.com.br\/pastoral\/wp-json\/wp\/v2\/media?parent=3714"}],"wp:term":[{"taxonomy":"category","embeddable":true,"href":"https:\/\/unisale.com.br\/pastoral\/wp-json\/wp\/v2\/categories?post=3714"},{"taxonomy":"post_tag","embeddable":true,"href":"https:\/\/unisale.com.br\/pastoral\/wp-json\/wp\/v2\/tags?post=3714"}],"curies":[{"name":"wp","href":"https:\/\/api.w.org\/{rel}","templated":true}]}}