{"id":3721,"date":"2022-02-02T19:36:58","date_gmt":"2022-02-02T19:36:58","guid":{"rendered":"https:\/\/unisale.com.br\/pastoral\/?p=3721"},"modified":"2022-02-02T19:36:58","modified_gmt":"2022-02-02T19:36:58","slug":"03-02-jesus-chamou-os-doze-e-comecou-a-envia-los-dois-a-dois","status":"publish","type":"post","link":"https:\/\/unisale.com.br\/pastoral\/03-02-jesus-chamou-os-doze-e-comecou-a-envia-los-dois-a-dois\/","title":{"rendered":"03\/02 &#8211; Jesus chamou os doze, e come\u00e7ou a envia-los dois a dois."},"content":{"rendered":"<p>Quinta-feira, 03 de fevereiro de 2022.<\/p>\n<p><strong>Evangelho (Mc 6, 7-13)<\/strong><\/p>\n<p><strong>\u00a0<\/strong><\/p>\n<p><strong>\u201cJesus chamou os doze, e come\u00e7ou a envia-los dois a dois\u201d.<\/strong><\/p>\n<p>Naquele tempo,<strong>\u00a0<sup>7<\/sup><\/strong>Jesus chamou os doze e come\u00e7ou a envi\u00e1-los dois a dois, dando-lhes poder sobre os esp\u00edritos impuros.\u00a0<strong><sup>8<\/sup><\/strong>Recomendou-lhes que n\u00e3o levassem nada para o caminho, a n\u00e3o ser um cajado; nem p\u00e3o, nem sacola, nem dinheiro na cintura.<strong><sup>9<\/sup><\/strong>Mandou que andassem de sand\u00e1lias e que n\u00e3o levassem duas t\u00fanicas.\u00a0<strong><sup>10<\/sup><\/strong>E Jesus disse ainda: \u201cQuando entrardes numa casa, ficai ali at\u00e9 vossa partida.\u00a0<strong><sup>11<\/sup><\/strong>Se em algum lugar n\u00e3o vos receberem, nem quiserem vos escutar, quando sairdes, sacudi a poeira dos p\u00e9s, como testemunho contra eles!\u201d<strong><sup>12<\/sup><\/strong>Ent\u00e3o os doze partiram e pregaram que todos se convertessem.\u00a0<strong><sup>13<\/sup><\/strong>Expulsavam muitos dem\u00f4nios e curavam numerosos doentes, ungindo-os com \u00f3leo.<\/p>\n<p><strong>\u00a0<\/strong><\/p>\n<p><strong>Reflex\u00e3o<\/strong><\/p>\n<p>Jesus envia os disc\u00edpulos dois a dois. Aqui n\u00f3s estamos falando de miss\u00f5es e a miss\u00e3o s\u00f3 pode cumpri-la quem \u00e9 enviado. E a atividade de um mission\u00e1rio n\u00e3o \u00e9 uma atividade irrespons\u00e1vel. Cada um de n\u00f3s \u00e9 chamado de alguma forma a colaborar na miss\u00e3o da Igreja, por isso cada um deve se perguntar para que e para onde Deus me envia? E sobretudo devemos nos perguntar: \u00e9 Deus quem me envia ou estou tendo uma ilus\u00e3o? Somente Deus pode nos autorizar a intervir na vida do outro: abusar da autoridade, provocar problemas imediatos ou dramas futuros. Quanta soma de dinheiro \u00e9 desperdi\u00e7ada para se fazer propaganda pol\u00edtica. E Cristo, ao contr\u00e1rio, pede que seus disc\u00edpulos partam sem dinheiro. Ent\u00e3o, como poder\u00e3o viver ou construir algo? Um mission\u00e1rio enviado por Deus suscita no cora\u00e7\u00e3o de quem o recebe uma quantidade de desejos a quem ele \u00e9 enviado. Tantos fi\u00e9is hoje fazem sacrif\u00edcio para assegurar aos sacerdotes os bens necess\u00e1rios para o seu trabalho pastoral. \u201cN\u00e3o levar duas t\u00fanicas\u201d. Sempre levamos mais do que precisamos quando vamos viajar. As viagens s\u00e3o cheias de imprevistos. Mas Cristo ensina aos ap\u00f3stolos serem serenamente tranquilos. A \u00fanica coisa necess\u00e1ria para a viagem \u00e9 o envio de Deus, o Senhor da natureza e da hist\u00f3ria, das situa\u00e7\u00f5es pol\u00edticas e das condi\u00e7\u00f5es culturais, e o seu mensageiro n\u00e3o deve ser dependente de ningu\u00e9m. A barca de Cristo viaja em dire\u00e7\u00e3o \u00e0 outra margem em todas as condi\u00e7\u00f5es, com o vento favor\u00e1vel ou durante a tempestade.<\/p>\n<p>&nbsp;<\/p>\n<p><strong>Pe. Paulo Eduardo J\u00e1como, sdb.<\/strong><\/p>\n","protected":false},"excerpt":{"rendered":"<p>Quinta-feira, 03 de fevereiro de 2022. Evangelho (Mc 6, 7-13) \u00a0 \u201cJesus chamou os doze, e come\u00e7ou a envia-los dois a dois\u201d. Naquele tempo,\u00a07Jesus chamou&#8230;<\/p>\n","protected":false},"author":6,"featured_media":3722,"comment_status":"closed","ping_status":"closed","sticky":false,"template":"","format":"standard","meta":{"_acf_changed":false,"footnotes":""},"categories":[13],"tags":[],"class_list":["post-3721","post","type-post","status-publish","format-standard","has-post-thumbnail","hentry","category-reflexaodoevagelho"],"acf":[],"yoast_head":"<!-- This site is optimized with the Yoast SEO plugin v27.3 - https:\/\/yoast.com\/product\/yoast-seo-wordpress\/ -->\n<title>03\/02 - Jesus chamou os doze, e come\u00e7ou a envia-los dois a dois. - Pastoral Universit\u00e1ria UniSALESIANO<\/title>\n<meta name=\"robots\" content=\"index, follow, max-snippet:-1, max-image-preview:large, max-video-preview:-1\" \/>\n<link rel=\"canonical\" href=\"https:\/\/unisale.com.br\/novo\/03-02-jesus-chamou-os-doze-e-comecou-a-envia-los-dois-a-dois\/\" \/>\n<meta property=\"og:locale\" content=\"pt_BR\" \/>\n<meta property=\"og:type\" content=\"article\" \/>\n<meta property=\"og:title\" content=\"03\/02 - Jesus chamou os doze, e come\u00e7ou a envia-los dois a dois. - Pastoral Universit\u00e1ria UniSALESIANO\" \/>\n<meta property=\"og:description\" content=\"Quinta-feira, 03 de fevereiro de 2022. Evangelho (Mc 6, 7-13) \u00a0 \u201cJesus chamou os doze, e come\u00e7ou a envia-los dois a dois\u201d. Naquele tempo,\u00a07Jesus chamou...\" \/>\n<meta property=\"og:url\" content=\"https:\/\/unisale.com.br\/novo\/03-02-jesus-chamou-os-doze-e-comecou-a-envia-los-dois-a-dois\/\" \/>\n<meta property=\"og:site_name\" content=\"Pastoral Universit\u00e1ria UniSALESIANO\" \/>\n<meta property=\"article:published_time\" content=\"2022-02-02T19:36:58+00:00\" \/>\n<meta property=\"og:image\" content=\"https:\/\/unisale.com.br\/novo\/wp-content\/uploads\/2022\/02\/christopher-sardegna-iRyGmA_no2Q-unsplash-scaled.jpg\" \/>\n\t<meta property=\"og:image:width\" content=\"1707\" \/>\n\t<meta property=\"og:image:height\" content=\"2560\" \/>\n\t<meta property=\"og:image:type\" content=\"image\/jpeg\" \/>\n<meta name=\"author\" content=\"Luiz Alexandre Marinho Lanzoni\" \/>\n<meta name=\"twitter:card\" content=\"summary_large_image\" \/>\n<meta name=\"twitter:label1\" content=\"Escrito por\" \/>\n\t<meta name=\"twitter:data1\" content=\"Luiz Alexandre Marinho Lanzoni\" \/>\n\t<meta name=\"twitter:label2\" content=\"Est. tempo de leitura\" \/>\n\t<meta name=\"twitter:data2\" content=\"2 minutos\" \/>\n<script type=\"application\/ld+json\" class=\"yoast-schema-graph\">{\"@context\":\"https:\\\/\\\/schema.org\",\"@graph\":[{\"@type\":\"Article\",\"@id\":\"https:\\\/\\\/unisale.com.br\\\/novo\\\/03-02-jesus-chamou-os-doze-e-comecou-a-envia-los-dois-a-dois\\\/#article\",\"isPartOf\":{\"@id\":\"https:\\\/\\\/unisale.com.br\\\/novo\\\/03-02-jesus-chamou-os-doze-e-comecou-a-envia-los-dois-a-dois\\\/\"},\"author\":{\"name\":\"Luiz Alexandre Marinho Lanzoni\",\"@id\":\"https:\\\/\\\/unisale.com.br\\\/pastoral\\\/#\\\/schema\\\/person\\\/492d3d7bfe53a8302576d39485aff2c4\"},\"headline\":\"03\\\/02 &#8211; Jesus chamou os doze, e come\u00e7ou a envia-los dois a dois.\",\"datePublished\":\"2022-02-02T19:36:58+00:00\",\"mainEntityOfPage\":{\"@id\":\"https:\\\/\\\/unisale.com.br\\\/novo\\\/03-02-jesus-chamou-os-doze-e-comecou-a-envia-los-dois-a-dois\\\/\"},\"wordCount\":437,\"image\":{\"@id\":\"https:\\\/\\\/unisale.com.br\\\/novo\\\/03-02-jesus-chamou-os-doze-e-comecou-a-envia-los-dois-a-dois\\\/#primaryimage\"},\"thumbnailUrl\":\"https:\\\/\\\/unisale.com.br\\\/pastoral\\\/wp-content\\\/uploads\\\/2022\\\/02\\\/christopher-sardegna-iRyGmA_no2Q-unsplash-scaled.jpg\",\"articleSection\":[\"Reflex\u00e3o do Evangelho\"],\"inLanguage\":\"pt-BR\"},{\"@type\":\"WebPage\",\"@id\":\"https:\\\/\\\/unisale.com.br\\\/novo\\\/03-02-jesus-chamou-os-doze-e-comecou-a-envia-los-dois-a-dois\\\/\",\"url\":\"https:\\\/\\\/unisale.com.br\\\/novo\\\/03-02-jesus-chamou-os-doze-e-comecou-a-envia-los-dois-a-dois\\\/\",\"name\":\"03\\\/02 - Jesus chamou os doze, e come\u00e7ou a envia-los dois a dois. - Pastoral Universit\u00e1ria UniSALESIANO\",\"isPartOf\":{\"@id\":\"https:\\\/\\\/unisale.com.br\\\/pastoral\\\/#website\"},\"primaryImageOfPage\":{\"@id\":\"https:\\\/\\\/unisale.com.br\\\/novo\\\/03-02-jesus-chamou-os-doze-e-comecou-a-envia-los-dois-a-dois\\\/#primaryimage\"},\"image\":{\"@id\":\"https:\\\/\\\/unisale.com.br\\\/novo\\\/03-02-jesus-chamou-os-doze-e-comecou-a-envia-los-dois-a-dois\\\/#primaryimage\"},\"thumbnailUrl\":\"https:\\\/\\\/unisale.com.br\\\/pastoral\\\/wp-content\\\/uploads\\\/2022\\\/02\\\/christopher-sardegna-iRyGmA_no2Q-unsplash-scaled.jpg\",\"datePublished\":\"2022-02-02T19:36:58+00:00\",\"author\":{\"@id\":\"https:\\\/\\\/unisale.com.br\\\/pastoral\\\/#\\\/schema\\\/person\\\/492d3d7bfe53a8302576d39485aff2c4\"},\"inLanguage\":\"pt-BR\",\"potentialAction\":[{\"@type\":\"ReadAction\",\"target\":[\"https:\\\/\\\/unisale.com.br\\\/novo\\\/03-02-jesus-chamou-os-doze-e-comecou-a-envia-los-dois-a-dois\\\/\"]}]},{\"@type\":\"ImageObject\",\"inLanguage\":\"pt-BR\",\"@id\":\"https:\\\/\\\/unisale.com.br\\\/novo\\\/03-02-jesus-chamou-os-doze-e-comecou-a-envia-los-dois-a-dois\\\/#primaryimage\",\"url\":\"https:\\\/\\\/unisale.com.br\\\/pastoral\\\/wp-content\\\/uploads\\\/2022\\\/02\\\/christopher-sardegna-iRyGmA_no2Q-unsplash-scaled.jpg\",\"contentUrl\":\"https:\\\/\\\/unisale.com.br\\\/pastoral\\\/wp-content\\\/uploads\\\/2022\\\/02\\\/christopher-sardegna-iRyGmA_no2Q-unsplash-scaled.jpg\",\"width\":333,\"height\":500},{\"@type\":\"WebSite\",\"@id\":\"https:\\\/\\\/unisale.com.br\\\/pastoral\\\/#website\",\"url\":\"https:\\\/\\\/unisale.com.br\\\/pastoral\\\/\",\"name\":\"Pastoral Universit\u00e1ria UniSALESIANO\",\"description\":\"Site da Pastoral Universit\u00e1ria do UniSALESIANO\",\"potentialAction\":[{\"@type\":\"SearchAction\",\"target\":{\"@type\":\"EntryPoint\",\"urlTemplate\":\"https:\\\/\\\/unisale.com.br\\\/pastoral\\\/?s={search_term_string}\"},\"query-input\":{\"@type\":\"PropertyValueSpecification\",\"valueRequired\":true,\"valueName\":\"search_term_string\"}}],\"inLanguage\":\"pt-BR\"},{\"@type\":\"Person\",\"@id\":\"https:\\\/\\\/unisale.com.br\\\/pastoral\\\/#\\\/schema\\\/person\\\/492d3d7bfe53a8302576d39485aff2c4\",\"name\":\"Luiz Alexandre Marinho Lanzoni\",\"url\":\"https:\\\/\\\/unisale.com.br\\\/pastoral\\\/author\\\/luiz\\\/\"}]}<\/script>\n<!-- \/ Yoast SEO plugin. -->","yoast_head_json":{"title":"03\/02 - Jesus chamou os doze, e come\u00e7ou a envia-los dois a dois. - Pastoral Universit\u00e1ria UniSALESIANO","robots":{"index":"index","follow":"follow","max-snippet":"max-snippet:-1","max-image-preview":"max-image-preview:large","max-video-preview":"max-video-preview:-1"},"canonical":"https:\/\/unisale.com.br\/novo\/03-02-jesus-chamou-os-doze-e-comecou-a-envia-los-dois-a-dois\/","og_locale":"pt_BR","og_type":"article","og_title":"03\/02 - Jesus chamou os doze, e come\u00e7ou a envia-los dois a dois. - Pastoral Universit\u00e1ria UniSALESIANO","og_description":"Quinta-feira, 03 de fevereiro de 2022. Evangelho (Mc 6, 7-13) \u00a0 \u201cJesus chamou os doze, e come\u00e7ou a envia-los dois a dois\u201d. Naquele tempo,\u00a07Jesus chamou...","og_url":"https:\/\/unisale.com.br\/novo\/03-02-jesus-chamou-os-doze-e-comecou-a-envia-los-dois-a-dois\/","og_site_name":"Pastoral Universit\u00e1ria UniSALESIANO","article_published_time":"2022-02-02T19:36:58+00:00","og_image":[{"width":1707,"height":2560,"url":"https:\/\/unisale.com.br\/novo\/wp-content\/uploads\/2022\/02\/christopher-sardegna-iRyGmA_no2Q-unsplash-scaled.jpg","type":"image\/jpeg"}],"author":"Luiz Alexandre Marinho Lanzoni","twitter_card":"summary_large_image","twitter_misc":{"Escrito por":"Luiz Alexandre Marinho Lanzoni","Est. tempo de leitura":"2 minutos"},"schema":{"@context":"https:\/\/schema.org","@graph":[{"@type":"Article","@id":"https:\/\/unisale.com.br\/novo\/03-02-jesus-chamou-os-doze-e-comecou-a-envia-los-dois-a-dois\/#article","isPartOf":{"@id":"https:\/\/unisale.com.br\/novo\/03-02-jesus-chamou-os-doze-e-comecou-a-envia-los-dois-a-dois\/"},"author":{"name":"Luiz Alexandre Marinho Lanzoni","@id":"https:\/\/unisale.com.br\/pastoral\/#\/schema\/person\/492d3d7bfe53a8302576d39485aff2c4"},"headline":"03\/02 &#8211; Jesus chamou os doze, e come\u00e7ou a envia-los dois a dois.","datePublished":"2022-02-02T19:36:58+00:00","mainEntityOfPage":{"@id":"https:\/\/unisale.com.br\/novo\/03-02-jesus-chamou-os-doze-e-comecou-a-envia-los-dois-a-dois\/"},"wordCount":437,"image":{"@id":"https:\/\/unisale.com.br\/novo\/03-02-jesus-chamou-os-doze-e-comecou-a-envia-los-dois-a-dois\/#primaryimage"},"thumbnailUrl":"https:\/\/unisale.com.br\/pastoral\/wp-content\/uploads\/2022\/02\/christopher-sardegna-iRyGmA_no2Q-unsplash-scaled.jpg","articleSection":["Reflex\u00e3o do Evangelho"],"inLanguage":"pt-BR"},{"@type":"WebPage","@id":"https:\/\/unisale.com.br\/novo\/03-02-jesus-chamou-os-doze-e-comecou-a-envia-los-dois-a-dois\/","url":"https:\/\/unisale.com.br\/novo\/03-02-jesus-chamou-os-doze-e-comecou-a-envia-los-dois-a-dois\/","name":"03\/02 - Jesus chamou os doze, e come\u00e7ou a envia-los dois a dois. - Pastoral Universit\u00e1ria UniSALESIANO","isPartOf":{"@id":"https:\/\/unisale.com.br\/pastoral\/#website"},"primaryImageOfPage":{"@id":"https:\/\/unisale.com.br\/novo\/03-02-jesus-chamou-os-doze-e-comecou-a-envia-los-dois-a-dois\/#primaryimage"},"image":{"@id":"https:\/\/unisale.com.br\/novo\/03-02-jesus-chamou-os-doze-e-comecou-a-envia-los-dois-a-dois\/#primaryimage"},"thumbnailUrl":"https:\/\/unisale.com.br\/pastoral\/wp-content\/uploads\/2022\/02\/christopher-sardegna-iRyGmA_no2Q-unsplash-scaled.jpg","datePublished":"2022-02-02T19:36:58+00:00","author":{"@id":"https:\/\/unisale.com.br\/pastoral\/#\/schema\/person\/492d3d7bfe53a8302576d39485aff2c4"},"inLanguage":"pt-BR","potentialAction":[{"@type":"ReadAction","target":["https:\/\/unisale.com.br\/novo\/03-02-jesus-chamou-os-doze-e-comecou-a-envia-los-dois-a-dois\/"]}]},{"@type":"ImageObject","inLanguage":"pt-BR","@id":"https:\/\/unisale.com.br\/novo\/03-02-jesus-chamou-os-doze-e-comecou-a-envia-los-dois-a-dois\/#primaryimage","url":"https:\/\/unisale.com.br\/pastoral\/wp-content\/uploads\/2022\/02\/christopher-sardegna-iRyGmA_no2Q-unsplash-scaled.jpg","contentUrl":"https:\/\/unisale.com.br\/pastoral\/wp-content\/uploads\/2022\/02\/christopher-sardegna-iRyGmA_no2Q-unsplash-scaled.jpg","width":333,"height":500},{"@type":"WebSite","@id":"https:\/\/unisale.com.br\/pastoral\/#website","url":"https:\/\/unisale.com.br\/pastoral\/","name":"Pastoral Universit\u00e1ria UniSALESIANO","description":"Site da Pastoral Universit\u00e1ria do UniSALESIANO","potentialAction":[{"@type":"SearchAction","target":{"@type":"EntryPoint","urlTemplate":"https:\/\/unisale.com.br\/pastoral\/?s={search_term_string}"},"query-input":{"@type":"PropertyValueSpecification","valueRequired":true,"valueName":"search_term_string"}}],"inLanguage":"pt-BR"},{"@type":"Person","@id":"https:\/\/unisale.com.br\/pastoral\/#\/schema\/person\/492d3d7bfe53a8302576d39485aff2c4","name":"Luiz Alexandre Marinho Lanzoni","url":"https:\/\/unisale.com.br\/pastoral\/author\/luiz\/"}]}},"_links":{"self":[{"href":"https:\/\/unisale.com.br\/pastoral\/wp-json\/wp\/v2\/posts\/3721","targetHints":{"allow":["GET"]}}],"collection":[{"href":"https:\/\/unisale.com.br\/pastoral\/wp-json\/wp\/v2\/posts"}],"about":[{"href":"https:\/\/unisale.com.br\/pastoral\/wp-json\/wp\/v2\/types\/post"}],"author":[{"embeddable":true,"href":"https:\/\/unisale.com.br\/pastoral\/wp-json\/wp\/v2\/users\/6"}],"replies":[{"embeddable":true,"href":"https:\/\/unisale.com.br\/pastoral\/wp-json\/wp\/v2\/comments?post=3721"}],"version-history":[{"count":0,"href":"https:\/\/unisale.com.br\/pastoral\/wp-json\/wp\/v2\/posts\/3721\/revisions"}],"wp:featuredmedia":[{"embeddable":true,"href":"https:\/\/unisale.com.br\/pastoral\/wp-json\/wp\/v2\/media\/3722"}],"wp:attachment":[{"href":"https:\/\/unisale.com.br\/pastoral\/wp-json\/wp\/v2\/media?parent=3721"}],"wp:term":[{"taxonomy":"category","embeddable":true,"href":"https:\/\/unisale.com.br\/pastoral\/wp-json\/wp\/v2\/categories?post=3721"},{"taxonomy":"post_tag","embeddable":true,"href":"https:\/\/unisale.com.br\/pastoral\/wp-json\/wp\/v2\/tags?post=3721"}],"curies":[{"name":"wp","href":"https:\/\/api.w.org\/{rel}","templated":true}]}}