{"id":3728,"date":"2022-02-07T13:00:31","date_gmt":"2022-02-07T13:00:31","guid":{"rendered":"https:\/\/unisale.com.br\/pastoral\/?p=3728"},"modified":"2022-02-07T13:01:15","modified_gmt":"2022-02-07T13:01:15","slug":"unisalesiano-inicia-ano-letivo-com-aulas-presenciais-e-prioridade-em-seguranca-e-bem-estar","status":"publish","type":"post","link":"https:\/\/unisale.com.br\/pastoral\/unisalesiano-inicia-ano-letivo-com-aulas-presenciais-e-prioridade-em-seguranca-e-bem-estar\/","title":{"rendered":"UniSALESIANO inicia ano letivo com aulas presenciais e prioridade em seguran\u00e7a e bem-estar"},"content":{"rendered":"<h3><span style=\"font-size: 18pt;\">Os interessados em estudar em alguns dos 19 cursos abertos ainda podem se inscrever<\/span><\/h3>\n<p><img fetchpriority=\"high\" decoding=\"async\" class=\"alignnone wp-image-3729 size-full\" src=\"https:\/\/unisale.com.br\/pastoral\/wp-content\/uploads\/2022\/02\/WhatsApp-Image-2022-02-01-at-11.08.07-1-1024x682-1.jpeg\" alt=\"\" width=\"1024\" height=\"682\" srcset=\"https:\/\/unisale.com.br\/pastoral\/wp-content\/uploads\/2022\/02\/WhatsApp-Image-2022-02-01-at-11.08.07-1-1024x682-1.jpeg 751w, https:\/\/unisale.com.br\/pastoral\/wp-content\/uploads\/2022\/02\/WhatsApp-Image-2022-02-01-at-11.08.07-1-1024x682-1-300x200.jpeg 300w, https:\/\/unisale.com.br\/pastoral\/wp-content\/uploads\/2022\/02\/WhatsApp-Image-2022-02-01-at-11.08.07-1-1024x682-1-768x512.jpeg 768w, https:\/\/unisale.com.br\/pastoral\/wp-content\/uploads\/2022\/02\/WhatsApp-Image-2022-02-01-at-11.08.07-1-1024x682-1-930x620.jpeg 930w\" sizes=\"(max-width: 1024px) 100vw, 1024px\" \/><\/p>\n<div class=\"grid-12 post-content\">\n<p>Depois de dois anos de pandemia, com as aulas 100% remotas, milhares de alunos matriculados no <strong>UniSALESIANO<\/strong> de Ara\u00e7atuba iniciaram as aulas presenciais do 1\u00ba semestre do ano letivo de 2022, no dia 31 de janeiro \u2013 per\u00edodos diurno e noturno.<\/p>\n<p>O<strong> Diretor do UniSALESIANO, Pe. Erondi Tamandar\u00e9, SDB<\/strong>, frisou que o retorno das aulas significa muito para uma Organiza\u00e7\u00e3o Salesiana, pois a Pedagogia Salesiana \u00e9 fundamentada na presen\u00e7a, que transcende para todos os saberes uma forma excepcional de formar pessoas em excel\u00eancia.<\/p>\n<p>\u201cSabemos que a forma de se relacionar ganhou novas nuances, com os meios tecnol\u00f3gicos e de comunica\u00e7\u00e3o social, por\u00e9m, isso n\u00e3o substitui a forma de contato social real\u201d, definiu.<\/p>\n<p><strong>DOM BOSCO<\/strong><\/p>\n<p>O <strong>Pr\u00f3-Reitor de Ensino, Pesquisa e P\u00f3s-Gradua\u00e7\u00e3o, Prof. Andr\u00e9 Ornellas<\/strong>, destacou que o in\u00edcio da jornada acad\u00eamica se deu no dia da <strong>Festa de S\u00e3o Jo\u00e3o Bosco<\/strong>. \u201cDom Bosco \u00e9 o fundador da Fam\u00edlia Salesiana, Pai e Mestre da Juventude\u201d, disse.<\/p>\n<p>Ornellas comentou tamb\u00e9m da expectativa dos acad\u00eamicos em retornarem \u00e0s aulas presenciais, assim como aqueles que come\u00e7am a dar os primeiros passos em busca do diploma universit\u00e1rio. \u201cN\u00f3s, membros da Reitoria, e os professores, ficamos felizes em poder ver o brilho nos olhos dos alunos. Isso nos motiva a buscar sempre o melhor para a comunidade acad\u00eamica\u201d, ressaltou o Pr\u00f3-Reitor.<\/p>\n<p><strong>SEGURAN\u00c7A<\/strong><\/p>\n<p>A Institui\u00e7\u00e3o preza pela seguran\u00e7a e bem-estar de todos. Por conta disso, por meio de seu <strong>Comit\u00ea Operativo de Emerg\u00eancia<\/strong> \u2013 institu\u00eddo em mar\u00e7o de 2020 para gerenciar quest\u00f5es referentes a assuntos sens\u00edveis na \u00e1rea da sa\u00fade \u2013 determinou um protocolo de biosseguran\u00e7a para as aulas presenciais do UniSALESIANO. Dentre os itens a serem seguidos pela comunidade, est\u00e3o: uso de m\u00e1scaras, de responsabilidade de cada acad\u00eamico e com material adequado; uso de \u00e1lcool em gel; aferi\u00e7\u00e3o de temperatura na entrada dos pr\u00e9dios principais; aten\u00e7\u00e3o ao uso de espa\u00e7os comuns para alimenta\u00e7\u00e3o; isolamento de casos suspeitos e positivos, entre outros.<\/p>\n<p><strong>VESTIBULAR<\/strong><\/p>\n<p>Os interessados em estudar em alguns dos 19 cursos abertos ainda podem se inscrever no <strong>Vestibular do UniSALESIANO<\/strong>, que \u00e9 online e gratuito, pelo endere\u00e7o eletr\u00f4nico: vestibular.unisalesiano.com.br.<\/p>\n<\/div>\n\n\t\t<style type=\"text\/css\">\n\t\t\t#gallery-1 {\n\t\t\t\tmargin: auto;\n\t\t\t}\n\t\t\t#gallery-1 .gallery-item {\n\t\t\t\tfloat: left;\n\t\t\t\tmargin-top: 10px;\n\t\t\t\ttext-align: center;\n\t\t\t\twidth: 33%;\n\t\t\t}\n\t\t\t#gallery-1 img {\n\t\t\t\tborder: 2px solid #cfcfcf;\n\t\t\t}\n\t\t\t#gallery-1 .gallery-caption {\n\t\t\t\tmargin-left: 0;\n\t\t\t}\n\t\t\t\/* see gallery_shortcode() in wp-includes\/media.php *\/\n\t\t<\/style>\n\t\t<div id='gallery-1' class='gallery galleryid-3728 gallery-columns-3 gallery-size-full'><dl class='gallery-item'>\n\t\t\t<dt class='gallery-icon landscape'>\n\t\t\t\t<a href='https:\/\/unisale.com.br\/pastoral\/wp-content\/uploads\/2022\/02\/WhatsApp-Image-2022-02-01-at-11.04.26-1024x682-1.jpeg'><img decoding=\"async\" width=\"751\" height=\"500\" src=\"https:\/\/unisale.com.br\/pastoral\/wp-content\/uploads\/2022\/02\/WhatsApp-Image-2022-02-01-at-11.04.26-1024x682-1.jpeg\" class=\"attachment-full size-full\" alt=\"\" srcset=\"https:\/\/unisale.com.br\/pastoral\/wp-content\/uploads\/2022\/02\/WhatsApp-Image-2022-02-01-at-11.04.26-1024x682-1.jpeg 751w, https:\/\/unisale.com.br\/pastoral\/wp-content\/uploads\/2022\/02\/WhatsApp-Image-2022-02-01-at-11.04.26-1024x682-1-300x200.jpeg 300w, https:\/\/unisale.com.br\/pastoral\/wp-content\/uploads\/2022\/02\/WhatsApp-Image-2022-02-01-at-11.04.26-1024x682-1-768x512.jpeg 768w, https:\/\/unisale.com.br\/pastoral\/wp-content\/uploads\/2022\/02\/WhatsApp-Image-2022-02-01-at-11.04.26-1024x682-1-930x620.jpeg 930w\" sizes=\"(max-width: 751px) 100vw, 751px\" \/><\/a>\n\t\t\t<\/dt><\/dl><dl class='gallery-item'>\n\t\t\t<dt class='gallery-icon landscape'>\n\t\t\t\t<a href='https:\/\/unisale.com.br\/pastoral\/wp-content\/uploads\/2022\/02\/WhatsApp-Image-2022-02-01-at-11.04.47-1024x682-1.jpeg'><img decoding=\"async\" width=\"751\" height=\"500\" src=\"https:\/\/unisale.com.br\/pastoral\/wp-content\/uploads\/2022\/02\/WhatsApp-Image-2022-02-01-at-11.04.47-1024x682-1.jpeg\" class=\"attachment-full size-full\" alt=\"\" srcset=\"https:\/\/unisale.com.br\/pastoral\/wp-content\/uploads\/2022\/02\/WhatsApp-Image-2022-02-01-at-11.04.47-1024x682-1.jpeg 751w, https:\/\/unisale.com.br\/pastoral\/wp-content\/uploads\/2022\/02\/WhatsApp-Image-2022-02-01-at-11.04.47-1024x682-1-300x200.jpeg 300w, https:\/\/unisale.com.br\/pastoral\/wp-content\/uploads\/2022\/02\/WhatsApp-Image-2022-02-01-at-11.04.47-1024x682-1-768x512.jpeg 768w, https:\/\/unisale.com.br\/pastoral\/wp-content\/uploads\/2022\/02\/WhatsApp-Image-2022-02-01-at-11.04.47-1024x682-1-930x620.jpeg 930w\" sizes=\"(max-width: 751px) 100vw, 751px\" \/><\/a>\n\t\t\t<\/dt><\/dl><dl class='gallery-item'>\n\t\t\t<dt class='gallery-icon landscape'>\n\t\t\t\t<a href='https:\/\/unisale.com.br\/pastoral\/wp-content\/uploads\/2022\/02\/WhatsApp-Image-2022-02-01-at-11.05.13-1024x682-1.jpeg'><img loading=\"lazy\" decoding=\"async\" width=\"751\" height=\"500\" src=\"https:\/\/unisale.com.br\/pastoral\/wp-content\/uploads\/2022\/02\/WhatsApp-Image-2022-02-01-at-11.05.13-1024x682-1.jpeg\" class=\"attachment-full size-full\" alt=\"\" srcset=\"https:\/\/unisale.com.br\/pastoral\/wp-content\/uploads\/2022\/02\/WhatsApp-Image-2022-02-01-at-11.05.13-1024x682-1.jpeg 751w, https:\/\/unisale.com.br\/pastoral\/wp-content\/uploads\/2022\/02\/WhatsApp-Image-2022-02-01-at-11.05.13-1024x682-1-300x200.jpeg 300w, https:\/\/unisale.com.br\/pastoral\/wp-content\/uploads\/2022\/02\/WhatsApp-Image-2022-02-01-at-11.05.13-1024x682-1-768x512.jpeg 768w, https:\/\/unisale.com.br\/pastoral\/wp-content\/uploads\/2022\/02\/WhatsApp-Image-2022-02-01-at-11.05.13-1024x682-1-930x620.jpeg 930w\" sizes=\"(max-width: 751px) 100vw, 751px\" \/><\/a>\n\t\t\t<\/dt><\/dl><br style=\"clear: both\" \/><dl class='gallery-item'>\n\t\t\t<dt class='gallery-icon landscape'>\n\t\t\t\t<a href='https:\/\/unisale.com.br\/pastoral\/wp-content\/uploads\/2022\/02\/WhatsApp-Image-2022-02-01-at-11.07.29-1024x682-1.jpeg'><img loading=\"lazy\" decoding=\"async\" width=\"751\" height=\"500\" src=\"https:\/\/unisale.com.br\/pastoral\/wp-content\/uploads\/2022\/02\/WhatsApp-Image-2022-02-01-at-11.07.29-1024x682-1.jpeg\" class=\"attachment-full size-full\" alt=\"\" srcset=\"https:\/\/unisale.com.br\/pastoral\/wp-content\/uploads\/2022\/02\/WhatsApp-Image-2022-02-01-at-11.07.29-1024x682-1.jpeg 751w, https:\/\/unisale.com.br\/pastoral\/wp-content\/uploads\/2022\/02\/WhatsApp-Image-2022-02-01-at-11.07.29-1024x682-1-300x200.jpeg 300w, https:\/\/unisale.com.br\/pastoral\/wp-content\/uploads\/2022\/02\/WhatsApp-Image-2022-02-01-at-11.07.29-1024x682-1-768x512.jpeg 768w, https:\/\/unisale.com.br\/pastoral\/wp-content\/uploads\/2022\/02\/WhatsApp-Image-2022-02-01-at-11.07.29-1024x682-1-930x620.jpeg 930w\" sizes=\"(max-width: 751px) 100vw, 751px\" \/><\/a>\n\t\t\t<\/dt><\/dl><dl class='gallery-item'>\n\t\t\t<dt class='gallery-icon landscape'>\n\t\t\t\t<a href='https:\/\/unisale.com.br\/pastoral\/wp-content\/uploads\/2022\/02\/WhatsApp-Image-2022-02-01-at-11.09.01-1024x682-1.jpeg'><img loading=\"lazy\" decoding=\"async\" width=\"751\" height=\"500\" src=\"https:\/\/unisale.com.br\/pastoral\/wp-content\/uploads\/2022\/02\/WhatsApp-Image-2022-02-01-at-11.09.01-1024x682-1.jpeg\" class=\"attachment-full size-full\" alt=\"\" srcset=\"https:\/\/unisale.com.br\/pastoral\/wp-content\/uploads\/2022\/02\/WhatsApp-Image-2022-02-01-at-11.09.01-1024x682-1.jpeg 751w, https:\/\/unisale.com.br\/pastoral\/wp-content\/uploads\/2022\/02\/WhatsApp-Image-2022-02-01-at-11.09.01-1024x682-1-300x200.jpeg 300w, https:\/\/unisale.com.br\/pastoral\/wp-content\/uploads\/2022\/02\/WhatsApp-Image-2022-02-01-at-11.09.01-1024x682-1-768x512.jpeg 768w, https:\/\/unisale.com.br\/pastoral\/wp-content\/uploads\/2022\/02\/WhatsApp-Image-2022-02-01-at-11.09.01-1024x682-1-930x620.jpeg 930w\" sizes=\"(max-width: 751px) 100vw, 751px\" \/><\/a>\n\t\t\t<\/dt><\/dl><dl class='gallery-item'>\n\t\t\t<dt class='gallery-icon landscape'>\n\t\t\t\t<a href='https:\/\/unisale.com.br\/pastoral\/wp-content\/uploads\/2022\/02\/WhatsApp-Image-2022-02-01-at-11.09.13-1024x682-1.jpeg'><img loading=\"lazy\" decoding=\"async\" width=\"751\" height=\"500\" src=\"https:\/\/unisale.com.br\/pastoral\/wp-content\/uploads\/2022\/02\/WhatsApp-Image-2022-02-01-at-11.09.13-1024x682-1.jpeg\" class=\"attachment-full size-full\" alt=\"\" srcset=\"https:\/\/unisale.com.br\/pastoral\/wp-content\/uploads\/2022\/02\/WhatsApp-Image-2022-02-01-at-11.09.13-1024x682-1.jpeg 751w, https:\/\/unisale.com.br\/pastoral\/wp-content\/uploads\/2022\/02\/WhatsApp-Image-2022-02-01-at-11.09.13-1024x682-1-300x200.jpeg 300w, https:\/\/unisale.com.br\/pastoral\/wp-content\/uploads\/2022\/02\/WhatsApp-Image-2022-02-01-at-11.09.13-1024x682-1-768x512.jpeg 768w, https:\/\/unisale.com.br\/pastoral\/wp-content\/uploads\/2022\/02\/WhatsApp-Image-2022-02-01-at-11.09.13-1024x682-1-930x620.jpeg 930w\" sizes=\"(max-width: 751px) 100vw, 751px\" \/><\/a>\n\t\t\t<\/dt><\/dl><br style=\"clear: both\" \/><dl class='gallery-item'>\n\t\t\t<dt class='gallery-icon landscape'>\n\t\t\t\t<a href='https:\/\/unisale.com.br\/pastoral\/wp-content\/uploads\/2022\/02\/WhatsApp-Image-2022-02-01-at-11.09.23-1024x682-1.jpeg'><img loading=\"lazy\" decoding=\"async\" width=\"751\" height=\"500\" src=\"https:\/\/unisale.com.br\/pastoral\/wp-content\/uploads\/2022\/02\/WhatsApp-Image-2022-02-01-at-11.09.23-1024x682-1.jpeg\" class=\"attachment-full size-full\" alt=\"\" srcset=\"https:\/\/unisale.com.br\/pastoral\/wp-content\/uploads\/2022\/02\/WhatsApp-Image-2022-02-01-at-11.09.23-1024x682-1.jpeg 751w, https:\/\/unisale.com.br\/pastoral\/wp-content\/uploads\/2022\/02\/WhatsApp-Image-2022-02-01-at-11.09.23-1024x682-1-300x200.jpeg 300w, https:\/\/unisale.com.br\/pastoral\/wp-content\/uploads\/2022\/02\/WhatsApp-Image-2022-02-01-at-11.09.23-1024x682-1-768x512.jpeg 768w, https:\/\/unisale.com.br\/pastoral\/wp-content\/uploads\/2022\/02\/WhatsApp-Image-2022-02-01-at-11.09.23-1024x682-1-930x620.jpeg 930w\" sizes=\"(max-width: 751px) 100vw, 751px\" \/><\/a>\n\t\t\t<\/dt><\/dl><dl class='gallery-item'>\n\t\t\t<dt class='gallery-icon portrait'>\n\t\t\t\t<a href='https:\/\/unisale.com.br\/pastoral\/wp-content\/uploads\/2022\/02\/WhatsApp-Image-2022-02-01-at-10.51.46-576x1024-1.jpeg'><img loading=\"lazy\" decoding=\"async\" width=\"281\" height=\"500\" src=\"https:\/\/unisale.com.br\/pastoral\/wp-content\/uploads\/2022\/02\/WhatsApp-Image-2022-02-01-at-10.51.46-576x1024-1.jpeg\" class=\"attachment-full size-full\" alt=\"\" srcset=\"https:\/\/unisale.com.br\/pastoral\/wp-content\/uploads\/2022\/02\/WhatsApp-Image-2022-02-01-at-10.51.46-576x1024-1.jpeg 281w, https:\/\/unisale.com.br\/pastoral\/wp-content\/uploads\/2022\/02\/WhatsApp-Image-2022-02-01-at-10.51.46-576x1024-1-169x300.jpeg 169w\" sizes=\"(max-width: 281px) 100vw, 281px\" \/><\/a>\n\t\t\t<\/dt><\/dl>\n\t\t\t<br style='clear: both' \/>\n\t\t<\/div>\n\n<p>&nbsp;<\/p>\n<p>&nbsp;<\/p>\n","protected":false},"excerpt":{"rendered":"<p>Os interessados em estudar em alguns dos 19 cursos abertos ainda podem se inscrever Depois de dois anos de pandemia, com as aulas 100% remotas,&#8230;<\/p>\n","protected":false},"author":6,"featured_media":3729,"comment_status":"closed","ping_status":"closed","sticky":false,"template":"","format":"standard","meta":{"_acf_changed":false,"footnotes":""},"categories":[4,3],"tags":[],"class_list":["post-3728","post","type-post","status-publish","format-standard","has-post-thumbnail","hentry","category-event","category-not"],"acf":[],"yoast_head":"<!-- This site is optimized with the Yoast SEO plugin v27.3 - https:\/\/yoast.com\/product\/yoast-seo-wordpress\/ -->\n<title>UniSALESIANO inicia ano letivo com aulas presenciais e prioridade em seguran\u00e7a e bem-estar - Pastoral Universit\u00e1ria UniSALESIANO<\/title>\n<meta name=\"robots\" content=\"index, follow, max-snippet:-1, max-image-preview:large, max-video-preview:-1\" \/>\n<link rel=\"canonical\" href=\"https:\/\/unisale.com.br\/novo\/unisalesiano-inicia-ano-letivo-com-aulas-presenciais-e-prioridade-em-seguranca-e-bem-estar\/\" \/>\n<meta property=\"og:locale\" content=\"pt_BR\" \/>\n<meta property=\"og:type\" content=\"article\" \/>\n<meta property=\"og:title\" content=\"UniSALESIANO inicia ano letivo com aulas presenciais e prioridade em seguran\u00e7a e bem-estar - Pastoral Universit\u00e1ria UniSALESIANO\" \/>\n<meta property=\"og:description\" content=\"Os interessados em estudar em alguns dos 19 cursos abertos ainda podem se inscrever Depois de dois anos de pandemia, com as aulas 100% remotas,...\" \/>\n<meta property=\"og:url\" content=\"https:\/\/unisale.com.br\/novo\/unisalesiano-inicia-ano-letivo-com-aulas-presenciais-e-prioridade-em-seguranca-e-bem-estar\/\" \/>\n<meta property=\"og:site_name\" content=\"Pastoral Universit\u00e1ria UniSALESIANO\" \/>\n<meta property=\"article:published_time\" content=\"2022-02-07T13:00:31+00:00\" \/>\n<meta property=\"article:modified_time\" content=\"2022-02-07T13:01:15+00:00\" \/>\n<meta property=\"og:image\" content=\"https:\/\/unisale.com.br\/novo\/wp-content\/uploads\/2022\/02\/WhatsApp-Image-2022-02-01-at-11.08.07-1-1024x682-1.jpeg\" \/>\n\t<meta property=\"og:image:width\" content=\"1024\" \/>\n\t<meta property=\"og:image:height\" content=\"682\" \/>\n\t<meta property=\"og:image:type\" content=\"image\/jpeg\" \/>\n<meta name=\"author\" content=\"Luiz Alexandre Marinho Lanzoni\" \/>\n<meta name=\"twitter:card\" content=\"summary_large_image\" \/>\n<meta name=\"twitter:label1\" content=\"Escrito por\" \/>\n\t<meta name=\"twitter:data1\" content=\"Luiz Alexandre Marinho Lanzoni\" \/>\n\t<meta name=\"twitter:label2\" content=\"Est. tempo de leitura\" \/>\n\t<meta name=\"twitter:data2\" content=\"2 minutos\" \/>\n<script type=\"application\/ld+json\" class=\"yoast-schema-graph\">{\"@context\":\"https:\\\/\\\/schema.org\",\"@graph\":[{\"@type\":\"Article\",\"@id\":\"https:\\\/\\\/unisale.com.br\\\/novo\\\/unisalesiano-inicia-ano-letivo-com-aulas-presenciais-e-prioridade-em-seguranca-e-bem-estar\\\/#article\",\"isPartOf\":{\"@id\":\"https:\\\/\\\/unisale.com.br\\\/novo\\\/unisalesiano-inicia-ano-letivo-com-aulas-presenciais-e-prioridade-em-seguranca-e-bem-estar\\\/\"},\"author\":{\"name\":\"Luiz Alexandre Marinho Lanzoni\",\"@id\":\"https:\\\/\\\/unisale.com.br\\\/pastoral\\\/#\\\/schema\\\/person\\\/492d3d7bfe53a8302576d39485aff2c4\"},\"headline\":\"UniSALESIANO inicia ano letivo com aulas presenciais e prioridade em seguran\u00e7a e bem-estar\",\"datePublished\":\"2022-02-07T13:00:31+00:00\",\"dateModified\":\"2022-02-07T13:01:15+00:00\",\"mainEntityOfPage\":{\"@id\":\"https:\\\/\\\/unisale.com.br\\\/novo\\\/unisalesiano-inicia-ano-letivo-com-aulas-presenciais-e-prioridade-em-seguranca-e-bem-estar\\\/\"},\"wordCount\":413,\"image\":{\"@id\":\"https:\\\/\\\/unisale.com.br\\\/novo\\\/unisalesiano-inicia-ano-letivo-com-aulas-presenciais-e-prioridade-em-seguranca-e-bem-estar\\\/#primaryimage\"},\"thumbnailUrl\":\"https:\\\/\\\/unisale.com.br\\\/pastoral\\\/wp-content\\\/uploads\\\/2022\\\/02\\\/WhatsApp-Image-2022-02-01-at-11.08.07-1-1024x682-1.jpeg\",\"articleSection\":[\"Eventos\",\"Not\u00edcias\"],\"inLanguage\":\"pt-BR\"},{\"@type\":\"WebPage\",\"@id\":\"https:\\\/\\\/unisale.com.br\\\/novo\\\/unisalesiano-inicia-ano-letivo-com-aulas-presenciais-e-prioridade-em-seguranca-e-bem-estar\\\/\",\"url\":\"https:\\\/\\\/unisale.com.br\\\/novo\\\/unisalesiano-inicia-ano-letivo-com-aulas-presenciais-e-prioridade-em-seguranca-e-bem-estar\\\/\",\"name\":\"UniSALESIANO inicia ano letivo com aulas presenciais e prioridade em seguran\u00e7a e bem-estar - Pastoral Universit\u00e1ria UniSALESIANO\",\"isPartOf\":{\"@id\":\"https:\\\/\\\/unisale.com.br\\\/pastoral\\\/#website\"},\"primaryImageOfPage\":{\"@id\":\"https:\\\/\\\/unisale.com.br\\\/novo\\\/unisalesiano-inicia-ano-letivo-com-aulas-presenciais-e-prioridade-em-seguranca-e-bem-estar\\\/#primaryimage\"},\"image\":{\"@id\":\"https:\\\/\\\/unisale.com.br\\\/novo\\\/unisalesiano-inicia-ano-letivo-com-aulas-presenciais-e-prioridade-em-seguranca-e-bem-estar\\\/#primaryimage\"},\"thumbnailUrl\":\"https:\\\/\\\/unisale.com.br\\\/pastoral\\\/wp-content\\\/uploads\\\/2022\\\/02\\\/WhatsApp-Image-2022-02-01-at-11.08.07-1-1024x682-1.jpeg\",\"datePublished\":\"2022-02-07T13:00:31+00:00\",\"dateModified\":\"2022-02-07T13:01:15+00:00\",\"author\":{\"@id\":\"https:\\\/\\\/unisale.com.br\\\/pastoral\\\/#\\\/schema\\\/person\\\/492d3d7bfe53a8302576d39485aff2c4\"},\"inLanguage\":\"pt-BR\",\"potentialAction\":[{\"@type\":\"ReadAction\",\"target\":[\"https:\\\/\\\/unisale.com.br\\\/novo\\\/unisalesiano-inicia-ano-letivo-com-aulas-presenciais-e-prioridade-em-seguranca-e-bem-estar\\\/\"]}]},{\"@type\":\"ImageObject\",\"inLanguage\":\"pt-BR\",\"@id\":\"https:\\\/\\\/unisale.com.br\\\/novo\\\/unisalesiano-inicia-ano-letivo-com-aulas-presenciais-e-prioridade-em-seguranca-e-bem-estar\\\/#primaryimage\",\"url\":\"https:\\\/\\\/unisale.com.br\\\/pastoral\\\/wp-content\\\/uploads\\\/2022\\\/02\\\/WhatsApp-Image-2022-02-01-at-11.08.07-1-1024x682-1.jpeg\",\"contentUrl\":\"https:\\\/\\\/unisale.com.br\\\/pastoral\\\/wp-content\\\/uploads\\\/2022\\\/02\\\/WhatsApp-Image-2022-02-01-at-11.08.07-1-1024x682-1.jpeg\",\"width\":751,\"height\":500},{\"@type\":\"WebSite\",\"@id\":\"https:\\\/\\\/unisale.com.br\\\/pastoral\\\/#website\",\"url\":\"https:\\\/\\\/unisale.com.br\\\/pastoral\\\/\",\"name\":\"Pastoral Universit\u00e1ria UniSALESIANO\",\"description\":\"Site da Pastoral Universit\u00e1ria do UniSALESIANO\",\"potentialAction\":[{\"@type\":\"SearchAction\",\"target\":{\"@type\":\"EntryPoint\",\"urlTemplate\":\"https:\\\/\\\/unisale.com.br\\\/pastoral\\\/?s={search_term_string}\"},\"query-input\":{\"@type\":\"PropertyValueSpecification\",\"valueRequired\":true,\"valueName\":\"search_term_string\"}}],\"inLanguage\":\"pt-BR\"},{\"@type\":\"Person\",\"@id\":\"https:\\\/\\\/unisale.com.br\\\/pastoral\\\/#\\\/schema\\\/person\\\/492d3d7bfe53a8302576d39485aff2c4\",\"name\":\"Luiz Alexandre Marinho Lanzoni\",\"url\":\"https:\\\/\\\/unisale.com.br\\\/pastoral\\\/author\\\/luiz\\\/\"}]}<\/script>\n<!-- \/ Yoast SEO plugin. -->","yoast_head_json":{"title":"UniSALESIANO inicia ano letivo com aulas presenciais e prioridade em seguran\u00e7a e bem-estar - Pastoral Universit\u00e1ria UniSALESIANO","robots":{"index":"index","follow":"follow","max-snippet":"max-snippet:-1","max-image-preview":"max-image-preview:large","max-video-preview":"max-video-preview:-1"},"canonical":"https:\/\/unisale.com.br\/novo\/unisalesiano-inicia-ano-letivo-com-aulas-presenciais-e-prioridade-em-seguranca-e-bem-estar\/","og_locale":"pt_BR","og_type":"article","og_title":"UniSALESIANO inicia ano letivo com aulas presenciais e prioridade em seguran\u00e7a e bem-estar - Pastoral Universit\u00e1ria UniSALESIANO","og_description":"Os interessados em estudar em alguns dos 19 cursos abertos ainda podem se inscrever Depois de dois anos de pandemia, com as aulas 100% remotas,...","og_url":"https:\/\/unisale.com.br\/novo\/unisalesiano-inicia-ano-letivo-com-aulas-presenciais-e-prioridade-em-seguranca-e-bem-estar\/","og_site_name":"Pastoral Universit\u00e1ria UniSALESIANO","article_published_time":"2022-02-07T13:00:31+00:00","article_modified_time":"2022-02-07T13:01:15+00:00","og_image":[{"width":1024,"height":682,"url":"https:\/\/unisale.com.br\/novo\/wp-content\/uploads\/2022\/02\/WhatsApp-Image-2022-02-01-at-11.08.07-1-1024x682-1.jpeg","type":"image\/jpeg"}],"author":"Luiz Alexandre Marinho Lanzoni","twitter_card":"summary_large_image","twitter_misc":{"Escrito por":"Luiz Alexandre Marinho Lanzoni","Est. tempo de leitura":"2 minutos"},"schema":{"@context":"https:\/\/schema.org","@graph":[{"@type":"Article","@id":"https:\/\/unisale.com.br\/novo\/unisalesiano-inicia-ano-letivo-com-aulas-presenciais-e-prioridade-em-seguranca-e-bem-estar\/#article","isPartOf":{"@id":"https:\/\/unisale.com.br\/novo\/unisalesiano-inicia-ano-letivo-com-aulas-presenciais-e-prioridade-em-seguranca-e-bem-estar\/"},"author":{"name":"Luiz Alexandre Marinho Lanzoni","@id":"https:\/\/unisale.com.br\/pastoral\/#\/schema\/person\/492d3d7bfe53a8302576d39485aff2c4"},"headline":"UniSALESIANO inicia ano letivo com aulas presenciais e prioridade em seguran\u00e7a e bem-estar","datePublished":"2022-02-07T13:00:31+00:00","dateModified":"2022-02-07T13:01:15+00:00","mainEntityOfPage":{"@id":"https:\/\/unisale.com.br\/novo\/unisalesiano-inicia-ano-letivo-com-aulas-presenciais-e-prioridade-em-seguranca-e-bem-estar\/"},"wordCount":413,"image":{"@id":"https:\/\/unisale.com.br\/novo\/unisalesiano-inicia-ano-letivo-com-aulas-presenciais-e-prioridade-em-seguranca-e-bem-estar\/#primaryimage"},"thumbnailUrl":"https:\/\/unisale.com.br\/pastoral\/wp-content\/uploads\/2022\/02\/WhatsApp-Image-2022-02-01-at-11.08.07-1-1024x682-1.jpeg","articleSection":["Eventos","Not\u00edcias"],"inLanguage":"pt-BR"},{"@type":"WebPage","@id":"https:\/\/unisale.com.br\/novo\/unisalesiano-inicia-ano-letivo-com-aulas-presenciais-e-prioridade-em-seguranca-e-bem-estar\/","url":"https:\/\/unisale.com.br\/novo\/unisalesiano-inicia-ano-letivo-com-aulas-presenciais-e-prioridade-em-seguranca-e-bem-estar\/","name":"UniSALESIANO inicia ano letivo com aulas presenciais e prioridade em seguran\u00e7a e bem-estar - Pastoral Universit\u00e1ria UniSALESIANO","isPartOf":{"@id":"https:\/\/unisale.com.br\/pastoral\/#website"},"primaryImageOfPage":{"@id":"https:\/\/unisale.com.br\/novo\/unisalesiano-inicia-ano-letivo-com-aulas-presenciais-e-prioridade-em-seguranca-e-bem-estar\/#primaryimage"},"image":{"@id":"https:\/\/unisale.com.br\/novo\/unisalesiano-inicia-ano-letivo-com-aulas-presenciais-e-prioridade-em-seguranca-e-bem-estar\/#primaryimage"},"thumbnailUrl":"https:\/\/unisale.com.br\/pastoral\/wp-content\/uploads\/2022\/02\/WhatsApp-Image-2022-02-01-at-11.08.07-1-1024x682-1.jpeg","datePublished":"2022-02-07T13:00:31+00:00","dateModified":"2022-02-07T13:01:15+00:00","author":{"@id":"https:\/\/unisale.com.br\/pastoral\/#\/schema\/person\/492d3d7bfe53a8302576d39485aff2c4"},"inLanguage":"pt-BR","potentialAction":[{"@type":"ReadAction","target":["https:\/\/unisale.com.br\/novo\/unisalesiano-inicia-ano-letivo-com-aulas-presenciais-e-prioridade-em-seguranca-e-bem-estar\/"]}]},{"@type":"ImageObject","inLanguage":"pt-BR","@id":"https:\/\/unisale.com.br\/novo\/unisalesiano-inicia-ano-letivo-com-aulas-presenciais-e-prioridade-em-seguranca-e-bem-estar\/#primaryimage","url":"https:\/\/unisale.com.br\/pastoral\/wp-content\/uploads\/2022\/02\/WhatsApp-Image-2022-02-01-at-11.08.07-1-1024x682-1.jpeg","contentUrl":"https:\/\/unisale.com.br\/pastoral\/wp-content\/uploads\/2022\/02\/WhatsApp-Image-2022-02-01-at-11.08.07-1-1024x682-1.jpeg","width":751,"height":500},{"@type":"WebSite","@id":"https:\/\/unisale.com.br\/pastoral\/#website","url":"https:\/\/unisale.com.br\/pastoral\/","name":"Pastoral Universit\u00e1ria UniSALESIANO","description":"Site da Pastoral Universit\u00e1ria do UniSALESIANO","potentialAction":[{"@type":"SearchAction","target":{"@type":"EntryPoint","urlTemplate":"https:\/\/unisale.com.br\/pastoral\/?s={search_term_string}"},"query-input":{"@type":"PropertyValueSpecification","valueRequired":true,"valueName":"search_term_string"}}],"inLanguage":"pt-BR"},{"@type":"Person","@id":"https:\/\/unisale.com.br\/pastoral\/#\/schema\/person\/492d3d7bfe53a8302576d39485aff2c4","name":"Luiz Alexandre Marinho Lanzoni","url":"https:\/\/unisale.com.br\/pastoral\/author\/luiz\/"}]}},"_links":{"self":[{"href":"https:\/\/unisale.com.br\/pastoral\/wp-json\/wp\/v2\/posts\/3728","targetHints":{"allow":["GET"]}}],"collection":[{"href":"https:\/\/unisale.com.br\/pastoral\/wp-json\/wp\/v2\/posts"}],"about":[{"href":"https:\/\/unisale.com.br\/pastoral\/wp-json\/wp\/v2\/types\/post"}],"author":[{"embeddable":true,"href":"https:\/\/unisale.com.br\/pastoral\/wp-json\/wp\/v2\/users\/6"}],"replies":[{"embeddable":true,"href":"https:\/\/unisale.com.br\/pastoral\/wp-json\/wp\/v2\/comments?post=3728"}],"version-history":[{"count":0,"href":"https:\/\/unisale.com.br\/pastoral\/wp-json\/wp\/v2\/posts\/3728\/revisions"}],"wp:featuredmedia":[{"embeddable":true,"href":"https:\/\/unisale.com.br\/pastoral\/wp-json\/wp\/v2\/media\/3729"}],"wp:attachment":[{"href":"https:\/\/unisale.com.br\/pastoral\/wp-json\/wp\/v2\/media?parent=3728"}],"wp:term":[{"taxonomy":"category","embeddable":true,"href":"https:\/\/unisale.com.br\/pastoral\/wp-json\/wp\/v2\/categories?post=3728"},{"taxonomy":"post_tag","embeddable":true,"href":"https:\/\/unisale.com.br\/pastoral\/wp-json\/wp\/v2\/tags?post=3728"}],"curies":[{"name":"wp","href":"https:\/\/api.w.org\/{rel}","templated":true}]}}