{"id":3819,"date":"2022-02-16T10:43:15","date_gmt":"2022-02-16T10:43:15","guid":{"rendered":"https:\/\/unisale.com.br\/pastoral\/?p=3819"},"modified":"2022-02-16T10:43:15","modified_gmt":"2022-02-16T10:43:15","slug":"19-02-este-e-o-meu-filho-amado-escutai-o-que-ele-diz","status":"publish","type":"post","link":"https:\/\/unisale.com.br\/pastoral\/19-02-este-e-o-meu-filho-amado-escutai-o-que-ele-diz\/","title":{"rendered":"19\/02 &#8211; Este \u00e9 o meu Filho amado. Escutai o que ele diz!"},"content":{"rendered":"<p>S\u00e1bado, 19 de fevereiro de 2022.<\/p>\n<p>&nbsp;<\/p>\n<p>Evangelho (Mc 9,2-13)<\/p>\n<p>&nbsp;<\/p>\n<p><strong>\u201cEste \u00e9 o meu Filho amado. Escutai o que ele diz!\u201d<\/strong><\/p>\n<p>&nbsp;<\/p>\n<p>Naquele tempo, <sup>2<\/sup>Jesus tomou consigo Pedro, Tiago e Jo\u00e3o, e os levou sozinhos a um lugar \u00e0 parte sobre uma alta montanha. E transfigurou-se diante deles. <sup>3<\/sup>Suas roupas ficaram brilhantes e t\u00e3o brancas como nenhuma lavadeira sobre a terra poderia alvejar. <sup>4<\/sup>Apareceram-lhe Elias e Mois\u00e9s, e estavam conversando com Jesus. <sup>5<\/sup>Ent\u00e3o Pedro tomou a palavra e disse a Jesus: \u201cMestre, \u00e9 bom ficarmos aqui. Vamos fazer tr\u00eas tendas: uma para ti, outra para Mois\u00e9s e outra para Elias\u201d. <sup>6<\/sup>Pedro n\u00e3o sabia o que dizer, pois estavam todos com muito medo. <sup>7<\/sup>Ent\u00e3o desceu uma nuvem e os encobriu com sua sombra. E da nuvem saiu uma voz: \u201cEste \u00e9 o meu Filho amado. Escutai o que ele diz!\u201d <sup>8<\/sup>E, de repente, olhando em volta, n\u00e3o viram mais ningu\u00e9m, a n\u00e3o ser somente Jesus com eles. <sup>9<\/sup>Ao descerem da montanha, Jesus ordenou que n\u00e3o contassem a ningu\u00e9m o que tinham visto, at\u00e9 que o Filho do Homem tivesse ressuscitado dos mortos. <sup>10<\/sup>Eles observaram esta ordem, mas comentavam entre si o que queria dizer \u201cressuscitar dos mortos\u201d. <sup>11<\/sup>Os tr\u00eas disc\u00edpulos perguntaram a Jesus: \u201cPor que os mestres da Lei dizem que antes deve vir Elias?\u201d <sup>12<\/sup>Jesus respondeu: \u201cDe fato, antes vem Elias, para p\u00f4r tudo em ordem. Mas, como dizem as Escrituras, que o Filho do Homem deve sofrer muito e ser rejeitado? <sup>13<\/sup>Eu, por\u00e9m, vos digo: Elias j\u00e1 veio, e fizeram com ele tudo o que quiseram, exatamente como as Escrituras falaram a respeito dele\u201d.<\/p>\n<p>&nbsp;<\/p>\n<p><strong>Reflex\u00e3o<\/strong><\/p>\n<p>&nbsp;<\/p>\n<p>Quando subimos uma montanha n\u00f3s conseguimos avistar muitas coisas que da plan\u00edcie n\u00e3o se consegue enxergar. Ver do alto \u00e9 uma experi\u00eancia que nos ajuda a compreender melhor e a ver de outro \u00e2ngulo as coisas. Deus nos mostra n\u00e3o um mundo irreal, mostra-nos as coisas, mas do alto. Quando observamos do alto n\u00e3o vemos somente com os nossos pr\u00f3prios olhos, mas com os olhos de Deus. O vale que observamos do alto \u00e9 o mesmo de onde partimos. No entanto, parece diferente, porque do alto vemos de maneira diferente. A mesma experi\u00eancia podemos vive-la com alegria ou com dor. Por exemplo, t\u00ednhamos perdido algo, na ocasi\u00e3o ficamos desesperados, hoje contamos o fato rindo. Ou ainda, ontem r\u00edamos de algu\u00e9m, e hoje estamos na mesma situa\u00e7\u00e3o que nos fazia rir do outro e nos arrependemos de ter rido da trag\u00e9dia alheia. Para ser feliz \u00e9 preciso encontrar a justa rela\u00e7\u00e3o com cada acontecimento e situa\u00e7\u00e3o que vivemos. Se pud\u00e9ssemos ver o mundo com os olhos de Deus, o mundo seria diferente, e n\u00f3s ser\u00edamos felizes, como os ap\u00f3stolos no monte Tabor. Cristo na transfigura\u00e7\u00e3o aparece como um \u201cpensamento puro de Deus. Tamb\u00e9m entre os homens os pensamentos puros t\u00eam uma atra\u00e7\u00e3o e esplendor. Muitas vezes dizemos que certas pessoas s\u00e3o transparentes e luminosas e, outras, s\u00e3o amb\u00edguas, pouco claras. A nossa vida \u00e9 como uma obra criativa. Para um escritor certos dias uma folha branca pode parecer confusa, da caneta nada sai. Em outros dias as palavras come\u00e7am a fluir sem esfor\u00e7o, antes, com uma clareza. Nasce um livro. Cada um de n\u00f3s est\u00e1 diante de uma folha branca da pr\u00f3pria vida. Por vezes temos ideias confusas e, finalmente compreendemos que a ideia clara \u00e9 Cristo e o que devemos fazer \u00e9 entrar em sintonia com Ele.<\/p>\n<p>&nbsp;<\/p>\n<p><strong>Pe. Paulo Eduardo J\u00e1como, sdb.<\/strong><\/p>\n","protected":false},"excerpt":{"rendered":"<p>S\u00e1bado, 19 de fevereiro de 2022. &nbsp; Evangelho (Mc 9,2-13) &nbsp; \u201cEste \u00e9 o meu Filho amado. Escutai o que ele diz!\u201d &nbsp; Naquele tempo,&#8230;<\/p>\n","protected":false},"author":6,"featured_media":3816,"comment_status":"closed","ping_status":"closed","sticky":false,"template":"","format":"standard","meta":{"_acf_changed":false,"footnotes":""},"categories":[13],"tags":[],"class_list":["post-3819","post","type-post","status-publish","format-standard","has-post-thumbnail","hentry","category-reflexaodoevagelho"],"acf":[],"yoast_head":"<!-- This site is optimized with the Yoast SEO plugin v27.3 - https:\/\/yoast.com\/product\/yoast-seo-wordpress\/ -->\n<title>19\/02 - Este \u00e9 o meu Filho amado. Escutai o que ele diz! - Pastoral Universit\u00e1ria UniSALESIANO<\/title>\n<meta name=\"robots\" content=\"index, follow, max-snippet:-1, max-image-preview:large, max-video-preview:-1\" \/>\n<link rel=\"canonical\" href=\"https:\/\/unisale.com.br\/novo\/19-02-este-e-o-meu-filho-amado-escutai-o-que-ele-diz\/\" \/>\n<meta property=\"og:locale\" content=\"pt_BR\" \/>\n<meta property=\"og:type\" content=\"article\" \/>\n<meta property=\"og:title\" content=\"19\/02 - Este \u00e9 o meu Filho amado. Escutai o que ele diz! - Pastoral Universit\u00e1ria UniSALESIANO\" \/>\n<meta property=\"og:description\" content=\"S\u00e1bado, 19 de fevereiro de 2022. &nbsp; Evangelho (Mc 9,2-13) &nbsp; \u201cEste \u00e9 o meu Filho amado. Escutai o que ele diz!\u201d &nbsp; Naquele tempo,...\" \/>\n<meta property=\"og:url\" content=\"https:\/\/unisale.com.br\/novo\/19-02-este-e-o-meu-filho-amado-escutai-o-que-ele-diz\/\" \/>\n<meta property=\"og:site_name\" content=\"Pastoral Universit\u00e1ria UniSALESIANO\" \/>\n<meta property=\"article:published_time\" content=\"2022-02-16T10:43:15+00:00\" \/>\n<meta property=\"og:image\" content=\"https:\/\/unisale.com.br\/novo\/wp-content\/uploads\/2022\/02\/Ev-19.jpg\" \/>\n\t<meta property=\"og:image:width\" content=\"730\" \/>\n\t<meta property=\"og:image:height\" content=\"486\" \/>\n\t<meta property=\"og:image:type\" content=\"image\/jpeg\" \/>\n<meta name=\"author\" content=\"Luiz Alexandre Marinho Lanzoni\" \/>\n<meta name=\"twitter:card\" content=\"summary_large_image\" \/>\n<meta name=\"twitter:label1\" content=\"Escrito por\" \/>\n\t<meta name=\"twitter:data1\" content=\"Luiz Alexandre Marinho Lanzoni\" \/>\n\t<meta name=\"twitter:label2\" content=\"Est. tempo de leitura\" \/>\n\t<meta name=\"twitter:data2\" content=\"3 minutos\" \/>\n<script type=\"application\/ld+json\" class=\"yoast-schema-graph\">{\"@context\":\"https:\\\/\\\/schema.org\",\"@graph\":[{\"@type\":\"Article\",\"@id\":\"https:\\\/\\\/unisale.com.br\\\/novo\\\/19-02-este-e-o-meu-filho-amado-escutai-o-que-ele-diz\\\/#article\",\"isPartOf\":{\"@id\":\"https:\\\/\\\/unisale.com.br\\\/novo\\\/19-02-este-e-o-meu-filho-amado-escutai-o-que-ele-diz\\\/\"},\"author\":{\"name\":\"Luiz Alexandre Marinho Lanzoni\",\"@id\":\"https:\\\/\\\/unisale.com.br\\\/pastoral\\\/#\\\/schema\\\/person\\\/492d3d7bfe53a8302576d39485aff2c4\"},\"headline\":\"19\\\/02 &#8211; Este \u00e9 o meu Filho amado. Escutai o que ele diz!\",\"datePublished\":\"2022-02-16T10:43:15+00:00\",\"mainEntityOfPage\":{\"@id\":\"https:\\\/\\\/unisale.com.br\\\/novo\\\/19-02-este-e-o-meu-filho-amado-escutai-o-que-ele-diz\\\/\"},\"wordCount\":622,\"image\":{\"@id\":\"https:\\\/\\\/unisale.com.br\\\/novo\\\/19-02-este-e-o-meu-filho-amado-escutai-o-que-ele-diz\\\/#primaryimage\"},\"thumbnailUrl\":\"https:\\\/\\\/unisale.com.br\\\/pastoral\\\/wp-content\\\/uploads\\\/2022\\\/02\\\/Ev-19.jpg\",\"articleSection\":[\"Reflex\u00e3o do Evangelho\"],\"inLanguage\":\"pt-BR\"},{\"@type\":\"WebPage\",\"@id\":\"https:\\\/\\\/unisale.com.br\\\/novo\\\/19-02-este-e-o-meu-filho-amado-escutai-o-que-ele-diz\\\/\",\"url\":\"https:\\\/\\\/unisale.com.br\\\/novo\\\/19-02-este-e-o-meu-filho-amado-escutai-o-que-ele-diz\\\/\",\"name\":\"19\\\/02 - Este \u00e9 o meu Filho amado. Escutai o que ele diz! - Pastoral Universit\u00e1ria UniSALESIANO\",\"isPartOf\":{\"@id\":\"https:\\\/\\\/unisale.com.br\\\/pastoral\\\/#website\"},\"primaryImageOfPage\":{\"@id\":\"https:\\\/\\\/unisale.com.br\\\/novo\\\/19-02-este-e-o-meu-filho-amado-escutai-o-que-ele-diz\\\/#primaryimage\"},\"image\":{\"@id\":\"https:\\\/\\\/unisale.com.br\\\/novo\\\/19-02-este-e-o-meu-filho-amado-escutai-o-que-ele-diz\\\/#primaryimage\"},\"thumbnailUrl\":\"https:\\\/\\\/unisale.com.br\\\/pastoral\\\/wp-content\\\/uploads\\\/2022\\\/02\\\/Ev-19.jpg\",\"datePublished\":\"2022-02-16T10:43:15+00:00\",\"author\":{\"@id\":\"https:\\\/\\\/unisale.com.br\\\/pastoral\\\/#\\\/schema\\\/person\\\/492d3d7bfe53a8302576d39485aff2c4\"},\"inLanguage\":\"pt-BR\",\"potentialAction\":[{\"@type\":\"ReadAction\",\"target\":[\"https:\\\/\\\/unisale.com.br\\\/novo\\\/19-02-este-e-o-meu-filho-amado-escutai-o-que-ele-diz\\\/\"]}]},{\"@type\":\"ImageObject\",\"inLanguage\":\"pt-BR\",\"@id\":\"https:\\\/\\\/unisale.com.br\\\/novo\\\/19-02-este-e-o-meu-filho-amado-escutai-o-que-ele-diz\\\/#primaryimage\",\"url\":\"https:\\\/\\\/unisale.com.br\\\/pastoral\\\/wp-content\\\/uploads\\\/2022\\\/02\\\/Ev-19.jpg\",\"contentUrl\":\"https:\\\/\\\/unisale.com.br\\\/pastoral\\\/wp-content\\\/uploads\\\/2022\\\/02\\\/Ev-19.jpg\",\"width\":730,\"height\":486},{\"@type\":\"WebSite\",\"@id\":\"https:\\\/\\\/unisale.com.br\\\/pastoral\\\/#website\",\"url\":\"https:\\\/\\\/unisale.com.br\\\/pastoral\\\/\",\"name\":\"Pastoral Universit\u00e1ria UniSALESIANO\",\"description\":\"Site da Pastoral Universit\u00e1ria do UniSALESIANO\",\"potentialAction\":[{\"@type\":\"SearchAction\",\"target\":{\"@type\":\"EntryPoint\",\"urlTemplate\":\"https:\\\/\\\/unisale.com.br\\\/pastoral\\\/?s={search_term_string}\"},\"query-input\":{\"@type\":\"PropertyValueSpecification\",\"valueRequired\":true,\"valueName\":\"search_term_string\"}}],\"inLanguage\":\"pt-BR\"},{\"@type\":\"Person\",\"@id\":\"https:\\\/\\\/unisale.com.br\\\/pastoral\\\/#\\\/schema\\\/person\\\/492d3d7bfe53a8302576d39485aff2c4\",\"name\":\"Luiz Alexandre Marinho Lanzoni\",\"url\":\"https:\\\/\\\/unisale.com.br\\\/pastoral\\\/author\\\/luiz\\\/\"}]}<\/script>\n<!-- \/ Yoast SEO plugin. -->","yoast_head_json":{"title":"19\/02 - Este \u00e9 o meu Filho amado. Escutai o que ele diz! - Pastoral Universit\u00e1ria UniSALESIANO","robots":{"index":"index","follow":"follow","max-snippet":"max-snippet:-1","max-image-preview":"max-image-preview:large","max-video-preview":"max-video-preview:-1"},"canonical":"https:\/\/unisale.com.br\/novo\/19-02-este-e-o-meu-filho-amado-escutai-o-que-ele-diz\/","og_locale":"pt_BR","og_type":"article","og_title":"19\/02 - Este \u00e9 o meu Filho amado. Escutai o que ele diz! - Pastoral Universit\u00e1ria UniSALESIANO","og_description":"S\u00e1bado, 19 de fevereiro de 2022. &nbsp; Evangelho (Mc 9,2-13) &nbsp; \u201cEste \u00e9 o meu Filho amado. Escutai o que ele diz!\u201d &nbsp; Naquele tempo,...","og_url":"https:\/\/unisale.com.br\/novo\/19-02-este-e-o-meu-filho-amado-escutai-o-que-ele-diz\/","og_site_name":"Pastoral Universit\u00e1ria UniSALESIANO","article_published_time":"2022-02-16T10:43:15+00:00","og_image":[{"width":730,"height":486,"url":"https:\/\/unisale.com.br\/novo\/wp-content\/uploads\/2022\/02\/Ev-19.jpg","type":"image\/jpeg"}],"author":"Luiz Alexandre Marinho Lanzoni","twitter_card":"summary_large_image","twitter_misc":{"Escrito por":"Luiz Alexandre Marinho Lanzoni","Est. tempo de leitura":"3 minutos"},"schema":{"@context":"https:\/\/schema.org","@graph":[{"@type":"Article","@id":"https:\/\/unisale.com.br\/novo\/19-02-este-e-o-meu-filho-amado-escutai-o-que-ele-diz\/#article","isPartOf":{"@id":"https:\/\/unisale.com.br\/novo\/19-02-este-e-o-meu-filho-amado-escutai-o-que-ele-diz\/"},"author":{"name":"Luiz Alexandre Marinho Lanzoni","@id":"https:\/\/unisale.com.br\/pastoral\/#\/schema\/person\/492d3d7bfe53a8302576d39485aff2c4"},"headline":"19\/02 &#8211; Este \u00e9 o meu Filho amado. Escutai o que ele diz!","datePublished":"2022-02-16T10:43:15+00:00","mainEntityOfPage":{"@id":"https:\/\/unisale.com.br\/novo\/19-02-este-e-o-meu-filho-amado-escutai-o-que-ele-diz\/"},"wordCount":622,"image":{"@id":"https:\/\/unisale.com.br\/novo\/19-02-este-e-o-meu-filho-amado-escutai-o-que-ele-diz\/#primaryimage"},"thumbnailUrl":"https:\/\/unisale.com.br\/pastoral\/wp-content\/uploads\/2022\/02\/Ev-19.jpg","articleSection":["Reflex\u00e3o do Evangelho"],"inLanguage":"pt-BR"},{"@type":"WebPage","@id":"https:\/\/unisale.com.br\/novo\/19-02-este-e-o-meu-filho-amado-escutai-o-que-ele-diz\/","url":"https:\/\/unisale.com.br\/novo\/19-02-este-e-o-meu-filho-amado-escutai-o-que-ele-diz\/","name":"19\/02 - Este \u00e9 o meu Filho amado. Escutai o que ele diz! - Pastoral Universit\u00e1ria UniSALESIANO","isPartOf":{"@id":"https:\/\/unisale.com.br\/pastoral\/#website"},"primaryImageOfPage":{"@id":"https:\/\/unisale.com.br\/novo\/19-02-este-e-o-meu-filho-amado-escutai-o-que-ele-diz\/#primaryimage"},"image":{"@id":"https:\/\/unisale.com.br\/novo\/19-02-este-e-o-meu-filho-amado-escutai-o-que-ele-diz\/#primaryimage"},"thumbnailUrl":"https:\/\/unisale.com.br\/pastoral\/wp-content\/uploads\/2022\/02\/Ev-19.jpg","datePublished":"2022-02-16T10:43:15+00:00","author":{"@id":"https:\/\/unisale.com.br\/pastoral\/#\/schema\/person\/492d3d7bfe53a8302576d39485aff2c4"},"inLanguage":"pt-BR","potentialAction":[{"@type":"ReadAction","target":["https:\/\/unisale.com.br\/novo\/19-02-este-e-o-meu-filho-amado-escutai-o-que-ele-diz\/"]}]},{"@type":"ImageObject","inLanguage":"pt-BR","@id":"https:\/\/unisale.com.br\/novo\/19-02-este-e-o-meu-filho-amado-escutai-o-que-ele-diz\/#primaryimage","url":"https:\/\/unisale.com.br\/pastoral\/wp-content\/uploads\/2022\/02\/Ev-19.jpg","contentUrl":"https:\/\/unisale.com.br\/pastoral\/wp-content\/uploads\/2022\/02\/Ev-19.jpg","width":730,"height":486},{"@type":"WebSite","@id":"https:\/\/unisale.com.br\/pastoral\/#website","url":"https:\/\/unisale.com.br\/pastoral\/","name":"Pastoral Universit\u00e1ria UniSALESIANO","description":"Site da Pastoral Universit\u00e1ria do UniSALESIANO","potentialAction":[{"@type":"SearchAction","target":{"@type":"EntryPoint","urlTemplate":"https:\/\/unisale.com.br\/pastoral\/?s={search_term_string}"},"query-input":{"@type":"PropertyValueSpecification","valueRequired":true,"valueName":"search_term_string"}}],"inLanguage":"pt-BR"},{"@type":"Person","@id":"https:\/\/unisale.com.br\/pastoral\/#\/schema\/person\/492d3d7bfe53a8302576d39485aff2c4","name":"Luiz Alexandre Marinho Lanzoni","url":"https:\/\/unisale.com.br\/pastoral\/author\/luiz\/"}]}},"_links":{"self":[{"href":"https:\/\/unisale.com.br\/pastoral\/wp-json\/wp\/v2\/posts\/3819","targetHints":{"allow":["GET"]}}],"collection":[{"href":"https:\/\/unisale.com.br\/pastoral\/wp-json\/wp\/v2\/posts"}],"about":[{"href":"https:\/\/unisale.com.br\/pastoral\/wp-json\/wp\/v2\/types\/post"}],"author":[{"embeddable":true,"href":"https:\/\/unisale.com.br\/pastoral\/wp-json\/wp\/v2\/users\/6"}],"replies":[{"embeddable":true,"href":"https:\/\/unisale.com.br\/pastoral\/wp-json\/wp\/v2\/comments?post=3819"}],"version-history":[{"count":0,"href":"https:\/\/unisale.com.br\/pastoral\/wp-json\/wp\/v2\/posts\/3819\/revisions"}],"wp:featuredmedia":[{"embeddable":true,"href":"https:\/\/unisale.com.br\/pastoral\/wp-json\/wp\/v2\/media\/3816"}],"wp:attachment":[{"href":"https:\/\/unisale.com.br\/pastoral\/wp-json\/wp\/v2\/media?parent=3819"}],"wp:term":[{"taxonomy":"category","embeddable":true,"href":"https:\/\/unisale.com.br\/pastoral\/wp-json\/wp\/v2\/categories?post=3819"},{"taxonomy":"post_tag","embeddable":true,"href":"https:\/\/unisale.com.br\/pastoral\/wp-json\/wp\/v2\/tags?post=3819"}],"curies":[{"name":"wp","href":"https:\/\/api.w.org\/{rel}","templated":true}]}}