{"id":3859,"date":"2022-02-18T11:04:23","date_gmt":"2022-02-18T11:04:23","guid":{"rendered":"https:\/\/unisale.com.br\/pastoral\/?p=3859"},"modified":"2022-02-18T11:04:23","modified_gmt":"2022-02-18T11:04:23","slug":"20-02-sede-misericordiosos-como-tambem-o-vosso-pai-e-misericordioso","status":"publish","type":"post","link":"https:\/\/unisale.com.br\/pastoral\/20-02-sede-misericordiosos-como-tambem-o-vosso-pai-e-misericordioso\/","title":{"rendered":"20\/02 &#8211; Sede misericordiosos, como tamb\u00e9m o vosso Pai \u00e9 misericordioso."},"content":{"rendered":"<p>Domingo, 20 de fevereiro de 2022. VII DTC<\/p>\n<p>&nbsp;<\/p>\n<p>Evangelho (Lc 6,27-38)<\/p>\n<p>&nbsp;<\/p>\n<p><strong>\u201cSede misericordiosos, como tamb\u00e9m o vosso Pai \u00e9 misericordioso\u201d<\/strong><\/p>\n<p>&nbsp;<\/p>\n<p>Naquele tempo, disse Jesus a seus disc\u00edpulos: <sup>27<\/sup>\u201cA v\u00f3s, que me escutais, eu digo: Amai os vossos inimigos e fazei o bem aos que vos odeiam, <sup>28<\/sup>bendizei os que vos amaldi\u00e7oam, e rezai por aqueles que vos caluniam. <sup>29<\/sup>Se algu\u00e9m te der uma bofetada numa face, oferece tamb\u00e9m a outra. Se algu\u00e9m te tomar o manto, deixa-o levar tamb\u00e9m a t\u00fanica. <sup>30<\/sup>D\u00e1 a quem te pedir e, se algu\u00e9m tirar o que \u00e9 teu, n\u00e3o pe\u00e7as que o devolva. <sup>31<\/sup>O que v\u00f3s desejais que os outros vos fa\u00e7am, fazei-o tamb\u00e9m v\u00f3s a eles. <sup>32<\/sup>Se amais somente aqueles que vos amam, que recompensa tereis? At\u00e9 os pecadores amam aqueles que os amam. <sup>33<\/sup>E se fazeis o bem somente aos que vos fazem o bem, que recompensa tereis? At\u00e9 os pecadores fazem assim. <sup>34<\/sup>E se emprestais somente \u00e0queles de quem esperais receber, que recompensa tereis? At\u00e9 os pecadores emprestam aos pecadores, para receber de volta a mesma quantia. <sup>35<\/sup>Ao contr\u00e1rio, amai os vossos inimigos, fazei o bem e emprestai sem esperar coisa alguma em troca. Ent\u00e3o, a vossa recompensa ser\u00e1 grande, e sereis filhos do Alt\u00edssimo, porque Deus \u00e9 bondoso tamb\u00e9m para com os ingratos e os maus. <sup>36<\/sup>Sede misericordiosos, como tamb\u00e9m o vosso Pai \u00e9 misericordioso. <sup>37<\/sup>N\u00e3o julgueis e n\u00e3o sereis julgados; n\u00e3o condeneis e n\u00e3o sereis condenados; perdoai e sereis perdoados. <sup>38<\/sup>Dai e vos ser\u00e1 dado. Uma boa medida, calcada, sacudida, transbordante ser\u00e1 colocada no vosso colo; porque, com a mesma medida com que medirdes os outros, v\u00f3s tamb\u00e9m sereis medidos\u201d.<\/p>\n<p>&nbsp;<\/p>\n<p><strong>Reflex\u00e3o<\/strong><\/p>\n<p>&nbsp;<\/p>\n<p>O evangelho muitas vezes pede de n\u00f3s atitudes que est\u00e3o acima das nossas for\u00e7as, como por exemplo, amar os inimigos. Ser\u00e1 que isto \u00e9 poss\u00edvel? Amar os inimigos, atitude interligada com o amor ao pr\u00f3ximo. Mas quem \u00e9 o nosso inimigo? Numa explica\u00e7\u00e3o simples: \u00e9 aquele elemento destrutivo que deve ser combatido radicalmente. Todos n\u00f3s possu\u00edmos advers\u00e1rios na vida cotidiana e muitas vezes na pr\u00f3pria fam\u00edlia. O que fazer com eles? Mas temos que pensar que ter inimigos n\u00e3o \u00e9 t\u00e3o ruim. Devemos combater contra os inimigos, o que faz aumentar a nossa for\u00e7a, ensina-nos a estar atentos, acorda as nossas capacidades e d\u00e1 valor ao quanto conquistamos lutando, ensinando-nos a estima-los mais. Sem os nossos inimigos as nossas virtudes n\u00e3o teriam condi\u00e7\u00f5es de crescer. Assim, encontramos nos inimigos um elemento positivo para o nosso desenvolvimento. O Antigo Testamento \u00e9 repleto de inimigos. O \u00f3dio penetra at\u00e9 nas fam\u00edlias, como por exemplo, Caim e Abel. Davi \u00e9 cheio de advers\u00e1rios. No Novo Testamento Jesus assegura que Ele \u00e9 o rei da paz. Se pensarmos no sentido l\u00f3gico, dir\u00edamos que Ele se erguer\u00e1 e destruir\u00e1 todos os seus inimigos com o poder de Deus, como pensaram os ap\u00f3stolos. Mas Ele se ergue e declara: \u201camai os vossos inimigos e fazei o bem aos que vos odeiam\u201d. Para entender a recomenda\u00e7\u00e3o de Jesus \u00e9 preciso recordar o que Ele diz: \u201cPor que tender medo, gente de pouca f\u00e9?\u201d (Mt 8,26). Ou ainda: \u201cSem a vontade de Deus, nem mesmo um fio de cabelo pode cair da vossa cabe\u00e7a\u201d (Lc 21,18). Jesus certamente aplicava a si mesmo para poder se encher de coragem, aplicava \u00e0 sua vida e miss\u00e3o. Se Deus tem algu\u00e9m em suas m\u00e3os, certamente o usar\u00e1 para a salva\u00e7\u00e3o, para a sua obra, para realizar os planos da sua provid\u00eancia. Ent\u00e3o, porque devemos odiar um homem que realiza os planos de Deus? At\u00e9 que tenhamos medo dos homens n\u00e3o poderemos am\u00e1-los. \u00c9 preciso que acreditemos na infalibilidade do poder de Deus no mundo.<\/p>\n<p>&nbsp;<\/p>\n<p><strong>Pe. Paulo Eduardo J\u00e1como, sdb.<\/strong><\/p>\n","protected":false},"excerpt":{"rendered":"<p>Domingo, 20 de fevereiro de 2022. VII DTC &nbsp; Evangelho (Lc 6,27-38) &nbsp; \u201cSede misericordiosos, como tamb\u00e9m o vosso Pai \u00e9 misericordioso\u201d &nbsp; Naquele tempo,&#8230;<\/p>\n","protected":false},"author":6,"featured_media":3860,"comment_status":"closed","ping_status":"closed","sticky":false,"template":"","format":"standard","meta":{"_acf_changed":false,"footnotes":""},"categories":[13],"tags":[],"class_list":["post-3859","post","type-post","status-publish","format-standard","has-post-thumbnail","hentry","category-reflexaodoevagelho"],"acf":[],"yoast_head":"<!-- This site is optimized with the Yoast SEO plugin v27.3 - https:\/\/yoast.com\/product\/yoast-seo-wordpress\/ -->\n<title>20\/02 - Sede misericordiosos, como tamb\u00e9m o vosso Pai \u00e9 misericordioso. - Pastoral Universit\u00e1ria UniSALESIANO<\/title>\n<meta name=\"robots\" content=\"index, follow, max-snippet:-1, max-image-preview:large, max-video-preview:-1\" \/>\n<link rel=\"canonical\" href=\"https:\/\/unisale.com.br\/novo\/20-02-sede-misericordiosos-como-tambem-o-vosso-pai-e-misericordioso\/\" \/>\n<meta property=\"og:locale\" content=\"pt_BR\" \/>\n<meta property=\"og:type\" content=\"article\" \/>\n<meta property=\"og:title\" content=\"20\/02 - Sede misericordiosos, como tamb\u00e9m o vosso Pai \u00e9 misericordioso. - Pastoral Universit\u00e1ria UniSALESIANO\" \/>\n<meta property=\"og:description\" content=\"Domingo, 20 de fevereiro de 2022. VII DTC &nbsp; Evangelho (Lc 6,27-38) &nbsp; \u201cSede misericordiosos, como tamb\u00e9m o vosso Pai \u00e9 misericordioso\u201d &nbsp; Naquele tempo,...\" \/>\n<meta property=\"og:url\" content=\"https:\/\/unisale.com.br\/novo\/20-02-sede-misericordiosos-como-tambem-o-vosso-pai-e-misericordioso\/\" \/>\n<meta property=\"og:site_name\" content=\"Pastoral Universit\u00e1ria UniSALESIANO\" \/>\n<meta property=\"article:published_time\" content=\"2022-02-18T11:04:23+00:00\" \/>\n<meta property=\"og:image\" content=\"https:\/\/unisale.com.br\/novo\/wp-content\/uploads\/2022\/02\/Ev-20.jpg\" \/>\n\t<meta property=\"og:image:width\" content=\"612\" \/>\n\t<meta property=\"og:image:height\" content=\"418\" \/>\n\t<meta property=\"og:image:type\" content=\"image\/jpeg\" \/>\n<meta name=\"author\" content=\"Luiz Alexandre Marinho Lanzoni\" \/>\n<meta name=\"twitter:card\" content=\"summary_large_image\" \/>\n<meta name=\"twitter:label1\" content=\"Escrito por\" \/>\n\t<meta name=\"twitter:data1\" content=\"Luiz Alexandre Marinho Lanzoni\" \/>\n\t<meta name=\"twitter:label2\" content=\"Est. tempo de leitura\" \/>\n\t<meta name=\"twitter:data2\" content=\"3 minutos\" \/>\n<script type=\"application\/ld+json\" class=\"yoast-schema-graph\">{\"@context\":\"https:\\\/\\\/schema.org\",\"@graph\":[{\"@type\":\"Article\",\"@id\":\"https:\\\/\\\/unisale.com.br\\\/novo\\\/20-02-sede-misericordiosos-como-tambem-o-vosso-pai-e-misericordioso\\\/#article\",\"isPartOf\":{\"@id\":\"https:\\\/\\\/unisale.com.br\\\/novo\\\/20-02-sede-misericordiosos-como-tambem-o-vosso-pai-e-misericordioso\\\/\"},\"author\":{\"name\":\"Luiz Alexandre Marinho Lanzoni\",\"@id\":\"https:\\\/\\\/unisale.com.br\\\/pastoral\\\/#\\\/schema\\\/person\\\/492d3d7bfe53a8302576d39485aff2c4\"},\"headline\":\"20\\\/02 &#8211; Sede misericordiosos, como tamb\u00e9m o vosso Pai \u00e9 misericordioso.\",\"datePublished\":\"2022-02-18T11:04:23+00:00\",\"mainEntityOfPage\":{\"@id\":\"https:\\\/\\\/unisale.com.br\\\/novo\\\/20-02-sede-misericordiosos-como-tambem-o-vosso-pai-e-misericordioso\\\/\"},\"wordCount\":668,\"image\":{\"@id\":\"https:\\\/\\\/unisale.com.br\\\/novo\\\/20-02-sede-misericordiosos-como-tambem-o-vosso-pai-e-misericordioso\\\/#primaryimage\"},\"thumbnailUrl\":\"https:\\\/\\\/unisale.com.br\\\/pastoral\\\/wp-content\\\/uploads\\\/2022\\\/02\\\/Ev-20.jpg\",\"articleSection\":[\"Reflex\u00e3o do Evangelho\"],\"inLanguage\":\"pt-BR\"},{\"@type\":\"WebPage\",\"@id\":\"https:\\\/\\\/unisale.com.br\\\/novo\\\/20-02-sede-misericordiosos-como-tambem-o-vosso-pai-e-misericordioso\\\/\",\"url\":\"https:\\\/\\\/unisale.com.br\\\/novo\\\/20-02-sede-misericordiosos-como-tambem-o-vosso-pai-e-misericordioso\\\/\",\"name\":\"20\\\/02 - Sede misericordiosos, como tamb\u00e9m o vosso Pai \u00e9 misericordioso. - Pastoral Universit\u00e1ria UniSALESIANO\",\"isPartOf\":{\"@id\":\"https:\\\/\\\/unisale.com.br\\\/pastoral\\\/#website\"},\"primaryImageOfPage\":{\"@id\":\"https:\\\/\\\/unisale.com.br\\\/novo\\\/20-02-sede-misericordiosos-como-tambem-o-vosso-pai-e-misericordioso\\\/#primaryimage\"},\"image\":{\"@id\":\"https:\\\/\\\/unisale.com.br\\\/novo\\\/20-02-sede-misericordiosos-como-tambem-o-vosso-pai-e-misericordioso\\\/#primaryimage\"},\"thumbnailUrl\":\"https:\\\/\\\/unisale.com.br\\\/pastoral\\\/wp-content\\\/uploads\\\/2022\\\/02\\\/Ev-20.jpg\",\"datePublished\":\"2022-02-18T11:04:23+00:00\",\"author\":{\"@id\":\"https:\\\/\\\/unisale.com.br\\\/pastoral\\\/#\\\/schema\\\/person\\\/492d3d7bfe53a8302576d39485aff2c4\"},\"inLanguage\":\"pt-BR\",\"potentialAction\":[{\"@type\":\"ReadAction\",\"target\":[\"https:\\\/\\\/unisale.com.br\\\/novo\\\/20-02-sede-misericordiosos-como-tambem-o-vosso-pai-e-misericordioso\\\/\"]}]},{\"@type\":\"ImageObject\",\"inLanguage\":\"pt-BR\",\"@id\":\"https:\\\/\\\/unisale.com.br\\\/novo\\\/20-02-sede-misericordiosos-como-tambem-o-vosso-pai-e-misericordioso\\\/#primaryimage\",\"url\":\"https:\\\/\\\/unisale.com.br\\\/pastoral\\\/wp-content\\\/uploads\\\/2022\\\/02\\\/Ev-20.jpg\",\"contentUrl\":\"https:\\\/\\\/unisale.com.br\\\/pastoral\\\/wp-content\\\/uploads\\\/2022\\\/02\\\/Ev-20.jpg\",\"width\":612,\"height\":418},{\"@type\":\"WebSite\",\"@id\":\"https:\\\/\\\/unisale.com.br\\\/pastoral\\\/#website\",\"url\":\"https:\\\/\\\/unisale.com.br\\\/pastoral\\\/\",\"name\":\"Pastoral Universit\u00e1ria UniSALESIANO\",\"description\":\"Site da Pastoral Universit\u00e1ria do UniSALESIANO\",\"potentialAction\":[{\"@type\":\"SearchAction\",\"target\":{\"@type\":\"EntryPoint\",\"urlTemplate\":\"https:\\\/\\\/unisale.com.br\\\/pastoral\\\/?s={search_term_string}\"},\"query-input\":{\"@type\":\"PropertyValueSpecification\",\"valueRequired\":true,\"valueName\":\"search_term_string\"}}],\"inLanguage\":\"pt-BR\"},{\"@type\":\"Person\",\"@id\":\"https:\\\/\\\/unisale.com.br\\\/pastoral\\\/#\\\/schema\\\/person\\\/492d3d7bfe53a8302576d39485aff2c4\",\"name\":\"Luiz Alexandre Marinho Lanzoni\",\"url\":\"https:\\\/\\\/unisale.com.br\\\/pastoral\\\/author\\\/luiz\\\/\"}]}<\/script>\n<!-- \/ Yoast SEO plugin. -->","yoast_head_json":{"title":"20\/02 - Sede misericordiosos, como tamb\u00e9m o vosso Pai \u00e9 misericordioso. - Pastoral Universit\u00e1ria UniSALESIANO","robots":{"index":"index","follow":"follow","max-snippet":"max-snippet:-1","max-image-preview":"max-image-preview:large","max-video-preview":"max-video-preview:-1"},"canonical":"https:\/\/unisale.com.br\/novo\/20-02-sede-misericordiosos-como-tambem-o-vosso-pai-e-misericordioso\/","og_locale":"pt_BR","og_type":"article","og_title":"20\/02 - Sede misericordiosos, como tamb\u00e9m o vosso Pai \u00e9 misericordioso. - Pastoral Universit\u00e1ria UniSALESIANO","og_description":"Domingo, 20 de fevereiro de 2022. VII DTC &nbsp; Evangelho (Lc 6,27-38) &nbsp; \u201cSede misericordiosos, como tamb\u00e9m o vosso Pai \u00e9 misericordioso\u201d &nbsp; Naquele tempo,...","og_url":"https:\/\/unisale.com.br\/novo\/20-02-sede-misericordiosos-como-tambem-o-vosso-pai-e-misericordioso\/","og_site_name":"Pastoral Universit\u00e1ria UniSALESIANO","article_published_time":"2022-02-18T11:04:23+00:00","og_image":[{"width":612,"height":418,"url":"https:\/\/unisale.com.br\/novo\/wp-content\/uploads\/2022\/02\/Ev-20.jpg","type":"image\/jpeg"}],"author":"Luiz Alexandre Marinho Lanzoni","twitter_card":"summary_large_image","twitter_misc":{"Escrito por":"Luiz Alexandre Marinho Lanzoni","Est. tempo de leitura":"3 minutos"},"schema":{"@context":"https:\/\/schema.org","@graph":[{"@type":"Article","@id":"https:\/\/unisale.com.br\/novo\/20-02-sede-misericordiosos-como-tambem-o-vosso-pai-e-misericordioso\/#article","isPartOf":{"@id":"https:\/\/unisale.com.br\/novo\/20-02-sede-misericordiosos-como-tambem-o-vosso-pai-e-misericordioso\/"},"author":{"name":"Luiz Alexandre Marinho Lanzoni","@id":"https:\/\/unisale.com.br\/pastoral\/#\/schema\/person\/492d3d7bfe53a8302576d39485aff2c4"},"headline":"20\/02 &#8211; Sede misericordiosos, como tamb\u00e9m o vosso Pai \u00e9 misericordioso.","datePublished":"2022-02-18T11:04:23+00:00","mainEntityOfPage":{"@id":"https:\/\/unisale.com.br\/novo\/20-02-sede-misericordiosos-como-tambem-o-vosso-pai-e-misericordioso\/"},"wordCount":668,"image":{"@id":"https:\/\/unisale.com.br\/novo\/20-02-sede-misericordiosos-como-tambem-o-vosso-pai-e-misericordioso\/#primaryimage"},"thumbnailUrl":"https:\/\/unisale.com.br\/pastoral\/wp-content\/uploads\/2022\/02\/Ev-20.jpg","articleSection":["Reflex\u00e3o do Evangelho"],"inLanguage":"pt-BR"},{"@type":"WebPage","@id":"https:\/\/unisale.com.br\/novo\/20-02-sede-misericordiosos-como-tambem-o-vosso-pai-e-misericordioso\/","url":"https:\/\/unisale.com.br\/novo\/20-02-sede-misericordiosos-como-tambem-o-vosso-pai-e-misericordioso\/","name":"20\/02 - Sede misericordiosos, como tamb\u00e9m o vosso Pai \u00e9 misericordioso. - Pastoral Universit\u00e1ria UniSALESIANO","isPartOf":{"@id":"https:\/\/unisale.com.br\/pastoral\/#website"},"primaryImageOfPage":{"@id":"https:\/\/unisale.com.br\/novo\/20-02-sede-misericordiosos-como-tambem-o-vosso-pai-e-misericordioso\/#primaryimage"},"image":{"@id":"https:\/\/unisale.com.br\/novo\/20-02-sede-misericordiosos-como-tambem-o-vosso-pai-e-misericordioso\/#primaryimage"},"thumbnailUrl":"https:\/\/unisale.com.br\/pastoral\/wp-content\/uploads\/2022\/02\/Ev-20.jpg","datePublished":"2022-02-18T11:04:23+00:00","author":{"@id":"https:\/\/unisale.com.br\/pastoral\/#\/schema\/person\/492d3d7bfe53a8302576d39485aff2c4"},"inLanguage":"pt-BR","potentialAction":[{"@type":"ReadAction","target":["https:\/\/unisale.com.br\/novo\/20-02-sede-misericordiosos-como-tambem-o-vosso-pai-e-misericordioso\/"]}]},{"@type":"ImageObject","inLanguage":"pt-BR","@id":"https:\/\/unisale.com.br\/novo\/20-02-sede-misericordiosos-como-tambem-o-vosso-pai-e-misericordioso\/#primaryimage","url":"https:\/\/unisale.com.br\/pastoral\/wp-content\/uploads\/2022\/02\/Ev-20.jpg","contentUrl":"https:\/\/unisale.com.br\/pastoral\/wp-content\/uploads\/2022\/02\/Ev-20.jpg","width":612,"height":418},{"@type":"WebSite","@id":"https:\/\/unisale.com.br\/pastoral\/#website","url":"https:\/\/unisale.com.br\/pastoral\/","name":"Pastoral Universit\u00e1ria UniSALESIANO","description":"Site da Pastoral Universit\u00e1ria do UniSALESIANO","potentialAction":[{"@type":"SearchAction","target":{"@type":"EntryPoint","urlTemplate":"https:\/\/unisale.com.br\/pastoral\/?s={search_term_string}"},"query-input":{"@type":"PropertyValueSpecification","valueRequired":true,"valueName":"search_term_string"}}],"inLanguage":"pt-BR"},{"@type":"Person","@id":"https:\/\/unisale.com.br\/pastoral\/#\/schema\/person\/492d3d7bfe53a8302576d39485aff2c4","name":"Luiz Alexandre Marinho Lanzoni","url":"https:\/\/unisale.com.br\/pastoral\/author\/luiz\/"}]}},"_links":{"self":[{"href":"https:\/\/unisale.com.br\/pastoral\/wp-json\/wp\/v2\/posts\/3859","targetHints":{"allow":["GET"]}}],"collection":[{"href":"https:\/\/unisale.com.br\/pastoral\/wp-json\/wp\/v2\/posts"}],"about":[{"href":"https:\/\/unisale.com.br\/pastoral\/wp-json\/wp\/v2\/types\/post"}],"author":[{"embeddable":true,"href":"https:\/\/unisale.com.br\/pastoral\/wp-json\/wp\/v2\/users\/6"}],"replies":[{"embeddable":true,"href":"https:\/\/unisale.com.br\/pastoral\/wp-json\/wp\/v2\/comments?post=3859"}],"version-history":[{"count":0,"href":"https:\/\/unisale.com.br\/pastoral\/wp-json\/wp\/v2\/posts\/3859\/revisions"}],"wp:featuredmedia":[{"embeddable":true,"href":"https:\/\/unisale.com.br\/pastoral\/wp-json\/wp\/v2\/media\/3860"}],"wp:attachment":[{"href":"https:\/\/unisale.com.br\/pastoral\/wp-json\/wp\/v2\/media?parent=3859"}],"wp:term":[{"taxonomy":"category","embeddable":true,"href":"https:\/\/unisale.com.br\/pastoral\/wp-json\/wp\/v2\/categories?post=3859"},{"taxonomy":"post_tag","embeddable":true,"href":"https:\/\/unisale.com.br\/pastoral\/wp-json\/wp\/v2\/tags?post=3859"}],"curies":[{"name":"wp","href":"https:\/\/api.w.org\/{rel}","templated":true}]}}