{"id":3884,"date":"2022-02-23T10:44:33","date_gmt":"2022-02-23T10:44:33","guid":{"rendered":"https:\/\/unisale.com.br\/pastoral\/?p=3884"},"modified":"2022-02-23T10:44:33","modified_gmt":"2022-02-23T10:44:33","slug":"24-02-tende-pois-sal-em-vos-mesmos-e-vivei-em-paz-uns-com-os-outros","status":"publish","type":"post","link":"https:\/\/unisale.com.br\/pastoral\/24-02-tende-pois-sal-em-vos-mesmos-e-vivei-em-paz-uns-com-os-outros\/","title":{"rendered":"24\/02 &#8211; Tende, pois, sal em v\u00f3s mesmos e vivei em paz uns com os outros."},"content":{"rendered":"<p>Quinta-feira, 24 de fevereiro de 2022.<\/p>\n<p>&nbsp;<\/p>\n<p>Evangelho (Mc 9,41-50)<\/p>\n<p>&nbsp;<\/p>\n<p><strong>\u201cTende, pois, sal em v\u00f3s mesmos e vivei em paz uns com os outros\u201d<\/strong><\/p>\n<p>&nbsp;<\/p>\n<p>Naquele tempo, disse Jesus aos seus disc\u00edpulos: <sup>41<\/sup>Quem vos der a beber um copo de \u00e1gua, porque sois de Cristo, n\u00e3o ficar\u00e1 sem receber a sua recompensa. <sup>42<\/sup>E se algu\u00e9m escandalizar um desses pequeninos que creem, melhor seria que fosse jogado no mar com uma pedra de moinho amarrada ao pesco\u00e7o. <sup>43<\/sup>Se tua m\u00e3o te leva a pecar, corta-a! <sup>44<\/sup>\u00c9 melhor entrar na Vida sem uma das m\u00e3os, do que, tendo as duas, ir para o inferno, para o fogo que nunca se apaga. <sup>45<\/sup>Se teu p\u00e9 te leva a pecar, corta-o! <sup>46<\/sup>\u00c9 melhor entrar na Vida sem um dos p\u00e9s, do que, tendo os dois, ser jogado no inferno. <sup>47<\/sup>Se teu olho te leva a pecar, arranca-o! \u00c9 melhor entrar no Reino de Deus com um olho s\u00f3, do que, tendo os dois, ser jogado no inferno, <sup>48<\/sup>\u2018onde o verme deles n\u00e3o morre, e o fogo n\u00e3o se apaga\u2019\u201d. <sup>49<\/sup>Pois todos h\u00e3o de ser salgados pelo fogo. <sup>50<\/sup>Coisa boa \u00e9 o sal. Mas se o sal se tornar insosso, com que lhe restituireis o tempero? Tende, pois, sal em v\u00f3s mesmos e vivei em paz uns com os outros.<\/p>\n<p>&nbsp;<\/p>\n<p><strong>Reflex\u00e3o<\/strong><\/p>\n<p>&nbsp;<\/p>\n<p>N\u00e3o \u00e9 dif\u00edcil constatar que existem muitas pessoas ruins e que seduzem para o mal. Existem tamb\u00e9m situa\u00e7\u00f5es e coisas que possuem a capacidade de seduzir, como por exemplo o \u00e1lcool, a droga, o dinheiro, a desonestidade&#8230; O evangelho diz literalmente que a m\u00e3o \u201cseduz\u201d. Esta \u00e9 uma express\u00e3o metaf\u00f3rica. A m\u00e3o quer significar o trabalho, a obra. Aqui se faz um referimento gen\u00e9rico, a possibilidade de fazer algo que depois venhamos a nos arrepender. \u201cCortar a m\u00e3o significa evitar a ocasi\u00e3o de agir contra a lei de Deus. O prov\u00e9rbio diz claramente: \u201cA ocasi\u00e3o faz o ladr\u00e3o\u201d. Realmente n\u00f3s nos deixamos seduzir quando a ocasi\u00e3o \u00e9 muito f\u00e1cil. Os p\u00e9s s\u00e3o \u00f3rg\u00e3os do movimento. Nos levam de um lugar a outro, a ambientes diversos. O ambiente influencia o homem. Existem lugares que nos d\u00e3o paz e outros que nos perturbam e excitam, assim como existem situa\u00e7\u00f5es que podem nos escandalizar e nos seduzir. Quem tem tend\u00eancia a beber, sabe antecipadamente o que vai acontecer se entrar num bar. Os pais que s\u00e3o prudentes n\u00e3o permitem jamais aos filhos frequentar lugares onde s\u00f3 encontram m\u00e1s influ\u00eancias. Os adultos, no entanto, pensam de poder controlar os pr\u00f3prios instintos. Os mais fortes tamb\u00e9m j\u00e1 foram seduzidos. \u00c9 importante fugir das ocasi\u00f5es. \u00c9 sinal de sabedoria e n\u00e3o de covardia. Um prov\u00e9rbio antigo diz: \u201cN\u00e3o h\u00e1 nada na mente se antes n\u00e3o estava nos olhos\u201d. Primeiro vejo e depois me interesso. O olhar pode causar uma grave tenta\u00e7\u00e3o, mas n\u00f3s temos a liberdade de resistir. O ensinamento \u00e9 muito atual na sociedade de hoje: Quem n\u00e3o aprende a dominar os olhos, tamb\u00e9m se n\u00e3o comete graves erros, n\u00e3o encontra jamais a paz.<\/p>\n<p>&nbsp;<\/p>\n<p><strong>Pe. Paulo Eduardo J\u00e1como, sdb.<\/strong><\/p>\n","protected":false},"excerpt":{"rendered":"<p>Quinta-feira, 24 de fevereiro de 2022. &nbsp; Evangelho (Mc 9,41-50) &nbsp; \u201cTende, pois, sal em v\u00f3s mesmos e vivei em paz uns com os outros\u201d&#8230;<\/p>\n","protected":false},"author":6,"featured_media":3885,"comment_status":"closed","ping_status":"closed","sticky":false,"template":"","format":"standard","meta":{"_acf_changed":false,"footnotes":""},"categories":[13],"tags":[],"class_list":["post-3884","post","type-post","status-publish","format-standard","has-post-thumbnail","hentry","category-reflexaodoevagelho"],"acf":[],"yoast_head":"<!-- This site is optimized with the Yoast SEO plugin v27.3 - https:\/\/yoast.com\/product\/yoast-seo-wordpress\/ -->\n<title>24\/02 - Tende, pois, sal em v\u00f3s mesmos e vivei em paz uns com os outros. - Pastoral Universit\u00e1ria UniSALESIANO<\/title>\n<meta name=\"robots\" content=\"index, follow, max-snippet:-1, max-image-preview:large, max-video-preview:-1\" \/>\n<link rel=\"canonical\" href=\"https:\/\/unisale.com.br\/novo\/24-02-tende-pois-sal-em-vos-mesmos-e-vivei-em-paz-uns-com-os-outros\/\" \/>\n<meta property=\"og:locale\" content=\"pt_BR\" \/>\n<meta property=\"og:type\" content=\"article\" \/>\n<meta property=\"og:title\" content=\"24\/02 - Tende, pois, sal em v\u00f3s mesmos e vivei em paz uns com os outros. - Pastoral Universit\u00e1ria UniSALESIANO\" \/>\n<meta property=\"og:description\" content=\"Quinta-feira, 24 de fevereiro de 2022. &nbsp; Evangelho (Mc 9,41-50) &nbsp; \u201cTende, pois, sal em v\u00f3s mesmos e vivei em paz uns com os outros\u201d...\" \/>\n<meta property=\"og:url\" content=\"https:\/\/unisale.com.br\/novo\/24-02-tende-pois-sal-em-vos-mesmos-e-vivei-em-paz-uns-com-os-outros\/\" \/>\n<meta property=\"og:site_name\" content=\"Pastoral Universit\u00e1ria UniSALESIANO\" \/>\n<meta property=\"article:published_time\" content=\"2022-02-23T10:44:33+00:00\" \/>\n<meta property=\"og:image\" content=\"https:\/\/unisale.com.br\/novo\/wp-content\/uploads\/2022\/02\/Ev-24.jpg\" \/>\n\t<meta property=\"og:image:width\" content=\"400\" \/>\n\t<meta property=\"og:image:height\" content=\"300\" \/>\n\t<meta property=\"og:image:type\" content=\"image\/jpeg\" \/>\n<meta name=\"author\" content=\"Luiz Alexandre Marinho Lanzoni\" \/>\n<meta name=\"twitter:card\" content=\"summary_large_image\" \/>\n<meta name=\"twitter:label1\" content=\"Escrito por\" \/>\n\t<meta name=\"twitter:data1\" content=\"Luiz Alexandre Marinho Lanzoni\" \/>\n\t<meta name=\"twitter:label2\" content=\"Est. tempo de leitura\" \/>\n\t<meta name=\"twitter:data2\" content=\"3 minutos\" \/>\n<script type=\"application\/ld+json\" class=\"yoast-schema-graph\">{\"@context\":\"https:\\\/\\\/schema.org\",\"@graph\":[{\"@type\":\"Article\",\"@id\":\"https:\\\/\\\/unisale.com.br\\\/novo\\\/24-02-tende-pois-sal-em-vos-mesmos-e-vivei-em-paz-uns-com-os-outros\\\/#article\",\"isPartOf\":{\"@id\":\"https:\\\/\\\/unisale.com.br\\\/novo\\\/24-02-tende-pois-sal-em-vos-mesmos-e-vivei-em-paz-uns-com-os-outros\\\/\"},\"author\":{\"name\":\"Luiz Alexandre Marinho Lanzoni\",\"@id\":\"https:\\\/\\\/unisale.com.br\\\/pastoral\\\/#\\\/schema\\\/person\\\/492d3d7bfe53a8302576d39485aff2c4\"},\"headline\":\"24\\\/02 &#8211; Tende, pois, sal em v\u00f3s mesmos e vivei em paz uns com os outros.\",\"datePublished\":\"2022-02-23T10:44:33+00:00\",\"mainEntityOfPage\":{\"@id\":\"https:\\\/\\\/unisale.com.br\\\/novo\\\/24-02-tende-pois-sal-em-vos-mesmos-e-vivei-em-paz-uns-com-os-outros\\\/\"},\"wordCount\":562,\"image\":{\"@id\":\"https:\\\/\\\/unisale.com.br\\\/novo\\\/24-02-tende-pois-sal-em-vos-mesmos-e-vivei-em-paz-uns-com-os-outros\\\/#primaryimage\"},\"thumbnailUrl\":\"https:\\\/\\\/unisale.com.br\\\/pastoral\\\/wp-content\\\/uploads\\\/2022\\\/02\\\/Ev-24.jpg\",\"articleSection\":[\"Reflex\u00e3o do Evangelho\"],\"inLanguage\":\"pt-BR\"},{\"@type\":\"WebPage\",\"@id\":\"https:\\\/\\\/unisale.com.br\\\/novo\\\/24-02-tende-pois-sal-em-vos-mesmos-e-vivei-em-paz-uns-com-os-outros\\\/\",\"url\":\"https:\\\/\\\/unisale.com.br\\\/novo\\\/24-02-tende-pois-sal-em-vos-mesmos-e-vivei-em-paz-uns-com-os-outros\\\/\",\"name\":\"24\\\/02 - Tende, pois, sal em v\u00f3s mesmos e vivei em paz uns com os outros. - Pastoral Universit\u00e1ria UniSALESIANO\",\"isPartOf\":{\"@id\":\"https:\\\/\\\/unisale.com.br\\\/pastoral\\\/#website\"},\"primaryImageOfPage\":{\"@id\":\"https:\\\/\\\/unisale.com.br\\\/novo\\\/24-02-tende-pois-sal-em-vos-mesmos-e-vivei-em-paz-uns-com-os-outros\\\/#primaryimage\"},\"image\":{\"@id\":\"https:\\\/\\\/unisale.com.br\\\/novo\\\/24-02-tende-pois-sal-em-vos-mesmos-e-vivei-em-paz-uns-com-os-outros\\\/#primaryimage\"},\"thumbnailUrl\":\"https:\\\/\\\/unisale.com.br\\\/pastoral\\\/wp-content\\\/uploads\\\/2022\\\/02\\\/Ev-24.jpg\",\"datePublished\":\"2022-02-23T10:44:33+00:00\",\"author\":{\"@id\":\"https:\\\/\\\/unisale.com.br\\\/pastoral\\\/#\\\/schema\\\/person\\\/492d3d7bfe53a8302576d39485aff2c4\"},\"inLanguage\":\"pt-BR\",\"potentialAction\":[{\"@type\":\"ReadAction\",\"target\":[\"https:\\\/\\\/unisale.com.br\\\/novo\\\/24-02-tende-pois-sal-em-vos-mesmos-e-vivei-em-paz-uns-com-os-outros\\\/\"]}]},{\"@type\":\"ImageObject\",\"inLanguage\":\"pt-BR\",\"@id\":\"https:\\\/\\\/unisale.com.br\\\/novo\\\/24-02-tende-pois-sal-em-vos-mesmos-e-vivei-em-paz-uns-com-os-outros\\\/#primaryimage\",\"url\":\"https:\\\/\\\/unisale.com.br\\\/pastoral\\\/wp-content\\\/uploads\\\/2022\\\/02\\\/Ev-24.jpg\",\"contentUrl\":\"https:\\\/\\\/unisale.com.br\\\/pastoral\\\/wp-content\\\/uploads\\\/2022\\\/02\\\/Ev-24.jpg\",\"width\":400,\"height\":300},{\"@type\":\"WebSite\",\"@id\":\"https:\\\/\\\/unisale.com.br\\\/pastoral\\\/#website\",\"url\":\"https:\\\/\\\/unisale.com.br\\\/pastoral\\\/\",\"name\":\"Pastoral Universit\u00e1ria UniSALESIANO\",\"description\":\"Site da Pastoral Universit\u00e1ria do UniSALESIANO\",\"potentialAction\":[{\"@type\":\"SearchAction\",\"target\":{\"@type\":\"EntryPoint\",\"urlTemplate\":\"https:\\\/\\\/unisale.com.br\\\/pastoral\\\/?s={search_term_string}\"},\"query-input\":{\"@type\":\"PropertyValueSpecification\",\"valueRequired\":true,\"valueName\":\"search_term_string\"}}],\"inLanguage\":\"pt-BR\"},{\"@type\":\"Person\",\"@id\":\"https:\\\/\\\/unisale.com.br\\\/pastoral\\\/#\\\/schema\\\/person\\\/492d3d7bfe53a8302576d39485aff2c4\",\"name\":\"Luiz Alexandre Marinho Lanzoni\",\"url\":\"https:\\\/\\\/unisale.com.br\\\/pastoral\\\/author\\\/luiz\\\/\"}]}<\/script>\n<!-- \/ Yoast SEO plugin. -->","yoast_head_json":{"title":"24\/02 - Tende, pois, sal em v\u00f3s mesmos e vivei em paz uns com os outros. - Pastoral Universit\u00e1ria UniSALESIANO","robots":{"index":"index","follow":"follow","max-snippet":"max-snippet:-1","max-image-preview":"max-image-preview:large","max-video-preview":"max-video-preview:-1"},"canonical":"https:\/\/unisale.com.br\/novo\/24-02-tende-pois-sal-em-vos-mesmos-e-vivei-em-paz-uns-com-os-outros\/","og_locale":"pt_BR","og_type":"article","og_title":"24\/02 - Tende, pois, sal em v\u00f3s mesmos e vivei em paz uns com os outros. - Pastoral Universit\u00e1ria UniSALESIANO","og_description":"Quinta-feira, 24 de fevereiro de 2022. &nbsp; Evangelho (Mc 9,41-50) &nbsp; \u201cTende, pois, sal em v\u00f3s mesmos e vivei em paz uns com os outros\u201d...","og_url":"https:\/\/unisale.com.br\/novo\/24-02-tende-pois-sal-em-vos-mesmos-e-vivei-em-paz-uns-com-os-outros\/","og_site_name":"Pastoral Universit\u00e1ria UniSALESIANO","article_published_time":"2022-02-23T10:44:33+00:00","og_image":[{"width":400,"height":300,"url":"https:\/\/unisale.com.br\/novo\/wp-content\/uploads\/2022\/02\/Ev-24.jpg","type":"image\/jpeg"}],"author":"Luiz Alexandre Marinho Lanzoni","twitter_card":"summary_large_image","twitter_misc":{"Escrito por":"Luiz Alexandre Marinho Lanzoni","Est. tempo de leitura":"3 minutos"},"schema":{"@context":"https:\/\/schema.org","@graph":[{"@type":"Article","@id":"https:\/\/unisale.com.br\/novo\/24-02-tende-pois-sal-em-vos-mesmos-e-vivei-em-paz-uns-com-os-outros\/#article","isPartOf":{"@id":"https:\/\/unisale.com.br\/novo\/24-02-tende-pois-sal-em-vos-mesmos-e-vivei-em-paz-uns-com-os-outros\/"},"author":{"name":"Luiz Alexandre Marinho Lanzoni","@id":"https:\/\/unisale.com.br\/pastoral\/#\/schema\/person\/492d3d7bfe53a8302576d39485aff2c4"},"headline":"24\/02 &#8211; Tende, pois, sal em v\u00f3s mesmos e vivei em paz uns com os outros.","datePublished":"2022-02-23T10:44:33+00:00","mainEntityOfPage":{"@id":"https:\/\/unisale.com.br\/novo\/24-02-tende-pois-sal-em-vos-mesmos-e-vivei-em-paz-uns-com-os-outros\/"},"wordCount":562,"image":{"@id":"https:\/\/unisale.com.br\/novo\/24-02-tende-pois-sal-em-vos-mesmos-e-vivei-em-paz-uns-com-os-outros\/#primaryimage"},"thumbnailUrl":"https:\/\/unisale.com.br\/pastoral\/wp-content\/uploads\/2022\/02\/Ev-24.jpg","articleSection":["Reflex\u00e3o do Evangelho"],"inLanguage":"pt-BR"},{"@type":"WebPage","@id":"https:\/\/unisale.com.br\/novo\/24-02-tende-pois-sal-em-vos-mesmos-e-vivei-em-paz-uns-com-os-outros\/","url":"https:\/\/unisale.com.br\/novo\/24-02-tende-pois-sal-em-vos-mesmos-e-vivei-em-paz-uns-com-os-outros\/","name":"24\/02 - Tende, pois, sal em v\u00f3s mesmos e vivei em paz uns com os outros. - Pastoral Universit\u00e1ria UniSALESIANO","isPartOf":{"@id":"https:\/\/unisale.com.br\/pastoral\/#website"},"primaryImageOfPage":{"@id":"https:\/\/unisale.com.br\/novo\/24-02-tende-pois-sal-em-vos-mesmos-e-vivei-em-paz-uns-com-os-outros\/#primaryimage"},"image":{"@id":"https:\/\/unisale.com.br\/novo\/24-02-tende-pois-sal-em-vos-mesmos-e-vivei-em-paz-uns-com-os-outros\/#primaryimage"},"thumbnailUrl":"https:\/\/unisale.com.br\/pastoral\/wp-content\/uploads\/2022\/02\/Ev-24.jpg","datePublished":"2022-02-23T10:44:33+00:00","author":{"@id":"https:\/\/unisale.com.br\/pastoral\/#\/schema\/person\/492d3d7bfe53a8302576d39485aff2c4"},"inLanguage":"pt-BR","potentialAction":[{"@type":"ReadAction","target":["https:\/\/unisale.com.br\/novo\/24-02-tende-pois-sal-em-vos-mesmos-e-vivei-em-paz-uns-com-os-outros\/"]}]},{"@type":"ImageObject","inLanguage":"pt-BR","@id":"https:\/\/unisale.com.br\/novo\/24-02-tende-pois-sal-em-vos-mesmos-e-vivei-em-paz-uns-com-os-outros\/#primaryimage","url":"https:\/\/unisale.com.br\/pastoral\/wp-content\/uploads\/2022\/02\/Ev-24.jpg","contentUrl":"https:\/\/unisale.com.br\/pastoral\/wp-content\/uploads\/2022\/02\/Ev-24.jpg","width":400,"height":300},{"@type":"WebSite","@id":"https:\/\/unisale.com.br\/pastoral\/#website","url":"https:\/\/unisale.com.br\/pastoral\/","name":"Pastoral Universit\u00e1ria UniSALESIANO","description":"Site da Pastoral Universit\u00e1ria do UniSALESIANO","potentialAction":[{"@type":"SearchAction","target":{"@type":"EntryPoint","urlTemplate":"https:\/\/unisale.com.br\/pastoral\/?s={search_term_string}"},"query-input":{"@type":"PropertyValueSpecification","valueRequired":true,"valueName":"search_term_string"}}],"inLanguage":"pt-BR"},{"@type":"Person","@id":"https:\/\/unisale.com.br\/pastoral\/#\/schema\/person\/492d3d7bfe53a8302576d39485aff2c4","name":"Luiz Alexandre Marinho Lanzoni","url":"https:\/\/unisale.com.br\/pastoral\/author\/luiz\/"}]}},"_links":{"self":[{"href":"https:\/\/unisale.com.br\/pastoral\/wp-json\/wp\/v2\/posts\/3884","targetHints":{"allow":["GET"]}}],"collection":[{"href":"https:\/\/unisale.com.br\/pastoral\/wp-json\/wp\/v2\/posts"}],"about":[{"href":"https:\/\/unisale.com.br\/pastoral\/wp-json\/wp\/v2\/types\/post"}],"author":[{"embeddable":true,"href":"https:\/\/unisale.com.br\/pastoral\/wp-json\/wp\/v2\/users\/6"}],"replies":[{"embeddable":true,"href":"https:\/\/unisale.com.br\/pastoral\/wp-json\/wp\/v2\/comments?post=3884"}],"version-history":[{"count":0,"href":"https:\/\/unisale.com.br\/pastoral\/wp-json\/wp\/v2\/posts\/3884\/revisions"}],"wp:featuredmedia":[{"embeddable":true,"href":"https:\/\/unisale.com.br\/pastoral\/wp-json\/wp\/v2\/media\/3885"}],"wp:attachment":[{"href":"https:\/\/unisale.com.br\/pastoral\/wp-json\/wp\/v2\/media?parent=3884"}],"wp:term":[{"taxonomy":"category","embeddable":true,"href":"https:\/\/unisale.com.br\/pastoral\/wp-json\/wp\/v2\/categories?post=3884"},{"taxonomy":"post_tag","embeddable":true,"href":"https:\/\/unisale.com.br\/pastoral\/wp-json\/wp\/v2\/tags?post=3884"}],"curies":[{"name":"wp","href":"https:\/\/api.w.org\/{rel}","templated":true}]}}