{"id":3896,"date":"2022-02-24T13:24:09","date_gmt":"2022-02-24T13:24:09","guid":{"rendered":"https:\/\/unisale.com.br\/pastoral\/?p=3896"},"modified":"2022-02-24T13:24:09","modified_gmt":"2022-02-24T13:24:09","slug":"academicos-do-curso-de-medicina-do-unisalesiano-participam-da-missa-do-cadaver","status":"publish","type":"post","link":"https:\/\/unisale.com.br\/pastoral\/academicos-do-curso-de-medicina-do-unisalesiano-participam-da-missa-do-cadaver\/","title":{"rendered":"Acad\u00eamicos do Curso de Medicina do UniSALESIANO participam da Missa do Cad\u00e1ver"},"content":{"rendered":"<h4><img fetchpriority=\"high\" decoding=\"async\" class=\"alignnone wp-image-3900 size-full\" src=\"https:\/\/unisale.com.br\/pastoral\/wp-content\/uploads\/2022\/02\/UniSALESIANO-Missa-do-Cadaver-4-scaled.jpg\" alt=\"\" width=\"2560\" height=\"1707\" srcset=\"https:\/\/unisale.com.br\/pastoral\/wp-content\/uploads\/2022\/02\/UniSALESIANO-Missa-do-Cadaver-4-scaled.jpg 750w, https:\/\/unisale.com.br\/pastoral\/wp-content\/uploads\/2022\/02\/UniSALESIANO-Missa-do-Cadaver-4-300x200.jpg 300w, https:\/\/unisale.com.br\/pastoral\/wp-content\/uploads\/2022\/02\/UniSALESIANO-Missa-do-Cadaver-4-1024x683.jpg 1024w, https:\/\/unisale.com.br\/pastoral\/wp-content\/uploads\/2022\/02\/UniSALESIANO-Missa-do-Cadaver-4-768x512.jpg 768w, https:\/\/unisale.com.br\/pastoral\/wp-content\/uploads\/2022\/02\/UniSALESIANO-Missa-do-Cadaver-4-1536x1024.jpg 1536w, https:\/\/unisale.com.br\/pastoral\/wp-content\/uploads\/2022\/02\/UniSALESIANO-Missa-do-Cadaver-4-2048x1365.jpg 2048w, https:\/\/unisale.com.br\/pastoral\/wp-content\/uploads\/2022\/02\/UniSALESIANO-Missa-do-Cadaver-4-930x620.jpg 930w\" sizes=\"(max-width: 2560px) 100vw, 2560px\" \/><\/h4>\n<h4><em>A cerim\u00f4nia \u00e9 muito importante do ponto de vista \u00e9tico e humano<\/em><\/h4>\n<p>Ap\u00f3s o per\u00edodo de pandemia, acad\u00eamicos do\u00a0Curso de Medicina do UniSALESIANO\u00a0participaram da\u00a0Missa do Cad\u00e1ver, uma cerim\u00f4nia celebrada em respeito e homenagem aos corpos doados \u00e0 Institui\u00e7\u00e3o para fins de pesquisa e realiza\u00e7\u00e3o de estudos.<\/p>\n<p>A cerim\u00f4nia foi conduzida pelo\u00a0Pr\u00f3-Reitor de Pastoral, Pe. Paulo J\u00e1como, no Laborat\u00f3rio de Anatomia Humana, na tarde do dia 21 de fevereiro. \u201cA celebra\u00e7\u00e3o da Eucaristia \u00e9 um gesto de a\u00e7\u00e3o de gra\u00e7as. Ent\u00e3o, agradecemos aqui, a Deus, pelo dom da vida\u201d, disse Pe. Paulo.<\/p>\n<p>Presente tamb\u00e9m no evento, a\u00a0Coordenadora do Laborat\u00f3rio e docente da Disciplina de Anatomia, Prof.\u00aa Simone Galbiati Ter\u00e7ariol, disse que, independente de religi\u00f5es e cren\u00e7as, a cerim\u00f4nia \u00e9 muito importante do ponto de vista \u00e9tico e humano.<\/p>\n<p>\u201cPara a comunidade, eles s\u00e3o an\u00f4nimos, mas isso n\u00e3o significa que n\u00e3o tiveram um nome, uma hist\u00f3ria de vida. Se tratando do corpo de uma pessoa, ele merece ser respeitado e o maior bem que podemos oferecer a eles, \u00e9 uma ora\u00e7\u00e3o\u201d, destacou.<\/p>\n<h4><strong>ORA\u00c7\u00c3O DO CAD\u00c1VER<\/strong><\/h4>\n<p>O laborat\u00f3rio de Anatomia Humana apresenta uma Ora\u00e7\u00e3o do Cad\u00e1ver, afixada na parede, que foi escrita pelo m\u00e9dico patologista e fil\u00f3sofo austr\u00edaco Karl Rokitansky, no s\u00e9culo 19.<\/p>\n<p>\u201cAo curvar-te com a l\u00e2mina rija de teu bisturi sobre o cad\u00e1ver desconhecido, lembra-te que este corpo nasceu do amor de duas almas; cresceu embalado pela f\u00e9 e esperan\u00e7a daquela que, em seu seio, o agasalhou; sorriu e sonhou os mesmos sonhos das crian\u00e7as e dos jovens; por certo, amou e foi amado e sentiu saudades dos outros que partiram; acalentou um amanh\u00e3 feliz e, agora, jaz na fria lousa, sem que por ele tivesse derramado uma l\u00e1grima sequer, sem que tivesse uma s\u00f3 prece. Seu nome, s\u00f3 Deus o sabe; mas o destino inexor\u00e1vel deu-lhe o poder e a grandeza de servir a humanidade que, por ele, passou indiferente\u201d.<\/p>\n\n\t\t<style type=\"text\/css\">\n\t\t\t#gallery-1 {\n\t\t\t\tmargin: auto;\n\t\t\t}\n\t\t\t#gallery-1 .gallery-item {\n\t\t\t\tfloat: left;\n\t\t\t\tmargin-top: 10px;\n\t\t\t\ttext-align: center;\n\t\t\t\twidth: 33%;\n\t\t\t}\n\t\t\t#gallery-1 img {\n\t\t\t\tborder: 2px solid #cfcfcf;\n\t\t\t}\n\t\t\t#gallery-1 .gallery-caption {\n\t\t\t\tmargin-left: 0;\n\t\t\t}\n\t\t\t\/* see gallery_shortcode() in wp-includes\/media.php *\/\n\t\t<\/style>\n\t\t<div id='gallery-1' class='gallery galleryid-3896 gallery-columns-3 gallery-size-large'><dl class='gallery-item'>\n\t\t\t<dt class='gallery-icon landscape'>\n\t\t\t\t<a href='https:\/\/unisale.com.br\/pastoral\/academicos-do-curso-de-medicina-do-unisalesiano-participam-da-missa-do-cadaver\/unisalesiano-missa-do-cadaver-1\/'><img decoding=\"async\" width=\"1024\" height=\"683\" src=\"https:\/\/unisale.com.br\/pastoral\/wp-content\/uploads\/2022\/02\/UniSALESIANO-Missa-do-Cadaver-1-1024x683.jpg\" class=\"attachment-large size-large\" alt=\"\" srcset=\"https:\/\/unisale.com.br\/pastoral\/wp-content\/uploads\/2022\/02\/UniSALESIANO-Missa-do-Cadaver-1-1024x683.jpg 1024w, https:\/\/unisale.com.br\/pastoral\/wp-content\/uploads\/2022\/02\/UniSALESIANO-Missa-do-Cadaver-1-300x200.jpg 300w, https:\/\/unisale.com.br\/pastoral\/wp-content\/uploads\/2022\/02\/UniSALESIANO-Missa-do-Cadaver-1-768x512.jpg 768w, https:\/\/unisale.com.br\/pastoral\/wp-content\/uploads\/2022\/02\/UniSALESIANO-Missa-do-Cadaver-1-1536x1024.jpg 1536w, https:\/\/unisale.com.br\/pastoral\/wp-content\/uploads\/2022\/02\/UniSALESIANO-Missa-do-Cadaver-1-2048x1365.jpg 2048w, https:\/\/unisale.com.br\/pastoral\/wp-content\/uploads\/2022\/02\/UniSALESIANO-Missa-do-Cadaver-1-930x620.jpg 930w, https:\/\/unisale.com.br\/pastoral\/wp-content\/uploads\/2022\/02\/UniSALESIANO-Missa-do-Cadaver-1-scaled.jpg 750w\" sizes=\"(max-width: 1024px) 100vw, 1024px\" \/><\/a>\n\t\t\t<\/dt><\/dl><dl class='gallery-item'>\n\t\t\t<dt class='gallery-icon landscape'>\n\t\t\t\t<a href='https:\/\/unisale.com.br\/pastoral\/academicos-do-curso-de-medicina-do-unisalesiano-participam-da-missa-do-cadaver\/unisalesiano-missa-do-cadaver-2\/'><img decoding=\"async\" width=\"1024\" height=\"683\" src=\"https:\/\/unisale.com.br\/pastoral\/wp-content\/uploads\/2022\/02\/UniSALESIANO-Missa-do-Cadaver-2-1024x683.jpg\" class=\"attachment-large size-large\" alt=\"\" srcset=\"https:\/\/unisale.com.br\/pastoral\/wp-content\/uploads\/2022\/02\/UniSALESIANO-Missa-do-Cadaver-2-1024x683.jpg 1024w, https:\/\/unisale.com.br\/pastoral\/wp-content\/uploads\/2022\/02\/UniSALESIANO-Missa-do-Cadaver-2-300x200.jpg 300w, https:\/\/unisale.com.br\/pastoral\/wp-content\/uploads\/2022\/02\/UniSALESIANO-Missa-do-Cadaver-2-768x512.jpg 768w, https:\/\/unisale.com.br\/pastoral\/wp-content\/uploads\/2022\/02\/UniSALESIANO-Missa-do-Cadaver-2-1536x1024.jpg 1536w, https:\/\/unisale.com.br\/pastoral\/wp-content\/uploads\/2022\/02\/UniSALESIANO-Missa-do-Cadaver-2-2048x1365.jpg 2048w, https:\/\/unisale.com.br\/pastoral\/wp-content\/uploads\/2022\/02\/UniSALESIANO-Missa-do-Cadaver-2-930x620.jpg 930w, https:\/\/unisale.com.br\/pastoral\/wp-content\/uploads\/2022\/02\/UniSALESIANO-Missa-do-Cadaver-2-scaled.jpg 750w\" sizes=\"(max-width: 1024px) 100vw, 1024px\" \/><\/a>\n\t\t\t<\/dt><\/dl><dl class='gallery-item'>\n\t\t\t<dt class='gallery-icon landscape'>\n\t\t\t\t<a href='https:\/\/unisale.com.br\/pastoral\/academicos-do-curso-de-medicina-do-unisalesiano-participam-da-missa-do-cadaver\/unisalesiano-missa-do-cadaver-3\/'><img loading=\"lazy\" decoding=\"async\" width=\"1024\" height=\"683\" src=\"https:\/\/unisale.com.br\/pastoral\/wp-content\/uploads\/2022\/02\/UniSALESIANO-Missa-do-Cadaver-3-1024x683.jpg\" class=\"attachment-large size-large\" alt=\"\" srcset=\"https:\/\/unisale.com.br\/pastoral\/wp-content\/uploads\/2022\/02\/UniSALESIANO-Missa-do-Cadaver-3-1024x683.jpg 1024w, https:\/\/unisale.com.br\/pastoral\/wp-content\/uploads\/2022\/02\/UniSALESIANO-Missa-do-Cadaver-3-300x200.jpg 300w, https:\/\/unisale.com.br\/pastoral\/wp-content\/uploads\/2022\/02\/UniSALESIANO-Missa-do-Cadaver-3-768x512.jpg 768w, https:\/\/unisale.com.br\/pastoral\/wp-content\/uploads\/2022\/02\/UniSALESIANO-Missa-do-Cadaver-3-1536x1024.jpg 1536w, https:\/\/unisale.com.br\/pastoral\/wp-content\/uploads\/2022\/02\/UniSALESIANO-Missa-do-Cadaver-3-2048x1365.jpg 2048w, https:\/\/unisale.com.br\/pastoral\/wp-content\/uploads\/2022\/02\/UniSALESIANO-Missa-do-Cadaver-3-930x620.jpg 930w, https:\/\/unisale.com.br\/pastoral\/wp-content\/uploads\/2022\/02\/UniSALESIANO-Missa-do-Cadaver-3-scaled.jpg 750w\" sizes=\"(max-width: 1024px) 100vw, 1024px\" \/><\/a>\n\t\t\t<\/dt><\/dl><br style=\"clear: both\" \/>\n\t\t<\/div>\n\n<p><span style=\"font-size: 8pt;\">Fonte: http:\/\/www.missaosalesiana.org.br\/academicos-do-curso-de-medicina-do-unisalesiano-participam-da-missa-do-cadaver\/<\/span><\/p>\n","protected":false},"excerpt":{"rendered":"<p>A cerim\u00f4nia \u00e9 muito importante do ponto de vista \u00e9tico e humano Ap\u00f3s o per\u00edodo de pandemia, acad\u00eamicos do\u00a0Curso de Medicina do UniSALESIANO\u00a0participaram da\u00a0Missa do&#8230;<\/p>\n","protected":false},"author":6,"featured_media":3900,"comment_status":"closed","ping_status":"closed","sticky":false,"template":"","format":"standard","meta":{"_acf_changed":false,"footnotes":""},"categories":[4,3],"tags":[],"class_list":["post-3896","post","type-post","status-publish","format-standard","has-post-thumbnail","hentry","category-event","category-not"],"acf":[],"yoast_head":"<!-- This site is optimized with the Yoast SEO plugin v27.3 - https:\/\/yoast.com\/product\/yoast-seo-wordpress\/ -->\n<title>Acad\u00eamicos do Curso de Medicina do UniSALESIANO participam da Missa do Cad\u00e1ver - Pastoral Universit\u00e1ria UniSALESIANO<\/title>\n<meta name=\"robots\" content=\"index, follow, max-snippet:-1, max-image-preview:large, max-video-preview:-1\" \/>\n<link rel=\"canonical\" href=\"https:\/\/unisale.com.br\/novo\/academicos-do-curso-de-medicina-do-unisalesiano-participam-da-missa-do-cadaver\/\" \/>\n<meta property=\"og:locale\" content=\"pt_BR\" \/>\n<meta property=\"og:type\" content=\"article\" \/>\n<meta property=\"og:title\" content=\"Acad\u00eamicos do Curso de Medicina do UniSALESIANO participam da Missa do Cad\u00e1ver - Pastoral Universit\u00e1ria UniSALESIANO\" \/>\n<meta property=\"og:description\" content=\"A cerim\u00f4nia \u00e9 muito importante do ponto de vista \u00e9tico e humano Ap\u00f3s o per\u00edodo de pandemia, acad\u00eamicos do\u00a0Curso de Medicina do UniSALESIANO\u00a0participaram da\u00a0Missa do...\" \/>\n<meta property=\"og:url\" content=\"https:\/\/unisale.com.br\/novo\/academicos-do-curso-de-medicina-do-unisalesiano-participam-da-missa-do-cadaver\/\" \/>\n<meta property=\"og:site_name\" content=\"Pastoral Universit\u00e1ria UniSALESIANO\" \/>\n<meta property=\"article:published_time\" content=\"2022-02-24T13:24:09+00:00\" \/>\n<meta property=\"og:image\" content=\"https:\/\/unisale.com.br\/novo\/wp-content\/uploads\/2022\/02\/UniSALESIANO-Missa-do-Cadaver-4-scaled.jpg\" \/>\n\t<meta property=\"og:image:width\" content=\"2560\" \/>\n\t<meta property=\"og:image:height\" content=\"1707\" \/>\n\t<meta property=\"og:image:type\" content=\"image\/jpeg\" \/>\n<meta name=\"author\" content=\"Luiz Alexandre Marinho Lanzoni\" \/>\n<meta name=\"twitter:card\" content=\"summary_large_image\" \/>\n<meta name=\"twitter:label1\" content=\"Escrito por\" \/>\n\t<meta name=\"twitter:data1\" content=\"Luiz Alexandre Marinho Lanzoni\" \/>\n\t<meta name=\"twitter:label2\" content=\"Est. tempo de leitura\" \/>\n\t<meta name=\"twitter:data2\" content=\"2 minutos\" \/>\n<script type=\"application\/ld+json\" class=\"yoast-schema-graph\">{\"@context\":\"https:\\\/\\\/schema.org\",\"@graph\":[{\"@type\":\"Article\",\"@id\":\"https:\\\/\\\/unisale.com.br\\\/novo\\\/academicos-do-curso-de-medicina-do-unisalesiano-participam-da-missa-do-cadaver\\\/#article\",\"isPartOf\":{\"@id\":\"https:\\\/\\\/unisale.com.br\\\/novo\\\/academicos-do-curso-de-medicina-do-unisalesiano-participam-da-missa-do-cadaver\\\/\"},\"author\":{\"name\":\"Luiz Alexandre Marinho Lanzoni\",\"@id\":\"https:\\\/\\\/unisale.com.br\\\/pastoral\\\/#\\\/schema\\\/person\\\/492d3d7bfe53a8302576d39485aff2c4\"},\"headline\":\"Acad\u00eamicos do Curso de Medicina do UniSALESIANO participam da Missa do Cad\u00e1ver\",\"datePublished\":\"2022-02-24T13:24:09+00:00\",\"mainEntityOfPage\":{\"@id\":\"https:\\\/\\\/unisale.com.br\\\/novo\\\/academicos-do-curso-de-medicina-do-unisalesiano-participam-da-missa-do-cadaver\\\/\"},\"wordCount\":376,\"image\":{\"@id\":\"https:\\\/\\\/unisale.com.br\\\/novo\\\/academicos-do-curso-de-medicina-do-unisalesiano-participam-da-missa-do-cadaver\\\/#primaryimage\"},\"thumbnailUrl\":\"https:\\\/\\\/unisale.com.br\\\/pastoral\\\/wp-content\\\/uploads\\\/2022\\\/02\\\/UniSALESIANO-Missa-do-Cadaver-4-scaled.jpg\",\"articleSection\":[\"Eventos\",\"Not\u00edcias\"],\"inLanguage\":\"pt-BR\"},{\"@type\":\"WebPage\",\"@id\":\"https:\\\/\\\/unisale.com.br\\\/novo\\\/academicos-do-curso-de-medicina-do-unisalesiano-participam-da-missa-do-cadaver\\\/\",\"url\":\"https:\\\/\\\/unisale.com.br\\\/novo\\\/academicos-do-curso-de-medicina-do-unisalesiano-participam-da-missa-do-cadaver\\\/\",\"name\":\"Acad\u00eamicos do Curso de Medicina do UniSALESIANO participam da Missa do Cad\u00e1ver - Pastoral Universit\u00e1ria UniSALESIANO\",\"isPartOf\":{\"@id\":\"https:\\\/\\\/unisale.com.br\\\/pastoral\\\/#website\"},\"primaryImageOfPage\":{\"@id\":\"https:\\\/\\\/unisale.com.br\\\/novo\\\/academicos-do-curso-de-medicina-do-unisalesiano-participam-da-missa-do-cadaver\\\/#primaryimage\"},\"image\":{\"@id\":\"https:\\\/\\\/unisale.com.br\\\/novo\\\/academicos-do-curso-de-medicina-do-unisalesiano-participam-da-missa-do-cadaver\\\/#primaryimage\"},\"thumbnailUrl\":\"https:\\\/\\\/unisale.com.br\\\/pastoral\\\/wp-content\\\/uploads\\\/2022\\\/02\\\/UniSALESIANO-Missa-do-Cadaver-4-scaled.jpg\",\"datePublished\":\"2022-02-24T13:24:09+00:00\",\"author\":{\"@id\":\"https:\\\/\\\/unisale.com.br\\\/pastoral\\\/#\\\/schema\\\/person\\\/492d3d7bfe53a8302576d39485aff2c4\"},\"inLanguage\":\"pt-BR\",\"potentialAction\":[{\"@type\":\"ReadAction\",\"target\":[\"https:\\\/\\\/unisale.com.br\\\/novo\\\/academicos-do-curso-de-medicina-do-unisalesiano-participam-da-missa-do-cadaver\\\/\"]}]},{\"@type\":\"ImageObject\",\"inLanguage\":\"pt-BR\",\"@id\":\"https:\\\/\\\/unisale.com.br\\\/novo\\\/academicos-do-curso-de-medicina-do-unisalesiano-participam-da-missa-do-cadaver\\\/#primaryimage\",\"url\":\"https:\\\/\\\/unisale.com.br\\\/pastoral\\\/wp-content\\\/uploads\\\/2022\\\/02\\\/UniSALESIANO-Missa-do-Cadaver-4-scaled.jpg\",\"contentUrl\":\"https:\\\/\\\/unisale.com.br\\\/pastoral\\\/wp-content\\\/uploads\\\/2022\\\/02\\\/UniSALESIANO-Missa-do-Cadaver-4-scaled.jpg\",\"width\":750,\"height\":500},{\"@type\":\"WebSite\",\"@id\":\"https:\\\/\\\/unisale.com.br\\\/pastoral\\\/#website\",\"url\":\"https:\\\/\\\/unisale.com.br\\\/pastoral\\\/\",\"name\":\"Pastoral Universit\u00e1ria UniSALESIANO\",\"description\":\"Site da Pastoral Universit\u00e1ria do UniSALESIANO\",\"potentialAction\":[{\"@type\":\"SearchAction\",\"target\":{\"@type\":\"EntryPoint\",\"urlTemplate\":\"https:\\\/\\\/unisale.com.br\\\/pastoral\\\/?s={search_term_string}\"},\"query-input\":{\"@type\":\"PropertyValueSpecification\",\"valueRequired\":true,\"valueName\":\"search_term_string\"}}],\"inLanguage\":\"pt-BR\"},{\"@type\":\"Person\",\"@id\":\"https:\\\/\\\/unisale.com.br\\\/pastoral\\\/#\\\/schema\\\/person\\\/492d3d7bfe53a8302576d39485aff2c4\",\"name\":\"Luiz Alexandre Marinho Lanzoni\",\"url\":\"https:\\\/\\\/unisale.com.br\\\/pastoral\\\/author\\\/luiz\\\/\"}]}<\/script>\n<!-- \/ Yoast SEO plugin. -->","yoast_head_json":{"title":"Acad\u00eamicos do Curso de Medicina do UniSALESIANO participam da Missa do Cad\u00e1ver - Pastoral Universit\u00e1ria UniSALESIANO","robots":{"index":"index","follow":"follow","max-snippet":"max-snippet:-1","max-image-preview":"max-image-preview:large","max-video-preview":"max-video-preview:-1"},"canonical":"https:\/\/unisale.com.br\/novo\/academicos-do-curso-de-medicina-do-unisalesiano-participam-da-missa-do-cadaver\/","og_locale":"pt_BR","og_type":"article","og_title":"Acad\u00eamicos do Curso de Medicina do UniSALESIANO participam da Missa do Cad\u00e1ver - Pastoral Universit\u00e1ria UniSALESIANO","og_description":"A cerim\u00f4nia \u00e9 muito importante do ponto de vista \u00e9tico e humano Ap\u00f3s o per\u00edodo de pandemia, acad\u00eamicos do\u00a0Curso de Medicina do UniSALESIANO\u00a0participaram da\u00a0Missa do...","og_url":"https:\/\/unisale.com.br\/novo\/academicos-do-curso-de-medicina-do-unisalesiano-participam-da-missa-do-cadaver\/","og_site_name":"Pastoral Universit\u00e1ria UniSALESIANO","article_published_time":"2022-02-24T13:24:09+00:00","og_image":[{"width":2560,"height":1707,"url":"https:\/\/unisale.com.br\/novo\/wp-content\/uploads\/2022\/02\/UniSALESIANO-Missa-do-Cadaver-4-scaled.jpg","type":"image\/jpeg"}],"author":"Luiz Alexandre Marinho Lanzoni","twitter_card":"summary_large_image","twitter_misc":{"Escrito por":"Luiz Alexandre Marinho Lanzoni","Est. tempo de leitura":"2 minutos"},"schema":{"@context":"https:\/\/schema.org","@graph":[{"@type":"Article","@id":"https:\/\/unisale.com.br\/novo\/academicos-do-curso-de-medicina-do-unisalesiano-participam-da-missa-do-cadaver\/#article","isPartOf":{"@id":"https:\/\/unisale.com.br\/novo\/academicos-do-curso-de-medicina-do-unisalesiano-participam-da-missa-do-cadaver\/"},"author":{"name":"Luiz Alexandre Marinho Lanzoni","@id":"https:\/\/unisale.com.br\/pastoral\/#\/schema\/person\/492d3d7bfe53a8302576d39485aff2c4"},"headline":"Acad\u00eamicos do Curso de Medicina do UniSALESIANO participam da Missa do Cad\u00e1ver","datePublished":"2022-02-24T13:24:09+00:00","mainEntityOfPage":{"@id":"https:\/\/unisale.com.br\/novo\/academicos-do-curso-de-medicina-do-unisalesiano-participam-da-missa-do-cadaver\/"},"wordCount":376,"image":{"@id":"https:\/\/unisale.com.br\/novo\/academicos-do-curso-de-medicina-do-unisalesiano-participam-da-missa-do-cadaver\/#primaryimage"},"thumbnailUrl":"https:\/\/unisale.com.br\/pastoral\/wp-content\/uploads\/2022\/02\/UniSALESIANO-Missa-do-Cadaver-4-scaled.jpg","articleSection":["Eventos","Not\u00edcias"],"inLanguage":"pt-BR"},{"@type":"WebPage","@id":"https:\/\/unisale.com.br\/novo\/academicos-do-curso-de-medicina-do-unisalesiano-participam-da-missa-do-cadaver\/","url":"https:\/\/unisale.com.br\/novo\/academicos-do-curso-de-medicina-do-unisalesiano-participam-da-missa-do-cadaver\/","name":"Acad\u00eamicos do Curso de Medicina do UniSALESIANO participam da Missa do Cad\u00e1ver - Pastoral Universit\u00e1ria UniSALESIANO","isPartOf":{"@id":"https:\/\/unisale.com.br\/pastoral\/#website"},"primaryImageOfPage":{"@id":"https:\/\/unisale.com.br\/novo\/academicos-do-curso-de-medicina-do-unisalesiano-participam-da-missa-do-cadaver\/#primaryimage"},"image":{"@id":"https:\/\/unisale.com.br\/novo\/academicos-do-curso-de-medicina-do-unisalesiano-participam-da-missa-do-cadaver\/#primaryimage"},"thumbnailUrl":"https:\/\/unisale.com.br\/pastoral\/wp-content\/uploads\/2022\/02\/UniSALESIANO-Missa-do-Cadaver-4-scaled.jpg","datePublished":"2022-02-24T13:24:09+00:00","author":{"@id":"https:\/\/unisale.com.br\/pastoral\/#\/schema\/person\/492d3d7bfe53a8302576d39485aff2c4"},"inLanguage":"pt-BR","potentialAction":[{"@type":"ReadAction","target":["https:\/\/unisale.com.br\/novo\/academicos-do-curso-de-medicina-do-unisalesiano-participam-da-missa-do-cadaver\/"]}]},{"@type":"ImageObject","inLanguage":"pt-BR","@id":"https:\/\/unisale.com.br\/novo\/academicos-do-curso-de-medicina-do-unisalesiano-participam-da-missa-do-cadaver\/#primaryimage","url":"https:\/\/unisale.com.br\/pastoral\/wp-content\/uploads\/2022\/02\/UniSALESIANO-Missa-do-Cadaver-4-scaled.jpg","contentUrl":"https:\/\/unisale.com.br\/pastoral\/wp-content\/uploads\/2022\/02\/UniSALESIANO-Missa-do-Cadaver-4-scaled.jpg","width":750,"height":500},{"@type":"WebSite","@id":"https:\/\/unisale.com.br\/pastoral\/#website","url":"https:\/\/unisale.com.br\/pastoral\/","name":"Pastoral Universit\u00e1ria UniSALESIANO","description":"Site da Pastoral Universit\u00e1ria do UniSALESIANO","potentialAction":[{"@type":"SearchAction","target":{"@type":"EntryPoint","urlTemplate":"https:\/\/unisale.com.br\/pastoral\/?s={search_term_string}"},"query-input":{"@type":"PropertyValueSpecification","valueRequired":true,"valueName":"search_term_string"}}],"inLanguage":"pt-BR"},{"@type":"Person","@id":"https:\/\/unisale.com.br\/pastoral\/#\/schema\/person\/492d3d7bfe53a8302576d39485aff2c4","name":"Luiz Alexandre Marinho Lanzoni","url":"https:\/\/unisale.com.br\/pastoral\/author\/luiz\/"}]}},"_links":{"self":[{"href":"https:\/\/unisale.com.br\/pastoral\/wp-json\/wp\/v2\/posts\/3896","targetHints":{"allow":["GET"]}}],"collection":[{"href":"https:\/\/unisale.com.br\/pastoral\/wp-json\/wp\/v2\/posts"}],"about":[{"href":"https:\/\/unisale.com.br\/pastoral\/wp-json\/wp\/v2\/types\/post"}],"author":[{"embeddable":true,"href":"https:\/\/unisale.com.br\/pastoral\/wp-json\/wp\/v2\/users\/6"}],"replies":[{"embeddable":true,"href":"https:\/\/unisale.com.br\/pastoral\/wp-json\/wp\/v2\/comments?post=3896"}],"version-history":[{"count":0,"href":"https:\/\/unisale.com.br\/pastoral\/wp-json\/wp\/v2\/posts\/3896\/revisions"}],"wp:featuredmedia":[{"embeddable":true,"href":"https:\/\/unisale.com.br\/pastoral\/wp-json\/wp\/v2\/media\/3900"}],"wp:attachment":[{"href":"https:\/\/unisale.com.br\/pastoral\/wp-json\/wp\/v2\/media?parent=3896"}],"wp:term":[{"taxonomy":"category","embeddable":true,"href":"https:\/\/unisale.com.br\/pastoral\/wp-json\/wp\/v2\/categories?post=3896"},{"taxonomy":"post_tag","embeddable":true,"href":"https:\/\/unisale.com.br\/pastoral\/wp-json\/wp\/v2\/tags?post=3896"}],"curies":[{"name":"wp","href":"https:\/\/api.w.org\/{rel}","templated":true}]}}