{"id":3933,"date":"2022-03-02T13:20:21","date_gmt":"2022-03-02T13:20:21","guid":{"rendered":"https:\/\/unisale.com.br\/pastoral\/?p=3933"},"modified":"2022-03-02T13:20:21","modified_gmt":"2022-03-02T13:20:21","slug":"03-03-de-que-adianta-ao-homem-ganhar-o-mundo-inteiro-se-se-perde-e-se-destroi-a-si-mesmo","status":"publish","type":"post","link":"https:\/\/unisale.com.br\/pastoral\/03-03-de-que-adianta-ao-homem-ganhar-o-mundo-inteiro-se-se-perde-e-se-destroi-a-si-mesmo\/","title":{"rendered":"03\/03 &#8211; &#8230;de que adianta ao homem ganhar o mundo inteiro se se perde e se destr\u00f3i a si mesmo?"},"content":{"rendered":"<p>Quinta-feira, 03 de mar\u00e7o de 2022.<\/p>\n<p>&nbsp;<\/p>\n<p>Evangelho (Lc 9,22-25)<\/p>\n<p>&nbsp;<\/p>\n<p><strong>\u201c&#8230;de que adianta ao homem ganhar o mundo inteiro se se perde e se destr\u00f3i a si mesmo?\u201d<\/strong><\/p>\n<p>&nbsp;<\/p>\n<p>Naquele tempo, disse Jesus aos seus disc\u00edpulos: <sup>22<\/sup>\u201cO Filho do Homem deve sofrer muito, ser rejeitado pelos anci\u00e3os, pelos sumos sacerdotes e doutores da Lei, deve ser morto e ressuscitar no terceiro dia\u201d. <sup>23<\/sup>Depois Jesus disse a todos: \u201cSe algu\u00e9m me quer seguir, renuncie a si mesmo, tome sua cruz cada dia e siga-me. <sup>24<\/sup>Pois quem quiser salvar a sua vida, vai perd\u00ea-la; e quem perder a sua vida por causa de mim, esse a salvar\u00e1. <sup>25<\/sup>Com efeito, de que adianta a um homem ganhar o mundo inteiro, se se perde e se destr\u00f3i a si mesmo?\u201d<\/p>\n<p>&nbsp;<\/p>\n<p><strong>Reflex\u00e3o<\/strong><\/p>\n<p>&nbsp;<\/p>\n<p>Toda boa obra n\u00e3o \u00e9 f\u00e1cil de ser praticada, \u00e9 fadigoso. Dif\u00edcil explicar, mas \u00e9 assim mesmo. Tantos personagens da hist\u00f3ria fizeram bem \u00e0 humanidade ao pre\u00e7o de muito sofrimento e incompreens\u00e3o. Os sofrimentos dos bem feitores da humanidade tem uma explica\u00e7\u00e3o psicol\u00f3gica. Na natureza \u00e9 vigente a lei da conserva\u00e7\u00e3o, e tamb\u00e9m a sociedade tende a isto. A opini\u00e3o p\u00fablica \u00e9 como a corrente de um que correm todas na mesma dire\u00e7\u00e3o. Parar um carro em movimento e mudar o sentido da rota\u00e7\u00e3o das rodas n\u00e3o pode deixar de ser que trabalhoso. O sentido do sofrimento de Cristo \u00e9 muito mais profundo, mas a experi\u00eancia da dor humana nos d\u00e1 a chave para compreend\u00ea-lo. A coragem \u00e9 uma virtude. N\u00e3o precisa temer a dificuldade! As fam\u00edlias sadias educam as crian\u00e7as a n\u00e3o ter medo. Uma crian\u00e7a a quem \u00e9 ensinada a coragem, esta recebeu um grande dom para a vida. Sobre o cume de uma montanha s\u00f3 chegar\u00e1 quem n\u00e3o teme chuva e o vento contr\u00e1rio. Todos os dias enfrentamos mil dificuldades, e se buscamos o ideal, s\u00e3o tantos os obst\u00e1culos que encontramos antes de realiza-lo. A paci\u00eancia \u00e9 a virtude que nos faz reconciliar com o mal que n\u00e3o podemos impedir. Temos pressa, mas o trem n\u00e3o chega. \u00c9 importante ter presente que nas dificuldades Deus nos d\u00e1 um aux\u00edlio especial. Cristo ameniza o peso das dificuldades. Quem segue a Cristo entra no seu modo de pensar e na sua vida e Cristo entra na sua alma. Quem segue a Cristo come\u00e7a a compreender o sentido positivo do sofrimento e recebe a gra\u00e7a divina de carregar a sua cruz junto com o Salvador do mundo.<\/p>\n<p>&nbsp;<\/p>\n<p><strong>Pe. Paulo Eduardo J\u00e1como, sdb.<\/strong><\/p>\n","protected":false},"excerpt":{"rendered":"<p>Quinta-feira, 03 de mar\u00e7o de 2022. &nbsp; Evangelho (Lc 9,22-25) &nbsp; \u201c&#8230;de que adianta ao homem ganhar o mundo inteiro se se perde e se&#8230;<\/p>\n","protected":false},"author":6,"featured_media":3934,"comment_status":"closed","ping_status":"closed","sticky":false,"template":"","format":"standard","meta":{"_acf_changed":false,"footnotes":""},"categories":[13],"tags":[],"class_list":["post-3933","post","type-post","status-publish","format-standard","has-post-thumbnail","hentry","category-reflexaodoevagelho"],"acf":[],"yoast_head":"<!-- This site is optimized with the Yoast SEO plugin v27.3 - https:\/\/yoast.com\/product\/yoast-seo-wordpress\/ -->\n<title>03\/03 - ...de que adianta ao homem ganhar o mundo inteiro se se perde e se destr\u00f3i a si mesmo? - Pastoral Universit\u00e1ria UniSALESIANO<\/title>\n<meta name=\"robots\" content=\"index, follow, max-snippet:-1, max-image-preview:large, max-video-preview:-1\" \/>\n<link rel=\"canonical\" href=\"https:\/\/unisale.com.br\/novo\/03-03-de-que-adianta-ao-homem-ganhar-o-mundo-inteiro-se-se-perde-e-se-destroi-a-si-mesmo\/\" \/>\n<meta property=\"og:locale\" content=\"pt_BR\" \/>\n<meta property=\"og:type\" content=\"article\" \/>\n<meta property=\"og:title\" content=\"03\/03 - ...de que adianta ao homem ganhar o mundo inteiro se se perde e se destr\u00f3i a si mesmo? - Pastoral Universit\u00e1ria UniSALESIANO\" \/>\n<meta property=\"og:description\" content=\"Quinta-feira, 03 de mar\u00e7o de 2022. &nbsp; Evangelho (Lc 9,22-25) &nbsp; \u201c&#8230;de que adianta ao homem ganhar o mundo inteiro se se perde e se...\" \/>\n<meta property=\"og:url\" content=\"https:\/\/unisale.com.br\/novo\/03-03-de-que-adianta-ao-homem-ganhar-o-mundo-inteiro-se-se-perde-e-se-destroi-a-si-mesmo\/\" \/>\n<meta property=\"og:site_name\" content=\"Pastoral Universit\u00e1ria UniSALESIANO\" \/>\n<meta property=\"article:published_time\" content=\"2022-03-02T13:20:21+00:00\" \/>\n<meta property=\"og:image\" content=\"https:\/\/unisale.com.br\/novo\/wp-content\/uploads\/2022\/03\/Ev-03.jpg\" \/>\n\t<meta property=\"og:image:width\" content=\"1070\" \/>\n\t<meta property=\"og:image:height\" content=\"573\" \/>\n\t<meta property=\"og:image:type\" content=\"image\/jpeg\" \/>\n<meta name=\"author\" content=\"Luiz Alexandre Marinho Lanzoni\" \/>\n<meta name=\"twitter:card\" content=\"summary_large_image\" \/>\n<meta name=\"twitter:label1\" content=\"Escrito por\" \/>\n\t<meta name=\"twitter:data1\" content=\"Luiz Alexandre Marinho Lanzoni\" \/>\n\t<meta name=\"twitter:label2\" content=\"Est. tempo de leitura\" \/>\n\t<meta name=\"twitter:data2\" content=\"2 minutos\" \/>\n<script type=\"application\/ld+json\" class=\"yoast-schema-graph\">{\"@context\":\"https:\\\/\\\/schema.org\",\"@graph\":[{\"@type\":\"Article\",\"@id\":\"https:\\\/\\\/unisale.com.br\\\/novo\\\/03-03-de-que-adianta-ao-homem-ganhar-o-mundo-inteiro-se-se-perde-e-se-destroi-a-si-mesmo\\\/#article\",\"isPartOf\":{\"@id\":\"https:\\\/\\\/unisale.com.br\\\/novo\\\/03-03-de-que-adianta-ao-homem-ganhar-o-mundo-inteiro-se-se-perde-e-se-destroi-a-si-mesmo\\\/\"},\"author\":{\"name\":\"Luiz Alexandre Marinho Lanzoni\",\"@id\":\"https:\\\/\\\/unisale.com.br\\\/pastoral\\\/#\\\/schema\\\/person\\\/492d3d7bfe53a8302576d39485aff2c4\"},\"headline\":\"03\\\/03 &#8211; &#8230;de que adianta ao homem ganhar o mundo inteiro se se perde e se destr\u00f3i a si mesmo?\",\"datePublished\":\"2022-03-02T13:20:21+00:00\",\"mainEntityOfPage\":{\"@id\":\"https:\\\/\\\/unisale.com.br\\\/novo\\\/03-03-de-que-adianta-ao-homem-ganhar-o-mundo-inteiro-se-se-perde-e-se-destroi-a-si-mesmo\\\/\"},\"wordCount\":461,\"image\":{\"@id\":\"https:\\\/\\\/unisale.com.br\\\/novo\\\/03-03-de-que-adianta-ao-homem-ganhar-o-mundo-inteiro-se-se-perde-e-se-destroi-a-si-mesmo\\\/#primaryimage\"},\"thumbnailUrl\":\"https:\\\/\\\/unisale.com.br\\\/pastoral\\\/wp-content\\\/uploads\\\/2022\\\/03\\\/Ev-03.jpg\",\"articleSection\":[\"Reflex\u00e3o do Evangelho\"],\"inLanguage\":\"pt-BR\"},{\"@type\":\"WebPage\",\"@id\":\"https:\\\/\\\/unisale.com.br\\\/novo\\\/03-03-de-que-adianta-ao-homem-ganhar-o-mundo-inteiro-se-se-perde-e-se-destroi-a-si-mesmo\\\/\",\"url\":\"https:\\\/\\\/unisale.com.br\\\/novo\\\/03-03-de-que-adianta-ao-homem-ganhar-o-mundo-inteiro-se-se-perde-e-se-destroi-a-si-mesmo\\\/\",\"name\":\"03\\\/03 - ...de que adianta ao homem ganhar o mundo inteiro se se perde e se destr\u00f3i a si mesmo? - Pastoral Universit\u00e1ria UniSALESIANO\",\"isPartOf\":{\"@id\":\"https:\\\/\\\/unisale.com.br\\\/pastoral\\\/#website\"},\"primaryImageOfPage\":{\"@id\":\"https:\\\/\\\/unisale.com.br\\\/novo\\\/03-03-de-que-adianta-ao-homem-ganhar-o-mundo-inteiro-se-se-perde-e-se-destroi-a-si-mesmo\\\/#primaryimage\"},\"image\":{\"@id\":\"https:\\\/\\\/unisale.com.br\\\/novo\\\/03-03-de-que-adianta-ao-homem-ganhar-o-mundo-inteiro-se-se-perde-e-se-destroi-a-si-mesmo\\\/#primaryimage\"},\"thumbnailUrl\":\"https:\\\/\\\/unisale.com.br\\\/pastoral\\\/wp-content\\\/uploads\\\/2022\\\/03\\\/Ev-03.jpg\",\"datePublished\":\"2022-03-02T13:20:21+00:00\",\"author\":{\"@id\":\"https:\\\/\\\/unisale.com.br\\\/pastoral\\\/#\\\/schema\\\/person\\\/492d3d7bfe53a8302576d39485aff2c4\"},\"inLanguage\":\"pt-BR\",\"potentialAction\":[{\"@type\":\"ReadAction\",\"target\":[\"https:\\\/\\\/unisale.com.br\\\/novo\\\/03-03-de-que-adianta-ao-homem-ganhar-o-mundo-inteiro-se-se-perde-e-se-destroi-a-si-mesmo\\\/\"]}]},{\"@type\":\"ImageObject\",\"inLanguage\":\"pt-BR\",\"@id\":\"https:\\\/\\\/unisale.com.br\\\/novo\\\/03-03-de-que-adianta-ao-homem-ganhar-o-mundo-inteiro-se-se-perde-e-se-destroi-a-si-mesmo\\\/#primaryimage\",\"url\":\"https:\\\/\\\/unisale.com.br\\\/pastoral\\\/wp-content\\\/uploads\\\/2022\\\/03\\\/Ev-03.jpg\",\"contentUrl\":\"https:\\\/\\\/unisale.com.br\\\/pastoral\\\/wp-content\\\/uploads\\\/2022\\\/03\\\/Ev-03.jpg\",\"width\":934,\"height\":500},{\"@type\":\"WebSite\",\"@id\":\"https:\\\/\\\/unisale.com.br\\\/pastoral\\\/#website\",\"url\":\"https:\\\/\\\/unisale.com.br\\\/pastoral\\\/\",\"name\":\"Pastoral Universit\u00e1ria UniSALESIANO\",\"description\":\"Site da Pastoral Universit\u00e1ria do UniSALESIANO\",\"potentialAction\":[{\"@type\":\"SearchAction\",\"target\":{\"@type\":\"EntryPoint\",\"urlTemplate\":\"https:\\\/\\\/unisale.com.br\\\/pastoral\\\/?s={search_term_string}\"},\"query-input\":{\"@type\":\"PropertyValueSpecification\",\"valueRequired\":true,\"valueName\":\"search_term_string\"}}],\"inLanguage\":\"pt-BR\"},{\"@type\":\"Person\",\"@id\":\"https:\\\/\\\/unisale.com.br\\\/pastoral\\\/#\\\/schema\\\/person\\\/492d3d7bfe53a8302576d39485aff2c4\",\"name\":\"Luiz Alexandre Marinho Lanzoni\",\"url\":\"https:\\\/\\\/unisale.com.br\\\/pastoral\\\/author\\\/luiz\\\/\"}]}<\/script>\n<!-- \/ Yoast SEO plugin. -->","yoast_head_json":{"title":"03\/03 - ...de que adianta ao homem ganhar o mundo inteiro se se perde e se destr\u00f3i a si mesmo? - Pastoral Universit\u00e1ria UniSALESIANO","robots":{"index":"index","follow":"follow","max-snippet":"max-snippet:-1","max-image-preview":"max-image-preview:large","max-video-preview":"max-video-preview:-1"},"canonical":"https:\/\/unisale.com.br\/novo\/03-03-de-que-adianta-ao-homem-ganhar-o-mundo-inteiro-se-se-perde-e-se-destroi-a-si-mesmo\/","og_locale":"pt_BR","og_type":"article","og_title":"03\/03 - ...de que adianta ao homem ganhar o mundo inteiro se se perde e se destr\u00f3i a si mesmo? - Pastoral Universit\u00e1ria UniSALESIANO","og_description":"Quinta-feira, 03 de mar\u00e7o de 2022. &nbsp; Evangelho (Lc 9,22-25) &nbsp; \u201c&#8230;de que adianta ao homem ganhar o mundo inteiro se se perde e se...","og_url":"https:\/\/unisale.com.br\/novo\/03-03-de-que-adianta-ao-homem-ganhar-o-mundo-inteiro-se-se-perde-e-se-destroi-a-si-mesmo\/","og_site_name":"Pastoral Universit\u00e1ria UniSALESIANO","article_published_time":"2022-03-02T13:20:21+00:00","og_image":[{"width":1070,"height":573,"url":"https:\/\/unisale.com.br\/novo\/wp-content\/uploads\/2022\/03\/Ev-03.jpg","type":"image\/jpeg"}],"author":"Luiz Alexandre Marinho Lanzoni","twitter_card":"summary_large_image","twitter_misc":{"Escrito por":"Luiz Alexandre Marinho Lanzoni","Est. tempo de leitura":"2 minutos"},"schema":{"@context":"https:\/\/schema.org","@graph":[{"@type":"Article","@id":"https:\/\/unisale.com.br\/novo\/03-03-de-que-adianta-ao-homem-ganhar-o-mundo-inteiro-se-se-perde-e-se-destroi-a-si-mesmo\/#article","isPartOf":{"@id":"https:\/\/unisale.com.br\/novo\/03-03-de-que-adianta-ao-homem-ganhar-o-mundo-inteiro-se-se-perde-e-se-destroi-a-si-mesmo\/"},"author":{"name":"Luiz Alexandre Marinho Lanzoni","@id":"https:\/\/unisale.com.br\/pastoral\/#\/schema\/person\/492d3d7bfe53a8302576d39485aff2c4"},"headline":"03\/03 &#8211; &#8230;de que adianta ao homem ganhar o mundo inteiro se se perde e se destr\u00f3i a si mesmo?","datePublished":"2022-03-02T13:20:21+00:00","mainEntityOfPage":{"@id":"https:\/\/unisale.com.br\/novo\/03-03-de-que-adianta-ao-homem-ganhar-o-mundo-inteiro-se-se-perde-e-se-destroi-a-si-mesmo\/"},"wordCount":461,"image":{"@id":"https:\/\/unisale.com.br\/novo\/03-03-de-que-adianta-ao-homem-ganhar-o-mundo-inteiro-se-se-perde-e-se-destroi-a-si-mesmo\/#primaryimage"},"thumbnailUrl":"https:\/\/unisale.com.br\/pastoral\/wp-content\/uploads\/2022\/03\/Ev-03.jpg","articleSection":["Reflex\u00e3o do Evangelho"],"inLanguage":"pt-BR"},{"@type":"WebPage","@id":"https:\/\/unisale.com.br\/novo\/03-03-de-que-adianta-ao-homem-ganhar-o-mundo-inteiro-se-se-perde-e-se-destroi-a-si-mesmo\/","url":"https:\/\/unisale.com.br\/novo\/03-03-de-que-adianta-ao-homem-ganhar-o-mundo-inteiro-se-se-perde-e-se-destroi-a-si-mesmo\/","name":"03\/03 - ...de que adianta ao homem ganhar o mundo inteiro se se perde e se destr\u00f3i a si mesmo? - Pastoral Universit\u00e1ria UniSALESIANO","isPartOf":{"@id":"https:\/\/unisale.com.br\/pastoral\/#website"},"primaryImageOfPage":{"@id":"https:\/\/unisale.com.br\/novo\/03-03-de-que-adianta-ao-homem-ganhar-o-mundo-inteiro-se-se-perde-e-se-destroi-a-si-mesmo\/#primaryimage"},"image":{"@id":"https:\/\/unisale.com.br\/novo\/03-03-de-que-adianta-ao-homem-ganhar-o-mundo-inteiro-se-se-perde-e-se-destroi-a-si-mesmo\/#primaryimage"},"thumbnailUrl":"https:\/\/unisale.com.br\/pastoral\/wp-content\/uploads\/2022\/03\/Ev-03.jpg","datePublished":"2022-03-02T13:20:21+00:00","author":{"@id":"https:\/\/unisale.com.br\/pastoral\/#\/schema\/person\/492d3d7bfe53a8302576d39485aff2c4"},"inLanguage":"pt-BR","potentialAction":[{"@type":"ReadAction","target":["https:\/\/unisale.com.br\/novo\/03-03-de-que-adianta-ao-homem-ganhar-o-mundo-inteiro-se-se-perde-e-se-destroi-a-si-mesmo\/"]}]},{"@type":"ImageObject","inLanguage":"pt-BR","@id":"https:\/\/unisale.com.br\/novo\/03-03-de-que-adianta-ao-homem-ganhar-o-mundo-inteiro-se-se-perde-e-se-destroi-a-si-mesmo\/#primaryimage","url":"https:\/\/unisale.com.br\/pastoral\/wp-content\/uploads\/2022\/03\/Ev-03.jpg","contentUrl":"https:\/\/unisale.com.br\/pastoral\/wp-content\/uploads\/2022\/03\/Ev-03.jpg","width":934,"height":500},{"@type":"WebSite","@id":"https:\/\/unisale.com.br\/pastoral\/#website","url":"https:\/\/unisale.com.br\/pastoral\/","name":"Pastoral Universit\u00e1ria UniSALESIANO","description":"Site da Pastoral Universit\u00e1ria do UniSALESIANO","potentialAction":[{"@type":"SearchAction","target":{"@type":"EntryPoint","urlTemplate":"https:\/\/unisale.com.br\/pastoral\/?s={search_term_string}"},"query-input":{"@type":"PropertyValueSpecification","valueRequired":true,"valueName":"search_term_string"}}],"inLanguage":"pt-BR"},{"@type":"Person","@id":"https:\/\/unisale.com.br\/pastoral\/#\/schema\/person\/492d3d7bfe53a8302576d39485aff2c4","name":"Luiz Alexandre Marinho Lanzoni","url":"https:\/\/unisale.com.br\/pastoral\/author\/luiz\/"}]}},"_links":{"self":[{"href":"https:\/\/unisale.com.br\/pastoral\/wp-json\/wp\/v2\/posts\/3933","targetHints":{"allow":["GET"]}}],"collection":[{"href":"https:\/\/unisale.com.br\/pastoral\/wp-json\/wp\/v2\/posts"}],"about":[{"href":"https:\/\/unisale.com.br\/pastoral\/wp-json\/wp\/v2\/types\/post"}],"author":[{"embeddable":true,"href":"https:\/\/unisale.com.br\/pastoral\/wp-json\/wp\/v2\/users\/6"}],"replies":[{"embeddable":true,"href":"https:\/\/unisale.com.br\/pastoral\/wp-json\/wp\/v2\/comments?post=3933"}],"version-history":[{"count":0,"href":"https:\/\/unisale.com.br\/pastoral\/wp-json\/wp\/v2\/posts\/3933\/revisions"}],"wp:featuredmedia":[{"embeddable":true,"href":"https:\/\/unisale.com.br\/pastoral\/wp-json\/wp\/v2\/media\/3934"}],"wp:attachment":[{"href":"https:\/\/unisale.com.br\/pastoral\/wp-json\/wp\/v2\/media?parent=3933"}],"wp:term":[{"taxonomy":"category","embeddable":true,"href":"https:\/\/unisale.com.br\/pastoral\/wp-json\/wp\/v2\/categories?post=3933"},{"taxonomy":"post_tag","embeddable":true,"href":"https:\/\/unisale.com.br\/pastoral\/wp-json\/wp\/v2\/tags?post=3933"}],"curies":[{"name":"wp","href":"https:\/\/api.w.org\/{rel}","templated":true}]}}