{"id":3943,"date":"2022-03-03T11:18:39","date_gmt":"2022-03-03T11:18:39","guid":{"rendered":"https:\/\/unisale.com.br\/pastoral\/?p=3943"},"modified":"2022-03-03T11:18:39","modified_gmt":"2022-03-03T11:18:39","slug":"05-03-eu-nao-vim-chamar-os-justos-mas-sim-os-pecadores-para-a-conversao","status":"publish","type":"post","link":"https:\/\/unisale.com.br\/pastoral\/05-03-eu-nao-vim-chamar-os-justos-mas-sim-os-pecadores-para-a-conversao\/","title":{"rendered":"05\/03 &#8211; Eu n\u00e3o vim chamar os justos, mas sim os pecadores para a convers\u00e3o."},"content":{"rendered":"<p>S\u00e1bado, 05 de mar\u00e7o de 2022.<\/p>\n<p>&nbsp;<\/p>\n<p>Evangelho (Lc 5,27-32)<\/p>\n<p>&nbsp;<\/p>\n<p><strong>\u201cEu n\u00e3o vim chamar os justos, mas sim os pecadores para a convers\u00e3o\u201d<\/strong><\/p>\n<p>&nbsp;<\/p>\n<p>Naquele tempo, <sup>27<\/sup>Jesus viu um cobrador de impostos, chamado Levi, sentado na coletoria. Jesus lhe disse: \u201cSegue-me\u201d. <sup>28<\/sup>Levi deixou tudo, levantou-se e o seguiu. <sup>29<\/sup>Depois, Levi preparou em casa um grande banquete para Jesus. Estava a\u00ed grande n\u00famero de cobradores de impostos e outras pessoas sentadas \u00e0 mesa com eles. <sup>30<\/sup>Os fariseus e seus mestres da Lei murmuravam e diziam aos disc\u00edpulos de Jesus: \u201cPor que v\u00f3s comeis e bebeis com os cobradores de impostos e com os pecadores?\u201d <sup>31<\/sup>Jesus respondeu: \u201cOs que s\u00e3o sadios n\u00e3o precisam de m\u00e9dico, mas sim os que est\u00e3o doentes. <sup>32<\/sup>Eu n\u00e3o vim chamar os justos, mas sim os pecadores para a convers\u00e3o\u201d.<\/p>\n<p>&nbsp;<\/p>\n<p><strong>Reflex\u00e3o<\/strong><\/p>\n<p>&nbsp;<\/p>\n<p>Na vida festejamos muitos acontecimentos com um jantar: anivers\u00e1rios, casamentos, recep\u00e7\u00e3o ou despedida de algu\u00e9m, etc. Levi organiza um grande banquete porque se converteu a uma nova vida, decidindo seguir Jesus. A coisa estranha \u00e9 que neste caso o jantar faz parte da sua penit\u00eancia. Na sociedade de hoje a palavra \u201cpenit\u00eancia\u201d n\u00e3o possui uma boa conota\u00e7\u00e3o. O Sacramento da penit\u00eancia \u00e9 visto como uma desagrad\u00e1vel confiss\u00e3o dos pecados: devemos recordar aquilo que queremos esquecer. Reconhecer que errou e a decis\u00e3o de corrigir-se \u00e9 ao contr\u00e1rio um dos momentos mais alegres da vida. Existe em n\u00f3s uma for\u00e7a do Esp\u00edrito Santo que nos d\u00e1 a vida eterna. N\u00e3o nos desencorajemos porque confessando sempre os mesmos pecados n\u00e3o observamos nenhuma melhora. O fato importante \u00e9 que, depois de tantas quedas, somos sempre capazes de nos levantar, e isto j\u00e1 \u00e9 uma alegre not\u00edcia para a vida em Deus. Na Igreja n\u00e3o somos todos anjos, existem tantos defeitos, mal\u00edcias, maldades. Agora a pergunta: sendo maus, porque n\u00e3o s\u00e3o exclu\u00eddos da Igreja? \u00c9 bom lembrar que um hospital n\u00e3o constru\u00eddo para excluir os doentes, mas para colh\u00ea-los e cur\u00e1-los. Assim sobre a terra \u00e9 a Igreja para os pecadores. Os crist\u00e3os devem abster-se de andar com m\u00e1s companhias. Na Igreja existe a clausura que protege os religiosos de contatos externos, e aos padres \u00e9 proibida a frequ\u00eancia a certos lugares. Que coer\u00eancia existe entre estas restri\u00e7\u00f5es e a conduta do Evangelho? Quem nos responde \u00e9 S\u00e3o Bas\u00edlio: \u201cOs fracos estejam atentos aos amigos que escolhe. Os fortes na f\u00e9 coloquem-se no meio das pessoas para doar-lhes o seu tesouro, a f\u00e9\u201d.<\/p>\n<p><strong>Pe. Paulo Eduardo J\u00e1como, sdb.<\/strong><\/p>\n","protected":false},"excerpt":{"rendered":"<p>S\u00e1bado, 05 de mar\u00e7o de 2022. &nbsp; Evangelho (Lc 5,27-32) &nbsp; \u201cEu n\u00e3o vim chamar os justos, mas sim os pecadores para a convers\u00e3o\u201d &nbsp;&#8230;<\/p>\n","protected":false},"author":6,"featured_media":3946,"comment_status":"closed","ping_status":"closed","sticky":false,"template":"","format":"standard","meta":{"_acf_changed":false,"footnotes":""},"categories":[13],"tags":[],"class_list":["post-3943","post","type-post","status-publish","format-standard","has-post-thumbnail","hentry","category-reflexaodoevagelho"],"acf":[],"yoast_head":"<!-- This site is optimized with the Yoast SEO plugin v27.3 - https:\/\/yoast.com\/product\/yoast-seo-wordpress\/ -->\n<title>05\/03 - Eu n\u00e3o vim chamar os justos, mas sim os pecadores para a convers\u00e3o. - Pastoral Universit\u00e1ria UniSALESIANO<\/title>\n<meta name=\"robots\" content=\"index, follow, max-snippet:-1, max-image-preview:large, max-video-preview:-1\" \/>\n<link rel=\"canonical\" href=\"https:\/\/unisale.com.br\/novo\/05-03-eu-nao-vim-chamar-os-justos-mas-sim-os-pecadores-para-a-conversao\/\" \/>\n<meta property=\"og:locale\" content=\"pt_BR\" \/>\n<meta property=\"og:type\" content=\"article\" \/>\n<meta property=\"og:title\" content=\"05\/03 - Eu n\u00e3o vim chamar os justos, mas sim os pecadores para a convers\u00e3o. - Pastoral Universit\u00e1ria UniSALESIANO\" \/>\n<meta property=\"og:description\" content=\"S\u00e1bado, 05 de mar\u00e7o de 2022. &nbsp; Evangelho (Lc 5,27-32) &nbsp; \u201cEu n\u00e3o vim chamar os justos, mas sim os pecadores para a convers\u00e3o\u201d &nbsp;...\" \/>\n<meta property=\"og:url\" content=\"https:\/\/unisale.com.br\/novo\/05-03-eu-nao-vim-chamar-os-justos-mas-sim-os-pecadores-para-a-conversao\/\" \/>\n<meta property=\"og:site_name\" content=\"Pastoral Universit\u00e1ria UniSALESIANO\" \/>\n<meta property=\"article:published_time\" content=\"2022-03-03T11:18:39+00:00\" \/>\n<meta property=\"og:image\" content=\"https:\/\/unisale.com.br\/novo\/wp-content\/uploads\/2022\/03\/Ev-05.jpg\" \/>\n\t<meta property=\"og:image:width\" content=\"720\" \/>\n\t<meta property=\"og:image:height\" content=\"600\" \/>\n\t<meta property=\"og:image:type\" content=\"image\/jpeg\" \/>\n<meta name=\"author\" content=\"Luiz Alexandre Marinho Lanzoni\" \/>\n<meta name=\"twitter:card\" content=\"summary_large_image\" \/>\n<meta name=\"twitter:label1\" content=\"Escrito por\" \/>\n\t<meta name=\"twitter:data1\" content=\"Luiz Alexandre Marinho Lanzoni\" \/>\n\t<meta name=\"twitter:label2\" content=\"Est. tempo de leitura\" \/>\n\t<meta name=\"twitter:data2\" content=\"2 minutos\" \/>\n<script type=\"application\/ld+json\" class=\"yoast-schema-graph\">{\"@context\":\"https:\\\/\\\/schema.org\",\"@graph\":[{\"@type\":\"Article\",\"@id\":\"https:\\\/\\\/unisale.com.br\\\/novo\\\/05-03-eu-nao-vim-chamar-os-justos-mas-sim-os-pecadores-para-a-conversao\\\/#article\",\"isPartOf\":{\"@id\":\"https:\\\/\\\/unisale.com.br\\\/novo\\\/05-03-eu-nao-vim-chamar-os-justos-mas-sim-os-pecadores-para-a-conversao\\\/\"},\"author\":{\"name\":\"Luiz Alexandre Marinho Lanzoni\",\"@id\":\"https:\\\/\\\/unisale.com.br\\\/pastoral\\\/#\\\/schema\\\/person\\\/492d3d7bfe53a8302576d39485aff2c4\"},\"headline\":\"05\\\/03 &#8211; Eu n\u00e3o vim chamar os justos, mas sim os pecadores para a convers\u00e3o.\",\"datePublished\":\"2022-03-03T11:18:39+00:00\",\"mainEntityOfPage\":{\"@id\":\"https:\\\/\\\/unisale.com.br\\\/novo\\\/05-03-eu-nao-vim-chamar-os-justos-mas-sim-os-pecadores-para-a-conversao\\\/\"},\"wordCount\":462,\"image\":{\"@id\":\"https:\\\/\\\/unisale.com.br\\\/novo\\\/05-03-eu-nao-vim-chamar-os-justos-mas-sim-os-pecadores-para-a-conversao\\\/#primaryimage\"},\"thumbnailUrl\":\"https:\\\/\\\/unisale.com.br\\\/pastoral\\\/wp-content\\\/uploads\\\/2022\\\/03\\\/Ev-05.jpg\",\"articleSection\":[\"Reflex\u00e3o do Evangelho\"],\"inLanguage\":\"pt-BR\"},{\"@type\":\"WebPage\",\"@id\":\"https:\\\/\\\/unisale.com.br\\\/novo\\\/05-03-eu-nao-vim-chamar-os-justos-mas-sim-os-pecadores-para-a-conversao\\\/\",\"url\":\"https:\\\/\\\/unisale.com.br\\\/novo\\\/05-03-eu-nao-vim-chamar-os-justos-mas-sim-os-pecadores-para-a-conversao\\\/\",\"name\":\"05\\\/03 - Eu n\u00e3o vim chamar os justos, mas sim os pecadores para a convers\u00e3o. - Pastoral Universit\u00e1ria UniSALESIANO\",\"isPartOf\":{\"@id\":\"https:\\\/\\\/unisale.com.br\\\/pastoral\\\/#website\"},\"primaryImageOfPage\":{\"@id\":\"https:\\\/\\\/unisale.com.br\\\/novo\\\/05-03-eu-nao-vim-chamar-os-justos-mas-sim-os-pecadores-para-a-conversao\\\/#primaryimage\"},\"image\":{\"@id\":\"https:\\\/\\\/unisale.com.br\\\/novo\\\/05-03-eu-nao-vim-chamar-os-justos-mas-sim-os-pecadores-para-a-conversao\\\/#primaryimage\"},\"thumbnailUrl\":\"https:\\\/\\\/unisale.com.br\\\/pastoral\\\/wp-content\\\/uploads\\\/2022\\\/03\\\/Ev-05.jpg\",\"datePublished\":\"2022-03-03T11:18:39+00:00\",\"author\":{\"@id\":\"https:\\\/\\\/unisale.com.br\\\/pastoral\\\/#\\\/schema\\\/person\\\/492d3d7bfe53a8302576d39485aff2c4\"},\"inLanguage\":\"pt-BR\",\"potentialAction\":[{\"@type\":\"ReadAction\",\"target\":[\"https:\\\/\\\/unisale.com.br\\\/novo\\\/05-03-eu-nao-vim-chamar-os-justos-mas-sim-os-pecadores-para-a-conversao\\\/\"]}]},{\"@type\":\"ImageObject\",\"inLanguage\":\"pt-BR\",\"@id\":\"https:\\\/\\\/unisale.com.br\\\/novo\\\/05-03-eu-nao-vim-chamar-os-justos-mas-sim-os-pecadores-para-a-conversao\\\/#primaryimage\",\"url\":\"https:\\\/\\\/unisale.com.br\\\/pastoral\\\/wp-content\\\/uploads\\\/2022\\\/03\\\/Ev-05.jpg\",\"contentUrl\":\"https:\\\/\\\/unisale.com.br\\\/pastoral\\\/wp-content\\\/uploads\\\/2022\\\/03\\\/Ev-05.jpg\",\"width\":600,\"height\":500},{\"@type\":\"WebSite\",\"@id\":\"https:\\\/\\\/unisale.com.br\\\/pastoral\\\/#website\",\"url\":\"https:\\\/\\\/unisale.com.br\\\/pastoral\\\/\",\"name\":\"Pastoral Universit\u00e1ria UniSALESIANO\",\"description\":\"Site da Pastoral Universit\u00e1ria do UniSALESIANO\",\"potentialAction\":[{\"@type\":\"SearchAction\",\"target\":{\"@type\":\"EntryPoint\",\"urlTemplate\":\"https:\\\/\\\/unisale.com.br\\\/pastoral\\\/?s={search_term_string}\"},\"query-input\":{\"@type\":\"PropertyValueSpecification\",\"valueRequired\":true,\"valueName\":\"search_term_string\"}}],\"inLanguage\":\"pt-BR\"},{\"@type\":\"Person\",\"@id\":\"https:\\\/\\\/unisale.com.br\\\/pastoral\\\/#\\\/schema\\\/person\\\/492d3d7bfe53a8302576d39485aff2c4\",\"name\":\"Luiz Alexandre Marinho Lanzoni\",\"url\":\"https:\\\/\\\/unisale.com.br\\\/pastoral\\\/author\\\/luiz\\\/\"}]}<\/script>\n<!-- \/ Yoast SEO plugin. -->","yoast_head_json":{"title":"05\/03 - Eu n\u00e3o vim chamar os justos, mas sim os pecadores para a convers\u00e3o. - Pastoral Universit\u00e1ria UniSALESIANO","robots":{"index":"index","follow":"follow","max-snippet":"max-snippet:-1","max-image-preview":"max-image-preview:large","max-video-preview":"max-video-preview:-1"},"canonical":"https:\/\/unisale.com.br\/novo\/05-03-eu-nao-vim-chamar-os-justos-mas-sim-os-pecadores-para-a-conversao\/","og_locale":"pt_BR","og_type":"article","og_title":"05\/03 - Eu n\u00e3o vim chamar os justos, mas sim os pecadores para a convers\u00e3o. - Pastoral Universit\u00e1ria UniSALESIANO","og_description":"S\u00e1bado, 05 de mar\u00e7o de 2022. &nbsp; Evangelho (Lc 5,27-32) &nbsp; \u201cEu n\u00e3o vim chamar os justos, mas sim os pecadores para a convers\u00e3o\u201d &nbsp;...","og_url":"https:\/\/unisale.com.br\/novo\/05-03-eu-nao-vim-chamar-os-justos-mas-sim-os-pecadores-para-a-conversao\/","og_site_name":"Pastoral Universit\u00e1ria UniSALESIANO","article_published_time":"2022-03-03T11:18:39+00:00","og_image":[{"width":720,"height":600,"url":"https:\/\/unisale.com.br\/novo\/wp-content\/uploads\/2022\/03\/Ev-05.jpg","type":"image\/jpeg"}],"author":"Luiz Alexandre Marinho Lanzoni","twitter_card":"summary_large_image","twitter_misc":{"Escrito por":"Luiz Alexandre Marinho Lanzoni","Est. tempo de leitura":"2 minutos"},"schema":{"@context":"https:\/\/schema.org","@graph":[{"@type":"Article","@id":"https:\/\/unisale.com.br\/novo\/05-03-eu-nao-vim-chamar-os-justos-mas-sim-os-pecadores-para-a-conversao\/#article","isPartOf":{"@id":"https:\/\/unisale.com.br\/novo\/05-03-eu-nao-vim-chamar-os-justos-mas-sim-os-pecadores-para-a-conversao\/"},"author":{"name":"Luiz Alexandre Marinho Lanzoni","@id":"https:\/\/unisale.com.br\/pastoral\/#\/schema\/person\/492d3d7bfe53a8302576d39485aff2c4"},"headline":"05\/03 &#8211; Eu n\u00e3o vim chamar os justos, mas sim os pecadores para a convers\u00e3o.","datePublished":"2022-03-03T11:18:39+00:00","mainEntityOfPage":{"@id":"https:\/\/unisale.com.br\/novo\/05-03-eu-nao-vim-chamar-os-justos-mas-sim-os-pecadores-para-a-conversao\/"},"wordCount":462,"image":{"@id":"https:\/\/unisale.com.br\/novo\/05-03-eu-nao-vim-chamar-os-justos-mas-sim-os-pecadores-para-a-conversao\/#primaryimage"},"thumbnailUrl":"https:\/\/unisale.com.br\/pastoral\/wp-content\/uploads\/2022\/03\/Ev-05.jpg","articleSection":["Reflex\u00e3o do Evangelho"],"inLanguage":"pt-BR"},{"@type":"WebPage","@id":"https:\/\/unisale.com.br\/novo\/05-03-eu-nao-vim-chamar-os-justos-mas-sim-os-pecadores-para-a-conversao\/","url":"https:\/\/unisale.com.br\/novo\/05-03-eu-nao-vim-chamar-os-justos-mas-sim-os-pecadores-para-a-conversao\/","name":"05\/03 - Eu n\u00e3o vim chamar os justos, mas sim os pecadores para a convers\u00e3o. - Pastoral Universit\u00e1ria UniSALESIANO","isPartOf":{"@id":"https:\/\/unisale.com.br\/pastoral\/#website"},"primaryImageOfPage":{"@id":"https:\/\/unisale.com.br\/novo\/05-03-eu-nao-vim-chamar-os-justos-mas-sim-os-pecadores-para-a-conversao\/#primaryimage"},"image":{"@id":"https:\/\/unisale.com.br\/novo\/05-03-eu-nao-vim-chamar-os-justos-mas-sim-os-pecadores-para-a-conversao\/#primaryimage"},"thumbnailUrl":"https:\/\/unisale.com.br\/pastoral\/wp-content\/uploads\/2022\/03\/Ev-05.jpg","datePublished":"2022-03-03T11:18:39+00:00","author":{"@id":"https:\/\/unisale.com.br\/pastoral\/#\/schema\/person\/492d3d7bfe53a8302576d39485aff2c4"},"inLanguage":"pt-BR","potentialAction":[{"@type":"ReadAction","target":["https:\/\/unisale.com.br\/novo\/05-03-eu-nao-vim-chamar-os-justos-mas-sim-os-pecadores-para-a-conversao\/"]}]},{"@type":"ImageObject","inLanguage":"pt-BR","@id":"https:\/\/unisale.com.br\/novo\/05-03-eu-nao-vim-chamar-os-justos-mas-sim-os-pecadores-para-a-conversao\/#primaryimage","url":"https:\/\/unisale.com.br\/pastoral\/wp-content\/uploads\/2022\/03\/Ev-05.jpg","contentUrl":"https:\/\/unisale.com.br\/pastoral\/wp-content\/uploads\/2022\/03\/Ev-05.jpg","width":600,"height":500},{"@type":"WebSite","@id":"https:\/\/unisale.com.br\/pastoral\/#website","url":"https:\/\/unisale.com.br\/pastoral\/","name":"Pastoral Universit\u00e1ria UniSALESIANO","description":"Site da Pastoral Universit\u00e1ria do UniSALESIANO","potentialAction":[{"@type":"SearchAction","target":{"@type":"EntryPoint","urlTemplate":"https:\/\/unisale.com.br\/pastoral\/?s={search_term_string}"},"query-input":{"@type":"PropertyValueSpecification","valueRequired":true,"valueName":"search_term_string"}}],"inLanguage":"pt-BR"},{"@type":"Person","@id":"https:\/\/unisale.com.br\/pastoral\/#\/schema\/person\/492d3d7bfe53a8302576d39485aff2c4","name":"Luiz Alexandre Marinho Lanzoni","url":"https:\/\/unisale.com.br\/pastoral\/author\/luiz\/"}]}},"_links":{"self":[{"href":"https:\/\/unisale.com.br\/pastoral\/wp-json\/wp\/v2\/posts\/3943","targetHints":{"allow":["GET"]}}],"collection":[{"href":"https:\/\/unisale.com.br\/pastoral\/wp-json\/wp\/v2\/posts"}],"about":[{"href":"https:\/\/unisale.com.br\/pastoral\/wp-json\/wp\/v2\/types\/post"}],"author":[{"embeddable":true,"href":"https:\/\/unisale.com.br\/pastoral\/wp-json\/wp\/v2\/users\/6"}],"replies":[{"embeddable":true,"href":"https:\/\/unisale.com.br\/pastoral\/wp-json\/wp\/v2\/comments?post=3943"}],"version-history":[{"count":0,"href":"https:\/\/unisale.com.br\/pastoral\/wp-json\/wp\/v2\/posts\/3943\/revisions"}],"wp:featuredmedia":[{"embeddable":true,"href":"https:\/\/unisale.com.br\/pastoral\/wp-json\/wp\/v2\/media\/3946"}],"wp:attachment":[{"href":"https:\/\/unisale.com.br\/pastoral\/wp-json\/wp\/v2\/media?parent=3943"}],"wp:term":[{"taxonomy":"category","embeddable":true,"href":"https:\/\/unisale.com.br\/pastoral\/wp-json\/wp\/v2\/categories?post=3943"},{"taxonomy":"post_tag","embeddable":true,"href":"https:\/\/unisale.com.br\/pastoral\/wp-json\/wp\/v2\/tags?post=3943"}],"curies":[{"name":"wp","href":"https:\/\/api.w.org\/{rel}","templated":true}]}}