{"id":3950,"date":"2022-03-03T11:21:30","date_gmt":"2022-03-03T11:21:30","guid":{"rendered":"https:\/\/unisale.com.br\/pastoral\/?p=3950"},"modified":"2022-03-03T11:21:30","modified_gmt":"2022-03-03T11:21:30","slug":"07-03-e-colocara-as-ovelhas-a-sua-direita-e-os-cabritos-a-sua-esquerda","status":"publish","type":"post","link":"https:\/\/unisale.com.br\/pastoral\/07-03-e-colocara-as-ovelhas-a-sua-direita-e-os-cabritos-a-sua-esquerda\/","title":{"rendered":"07\/03 &#8211; E colocar\u00e1 as ovelhas \u00e0 sua direita e os cabritos \u00e0 sua esquerda."},"content":{"rendered":"<p>Segunda-feira, 07 de mar\u00e7o de 2022.<\/p>\n<p>&nbsp;<\/p>\n<p>Evangelho (Mt 25,31-46)<\/p>\n<p>&nbsp;<\/p>\n<p><strong>\u201cE colocar\u00e1 as ovelhas \u00e0 sua direita e os cabritos \u00e0 sua esquerda\u201d<\/strong><\/p>\n<p>&nbsp;<\/p>\n<p>Naquele tempo, disse Jesus aos seus disc\u00edpulos: <sup>31<\/sup>\u201cQuando o Filho do Homem vier em sua gl\u00f3ria, acompanhado de todos os anjos, ent\u00e3o se assentar\u00e1 em seu trono glorioso. <sup>32<\/sup>Todos os povos da terra ser\u00e3o reunidos diante dele, e ele separar\u00e1 uns dos outros, assim como o pastor separa as ovelhas dos cabritos. <sup>33<\/sup>E colocar\u00e1 as ovelhas \u00e0 sua direita e os cabritos \u00e0 sua esquerda. <sup>34<\/sup>Ent\u00e3o o Rei dir\u00e1 aos que estiverem \u00e0 sua direita: \u2018Vinde benditos de meu Pai! Recebei como heran\u00e7a o Reino que meu Pai vos preparou desde a cria\u00e7\u00e3o do mundo! <sup>35<\/sup>Pois eu estava com fome e me destes de comer; eu estava com sede e me destes de beber; eu era estrangeiro e me recebestes em casa; <sup>36<\/sup>eu estava nu e me vestistes; eu estava doente e cuidastes de mim; eu estava na pris\u00e3o e fostes me visitar\u2019. <sup>37<\/sup>Ent\u00e3o os justos lhe perguntar\u00e3o: \u2018Senhor, quando foi que te vimos com fome e te demos de comer? Com sede e te demos de beber? <sup>38<\/sup>Quando foi que te vimos como estrangeiro e te recebemos em casa, e sem roupa e te vestimos? <sup>39<\/sup>Quando foi que te vimos doente ou preso, e fomos te visitar?\u2019 <sup>40<\/sup>Ent\u00e3o o Rei lhes responder\u00e1: \u2018Em verdade eu vos digo, que todas as vezes que fizestes isso a um dos menores de meus irm\u00e3os, foi a mim que o fizestes!\u2019 <sup>41<\/sup>Depois o Rei dir\u00e1 aos que estiverem \u00e0 sua esquerda: \u2018Afastai-vos de mim, malditos! Ide para o fogo eterno, preparado para o diabo e para os seus anjos. <sup>42<\/sup>Pois eu estava com fome e n\u00e3o me destes de comer; eu estava com sede e n\u00e3o me destes de beber; <sup>43<\/sup>eu era estrangeiro e n\u00e3o me recebestes em casa; eu estava nu e n\u00e3o me vestistes; eu estava doente e na pris\u00e3o e n\u00e3o fostes me visitar\u2019. <sup>44<\/sup>E responder\u00e3o tamb\u00e9m eles: \u2018Senhor, quando foi que te vimos com fome, ou com sede, como estrangeiro, ou nu, doente ou preso, e n\u00e3o te servimos?\u2019 <sup>45<\/sup>Ent\u00e3o o Rei lhes responder\u00e1: \u2018Em verdade eu vos digo, todas as vezes que n\u00e3o fizestes isso a um desses pequeninos, foi a mim que n\u00e3o o fizestes!\u2019 <sup>46<\/sup>Portanto, estes ir\u00e3o para o castigo eterno, enquanto os justos ir\u00e3o para a vida eterna\u201d.<\/p>\n<p>&nbsp;<\/p>\n<p><strong>Reflex\u00e3o<\/strong><\/p>\n<p>&nbsp;<\/p>\n<p>Como podemos imaginar a vinda de Cristo na gl\u00f3ria? Os pintores tentam nos ajudar com as cores e os pinc\u00e9is. Mas o que significa Gl\u00f3ria? A gl\u00f3ria \u00e9 um atributo somente de Deus. Na vida do dia-a-dia consideramos muitas coisas mais importantes do que Deus. Mas quando chegar o dia em que Cristo vir\u00e1 na sua gl\u00f3ria, ent\u00e3o todos n\u00f3s saberemos que somente ele \u00e9 importante. Se no \u00faltimo dia conheceremos plenamente Cristo, conheceremos tamb\u00e9m todas as na\u00e7\u00f5es, o Cristo inteiro \u201cm\u00edstico\u201d, n\u00e3o somente o Cristo que se reveste do universo, mas aquele que o cont\u00e9m, n\u00e3o somente o Cristo que possui todos os nomes, mas aquele que est\u00e1 acima de todo nome. Este conhecimento trar\u00e1 consigo tamb\u00e9m a separa\u00e7\u00e3o dos homens, segundo a radical escolha de cada um, para o bem ou para o mal. Os homens s\u00e3o iguais somente externamente; mas dentro do seu cora\u00e7\u00e3o, s\u00e3o ovelhas e lobos. O mist\u00e9rio do bem e do mal ser\u00e1 clarificado somente no fim dos s\u00e9culos. Mas a separa\u00e7\u00e3o dos bons e dos maus n\u00e3o acontecer\u00e1 como num tribunal, julgados segundo um artigo de lei. N\u00e3o podemos nos esquecer que o Verbo se faz carne, se fez homem e conclus\u00e3o moral que temos \u00e9: aquilo que fizemos os homens, fizemos a Cristo. O amor \u00e9 a lei fundamental que decide o destino eterno de todo homem. O amor \u00e9 o sentido de toda lei, dos profetas, dos evangelhos, dos sacramentos e da vida eclesial.<\/p>\n<p>&nbsp;<\/p>\n<p><strong>Pe. Paulo Eduardo J\u00e1como, sdb.<\/strong><\/p>\n","protected":false},"excerpt":{"rendered":"<p>Segunda-feira, 07 de mar\u00e7o de 2022. &nbsp; Evangelho (Mt 25,31-46) &nbsp; \u201cE colocar\u00e1 as ovelhas \u00e0 sua direita e os cabritos \u00e0 sua esquerda\u201d &nbsp;&#8230;<\/p>\n","protected":false},"author":6,"featured_media":3944,"comment_status":"closed","ping_status":"closed","sticky":false,"template":"","format":"standard","meta":{"_acf_changed":false,"footnotes":""},"categories":[13],"tags":[],"class_list":["post-3950","post","type-post","status-publish","format-standard","has-post-thumbnail","hentry","category-reflexaodoevagelho"],"acf":[],"yoast_head":"<!-- This site is optimized with the Yoast SEO plugin v27.3 - https:\/\/yoast.com\/product\/yoast-seo-wordpress\/ -->\n<title>07\/03 - E colocar\u00e1 as ovelhas \u00e0 sua direita e os cabritos \u00e0 sua esquerda. - Pastoral Universit\u00e1ria UniSALESIANO<\/title>\n<meta name=\"robots\" content=\"index, follow, max-snippet:-1, max-image-preview:large, max-video-preview:-1\" \/>\n<link rel=\"canonical\" href=\"https:\/\/unisale.com.br\/novo\/07-03-e-colocara-as-ovelhas-a-sua-direita-e-os-cabritos-a-sua-esquerda\/\" \/>\n<meta property=\"og:locale\" content=\"pt_BR\" \/>\n<meta property=\"og:type\" content=\"article\" \/>\n<meta property=\"og:title\" content=\"07\/03 - E colocar\u00e1 as ovelhas \u00e0 sua direita e os cabritos \u00e0 sua esquerda. - Pastoral Universit\u00e1ria UniSALESIANO\" \/>\n<meta property=\"og:description\" content=\"Segunda-feira, 07 de mar\u00e7o de 2022. &nbsp; Evangelho (Mt 25,31-46) &nbsp; \u201cE colocar\u00e1 as ovelhas \u00e0 sua direita e os cabritos \u00e0 sua esquerda\u201d &nbsp;...\" \/>\n<meta property=\"og:url\" content=\"https:\/\/unisale.com.br\/novo\/07-03-e-colocara-as-ovelhas-a-sua-direita-e-os-cabritos-a-sua-esquerda\/\" \/>\n<meta property=\"og:site_name\" content=\"Pastoral Universit\u00e1ria UniSALESIANO\" \/>\n<meta property=\"article:published_time\" content=\"2022-03-03T11:21:30+00:00\" \/>\n<meta property=\"og:image\" content=\"https:\/\/unisale.com.br\/novo\/wp-content\/uploads\/2022\/03\/Ev-07.jpg\" \/>\n\t<meta property=\"og:image:width\" content=\"800\" \/>\n\t<meta property=\"og:image:height\" content=\"400\" \/>\n\t<meta property=\"og:image:type\" content=\"image\/jpeg\" \/>\n<meta name=\"author\" content=\"Luiz Alexandre Marinho Lanzoni\" \/>\n<meta name=\"twitter:card\" content=\"summary_large_image\" \/>\n<meta name=\"twitter:label1\" content=\"Escrito por\" \/>\n\t<meta name=\"twitter:data1\" content=\"Luiz Alexandre Marinho Lanzoni\" \/>\n\t<meta name=\"twitter:label2\" content=\"Est. tempo de leitura\" \/>\n\t<meta name=\"twitter:data2\" content=\"3 minutos\" \/>\n<script type=\"application\/ld+json\" class=\"yoast-schema-graph\">{\"@context\":\"https:\\\/\\\/schema.org\",\"@graph\":[{\"@type\":\"Article\",\"@id\":\"https:\\\/\\\/unisale.com.br\\\/novo\\\/07-03-e-colocara-as-ovelhas-a-sua-direita-e-os-cabritos-a-sua-esquerda\\\/#article\",\"isPartOf\":{\"@id\":\"https:\\\/\\\/unisale.com.br\\\/novo\\\/07-03-e-colocara-as-ovelhas-a-sua-direita-e-os-cabritos-a-sua-esquerda\\\/\"},\"author\":{\"name\":\"Luiz Alexandre Marinho Lanzoni\",\"@id\":\"https:\\\/\\\/unisale.com.br\\\/pastoral\\\/#\\\/schema\\\/person\\\/492d3d7bfe53a8302576d39485aff2c4\"},\"headline\":\"07\\\/03 &#8211; E colocar\u00e1 as ovelhas \u00e0 sua direita e os cabritos \u00e0 sua esquerda.\",\"datePublished\":\"2022-03-03T11:21:30+00:00\",\"mainEntityOfPage\":{\"@id\":\"https:\\\/\\\/unisale.com.br\\\/novo\\\/07-03-e-colocara-as-ovelhas-a-sua-direita-e-os-cabritos-a-sua-esquerda\\\/\"},\"wordCount\":702,\"image\":{\"@id\":\"https:\\\/\\\/unisale.com.br\\\/novo\\\/07-03-e-colocara-as-ovelhas-a-sua-direita-e-os-cabritos-a-sua-esquerda\\\/#primaryimage\"},\"thumbnailUrl\":\"https:\\\/\\\/unisale.com.br\\\/pastoral\\\/wp-content\\\/uploads\\\/2022\\\/03\\\/Ev-07.jpg\",\"articleSection\":[\"Reflex\u00e3o do Evangelho\"],\"inLanguage\":\"pt-BR\"},{\"@type\":\"WebPage\",\"@id\":\"https:\\\/\\\/unisale.com.br\\\/novo\\\/07-03-e-colocara-as-ovelhas-a-sua-direita-e-os-cabritos-a-sua-esquerda\\\/\",\"url\":\"https:\\\/\\\/unisale.com.br\\\/novo\\\/07-03-e-colocara-as-ovelhas-a-sua-direita-e-os-cabritos-a-sua-esquerda\\\/\",\"name\":\"07\\\/03 - E colocar\u00e1 as ovelhas \u00e0 sua direita e os cabritos \u00e0 sua esquerda. - Pastoral Universit\u00e1ria UniSALESIANO\",\"isPartOf\":{\"@id\":\"https:\\\/\\\/unisale.com.br\\\/pastoral\\\/#website\"},\"primaryImageOfPage\":{\"@id\":\"https:\\\/\\\/unisale.com.br\\\/novo\\\/07-03-e-colocara-as-ovelhas-a-sua-direita-e-os-cabritos-a-sua-esquerda\\\/#primaryimage\"},\"image\":{\"@id\":\"https:\\\/\\\/unisale.com.br\\\/novo\\\/07-03-e-colocara-as-ovelhas-a-sua-direita-e-os-cabritos-a-sua-esquerda\\\/#primaryimage\"},\"thumbnailUrl\":\"https:\\\/\\\/unisale.com.br\\\/pastoral\\\/wp-content\\\/uploads\\\/2022\\\/03\\\/Ev-07.jpg\",\"datePublished\":\"2022-03-03T11:21:30+00:00\",\"author\":{\"@id\":\"https:\\\/\\\/unisale.com.br\\\/pastoral\\\/#\\\/schema\\\/person\\\/492d3d7bfe53a8302576d39485aff2c4\"},\"inLanguage\":\"pt-BR\",\"potentialAction\":[{\"@type\":\"ReadAction\",\"target\":[\"https:\\\/\\\/unisale.com.br\\\/novo\\\/07-03-e-colocara-as-ovelhas-a-sua-direita-e-os-cabritos-a-sua-esquerda\\\/\"]}]},{\"@type\":\"ImageObject\",\"inLanguage\":\"pt-BR\",\"@id\":\"https:\\\/\\\/unisale.com.br\\\/novo\\\/07-03-e-colocara-as-ovelhas-a-sua-direita-e-os-cabritos-a-sua-esquerda\\\/#primaryimage\",\"url\":\"https:\\\/\\\/unisale.com.br\\\/pastoral\\\/wp-content\\\/uploads\\\/2022\\\/03\\\/Ev-07.jpg\",\"contentUrl\":\"https:\\\/\\\/unisale.com.br\\\/pastoral\\\/wp-content\\\/uploads\\\/2022\\\/03\\\/Ev-07.jpg\",\"width\":800,\"height\":400},{\"@type\":\"WebSite\",\"@id\":\"https:\\\/\\\/unisale.com.br\\\/pastoral\\\/#website\",\"url\":\"https:\\\/\\\/unisale.com.br\\\/pastoral\\\/\",\"name\":\"Pastoral Universit\u00e1ria UniSALESIANO\",\"description\":\"Site da Pastoral Universit\u00e1ria do UniSALESIANO\",\"potentialAction\":[{\"@type\":\"SearchAction\",\"target\":{\"@type\":\"EntryPoint\",\"urlTemplate\":\"https:\\\/\\\/unisale.com.br\\\/pastoral\\\/?s={search_term_string}\"},\"query-input\":{\"@type\":\"PropertyValueSpecification\",\"valueRequired\":true,\"valueName\":\"search_term_string\"}}],\"inLanguage\":\"pt-BR\"},{\"@type\":\"Person\",\"@id\":\"https:\\\/\\\/unisale.com.br\\\/pastoral\\\/#\\\/schema\\\/person\\\/492d3d7bfe53a8302576d39485aff2c4\",\"name\":\"Luiz Alexandre Marinho Lanzoni\",\"url\":\"https:\\\/\\\/unisale.com.br\\\/pastoral\\\/author\\\/luiz\\\/\"}]}<\/script>\n<!-- \/ Yoast SEO plugin. -->","yoast_head_json":{"title":"07\/03 - E colocar\u00e1 as ovelhas \u00e0 sua direita e os cabritos \u00e0 sua esquerda. - Pastoral Universit\u00e1ria UniSALESIANO","robots":{"index":"index","follow":"follow","max-snippet":"max-snippet:-1","max-image-preview":"max-image-preview:large","max-video-preview":"max-video-preview:-1"},"canonical":"https:\/\/unisale.com.br\/novo\/07-03-e-colocara-as-ovelhas-a-sua-direita-e-os-cabritos-a-sua-esquerda\/","og_locale":"pt_BR","og_type":"article","og_title":"07\/03 - E colocar\u00e1 as ovelhas \u00e0 sua direita e os cabritos \u00e0 sua esquerda. - Pastoral Universit\u00e1ria UniSALESIANO","og_description":"Segunda-feira, 07 de mar\u00e7o de 2022. &nbsp; Evangelho (Mt 25,31-46) &nbsp; \u201cE colocar\u00e1 as ovelhas \u00e0 sua direita e os cabritos \u00e0 sua esquerda\u201d &nbsp;...","og_url":"https:\/\/unisale.com.br\/novo\/07-03-e-colocara-as-ovelhas-a-sua-direita-e-os-cabritos-a-sua-esquerda\/","og_site_name":"Pastoral Universit\u00e1ria UniSALESIANO","article_published_time":"2022-03-03T11:21:30+00:00","og_image":[{"width":800,"height":400,"url":"https:\/\/unisale.com.br\/novo\/wp-content\/uploads\/2022\/03\/Ev-07.jpg","type":"image\/jpeg"}],"author":"Luiz Alexandre Marinho Lanzoni","twitter_card":"summary_large_image","twitter_misc":{"Escrito por":"Luiz Alexandre Marinho Lanzoni","Est. tempo de leitura":"3 minutos"},"schema":{"@context":"https:\/\/schema.org","@graph":[{"@type":"Article","@id":"https:\/\/unisale.com.br\/novo\/07-03-e-colocara-as-ovelhas-a-sua-direita-e-os-cabritos-a-sua-esquerda\/#article","isPartOf":{"@id":"https:\/\/unisale.com.br\/novo\/07-03-e-colocara-as-ovelhas-a-sua-direita-e-os-cabritos-a-sua-esquerda\/"},"author":{"name":"Luiz Alexandre Marinho Lanzoni","@id":"https:\/\/unisale.com.br\/pastoral\/#\/schema\/person\/492d3d7bfe53a8302576d39485aff2c4"},"headline":"07\/03 &#8211; E colocar\u00e1 as ovelhas \u00e0 sua direita e os cabritos \u00e0 sua esquerda.","datePublished":"2022-03-03T11:21:30+00:00","mainEntityOfPage":{"@id":"https:\/\/unisale.com.br\/novo\/07-03-e-colocara-as-ovelhas-a-sua-direita-e-os-cabritos-a-sua-esquerda\/"},"wordCount":702,"image":{"@id":"https:\/\/unisale.com.br\/novo\/07-03-e-colocara-as-ovelhas-a-sua-direita-e-os-cabritos-a-sua-esquerda\/#primaryimage"},"thumbnailUrl":"https:\/\/unisale.com.br\/pastoral\/wp-content\/uploads\/2022\/03\/Ev-07.jpg","articleSection":["Reflex\u00e3o do Evangelho"],"inLanguage":"pt-BR"},{"@type":"WebPage","@id":"https:\/\/unisale.com.br\/novo\/07-03-e-colocara-as-ovelhas-a-sua-direita-e-os-cabritos-a-sua-esquerda\/","url":"https:\/\/unisale.com.br\/novo\/07-03-e-colocara-as-ovelhas-a-sua-direita-e-os-cabritos-a-sua-esquerda\/","name":"07\/03 - E colocar\u00e1 as ovelhas \u00e0 sua direita e os cabritos \u00e0 sua esquerda. - Pastoral Universit\u00e1ria UniSALESIANO","isPartOf":{"@id":"https:\/\/unisale.com.br\/pastoral\/#website"},"primaryImageOfPage":{"@id":"https:\/\/unisale.com.br\/novo\/07-03-e-colocara-as-ovelhas-a-sua-direita-e-os-cabritos-a-sua-esquerda\/#primaryimage"},"image":{"@id":"https:\/\/unisale.com.br\/novo\/07-03-e-colocara-as-ovelhas-a-sua-direita-e-os-cabritos-a-sua-esquerda\/#primaryimage"},"thumbnailUrl":"https:\/\/unisale.com.br\/pastoral\/wp-content\/uploads\/2022\/03\/Ev-07.jpg","datePublished":"2022-03-03T11:21:30+00:00","author":{"@id":"https:\/\/unisale.com.br\/pastoral\/#\/schema\/person\/492d3d7bfe53a8302576d39485aff2c4"},"inLanguage":"pt-BR","potentialAction":[{"@type":"ReadAction","target":["https:\/\/unisale.com.br\/novo\/07-03-e-colocara-as-ovelhas-a-sua-direita-e-os-cabritos-a-sua-esquerda\/"]}]},{"@type":"ImageObject","inLanguage":"pt-BR","@id":"https:\/\/unisale.com.br\/novo\/07-03-e-colocara-as-ovelhas-a-sua-direita-e-os-cabritos-a-sua-esquerda\/#primaryimage","url":"https:\/\/unisale.com.br\/pastoral\/wp-content\/uploads\/2022\/03\/Ev-07.jpg","contentUrl":"https:\/\/unisale.com.br\/pastoral\/wp-content\/uploads\/2022\/03\/Ev-07.jpg","width":800,"height":400},{"@type":"WebSite","@id":"https:\/\/unisale.com.br\/pastoral\/#website","url":"https:\/\/unisale.com.br\/pastoral\/","name":"Pastoral Universit\u00e1ria UniSALESIANO","description":"Site da Pastoral Universit\u00e1ria do UniSALESIANO","potentialAction":[{"@type":"SearchAction","target":{"@type":"EntryPoint","urlTemplate":"https:\/\/unisale.com.br\/pastoral\/?s={search_term_string}"},"query-input":{"@type":"PropertyValueSpecification","valueRequired":true,"valueName":"search_term_string"}}],"inLanguage":"pt-BR"},{"@type":"Person","@id":"https:\/\/unisale.com.br\/pastoral\/#\/schema\/person\/492d3d7bfe53a8302576d39485aff2c4","name":"Luiz Alexandre Marinho Lanzoni","url":"https:\/\/unisale.com.br\/pastoral\/author\/luiz\/"}]}},"_links":{"self":[{"href":"https:\/\/unisale.com.br\/pastoral\/wp-json\/wp\/v2\/posts\/3950","targetHints":{"allow":["GET"]}}],"collection":[{"href":"https:\/\/unisale.com.br\/pastoral\/wp-json\/wp\/v2\/posts"}],"about":[{"href":"https:\/\/unisale.com.br\/pastoral\/wp-json\/wp\/v2\/types\/post"}],"author":[{"embeddable":true,"href":"https:\/\/unisale.com.br\/pastoral\/wp-json\/wp\/v2\/users\/6"}],"replies":[{"embeddable":true,"href":"https:\/\/unisale.com.br\/pastoral\/wp-json\/wp\/v2\/comments?post=3950"}],"version-history":[{"count":0,"href":"https:\/\/unisale.com.br\/pastoral\/wp-json\/wp\/v2\/posts\/3950\/revisions"}],"wp:featuredmedia":[{"embeddable":true,"href":"https:\/\/unisale.com.br\/pastoral\/wp-json\/wp\/v2\/media\/3944"}],"wp:attachment":[{"href":"https:\/\/unisale.com.br\/pastoral\/wp-json\/wp\/v2\/media?parent=3950"}],"wp:term":[{"taxonomy":"category","embeddable":true,"href":"https:\/\/unisale.com.br\/pastoral\/wp-json\/wp\/v2\/categories?post=3950"},{"taxonomy":"post_tag","embeddable":true,"href":"https:\/\/unisale.com.br\/pastoral\/wp-json\/wp\/v2\/tags?post=3950"}],"curies":[{"name":"wp","href":"https:\/\/api.w.org\/{rel}","templated":true}]}}