{"id":3996,"date":"2022-03-08T19:58:26","date_gmt":"2022-03-08T19:58:26","guid":{"rendered":"https:\/\/unisale.com.br\/pastoral\/?p=3996"},"modified":"2022-03-08T19:58:26","modified_gmt":"2022-03-08T19:58:26","slug":"inscricoes-abertas-para-a-4a-vigilia-da-misericordia","status":"publish","type":"post","link":"https:\/\/unisale.com.br\/pastoral\/inscricoes-abertas-para-a-4a-vigilia-da-misericordia\/","title":{"rendered":"Inscri\u00e7\u00f5es abertas para a 4\u00aa Vig\u00edlia da Miseric\u00f3rdia"},"content":{"rendered":"<p><img fetchpriority=\"high\" decoding=\"async\" class=\"alignnone wp-image-3997 size-full\" src=\"https:\/\/unisale.com.br\/pastoral\/wp-content\/uploads\/2022\/03\/Post-da-vigilia.png\" alt=\"\" width=\"1080\" height=\"1080\" srcset=\"https:\/\/unisale.com.br\/pastoral\/wp-content\/uploads\/2022\/03\/Post-da-vigilia.png 500w, https:\/\/unisale.com.br\/pastoral\/wp-content\/uploads\/2022\/03\/Post-da-vigilia-300x300.png 300w, https:\/\/unisale.com.br\/pastoral\/wp-content\/uploads\/2022\/03\/Post-da-vigilia-1024x1024.png 1024w, https:\/\/unisale.com.br\/pastoral\/wp-content\/uploads\/2022\/03\/Post-da-vigilia-150x150.png 150w, https:\/\/unisale.com.br\/pastoral\/wp-content\/uploads\/2022\/03\/Post-da-vigilia-768x768.png 768w\" sizes=\"(max-width: 1080px) 100vw, 1080px\" \/><\/p>\n<p><span style=\"font-size: 14pt;\">A Vig\u00edlia da Miseric\u00f3rdia tem por finalidade nos preparar, neste Tempo de Quaresma, para a celebra\u00e7\u00e3o da P\u00e1scoa. Neste ano, ser\u00e1 realizada no dia 09 de abril (s\u00e1bado), no UniSALESIANO, Ara\u00e7atuba &#8211; SP. A taxa de inscri\u00e7\u00e3o \u00e9 de R$ 10 (Observa\u00e7\u00e3o: o dinheiro da taxa de inscri\u00e7\u00e3o, caso a pessoa n\u00e3o participe do evento, n\u00e3o ser\u00e1 devolvido). As inscri\u00e7\u00f5es podem ser realizadas na Pastoral Universit\u00e1ria do UniSALESIANO, sala 33, Bloco B, 2\u00b0 andar ou via WhatsApp (18) 3636.5223.<\/span><\/p>\n<p>Acesse o link abaixo para realizar sua inscri\u00e7\u00e3o.<\/p>\n<p>https:\/\/docs.google.com\/forms\/d\/190AOOSpIuhwdpA5ZSVomRjyltrVdAXjNsMkXUBI348c\/edit<\/p>\n","protected":false},"excerpt":{"rendered":"<p>A Vig\u00edlia da Miseric\u00f3rdia tem por finalidade nos preparar, neste Tempo de Quaresma, para a celebra\u00e7\u00e3o da P\u00e1scoa. Neste ano, ser\u00e1 realizada no dia 09&#8230;<\/p>\n","protected":false},"author":6,"featured_media":3997,"comment_status":"closed","ping_status":"closed","sticky":false,"template":"","format":"standard","meta":{"_acf_changed":false,"footnotes":""},"categories":[4,3],"tags":[],"class_list":["post-3996","post","type-post","status-publish","format-standard","has-post-thumbnail","hentry","category-event","category-not"],"acf":[],"yoast_head":"<!-- This site is optimized with the Yoast SEO plugin v27.3 - https:\/\/yoast.com\/product\/yoast-seo-wordpress\/ -->\n<title>Inscri\u00e7\u00f5es abertas para a 4\u00aa Vig\u00edlia da Miseric\u00f3rdia - Pastoral Universit\u00e1ria UniSALESIANO<\/title>\n<meta name=\"robots\" content=\"index, follow, max-snippet:-1, max-image-preview:large, max-video-preview:-1\" \/>\n<link rel=\"canonical\" href=\"https:\/\/unisale.com.br\/novo\/inscricoes-abertas-para-a-4a-vigilia-da-misericordia\/\" \/>\n<meta property=\"og:locale\" content=\"pt_BR\" \/>\n<meta property=\"og:type\" content=\"article\" \/>\n<meta property=\"og:title\" content=\"Inscri\u00e7\u00f5es abertas para a 4\u00aa Vig\u00edlia da Miseric\u00f3rdia - Pastoral Universit\u00e1ria UniSALESIANO\" \/>\n<meta property=\"og:description\" content=\"A Vig\u00edlia da Miseric\u00f3rdia tem por finalidade nos preparar, neste Tempo de Quaresma, para a celebra\u00e7\u00e3o da P\u00e1scoa. Neste ano, ser\u00e1 realizada no dia 09...\" \/>\n<meta property=\"og:url\" content=\"https:\/\/unisale.com.br\/novo\/inscricoes-abertas-para-a-4a-vigilia-da-misericordia\/\" \/>\n<meta property=\"og:site_name\" content=\"Pastoral Universit\u00e1ria UniSALESIANO\" \/>\n<meta property=\"article:published_time\" content=\"2022-03-08T19:58:26+00:00\" \/>\n<meta property=\"og:image\" content=\"https:\/\/unisale.com.br\/novo\/wp-content\/uploads\/2022\/03\/Post-da-vigilia.png\" \/>\n\t<meta property=\"og:image:width\" content=\"1080\" \/>\n\t<meta property=\"og:image:height\" content=\"1080\" \/>\n\t<meta property=\"og:image:type\" content=\"image\/png\" \/>\n<meta name=\"author\" content=\"Luiz Alexandre Marinho Lanzoni\" \/>\n<meta name=\"twitter:card\" content=\"summary_large_image\" \/>\n<meta name=\"twitter:label1\" content=\"Escrito por\" \/>\n\t<meta name=\"twitter:data1\" content=\"Luiz Alexandre Marinho Lanzoni\" \/>\n\t<meta name=\"twitter:label2\" content=\"Est. tempo de leitura\" \/>\n\t<meta name=\"twitter:data2\" content=\"1 minuto\" \/>\n<script type=\"application\/ld+json\" class=\"yoast-schema-graph\">{\"@context\":\"https:\\\/\\\/schema.org\",\"@graph\":[{\"@type\":\"Article\",\"@id\":\"https:\\\/\\\/unisale.com.br\\\/novo\\\/inscricoes-abertas-para-a-4a-vigilia-da-misericordia\\\/#article\",\"isPartOf\":{\"@id\":\"https:\\\/\\\/unisale.com.br\\\/novo\\\/inscricoes-abertas-para-a-4a-vigilia-da-misericordia\\\/\"},\"author\":{\"name\":\"Luiz Alexandre Marinho Lanzoni\",\"@id\":\"https:\\\/\\\/unisale.com.br\\\/pastoral\\\/#\\\/schema\\\/person\\\/492d3d7bfe53a8302576d39485aff2c4\"},\"headline\":\"Inscri\u00e7\u00f5es abertas para a 4\u00aa Vig\u00edlia da Miseric\u00f3rdia\",\"datePublished\":\"2022-03-08T19:58:26+00:00\",\"mainEntityOfPage\":{\"@id\":\"https:\\\/\\\/unisale.com.br\\\/novo\\\/inscricoes-abertas-para-a-4a-vigilia-da-misericordia\\\/\"},\"wordCount\":114,\"image\":{\"@id\":\"https:\\\/\\\/unisale.com.br\\\/novo\\\/inscricoes-abertas-para-a-4a-vigilia-da-misericordia\\\/#primaryimage\"},\"thumbnailUrl\":\"https:\\\/\\\/unisale.com.br\\\/pastoral\\\/wp-content\\\/uploads\\\/2022\\\/03\\\/Post-da-vigilia.png\",\"articleSection\":[\"Eventos\",\"Not\u00edcias\"],\"inLanguage\":\"pt-BR\"},{\"@type\":\"WebPage\",\"@id\":\"https:\\\/\\\/unisale.com.br\\\/novo\\\/inscricoes-abertas-para-a-4a-vigilia-da-misericordia\\\/\",\"url\":\"https:\\\/\\\/unisale.com.br\\\/novo\\\/inscricoes-abertas-para-a-4a-vigilia-da-misericordia\\\/\",\"name\":\"Inscri\u00e7\u00f5es abertas para a 4\u00aa Vig\u00edlia da Miseric\u00f3rdia - Pastoral Universit\u00e1ria UniSALESIANO\",\"isPartOf\":{\"@id\":\"https:\\\/\\\/unisale.com.br\\\/pastoral\\\/#website\"},\"primaryImageOfPage\":{\"@id\":\"https:\\\/\\\/unisale.com.br\\\/novo\\\/inscricoes-abertas-para-a-4a-vigilia-da-misericordia\\\/#primaryimage\"},\"image\":{\"@id\":\"https:\\\/\\\/unisale.com.br\\\/novo\\\/inscricoes-abertas-para-a-4a-vigilia-da-misericordia\\\/#primaryimage\"},\"thumbnailUrl\":\"https:\\\/\\\/unisale.com.br\\\/pastoral\\\/wp-content\\\/uploads\\\/2022\\\/03\\\/Post-da-vigilia.png\",\"datePublished\":\"2022-03-08T19:58:26+00:00\",\"author\":{\"@id\":\"https:\\\/\\\/unisale.com.br\\\/pastoral\\\/#\\\/schema\\\/person\\\/492d3d7bfe53a8302576d39485aff2c4\"},\"inLanguage\":\"pt-BR\",\"potentialAction\":[{\"@type\":\"ReadAction\",\"target\":[\"https:\\\/\\\/unisale.com.br\\\/novo\\\/inscricoes-abertas-para-a-4a-vigilia-da-misericordia\\\/\"]}]},{\"@type\":\"ImageObject\",\"inLanguage\":\"pt-BR\",\"@id\":\"https:\\\/\\\/unisale.com.br\\\/novo\\\/inscricoes-abertas-para-a-4a-vigilia-da-misericordia\\\/#primaryimage\",\"url\":\"https:\\\/\\\/unisale.com.br\\\/pastoral\\\/wp-content\\\/uploads\\\/2022\\\/03\\\/Post-da-vigilia.png\",\"contentUrl\":\"https:\\\/\\\/unisale.com.br\\\/pastoral\\\/wp-content\\\/uploads\\\/2022\\\/03\\\/Post-da-vigilia.png\",\"width\":500,\"height\":500},{\"@type\":\"WebSite\",\"@id\":\"https:\\\/\\\/unisale.com.br\\\/pastoral\\\/#website\",\"url\":\"https:\\\/\\\/unisale.com.br\\\/pastoral\\\/\",\"name\":\"Pastoral Universit\u00e1ria UniSALESIANO\",\"description\":\"Site da Pastoral Universit\u00e1ria do UniSALESIANO\",\"potentialAction\":[{\"@type\":\"SearchAction\",\"target\":{\"@type\":\"EntryPoint\",\"urlTemplate\":\"https:\\\/\\\/unisale.com.br\\\/pastoral\\\/?s={search_term_string}\"},\"query-input\":{\"@type\":\"PropertyValueSpecification\",\"valueRequired\":true,\"valueName\":\"search_term_string\"}}],\"inLanguage\":\"pt-BR\"},{\"@type\":\"Person\",\"@id\":\"https:\\\/\\\/unisale.com.br\\\/pastoral\\\/#\\\/schema\\\/person\\\/492d3d7bfe53a8302576d39485aff2c4\",\"name\":\"Luiz Alexandre Marinho Lanzoni\",\"url\":\"https:\\\/\\\/unisale.com.br\\\/pastoral\\\/author\\\/luiz\\\/\"}]}<\/script>\n<!-- \/ Yoast SEO plugin. -->","yoast_head_json":{"title":"Inscri\u00e7\u00f5es abertas para a 4\u00aa Vig\u00edlia da Miseric\u00f3rdia - Pastoral Universit\u00e1ria UniSALESIANO","robots":{"index":"index","follow":"follow","max-snippet":"max-snippet:-1","max-image-preview":"max-image-preview:large","max-video-preview":"max-video-preview:-1"},"canonical":"https:\/\/unisale.com.br\/novo\/inscricoes-abertas-para-a-4a-vigilia-da-misericordia\/","og_locale":"pt_BR","og_type":"article","og_title":"Inscri\u00e7\u00f5es abertas para a 4\u00aa Vig\u00edlia da Miseric\u00f3rdia - Pastoral Universit\u00e1ria UniSALESIANO","og_description":"A Vig\u00edlia da Miseric\u00f3rdia tem por finalidade nos preparar, neste Tempo de Quaresma, para a celebra\u00e7\u00e3o da P\u00e1scoa. Neste ano, ser\u00e1 realizada no dia 09...","og_url":"https:\/\/unisale.com.br\/novo\/inscricoes-abertas-para-a-4a-vigilia-da-misericordia\/","og_site_name":"Pastoral Universit\u00e1ria UniSALESIANO","article_published_time":"2022-03-08T19:58:26+00:00","og_image":[{"width":1080,"height":1080,"url":"https:\/\/unisale.com.br\/novo\/wp-content\/uploads\/2022\/03\/Post-da-vigilia.png","type":"image\/png"}],"author":"Luiz Alexandre Marinho Lanzoni","twitter_card":"summary_large_image","twitter_misc":{"Escrito por":"Luiz Alexandre Marinho Lanzoni","Est. tempo de leitura":"1 minuto"},"schema":{"@context":"https:\/\/schema.org","@graph":[{"@type":"Article","@id":"https:\/\/unisale.com.br\/novo\/inscricoes-abertas-para-a-4a-vigilia-da-misericordia\/#article","isPartOf":{"@id":"https:\/\/unisale.com.br\/novo\/inscricoes-abertas-para-a-4a-vigilia-da-misericordia\/"},"author":{"name":"Luiz Alexandre Marinho Lanzoni","@id":"https:\/\/unisale.com.br\/pastoral\/#\/schema\/person\/492d3d7bfe53a8302576d39485aff2c4"},"headline":"Inscri\u00e7\u00f5es abertas para a 4\u00aa Vig\u00edlia da Miseric\u00f3rdia","datePublished":"2022-03-08T19:58:26+00:00","mainEntityOfPage":{"@id":"https:\/\/unisale.com.br\/novo\/inscricoes-abertas-para-a-4a-vigilia-da-misericordia\/"},"wordCount":114,"image":{"@id":"https:\/\/unisale.com.br\/novo\/inscricoes-abertas-para-a-4a-vigilia-da-misericordia\/#primaryimage"},"thumbnailUrl":"https:\/\/unisale.com.br\/pastoral\/wp-content\/uploads\/2022\/03\/Post-da-vigilia.png","articleSection":["Eventos","Not\u00edcias"],"inLanguage":"pt-BR"},{"@type":"WebPage","@id":"https:\/\/unisale.com.br\/novo\/inscricoes-abertas-para-a-4a-vigilia-da-misericordia\/","url":"https:\/\/unisale.com.br\/novo\/inscricoes-abertas-para-a-4a-vigilia-da-misericordia\/","name":"Inscri\u00e7\u00f5es abertas para a 4\u00aa Vig\u00edlia da Miseric\u00f3rdia - Pastoral Universit\u00e1ria UniSALESIANO","isPartOf":{"@id":"https:\/\/unisale.com.br\/pastoral\/#website"},"primaryImageOfPage":{"@id":"https:\/\/unisale.com.br\/novo\/inscricoes-abertas-para-a-4a-vigilia-da-misericordia\/#primaryimage"},"image":{"@id":"https:\/\/unisale.com.br\/novo\/inscricoes-abertas-para-a-4a-vigilia-da-misericordia\/#primaryimage"},"thumbnailUrl":"https:\/\/unisale.com.br\/pastoral\/wp-content\/uploads\/2022\/03\/Post-da-vigilia.png","datePublished":"2022-03-08T19:58:26+00:00","author":{"@id":"https:\/\/unisale.com.br\/pastoral\/#\/schema\/person\/492d3d7bfe53a8302576d39485aff2c4"},"inLanguage":"pt-BR","potentialAction":[{"@type":"ReadAction","target":["https:\/\/unisale.com.br\/novo\/inscricoes-abertas-para-a-4a-vigilia-da-misericordia\/"]}]},{"@type":"ImageObject","inLanguage":"pt-BR","@id":"https:\/\/unisale.com.br\/novo\/inscricoes-abertas-para-a-4a-vigilia-da-misericordia\/#primaryimage","url":"https:\/\/unisale.com.br\/pastoral\/wp-content\/uploads\/2022\/03\/Post-da-vigilia.png","contentUrl":"https:\/\/unisale.com.br\/pastoral\/wp-content\/uploads\/2022\/03\/Post-da-vigilia.png","width":500,"height":500},{"@type":"WebSite","@id":"https:\/\/unisale.com.br\/pastoral\/#website","url":"https:\/\/unisale.com.br\/pastoral\/","name":"Pastoral Universit\u00e1ria UniSALESIANO","description":"Site da Pastoral Universit\u00e1ria do UniSALESIANO","potentialAction":[{"@type":"SearchAction","target":{"@type":"EntryPoint","urlTemplate":"https:\/\/unisale.com.br\/pastoral\/?s={search_term_string}"},"query-input":{"@type":"PropertyValueSpecification","valueRequired":true,"valueName":"search_term_string"}}],"inLanguage":"pt-BR"},{"@type":"Person","@id":"https:\/\/unisale.com.br\/pastoral\/#\/schema\/person\/492d3d7bfe53a8302576d39485aff2c4","name":"Luiz Alexandre Marinho Lanzoni","url":"https:\/\/unisale.com.br\/pastoral\/author\/luiz\/"}]}},"_links":{"self":[{"href":"https:\/\/unisale.com.br\/pastoral\/wp-json\/wp\/v2\/posts\/3996","targetHints":{"allow":["GET"]}}],"collection":[{"href":"https:\/\/unisale.com.br\/pastoral\/wp-json\/wp\/v2\/posts"}],"about":[{"href":"https:\/\/unisale.com.br\/pastoral\/wp-json\/wp\/v2\/types\/post"}],"author":[{"embeddable":true,"href":"https:\/\/unisale.com.br\/pastoral\/wp-json\/wp\/v2\/users\/6"}],"replies":[{"embeddable":true,"href":"https:\/\/unisale.com.br\/pastoral\/wp-json\/wp\/v2\/comments?post=3996"}],"version-history":[{"count":0,"href":"https:\/\/unisale.com.br\/pastoral\/wp-json\/wp\/v2\/posts\/3996\/revisions"}],"wp:featuredmedia":[{"embeddable":true,"href":"https:\/\/unisale.com.br\/pastoral\/wp-json\/wp\/v2\/media\/3997"}],"wp:attachment":[{"href":"https:\/\/unisale.com.br\/pastoral\/wp-json\/wp\/v2\/media?parent=3996"}],"wp:term":[{"taxonomy":"category","embeddable":true,"href":"https:\/\/unisale.com.br\/pastoral\/wp-json\/wp\/v2\/categories?post=3996"},{"taxonomy":"post_tag","embeddable":true,"href":"https:\/\/unisale.com.br\/pastoral\/wp-json\/wp\/v2\/tags?post=3996"}],"curies":[{"name":"wp","href":"https:\/\/api.w.org\/{rel}","templated":true}]}}