{"id":4017,"date":"2022-03-14T11:09:18","date_gmt":"2022-03-14T11:09:18","guid":{"rendered":"https:\/\/unisale.com.br\/pastoral\/?p=4017"},"modified":"2022-03-14T11:09:18","modified_gmt":"2022-03-14T11:09:18","slug":"14-03-perdoai-e-sereis-perdoados","status":"publish","type":"post","link":"https:\/\/unisale.com.br\/pastoral\/14-03-perdoai-e-sereis-perdoados\/","title":{"rendered":"14\/03 &#8211; &#8230;perdoai e sereis perdoados."},"content":{"rendered":"<p>Segunda-feira, 14 de mar\u00e7o de 2022.<\/p>\n<p>Evangelho (Lc 6,36-38)<\/p>\n<p>&nbsp;<\/p>\n<p><strong>\u201c&#8230;perdoai e sereis perdoados.\u201d<\/strong><\/p>\n<p>&nbsp;<\/p>\n<p>Naquele tempo, disse Jesus aos seus disc\u00edpulos: <sup>36<\/sup>\u201cSede misericordiosos, como tamb\u00e9m o vosso Pai \u00e9 misericordioso. <sup>37<\/sup>N\u00e3o julgueis e n\u00e3o sereis julgados; n\u00e3o condeneis e n\u00e3o sereis condenados; perdoai, e sereis perdoados. <sup>38<\/sup>Dai e vos ser\u00e1 dado. Uma boa medida, calcada, sacudida, transbordante ser\u00e1 colocada no vosso colo; porque com a mesma medida com que medirdes os outros, v\u00f3s tamb\u00e9m sereis medidos\u201d.<\/p>\n<p>&nbsp;<\/p>\n<p><strong>Reflex\u00e3o<\/strong><\/p>\n<p>&nbsp;<\/p>\n<p>Jesus nos pede que sejamos misericordiosos. O que \u00e9 ser misericordioso? Misericordioso \u00e9 quem tem um cora\u00e7\u00e3o sens\u00edvel que se move para a compaix\u00e3o. O misericordioso procura ajudar quem \u00e9 pobre, de escutar e consolar quem est\u00e1 na dor. Pra n\u00f3s o cora\u00e7\u00e3o \u00e9 o lugar s\u00edmbolo dos sentimentos. Na linguagem b\u00edblica possui um significado mais profundo: no cora\u00e7\u00e3o se concentra toda a vida interior. O cora\u00e7\u00e3o escolhe, decide, mas sobretudo no cora\u00e7\u00e3o se conserva as recorda\u00e7\u00f5es de tudo o que vivemos. S\u00e3o recorda\u00e7\u00f5es dos acontecimentos, mas especialmente das pessoas que encontramos, e das impress\u00f5es que estas produziram em n\u00f3s. Neste sentido, misericordioso \u00e9 aquele que recorda no cora\u00e7\u00e3o as pessoas da vida e permanece fiel a elas. A mem\u00f3ria \u00e9 uma virtude que se perde facilmente na confus\u00e3o moderna. Encontramos muitas pessoas e as esquecemos; hoje algu\u00e9m te comove, amanh\u00e3 s\u00e3o esquecidas. A nossa miseric\u00f3rdia se tornou superficial, sentimental, sem as ra\u00edzes da estabilidade, da mem\u00f3ria, da fidelidade! Em nossas ora\u00e7\u00f5es s\u00e1lmicas pedimos que Deus seja misericordioso conosco, ou O agradecemos pela sua imensa miseric\u00f3rdia. Deus v\u00ea a nossa mis\u00e9ria e se comove. O homem moderno \u00e9 inseguro e est\u00e1 sempre buscando uma \u00e2ncora de salva\u00e7\u00e3o: o dinheiro, os amigos, o poder. Mas isto tudo \u00e9 fraco. O homem foi criado \u00e0 imagem e semelhan\u00e7a de Deus, mas quando isso se torna vis\u00edvel? Quando reconhecemos a presen\u00e7a de Deus no homem? Se reconhece nas obras de miseric\u00f3rdia. Cada um de n\u00f3s ser\u00e1 avaliado segundo a medida com a qual medimos o pr\u00f3ximo: \u201cCom a mesma medida com que medirdes, sereis medidos\u201d.<\/p>\n<p>&nbsp;<\/p>\n<p><strong>Pe. Paulo Eduardo J\u00e1como, sdb.<\/strong><\/p>\n","protected":false},"excerpt":{"rendered":"<p>Segunda-feira, 14 de mar\u00e7o de 2022. Evangelho (Lc 6,36-38) &nbsp; \u201c&#8230;perdoai e sereis perdoados.\u201d &nbsp; Naquele tempo, disse Jesus aos seus disc\u00edpulos: 36\u201cSede misericordiosos, como&#8230;<\/p>\n","protected":false},"author":6,"featured_media":4018,"comment_status":"closed","ping_status":"closed","sticky":false,"template":"","format":"standard","meta":{"_acf_changed":false,"footnotes":""},"categories":[13],"tags":[],"class_list":["post-4017","post","type-post","status-publish","format-standard","has-post-thumbnail","hentry","category-reflexaodoevagelho"],"acf":[],"yoast_head":"<!-- This site is optimized with the Yoast SEO plugin v27.3 - https:\/\/yoast.com\/product\/yoast-seo-wordpress\/ -->\n<title>14\/03 - ...perdoai e sereis perdoados. - Pastoral Universit\u00e1ria UniSALESIANO<\/title>\n<meta name=\"robots\" content=\"index, follow, max-snippet:-1, max-image-preview:large, max-video-preview:-1\" \/>\n<link rel=\"canonical\" href=\"https:\/\/unisale.com.br\/novo\/14-03-perdoai-e-sereis-perdoados\/\" \/>\n<meta property=\"og:locale\" content=\"pt_BR\" \/>\n<meta property=\"og:type\" content=\"article\" \/>\n<meta property=\"og:title\" content=\"14\/03 - ...perdoai e sereis perdoados. - Pastoral Universit\u00e1ria UniSALESIANO\" \/>\n<meta property=\"og:description\" content=\"Segunda-feira, 14 de mar\u00e7o de 2022. Evangelho (Lc 6,36-38) &nbsp; \u201c&#8230;perdoai e sereis perdoados.\u201d &nbsp; Naquele tempo, disse Jesus aos seus disc\u00edpulos: 36\u201cSede misericordiosos, como...\" \/>\n<meta property=\"og:url\" content=\"https:\/\/unisale.com.br\/novo\/14-03-perdoai-e-sereis-perdoados\/\" \/>\n<meta property=\"og:site_name\" content=\"Pastoral Universit\u00e1ria UniSALESIANO\" \/>\n<meta property=\"article:published_time\" content=\"2022-03-14T11:09:18+00:00\" \/>\n<meta property=\"og:image\" content=\"https:\/\/unisale.com.br\/novo\/wp-content\/uploads\/2022\/03\/Ev-14.jpg\" \/>\n\t<meta property=\"og:image:width\" content=\"900\" \/>\n\t<meta property=\"og:image:height\" content=\"600\" \/>\n\t<meta property=\"og:image:type\" content=\"image\/jpeg\" \/>\n<meta name=\"author\" content=\"Luiz Alexandre Marinho Lanzoni\" \/>\n<meta name=\"twitter:card\" content=\"summary_large_image\" \/>\n<meta name=\"twitter:label1\" content=\"Escrito por\" \/>\n\t<meta name=\"twitter:data1\" content=\"Luiz Alexandre Marinho Lanzoni\" \/>\n\t<meta name=\"twitter:label2\" content=\"Est. tempo de leitura\" \/>\n\t<meta name=\"twitter:data2\" content=\"2 minutos\" \/>\n<script type=\"application\/ld+json\" class=\"yoast-schema-graph\">{\"@context\":\"https:\\\/\\\/schema.org\",\"@graph\":[{\"@type\":\"Article\",\"@id\":\"https:\\\/\\\/unisale.com.br\\\/novo\\\/14-03-perdoai-e-sereis-perdoados\\\/#article\",\"isPartOf\":{\"@id\":\"https:\\\/\\\/unisale.com.br\\\/novo\\\/14-03-perdoai-e-sereis-perdoados\\\/\"},\"author\":{\"name\":\"Luiz Alexandre Marinho Lanzoni\",\"@id\":\"https:\\\/\\\/unisale.com.br\\\/pastoral\\\/#\\\/schema\\\/person\\\/492d3d7bfe53a8302576d39485aff2c4\"},\"headline\":\"14\\\/03 &#8211; &#8230;perdoai e sereis perdoados.\",\"datePublished\":\"2022-03-14T11:09:18+00:00\",\"mainEntityOfPage\":{\"@id\":\"https:\\\/\\\/unisale.com.br\\\/novo\\\/14-03-perdoai-e-sereis-perdoados\\\/\"},\"wordCount\":386,\"image\":{\"@id\":\"https:\\\/\\\/unisale.com.br\\\/novo\\\/14-03-perdoai-e-sereis-perdoados\\\/#primaryimage\"},\"thumbnailUrl\":\"https:\\\/\\\/unisale.com.br\\\/pastoral\\\/wp-content\\\/uploads\\\/2022\\\/03\\\/Ev-14.jpg\",\"articleSection\":[\"Reflex\u00e3o do Evangelho\"],\"inLanguage\":\"pt-BR\"},{\"@type\":\"WebPage\",\"@id\":\"https:\\\/\\\/unisale.com.br\\\/novo\\\/14-03-perdoai-e-sereis-perdoados\\\/\",\"url\":\"https:\\\/\\\/unisale.com.br\\\/novo\\\/14-03-perdoai-e-sereis-perdoados\\\/\",\"name\":\"14\\\/03 - ...perdoai e sereis perdoados. - Pastoral Universit\u00e1ria UniSALESIANO\",\"isPartOf\":{\"@id\":\"https:\\\/\\\/unisale.com.br\\\/pastoral\\\/#website\"},\"primaryImageOfPage\":{\"@id\":\"https:\\\/\\\/unisale.com.br\\\/novo\\\/14-03-perdoai-e-sereis-perdoados\\\/#primaryimage\"},\"image\":{\"@id\":\"https:\\\/\\\/unisale.com.br\\\/novo\\\/14-03-perdoai-e-sereis-perdoados\\\/#primaryimage\"},\"thumbnailUrl\":\"https:\\\/\\\/unisale.com.br\\\/pastoral\\\/wp-content\\\/uploads\\\/2022\\\/03\\\/Ev-14.jpg\",\"datePublished\":\"2022-03-14T11:09:18+00:00\",\"author\":{\"@id\":\"https:\\\/\\\/unisale.com.br\\\/pastoral\\\/#\\\/schema\\\/person\\\/492d3d7bfe53a8302576d39485aff2c4\"},\"inLanguage\":\"pt-BR\",\"potentialAction\":[{\"@type\":\"ReadAction\",\"target\":[\"https:\\\/\\\/unisale.com.br\\\/novo\\\/14-03-perdoai-e-sereis-perdoados\\\/\"]}]},{\"@type\":\"ImageObject\",\"inLanguage\":\"pt-BR\",\"@id\":\"https:\\\/\\\/unisale.com.br\\\/novo\\\/14-03-perdoai-e-sereis-perdoados\\\/#primaryimage\",\"url\":\"https:\\\/\\\/unisale.com.br\\\/pastoral\\\/wp-content\\\/uploads\\\/2022\\\/03\\\/Ev-14.jpg\",\"contentUrl\":\"https:\\\/\\\/unisale.com.br\\\/pastoral\\\/wp-content\\\/uploads\\\/2022\\\/03\\\/Ev-14.jpg\",\"width\":750,\"height\":500},{\"@type\":\"WebSite\",\"@id\":\"https:\\\/\\\/unisale.com.br\\\/pastoral\\\/#website\",\"url\":\"https:\\\/\\\/unisale.com.br\\\/pastoral\\\/\",\"name\":\"Pastoral Universit\u00e1ria UniSALESIANO\",\"description\":\"Site da Pastoral Universit\u00e1ria do UniSALESIANO\",\"potentialAction\":[{\"@type\":\"SearchAction\",\"target\":{\"@type\":\"EntryPoint\",\"urlTemplate\":\"https:\\\/\\\/unisale.com.br\\\/pastoral\\\/?s={search_term_string}\"},\"query-input\":{\"@type\":\"PropertyValueSpecification\",\"valueRequired\":true,\"valueName\":\"search_term_string\"}}],\"inLanguage\":\"pt-BR\"},{\"@type\":\"Person\",\"@id\":\"https:\\\/\\\/unisale.com.br\\\/pastoral\\\/#\\\/schema\\\/person\\\/492d3d7bfe53a8302576d39485aff2c4\",\"name\":\"Luiz Alexandre Marinho Lanzoni\",\"url\":\"https:\\\/\\\/unisale.com.br\\\/pastoral\\\/author\\\/luiz\\\/\"}]}<\/script>\n<!-- \/ Yoast SEO plugin. -->","yoast_head_json":{"title":"14\/03 - ...perdoai e sereis perdoados. - Pastoral Universit\u00e1ria UniSALESIANO","robots":{"index":"index","follow":"follow","max-snippet":"max-snippet:-1","max-image-preview":"max-image-preview:large","max-video-preview":"max-video-preview:-1"},"canonical":"https:\/\/unisale.com.br\/novo\/14-03-perdoai-e-sereis-perdoados\/","og_locale":"pt_BR","og_type":"article","og_title":"14\/03 - ...perdoai e sereis perdoados. - Pastoral Universit\u00e1ria UniSALESIANO","og_description":"Segunda-feira, 14 de mar\u00e7o de 2022. Evangelho (Lc 6,36-38) &nbsp; \u201c&#8230;perdoai e sereis perdoados.\u201d &nbsp; Naquele tempo, disse Jesus aos seus disc\u00edpulos: 36\u201cSede misericordiosos, como...","og_url":"https:\/\/unisale.com.br\/novo\/14-03-perdoai-e-sereis-perdoados\/","og_site_name":"Pastoral Universit\u00e1ria UniSALESIANO","article_published_time":"2022-03-14T11:09:18+00:00","og_image":[{"width":900,"height":600,"url":"https:\/\/unisale.com.br\/novo\/wp-content\/uploads\/2022\/03\/Ev-14.jpg","type":"image\/jpeg"}],"author":"Luiz Alexandre Marinho Lanzoni","twitter_card":"summary_large_image","twitter_misc":{"Escrito por":"Luiz Alexandre Marinho Lanzoni","Est. tempo de leitura":"2 minutos"},"schema":{"@context":"https:\/\/schema.org","@graph":[{"@type":"Article","@id":"https:\/\/unisale.com.br\/novo\/14-03-perdoai-e-sereis-perdoados\/#article","isPartOf":{"@id":"https:\/\/unisale.com.br\/novo\/14-03-perdoai-e-sereis-perdoados\/"},"author":{"name":"Luiz Alexandre Marinho Lanzoni","@id":"https:\/\/unisale.com.br\/pastoral\/#\/schema\/person\/492d3d7bfe53a8302576d39485aff2c4"},"headline":"14\/03 &#8211; &#8230;perdoai e sereis perdoados.","datePublished":"2022-03-14T11:09:18+00:00","mainEntityOfPage":{"@id":"https:\/\/unisale.com.br\/novo\/14-03-perdoai-e-sereis-perdoados\/"},"wordCount":386,"image":{"@id":"https:\/\/unisale.com.br\/novo\/14-03-perdoai-e-sereis-perdoados\/#primaryimage"},"thumbnailUrl":"https:\/\/unisale.com.br\/pastoral\/wp-content\/uploads\/2022\/03\/Ev-14.jpg","articleSection":["Reflex\u00e3o do Evangelho"],"inLanguage":"pt-BR"},{"@type":"WebPage","@id":"https:\/\/unisale.com.br\/novo\/14-03-perdoai-e-sereis-perdoados\/","url":"https:\/\/unisale.com.br\/novo\/14-03-perdoai-e-sereis-perdoados\/","name":"14\/03 - ...perdoai e sereis perdoados. - Pastoral Universit\u00e1ria UniSALESIANO","isPartOf":{"@id":"https:\/\/unisale.com.br\/pastoral\/#website"},"primaryImageOfPage":{"@id":"https:\/\/unisale.com.br\/novo\/14-03-perdoai-e-sereis-perdoados\/#primaryimage"},"image":{"@id":"https:\/\/unisale.com.br\/novo\/14-03-perdoai-e-sereis-perdoados\/#primaryimage"},"thumbnailUrl":"https:\/\/unisale.com.br\/pastoral\/wp-content\/uploads\/2022\/03\/Ev-14.jpg","datePublished":"2022-03-14T11:09:18+00:00","author":{"@id":"https:\/\/unisale.com.br\/pastoral\/#\/schema\/person\/492d3d7bfe53a8302576d39485aff2c4"},"inLanguage":"pt-BR","potentialAction":[{"@type":"ReadAction","target":["https:\/\/unisale.com.br\/novo\/14-03-perdoai-e-sereis-perdoados\/"]}]},{"@type":"ImageObject","inLanguage":"pt-BR","@id":"https:\/\/unisale.com.br\/novo\/14-03-perdoai-e-sereis-perdoados\/#primaryimage","url":"https:\/\/unisale.com.br\/pastoral\/wp-content\/uploads\/2022\/03\/Ev-14.jpg","contentUrl":"https:\/\/unisale.com.br\/pastoral\/wp-content\/uploads\/2022\/03\/Ev-14.jpg","width":750,"height":500},{"@type":"WebSite","@id":"https:\/\/unisale.com.br\/pastoral\/#website","url":"https:\/\/unisale.com.br\/pastoral\/","name":"Pastoral Universit\u00e1ria UniSALESIANO","description":"Site da Pastoral Universit\u00e1ria do UniSALESIANO","potentialAction":[{"@type":"SearchAction","target":{"@type":"EntryPoint","urlTemplate":"https:\/\/unisale.com.br\/pastoral\/?s={search_term_string}"},"query-input":{"@type":"PropertyValueSpecification","valueRequired":true,"valueName":"search_term_string"}}],"inLanguage":"pt-BR"},{"@type":"Person","@id":"https:\/\/unisale.com.br\/pastoral\/#\/schema\/person\/492d3d7bfe53a8302576d39485aff2c4","name":"Luiz Alexandre Marinho Lanzoni","url":"https:\/\/unisale.com.br\/pastoral\/author\/luiz\/"}]}},"_links":{"self":[{"href":"https:\/\/unisale.com.br\/pastoral\/wp-json\/wp\/v2\/posts\/4017","targetHints":{"allow":["GET"]}}],"collection":[{"href":"https:\/\/unisale.com.br\/pastoral\/wp-json\/wp\/v2\/posts"}],"about":[{"href":"https:\/\/unisale.com.br\/pastoral\/wp-json\/wp\/v2\/types\/post"}],"author":[{"embeddable":true,"href":"https:\/\/unisale.com.br\/pastoral\/wp-json\/wp\/v2\/users\/6"}],"replies":[{"embeddable":true,"href":"https:\/\/unisale.com.br\/pastoral\/wp-json\/wp\/v2\/comments?post=4017"}],"version-history":[{"count":0,"href":"https:\/\/unisale.com.br\/pastoral\/wp-json\/wp\/v2\/posts\/4017\/revisions"}],"wp:featuredmedia":[{"embeddable":true,"href":"https:\/\/unisale.com.br\/pastoral\/wp-json\/wp\/v2\/media\/4018"}],"wp:attachment":[{"href":"https:\/\/unisale.com.br\/pastoral\/wp-json\/wp\/v2\/media?parent=4017"}],"wp:term":[{"taxonomy":"category","embeddable":true,"href":"https:\/\/unisale.com.br\/pastoral\/wp-json\/wp\/v2\/categories?post=4017"},{"taxonomy":"post_tag","embeddable":true,"href":"https:\/\/unisale.com.br\/pastoral\/wp-json\/wp\/v2\/tags?post=4017"}],"curies":[{"name":"wp","href":"https:\/\/api.w.org\/{rel}","templated":true}]}}