{"id":4043,"date":"2022-03-17T19:32:35","date_gmt":"2022-03-17T19:32:35","guid":{"rendered":"https:\/\/unisale.com.br\/pastoral\/?p=4043"},"modified":"2022-03-17T19:32:35","modified_gmt":"2022-03-17T19:32:35","slug":"18-03-a-pedra-que-os-pedreiros-rejeitaram-tornou-se-a-pedra-angular","status":"publish","type":"post","link":"https:\/\/unisale.com.br\/pastoral\/18-03-a-pedra-que-os-pedreiros-rejeitaram-tornou-se-a-pedra-angular\/","title":{"rendered":"18\/03 &#8211; A pedra que os pedreiros rejeitaram tornou-se a pedra angular."},"content":{"rendered":"<p>Sexta-feira, 18 de mar\u00e7o de 2022.<\/p>\n<p><strong>Evangelho (Mt 21, 33-43.45-46)<\/strong><\/p>\n<p>\u201cA pedra que os pedreiros rejeitaram tornou-se a pedra angular\u201d.<\/p>\n<p>Naquele tempo, dirigindo-se Jesus aos chefes dos sacerdotes e aos anci\u00e3os do povo, disse-lhes:\u00a0<strong><sup>33<\/sup><\/strong>\u201cEscutai esta outra par\u00e1bola: Certo propriet\u00e1rio plantou uma vinha, p\u00f4s uma cerca em volta, fez nela um lagar para esmagar as uvas e construiu uma torre de guarda. Depois arrendou-a a vinhateiros, e viajou para o estrangeiro.\u00a0<strong><sup>34<\/sup><\/strong>Quando chegou o tempo da colheita, o propriet\u00e1rio mandou seus empregados aos vinhateiros para receber seus frutos.<strong><sup>35<\/sup><\/strong>Os vinhateiros, por\u00e9m, agarraram os empregados, espancaram a um, mataram a outro, e ao terceiro apedrejaram.\u00a0<strong><sup>36<\/sup><\/strong>O propriet\u00e1rio mandou de novo outros empregados, em maior n\u00famero do que os primeiros. Mas eles os trataram da mesma forma.\u00a0<strong><sup>37<\/sup><\/strong>Finalmente, o propriet\u00e1rio, enviou-lhes o seu filho, pensando: \u2018Ao meu filho eles v\u00e3o respeitar\u2019.<strong><sup>38<\/sup><\/strong>Os vinhateiros, por\u00e9m, ao verem o filho, disseram entre si: \u2018Este \u00e9 o herdeiro. Vinde, vamos mat\u00e1-lo e tomar posse da sua heran\u00e7a!\u2019\u00a0<strong><sup>39<\/sup><\/strong>Ent\u00e3o agarraram o filho, jogaram-no para fora da vinha e o mataram.\u00a0<strong><sup>40<\/sup><\/strong>Pois bem, quando o dono da vinha voltar, que far\u00e1 com esses vinhateiros?\u201d<strong><sup>41<\/sup><\/strong>Os sumos sacerdotes e os anci\u00e3os do povo responderam: \u201cCom certeza mandar\u00e1 matar de modo violento esses perversos e arrendar\u00e1 a vinha a outros vinhateiros, que lhe entregar\u00e3o os frutos no tempo certo\u201d.<strong><sup>42<\/sup><\/strong>Ent\u00e3o Jesus lhes disse: \u201cV\u00f3s nunca lestes nas Escrituras: \u2018A pedra que os construtores rejeitaram tornou-se a pedra angular; isto foi feito pelo Senhor e \u00e9 maravilhoso aos nossos olhos?\u201d\u00a0<strong><sup>43<\/sup><\/strong>Por isso eu vos digo: o Reino de Deus vos ser\u00e1 tirado e ser\u00e1 entregue a um povo que produzir\u00e1 frutos.<strong><sup>45<\/sup><\/strong>Os sumos sacerdotes e fariseus ouviram as par\u00e1bolas de Jesus, e compreenderam que estava falando deles.\u00a0<strong><sup>46<\/sup><\/strong>Procuraram prend\u00ea-lo, mas ficaram com medo das multid\u00f5es, pois elas consideravam Jesus um profeta.<\/p>\n<p><strong>Reflex\u00e3o<\/strong><\/p>\n<p>Jesus conta mais uma par\u00e1bola, a dos vinhateiros. N\u00f3s sabemos que cultivar uma vinha \u00e9 uma tarefa \u00e1rdua. Portanto, a par\u00e1bola \u00e9 uma imagem forte, se a referimos simbolicamente a Deus. A salva\u00e7\u00e3o dos homens n\u00e3o \u00e9 diferente, \u00e9 um verdadeiro trabalho da parte de Deus. A cria\u00e7\u00e3o do mundo \u00e9 descrita na b\u00edblia como efeito imediato da palavra do Criador. Deus falou e tudo foi feito. A salva\u00e7\u00e3o, ao inv\u00e9s, aparece como uma longa pedagogia divina que tem seu cume na encarna\u00e7\u00e3o do Filho. Deus poderia salvar os homens somente com sua palavra como fez no ato da cria\u00e7\u00e3o? Sim, pois Ele \u00e9 onipotente, mas n\u00e3o podemos esquecer que a salva\u00e7\u00e3o \u00e9 revela\u00e7\u00e3o do amor de Deus. A par\u00e1bola em quest\u00e3o alude a elei\u00e7\u00e3o do povo de Israel. A vinha n\u00e3o significa s\u00f3 o que Deus fez pelo seu povo, mas o que ele fez pelo mundo. Tudo o que recebemos de Deus, tudo o que dizemos ser \u201cnosso\u201d nos foi dado por Deus para fazer o bem. A obra da cria\u00e7\u00e3o e da salva\u00e7\u00e3o \u00e9 fruto do amor de Deus para conosco e, Deus n\u00e3o exige outra coisa de n\u00f3s se n\u00e3o que este amor seja acolhido e que cres\u00e7a nos cora\u00e7\u00f5es para que n\u00e3o aconte\u00e7a de que n\u00e3o produza frutos. Uma boa obra \u00e9 aceitar a gra\u00e7a divina e rejeitar o pecado. Segundo um simbolismo antigo, o vinho \u00e9 amor. Aceitar a gra\u00e7a, para o homem, \u00e9 cultivar a vinha para que produza vinho, fruto da terra e do seu trabalho. V\u00e3 \u00e9 a fadiga se o fruto n\u00e3o \u00e9 o amor. V\u00e3 ser\u00e1 a nossa obra na vinha do mundo se n\u00e3o \u00e9 inspirada no amor de Deus.<\/p>\n<p>&nbsp;<\/p>\n<p><strong>Pe. Paulo Eduardo J\u00e1como, sdb.<\/strong><\/p>\n","protected":false},"excerpt":{"rendered":"<p>Sexta-feira, 18 de mar\u00e7o de 2022. Evangelho (Mt 21, 33-43.45-46) \u201cA pedra que os pedreiros rejeitaram tornou-se a pedra angular\u201d. Naquele tempo, dirigindo-se Jesus aos&#8230;<\/p>\n","protected":false},"author":6,"featured_media":4044,"comment_status":"closed","ping_status":"closed","sticky":false,"template":"","format":"standard","meta":{"_acf_changed":false,"footnotes":""},"categories":[13],"tags":[],"class_list":["post-4043","post","type-post","status-publish","format-standard","has-post-thumbnail","hentry","category-reflexaodoevagelho"],"acf":[],"yoast_head":"<!-- This site is optimized with the Yoast SEO plugin v27.3 - https:\/\/yoast.com\/product\/yoast-seo-wordpress\/ -->\n<title>18\/03 - A pedra que os pedreiros rejeitaram tornou-se a pedra angular. - Pastoral Universit\u00e1ria UniSALESIANO<\/title>\n<meta name=\"robots\" content=\"index, follow, max-snippet:-1, max-image-preview:large, max-video-preview:-1\" \/>\n<link rel=\"canonical\" href=\"https:\/\/unisale.com.br\/novo\/18-03-a-pedra-que-os-pedreiros-rejeitaram-tornou-se-a-pedra-angular\/\" \/>\n<meta property=\"og:locale\" content=\"pt_BR\" \/>\n<meta property=\"og:type\" content=\"article\" \/>\n<meta property=\"og:title\" content=\"18\/03 - A pedra que os pedreiros rejeitaram tornou-se a pedra angular. - Pastoral Universit\u00e1ria UniSALESIANO\" \/>\n<meta property=\"og:description\" content=\"Sexta-feira, 18 de mar\u00e7o de 2022. Evangelho (Mt 21, 33-43.45-46) \u201cA pedra que os pedreiros rejeitaram tornou-se a pedra angular\u201d. Naquele tempo, dirigindo-se Jesus aos...\" \/>\n<meta property=\"og:url\" content=\"https:\/\/unisale.com.br\/novo\/18-03-a-pedra-que-os-pedreiros-rejeitaram-tornou-se-a-pedra-angular\/\" \/>\n<meta property=\"og:site_name\" content=\"Pastoral Universit\u00e1ria UniSALESIANO\" \/>\n<meta property=\"article:published_time\" content=\"2022-03-17T19:32:35+00:00\" \/>\n<meta property=\"og:image\" content=\"https:\/\/unisale.com.br\/novo\/wp-content\/uploads\/2022\/03\/18-03.png\" \/>\n\t<meta property=\"og:image:width\" content=\"500\" \/>\n\t<meta property=\"og:image:height\" content=\"260\" \/>\n\t<meta property=\"og:image:type\" content=\"image\/png\" \/>\n<meta name=\"author\" content=\"Luiz Alexandre Marinho Lanzoni\" \/>\n<meta name=\"twitter:card\" content=\"summary_large_image\" \/>\n<meta name=\"twitter:label1\" content=\"Escrito por\" \/>\n\t<meta name=\"twitter:data1\" content=\"Luiz Alexandre Marinho Lanzoni\" \/>\n\t<meta name=\"twitter:label2\" content=\"Est. tempo de leitura\" \/>\n\t<meta name=\"twitter:data2\" content=\"3 minutos\" \/>\n<script type=\"application\/ld+json\" class=\"yoast-schema-graph\">{\"@context\":\"https:\\\/\\\/schema.org\",\"@graph\":[{\"@type\":\"Article\",\"@id\":\"https:\\\/\\\/unisale.com.br\\\/novo\\\/18-03-a-pedra-que-os-pedreiros-rejeitaram-tornou-se-a-pedra-angular\\\/#article\",\"isPartOf\":{\"@id\":\"https:\\\/\\\/unisale.com.br\\\/novo\\\/18-03-a-pedra-que-os-pedreiros-rejeitaram-tornou-se-a-pedra-angular\\\/\"},\"author\":{\"name\":\"Luiz Alexandre Marinho Lanzoni\",\"@id\":\"https:\\\/\\\/unisale.com.br\\\/pastoral\\\/#\\\/schema\\\/person\\\/492d3d7bfe53a8302576d39485aff2c4\"},\"headline\":\"18\\\/03 &#8211; A pedra que os pedreiros rejeitaram tornou-se a pedra angular.\",\"datePublished\":\"2022-03-17T19:32:35+00:00\",\"mainEntityOfPage\":{\"@id\":\"https:\\\/\\\/unisale.com.br\\\/novo\\\/18-03-a-pedra-que-os-pedreiros-rejeitaram-tornou-se-a-pedra-angular\\\/\"},\"wordCount\":639,\"image\":{\"@id\":\"https:\\\/\\\/unisale.com.br\\\/novo\\\/18-03-a-pedra-que-os-pedreiros-rejeitaram-tornou-se-a-pedra-angular\\\/#primaryimage\"},\"thumbnailUrl\":\"https:\\\/\\\/unisale.com.br\\\/pastoral\\\/wp-content\\\/uploads\\\/2022\\\/03\\\/18-03.png\",\"articleSection\":[\"Reflex\u00e3o do Evangelho\"],\"inLanguage\":\"pt-BR\"},{\"@type\":\"WebPage\",\"@id\":\"https:\\\/\\\/unisale.com.br\\\/novo\\\/18-03-a-pedra-que-os-pedreiros-rejeitaram-tornou-se-a-pedra-angular\\\/\",\"url\":\"https:\\\/\\\/unisale.com.br\\\/novo\\\/18-03-a-pedra-que-os-pedreiros-rejeitaram-tornou-se-a-pedra-angular\\\/\",\"name\":\"18\\\/03 - A pedra que os pedreiros rejeitaram tornou-se a pedra angular. - Pastoral Universit\u00e1ria UniSALESIANO\",\"isPartOf\":{\"@id\":\"https:\\\/\\\/unisale.com.br\\\/pastoral\\\/#website\"},\"primaryImageOfPage\":{\"@id\":\"https:\\\/\\\/unisale.com.br\\\/novo\\\/18-03-a-pedra-que-os-pedreiros-rejeitaram-tornou-se-a-pedra-angular\\\/#primaryimage\"},\"image\":{\"@id\":\"https:\\\/\\\/unisale.com.br\\\/novo\\\/18-03-a-pedra-que-os-pedreiros-rejeitaram-tornou-se-a-pedra-angular\\\/#primaryimage\"},\"thumbnailUrl\":\"https:\\\/\\\/unisale.com.br\\\/pastoral\\\/wp-content\\\/uploads\\\/2022\\\/03\\\/18-03.png\",\"datePublished\":\"2022-03-17T19:32:35+00:00\",\"author\":{\"@id\":\"https:\\\/\\\/unisale.com.br\\\/pastoral\\\/#\\\/schema\\\/person\\\/492d3d7bfe53a8302576d39485aff2c4\"},\"inLanguage\":\"pt-BR\",\"potentialAction\":[{\"@type\":\"ReadAction\",\"target\":[\"https:\\\/\\\/unisale.com.br\\\/novo\\\/18-03-a-pedra-que-os-pedreiros-rejeitaram-tornou-se-a-pedra-angular\\\/\"]}]},{\"@type\":\"ImageObject\",\"inLanguage\":\"pt-BR\",\"@id\":\"https:\\\/\\\/unisale.com.br\\\/novo\\\/18-03-a-pedra-que-os-pedreiros-rejeitaram-tornou-se-a-pedra-angular\\\/#primaryimage\",\"url\":\"https:\\\/\\\/unisale.com.br\\\/pastoral\\\/wp-content\\\/uploads\\\/2022\\\/03\\\/18-03.png\",\"contentUrl\":\"https:\\\/\\\/unisale.com.br\\\/pastoral\\\/wp-content\\\/uploads\\\/2022\\\/03\\\/18-03.png\",\"width\":500,\"height\":260},{\"@type\":\"WebSite\",\"@id\":\"https:\\\/\\\/unisale.com.br\\\/pastoral\\\/#website\",\"url\":\"https:\\\/\\\/unisale.com.br\\\/pastoral\\\/\",\"name\":\"Pastoral Universit\u00e1ria UniSALESIANO\",\"description\":\"Site da Pastoral Universit\u00e1ria do UniSALESIANO\",\"potentialAction\":[{\"@type\":\"SearchAction\",\"target\":{\"@type\":\"EntryPoint\",\"urlTemplate\":\"https:\\\/\\\/unisale.com.br\\\/pastoral\\\/?s={search_term_string}\"},\"query-input\":{\"@type\":\"PropertyValueSpecification\",\"valueRequired\":true,\"valueName\":\"search_term_string\"}}],\"inLanguage\":\"pt-BR\"},{\"@type\":\"Person\",\"@id\":\"https:\\\/\\\/unisale.com.br\\\/pastoral\\\/#\\\/schema\\\/person\\\/492d3d7bfe53a8302576d39485aff2c4\",\"name\":\"Luiz Alexandre Marinho Lanzoni\",\"url\":\"https:\\\/\\\/unisale.com.br\\\/pastoral\\\/author\\\/luiz\\\/\"}]}<\/script>\n<!-- \/ Yoast SEO plugin. -->","yoast_head_json":{"title":"18\/03 - A pedra que os pedreiros rejeitaram tornou-se a pedra angular. - Pastoral Universit\u00e1ria UniSALESIANO","robots":{"index":"index","follow":"follow","max-snippet":"max-snippet:-1","max-image-preview":"max-image-preview:large","max-video-preview":"max-video-preview:-1"},"canonical":"https:\/\/unisale.com.br\/novo\/18-03-a-pedra-que-os-pedreiros-rejeitaram-tornou-se-a-pedra-angular\/","og_locale":"pt_BR","og_type":"article","og_title":"18\/03 - A pedra que os pedreiros rejeitaram tornou-se a pedra angular. - Pastoral Universit\u00e1ria UniSALESIANO","og_description":"Sexta-feira, 18 de mar\u00e7o de 2022. Evangelho (Mt 21, 33-43.45-46) \u201cA pedra que os pedreiros rejeitaram tornou-se a pedra angular\u201d. Naquele tempo, dirigindo-se Jesus aos...","og_url":"https:\/\/unisale.com.br\/novo\/18-03-a-pedra-que-os-pedreiros-rejeitaram-tornou-se-a-pedra-angular\/","og_site_name":"Pastoral Universit\u00e1ria UniSALESIANO","article_published_time":"2022-03-17T19:32:35+00:00","og_image":[{"width":500,"height":260,"url":"https:\/\/unisale.com.br\/novo\/wp-content\/uploads\/2022\/03\/18-03.png","type":"image\/png"}],"author":"Luiz Alexandre Marinho Lanzoni","twitter_card":"summary_large_image","twitter_misc":{"Escrito por":"Luiz Alexandre Marinho Lanzoni","Est. tempo de leitura":"3 minutos"},"schema":{"@context":"https:\/\/schema.org","@graph":[{"@type":"Article","@id":"https:\/\/unisale.com.br\/novo\/18-03-a-pedra-que-os-pedreiros-rejeitaram-tornou-se-a-pedra-angular\/#article","isPartOf":{"@id":"https:\/\/unisale.com.br\/novo\/18-03-a-pedra-que-os-pedreiros-rejeitaram-tornou-se-a-pedra-angular\/"},"author":{"name":"Luiz Alexandre Marinho Lanzoni","@id":"https:\/\/unisale.com.br\/pastoral\/#\/schema\/person\/492d3d7bfe53a8302576d39485aff2c4"},"headline":"18\/03 &#8211; A pedra que os pedreiros rejeitaram tornou-se a pedra angular.","datePublished":"2022-03-17T19:32:35+00:00","mainEntityOfPage":{"@id":"https:\/\/unisale.com.br\/novo\/18-03-a-pedra-que-os-pedreiros-rejeitaram-tornou-se-a-pedra-angular\/"},"wordCount":639,"image":{"@id":"https:\/\/unisale.com.br\/novo\/18-03-a-pedra-que-os-pedreiros-rejeitaram-tornou-se-a-pedra-angular\/#primaryimage"},"thumbnailUrl":"https:\/\/unisale.com.br\/pastoral\/wp-content\/uploads\/2022\/03\/18-03.png","articleSection":["Reflex\u00e3o do Evangelho"],"inLanguage":"pt-BR"},{"@type":"WebPage","@id":"https:\/\/unisale.com.br\/novo\/18-03-a-pedra-que-os-pedreiros-rejeitaram-tornou-se-a-pedra-angular\/","url":"https:\/\/unisale.com.br\/novo\/18-03-a-pedra-que-os-pedreiros-rejeitaram-tornou-se-a-pedra-angular\/","name":"18\/03 - A pedra que os pedreiros rejeitaram tornou-se a pedra angular. - Pastoral Universit\u00e1ria UniSALESIANO","isPartOf":{"@id":"https:\/\/unisale.com.br\/pastoral\/#website"},"primaryImageOfPage":{"@id":"https:\/\/unisale.com.br\/novo\/18-03-a-pedra-que-os-pedreiros-rejeitaram-tornou-se-a-pedra-angular\/#primaryimage"},"image":{"@id":"https:\/\/unisale.com.br\/novo\/18-03-a-pedra-que-os-pedreiros-rejeitaram-tornou-se-a-pedra-angular\/#primaryimage"},"thumbnailUrl":"https:\/\/unisale.com.br\/pastoral\/wp-content\/uploads\/2022\/03\/18-03.png","datePublished":"2022-03-17T19:32:35+00:00","author":{"@id":"https:\/\/unisale.com.br\/pastoral\/#\/schema\/person\/492d3d7bfe53a8302576d39485aff2c4"},"inLanguage":"pt-BR","potentialAction":[{"@type":"ReadAction","target":["https:\/\/unisale.com.br\/novo\/18-03-a-pedra-que-os-pedreiros-rejeitaram-tornou-se-a-pedra-angular\/"]}]},{"@type":"ImageObject","inLanguage":"pt-BR","@id":"https:\/\/unisale.com.br\/novo\/18-03-a-pedra-que-os-pedreiros-rejeitaram-tornou-se-a-pedra-angular\/#primaryimage","url":"https:\/\/unisale.com.br\/pastoral\/wp-content\/uploads\/2022\/03\/18-03.png","contentUrl":"https:\/\/unisale.com.br\/pastoral\/wp-content\/uploads\/2022\/03\/18-03.png","width":500,"height":260},{"@type":"WebSite","@id":"https:\/\/unisale.com.br\/pastoral\/#website","url":"https:\/\/unisale.com.br\/pastoral\/","name":"Pastoral Universit\u00e1ria UniSALESIANO","description":"Site da Pastoral Universit\u00e1ria do UniSALESIANO","potentialAction":[{"@type":"SearchAction","target":{"@type":"EntryPoint","urlTemplate":"https:\/\/unisale.com.br\/pastoral\/?s={search_term_string}"},"query-input":{"@type":"PropertyValueSpecification","valueRequired":true,"valueName":"search_term_string"}}],"inLanguage":"pt-BR"},{"@type":"Person","@id":"https:\/\/unisale.com.br\/pastoral\/#\/schema\/person\/492d3d7bfe53a8302576d39485aff2c4","name":"Luiz Alexandre Marinho Lanzoni","url":"https:\/\/unisale.com.br\/pastoral\/author\/luiz\/"}]}},"_links":{"self":[{"href":"https:\/\/unisale.com.br\/pastoral\/wp-json\/wp\/v2\/posts\/4043","targetHints":{"allow":["GET"]}}],"collection":[{"href":"https:\/\/unisale.com.br\/pastoral\/wp-json\/wp\/v2\/posts"}],"about":[{"href":"https:\/\/unisale.com.br\/pastoral\/wp-json\/wp\/v2\/types\/post"}],"author":[{"embeddable":true,"href":"https:\/\/unisale.com.br\/pastoral\/wp-json\/wp\/v2\/users\/6"}],"replies":[{"embeddable":true,"href":"https:\/\/unisale.com.br\/pastoral\/wp-json\/wp\/v2\/comments?post=4043"}],"version-history":[{"count":0,"href":"https:\/\/unisale.com.br\/pastoral\/wp-json\/wp\/v2\/posts\/4043\/revisions"}],"wp:featuredmedia":[{"embeddable":true,"href":"https:\/\/unisale.com.br\/pastoral\/wp-json\/wp\/v2\/media\/4044"}],"wp:attachment":[{"href":"https:\/\/unisale.com.br\/pastoral\/wp-json\/wp\/v2\/media?parent=4043"}],"wp:term":[{"taxonomy":"category","embeddable":true,"href":"https:\/\/unisale.com.br\/pastoral\/wp-json\/wp\/v2\/categories?post=4043"},{"taxonomy":"post_tag","embeddable":true,"href":"https:\/\/unisale.com.br\/pastoral\/wp-json\/wp\/v2\/tags?post=4043"}],"curies":[{"name":"wp","href":"https:\/\/api.w.org\/{rel}","templated":true}]}}