{"id":4053,"date":"2022-03-17T19:37:25","date_gmt":"2022-03-17T19:37:25","guid":{"rendered":"https:\/\/unisale.com.br\/pastoral\/?p=4053"},"modified":"2022-03-17T20:18:40","modified_gmt":"2022-03-17T20:18:40","slug":"21-03-em-verdade-eu-vos-digo-que-nenhum-profeta-e-bem-recebido-em-sua-patria","status":"publish","type":"post","link":"https:\/\/unisale.com.br\/pastoral\/21-03-em-verdade-eu-vos-digo-que-nenhum-profeta-e-bem-recebido-em-sua-patria\/","title":{"rendered":"21\/03 -Em verdade eu vos digo que nenhum profeta \u00e9 bem recebido em sua p\u00e1tria."},"content":{"rendered":"<p>Segunda, 21 de mar\u00e7o de 2022.<\/p>\n<p><strong>Evangelho (Lc 4, 24-30)<\/strong><\/p>\n<p>\u201cEm verdade eu vos digo que nenhum profeta \u00e9 bem recebido em sua p\u00e1tria\u201d.<\/p>\n<p>Jesus, vindo a Nazar\u00e9, disse ao povo na sinagoga:\u00a0<strong><sup>24<\/sup><\/strong>\u201cEm verdade eu vos digo que nenhum profeta \u00e9 bem recebido em sua p\u00e1tria.\u00a0<strong><sup>25<\/sup><\/strong>De fato, eu vos digo: no tempo do profeta Elias, quando n\u00e3o choveu durante tr\u00eas anos e seis meses e houve grande fome em toda a regi\u00e3o, havia muitas vi\u00favas em Israel.\u00a0<strong><sup>26<\/sup><\/strong>No entanto, a nenhuma delas foi enviado Elias, sen\u00e3o a uma vi\u00fava em Sarepta, na Sid\u00f4nia.\u00a0<strong><sup>27<\/sup><\/strong>E no tempo do profeta Eliseu, havia muitos leprosos em Israel. Contudo, nenhum deles foi curado, mas sim Naam\u00e3, o s\u00edrio\u201d.<strong><sup>28<\/sup><\/strong>Quando ouviram estas palavras de Jesus, todos na sinagoga ficaram furiosos.\u00a0<strong><sup>29<\/sup><\/strong>Levantaram-se e o expulsaram da cidade. Levaram-no at\u00e9 o alto do monte sobre o qual a cidade estava constru\u00edda, com a inten\u00e7\u00e3o de lan\u00e7\u00e1-lo no precip\u00edcio.\u00a0<strong><sup>30<\/sup><\/strong>Jesus, por\u00e9m, passando pelo meio deles, continuou o seu caminho.<\/p>\n<p><strong><sup>\u00a0<\/sup><\/strong><\/p>\n<p><strong>Reflex\u00e3o<\/strong><\/p>\n<p>O profeta \u00e9 o homem que fala em nome de Deus. De modo geral n\u00e3o costumamos acreditar em quem se declara profeta, at\u00e9 podemos dar algum cr\u00e9dito quando este vem de longe, agora se o conhecemos desde crian\u00e7a, a\u00ed \u00e9 mais complicado. Como estar seguro de que algu\u00e9m fala movido pelo Espirito Santo? N\u00e3o podemos avaliar somente a sua palavra, mas tamb\u00e9m a sua pessoa. Se vive na f\u00e9, se observa os mandamentos de Deus, se d\u00e1 sinais de que Deus est\u00e1 com ele. A vida confirma as palavras. N\u00e3o \u00e9 dif\u00edcil compreender o comportamento das pessoas de Nazar\u00e9. Um lugar onde todos se conheciam, se respeitavam e se ajudavam quando necess\u00e1rio, as coisas mudam quando chega algu\u00e9m que quer se sobrepor aos outros. S\u00e3o despertados sentimentos de inveja, muitas vezes incontrol\u00e1veis. A inveja \u00e9 um sentimento estranho. Os autores orientais a chamam de \u201ctristeza psicol\u00f3gica\u201d. A tristeza muitas vezes faz pensar que bastaria eliminar algu\u00e9m para reencontrar a paz. A tristeza \u00e9 um \u00f3dio, e este \u00f3dio leva os Nazarenos quase a cometer um homic\u00eddio. Mas o \u00fanico \u00f3dio que o crist\u00e3o deve experimentar \u00e9 aquele em rela\u00e7\u00e3o ao pecado. A \u00fanica tristeza deve ser a tristeza do pecado. A tristeza que algu\u00e9m sente pelo sucesso do outro \u00e9 o contr\u00e1rio do amor. O amor se op\u00f5e \u00e0 inveja, e deve ocupar todo o cora\u00e7\u00e3o para que a inveja n\u00e3o prevale\u00e7a. Como se comportar em rela\u00e7\u00e3o a quem te inveja ou te odeia sem motivo? A primeira coisa \u00e9 um exame de consci\u00eancia, para ver se temos alguma culpa e, se n\u00e3o temos, fa\u00e7amos como Jesus: passemos em meio a esta gente e sigamos o nosso caminho sem nos perturbamos.<\/p>\n<p>&nbsp;<\/p>\n<p><strong>Pe. Paulo Eduardo J\u00e1como, sdb.<\/strong><\/p>\n<p>&nbsp;<\/p>\n","protected":false},"excerpt":{"rendered":"<p>Segunda, 21 de mar\u00e7o de 2022. Evangelho (Lc 4, 24-30) \u201cEm verdade eu vos digo que nenhum profeta \u00e9 bem recebido em sua p\u00e1tria\u201d. Jesus,&#8230;<\/p>\n","protected":false},"author":6,"featured_media":4047,"comment_status":"closed","ping_status":"closed","sticky":false,"template":"","format":"standard","meta":{"_acf_changed":false,"footnotes":""},"categories":[13],"tags":[],"class_list":["post-4053","post","type-post","status-publish","format-standard","has-post-thumbnail","hentry","category-reflexaodoevagelho"],"acf":[],"yoast_head":"<!-- This site is optimized with the Yoast SEO plugin v27.3 - https:\/\/yoast.com\/product\/yoast-seo-wordpress\/ -->\n<title>21\/03 -Em verdade eu vos digo que nenhum profeta \u00e9 bem recebido em sua p\u00e1tria. - Pastoral Universit\u00e1ria UniSALESIANO<\/title>\n<meta name=\"robots\" content=\"index, follow, max-snippet:-1, max-image-preview:large, max-video-preview:-1\" \/>\n<link rel=\"canonical\" href=\"https:\/\/unisale.com.br\/novo\/21-03-em-verdade-eu-vos-digo-que-nenhum-profeta-e-bem-recebido-em-sua-patria\/\" \/>\n<meta property=\"og:locale\" content=\"pt_BR\" \/>\n<meta property=\"og:type\" content=\"article\" \/>\n<meta property=\"og:title\" content=\"21\/03 -Em verdade eu vos digo que nenhum profeta \u00e9 bem recebido em sua p\u00e1tria. - Pastoral Universit\u00e1ria UniSALESIANO\" \/>\n<meta property=\"og:description\" content=\"Segunda, 21 de mar\u00e7o de 2022. Evangelho (Lc 4, 24-30) \u201cEm verdade eu vos digo que nenhum profeta \u00e9 bem recebido em sua p\u00e1tria\u201d. Jesus,...\" \/>\n<meta property=\"og:url\" content=\"https:\/\/unisale.com.br\/novo\/21-03-em-verdade-eu-vos-digo-que-nenhum-profeta-e-bem-recebido-em-sua-patria\/\" \/>\n<meta property=\"og:site_name\" content=\"Pastoral Universit\u00e1ria UniSALESIANO\" \/>\n<meta property=\"article:published_time\" content=\"2022-03-17T19:37:25+00:00\" \/>\n<meta property=\"article:modified_time\" content=\"2022-03-17T20:18:40+00:00\" \/>\n<meta property=\"og:image\" content=\"https:\/\/unisale.com.br\/novo\/wp-content\/uploads\/2022\/03\/21-03.jpeg\" \/>\n\t<meta property=\"og:image:width\" content=\"1280\" \/>\n\t<meta property=\"og:image:height\" content=\"720\" \/>\n\t<meta property=\"og:image:type\" content=\"image\/jpeg\" \/>\n<meta name=\"author\" content=\"Luiz Alexandre Marinho Lanzoni\" \/>\n<meta name=\"twitter:card\" content=\"summary_large_image\" \/>\n<meta name=\"twitter:label1\" content=\"Escrito por\" \/>\n\t<meta name=\"twitter:data1\" content=\"Luiz Alexandre Marinho Lanzoni\" \/>\n\t<meta name=\"twitter:label2\" content=\"Est. tempo de leitura\" \/>\n\t<meta name=\"twitter:data2\" content=\"2 minutos\" \/>\n<script type=\"application\/ld+json\" class=\"yoast-schema-graph\">{\"@context\":\"https:\\\/\\\/schema.org\",\"@graph\":[{\"@type\":\"Article\",\"@id\":\"https:\\\/\\\/unisale.com.br\\\/novo\\\/21-03-em-verdade-eu-vos-digo-que-nenhum-profeta-e-bem-recebido-em-sua-patria\\\/#article\",\"isPartOf\":{\"@id\":\"https:\\\/\\\/unisale.com.br\\\/novo\\\/21-03-em-verdade-eu-vos-digo-que-nenhum-profeta-e-bem-recebido-em-sua-patria\\\/\"},\"author\":{\"name\":\"Luiz Alexandre Marinho Lanzoni\",\"@id\":\"https:\\\/\\\/unisale.com.br\\\/pastoral\\\/#\\\/schema\\\/person\\\/492d3d7bfe53a8302576d39485aff2c4\"},\"headline\":\"21\\\/03 -Em verdade eu vos digo que nenhum profeta \u00e9 bem recebido em sua p\u00e1tria.\",\"datePublished\":\"2022-03-17T19:37:25+00:00\",\"dateModified\":\"2022-03-17T20:18:40+00:00\",\"mainEntityOfPage\":{\"@id\":\"https:\\\/\\\/unisale.com.br\\\/novo\\\/21-03-em-verdade-eu-vos-digo-que-nenhum-profeta-e-bem-recebido-em-sua-patria\\\/\"},\"wordCount\":497,\"image\":{\"@id\":\"https:\\\/\\\/unisale.com.br\\\/novo\\\/21-03-em-verdade-eu-vos-digo-que-nenhum-profeta-e-bem-recebido-em-sua-patria\\\/#primaryimage\"},\"thumbnailUrl\":\"https:\\\/\\\/unisale.com.br\\\/pastoral\\\/wp-content\\\/uploads\\\/2022\\\/03\\\/21-03.jpeg\",\"articleSection\":[\"Reflex\u00e3o do Evangelho\"],\"inLanguage\":\"pt-BR\"},{\"@type\":\"WebPage\",\"@id\":\"https:\\\/\\\/unisale.com.br\\\/novo\\\/21-03-em-verdade-eu-vos-digo-que-nenhum-profeta-e-bem-recebido-em-sua-patria\\\/\",\"url\":\"https:\\\/\\\/unisale.com.br\\\/novo\\\/21-03-em-verdade-eu-vos-digo-que-nenhum-profeta-e-bem-recebido-em-sua-patria\\\/\",\"name\":\"21\\\/03 -Em verdade eu vos digo que nenhum profeta \u00e9 bem recebido em sua p\u00e1tria. - Pastoral Universit\u00e1ria UniSALESIANO\",\"isPartOf\":{\"@id\":\"https:\\\/\\\/unisale.com.br\\\/pastoral\\\/#website\"},\"primaryImageOfPage\":{\"@id\":\"https:\\\/\\\/unisale.com.br\\\/novo\\\/21-03-em-verdade-eu-vos-digo-que-nenhum-profeta-e-bem-recebido-em-sua-patria\\\/#primaryimage\"},\"image\":{\"@id\":\"https:\\\/\\\/unisale.com.br\\\/novo\\\/21-03-em-verdade-eu-vos-digo-que-nenhum-profeta-e-bem-recebido-em-sua-patria\\\/#primaryimage\"},\"thumbnailUrl\":\"https:\\\/\\\/unisale.com.br\\\/pastoral\\\/wp-content\\\/uploads\\\/2022\\\/03\\\/21-03.jpeg\",\"datePublished\":\"2022-03-17T19:37:25+00:00\",\"dateModified\":\"2022-03-17T20:18:40+00:00\",\"author\":{\"@id\":\"https:\\\/\\\/unisale.com.br\\\/pastoral\\\/#\\\/schema\\\/person\\\/492d3d7bfe53a8302576d39485aff2c4\"},\"inLanguage\":\"pt-BR\",\"potentialAction\":[{\"@type\":\"ReadAction\",\"target\":[\"https:\\\/\\\/unisale.com.br\\\/novo\\\/21-03-em-verdade-eu-vos-digo-que-nenhum-profeta-e-bem-recebido-em-sua-patria\\\/\"]}]},{\"@type\":\"ImageObject\",\"inLanguage\":\"pt-BR\",\"@id\":\"https:\\\/\\\/unisale.com.br\\\/novo\\\/21-03-em-verdade-eu-vos-digo-que-nenhum-profeta-e-bem-recebido-em-sua-patria\\\/#primaryimage\",\"url\":\"https:\\\/\\\/unisale.com.br\\\/pastoral\\\/wp-content\\\/uploads\\\/2022\\\/03\\\/21-03.jpeg\",\"contentUrl\":\"https:\\\/\\\/unisale.com.br\\\/pastoral\\\/wp-content\\\/uploads\\\/2022\\\/03\\\/21-03.jpeg\",\"width\":889,\"height\":500},{\"@type\":\"WebSite\",\"@id\":\"https:\\\/\\\/unisale.com.br\\\/pastoral\\\/#website\",\"url\":\"https:\\\/\\\/unisale.com.br\\\/pastoral\\\/\",\"name\":\"Pastoral Universit\u00e1ria UniSALESIANO\",\"description\":\"Site da Pastoral Universit\u00e1ria do UniSALESIANO\",\"potentialAction\":[{\"@type\":\"SearchAction\",\"target\":{\"@type\":\"EntryPoint\",\"urlTemplate\":\"https:\\\/\\\/unisale.com.br\\\/pastoral\\\/?s={search_term_string}\"},\"query-input\":{\"@type\":\"PropertyValueSpecification\",\"valueRequired\":true,\"valueName\":\"search_term_string\"}}],\"inLanguage\":\"pt-BR\"},{\"@type\":\"Person\",\"@id\":\"https:\\\/\\\/unisale.com.br\\\/pastoral\\\/#\\\/schema\\\/person\\\/492d3d7bfe53a8302576d39485aff2c4\",\"name\":\"Luiz Alexandre Marinho Lanzoni\",\"url\":\"https:\\\/\\\/unisale.com.br\\\/pastoral\\\/author\\\/luiz\\\/\"}]}<\/script>\n<!-- \/ Yoast SEO plugin. -->","yoast_head_json":{"title":"21\/03 -Em verdade eu vos digo que nenhum profeta \u00e9 bem recebido em sua p\u00e1tria. - Pastoral Universit\u00e1ria UniSALESIANO","robots":{"index":"index","follow":"follow","max-snippet":"max-snippet:-1","max-image-preview":"max-image-preview:large","max-video-preview":"max-video-preview:-1"},"canonical":"https:\/\/unisale.com.br\/novo\/21-03-em-verdade-eu-vos-digo-que-nenhum-profeta-e-bem-recebido-em-sua-patria\/","og_locale":"pt_BR","og_type":"article","og_title":"21\/03 -Em verdade eu vos digo que nenhum profeta \u00e9 bem recebido em sua p\u00e1tria. - Pastoral Universit\u00e1ria UniSALESIANO","og_description":"Segunda, 21 de mar\u00e7o de 2022. Evangelho (Lc 4, 24-30) \u201cEm verdade eu vos digo que nenhum profeta \u00e9 bem recebido em sua p\u00e1tria\u201d. Jesus,...","og_url":"https:\/\/unisale.com.br\/novo\/21-03-em-verdade-eu-vos-digo-que-nenhum-profeta-e-bem-recebido-em-sua-patria\/","og_site_name":"Pastoral Universit\u00e1ria UniSALESIANO","article_published_time":"2022-03-17T19:37:25+00:00","article_modified_time":"2022-03-17T20:18:40+00:00","og_image":[{"width":1280,"height":720,"url":"https:\/\/unisale.com.br\/novo\/wp-content\/uploads\/2022\/03\/21-03.jpeg","type":"image\/jpeg"}],"author":"Luiz Alexandre Marinho Lanzoni","twitter_card":"summary_large_image","twitter_misc":{"Escrito por":"Luiz Alexandre Marinho Lanzoni","Est. tempo de leitura":"2 minutos"},"schema":{"@context":"https:\/\/schema.org","@graph":[{"@type":"Article","@id":"https:\/\/unisale.com.br\/novo\/21-03-em-verdade-eu-vos-digo-que-nenhum-profeta-e-bem-recebido-em-sua-patria\/#article","isPartOf":{"@id":"https:\/\/unisale.com.br\/novo\/21-03-em-verdade-eu-vos-digo-que-nenhum-profeta-e-bem-recebido-em-sua-patria\/"},"author":{"name":"Luiz Alexandre Marinho Lanzoni","@id":"https:\/\/unisale.com.br\/pastoral\/#\/schema\/person\/492d3d7bfe53a8302576d39485aff2c4"},"headline":"21\/03 -Em verdade eu vos digo que nenhum profeta \u00e9 bem recebido em sua p\u00e1tria.","datePublished":"2022-03-17T19:37:25+00:00","dateModified":"2022-03-17T20:18:40+00:00","mainEntityOfPage":{"@id":"https:\/\/unisale.com.br\/novo\/21-03-em-verdade-eu-vos-digo-que-nenhum-profeta-e-bem-recebido-em-sua-patria\/"},"wordCount":497,"image":{"@id":"https:\/\/unisale.com.br\/novo\/21-03-em-verdade-eu-vos-digo-que-nenhum-profeta-e-bem-recebido-em-sua-patria\/#primaryimage"},"thumbnailUrl":"https:\/\/unisale.com.br\/pastoral\/wp-content\/uploads\/2022\/03\/21-03.jpeg","articleSection":["Reflex\u00e3o do Evangelho"],"inLanguage":"pt-BR"},{"@type":"WebPage","@id":"https:\/\/unisale.com.br\/novo\/21-03-em-verdade-eu-vos-digo-que-nenhum-profeta-e-bem-recebido-em-sua-patria\/","url":"https:\/\/unisale.com.br\/novo\/21-03-em-verdade-eu-vos-digo-que-nenhum-profeta-e-bem-recebido-em-sua-patria\/","name":"21\/03 -Em verdade eu vos digo que nenhum profeta \u00e9 bem recebido em sua p\u00e1tria. - Pastoral Universit\u00e1ria UniSALESIANO","isPartOf":{"@id":"https:\/\/unisale.com.br\/pastoral\/#website"},"primaryImageOfPage":{"@id":"https:\/\/unisale.com.br\/novo\/21-03-em-verdade-eu-vos-digo-que-nenhum-profeta-e-bem-recebido-em-sua-patria\/#primaryimage"},"image":{"@id":"https:\/\/unisale.com.br\/novo\/21-03-em-verdade-eu-vos-digo-que-nenhum-profeta-e-bem-recebido-em-sua-patria\/#primaryimage"},"thumbnailUrl":"https:\/\/unisale.com.br\/pastoral\/wp-content\/uploads\/2022\/03\/21-03.jpeg","datePublished":"2022-03-17T19:37:25+00:00","dateModified":"2022-03-17T20:18:40+00:00","author":{"@id":"https:\/\/unisale.com.br\/pastoral\/#\/schema\/person\/492d3d7bfe53a8302576d39485aff2c4"},"inLanguage":"pt-BR","potentialAction":[{"@type":"ReadAction","target":["https:\/\/unisale.com.br\/novo\/21-03-em-verdade-eu-vos-digo-que-nenhum-profeta-e-bem-recebido-em-sua-patria\/"]}]},{"@type":"ImageObject","inLanguage":"pt-BR","@id":"https:\/\/unisale.com.br\/novo\/21-03-em-verdade-eu-vos-digo-que-nenhum-profeta-e-bem-recebido-em-sua-patria\/#primaryimage","url":"https:\/\/unisale.com.br\/pastoral\/wp-content\/uploads\/2022\/03\/21-03.jpeg","contentUrl":"https:\/\/unisale.com.br\/pastoral\/wp-content\/uploads\/2022\/03\/21-03.jpeg","width":889,"height":500},{"@type":"WebSite","@id":"https:\/\/unisale.com.br\/pastoral\/#website","url":"https:\/\/unisale.com.br\/pastoral\/","name":"Pastoral Universit\u00e1ria UniSALESIANO","description":"Site da Pastoral Universit\u00e1ria do UniSALESIANO","potentialAction":[{"@type":"SearchAction","target":{"@type":"EntryPoint","urlTemplate":"https:\/\/unisale.com.br\/pastoral\/?s={search_term_string}"},"query-input":{"@type":"PropertyValueSpecification","valueRequired":true,"valueName":"search_term_string"}}],"inLanguage":"pt-BR"},{"@type":"Person","@id":"https:\/\/unisale.com.br\/pastoral\/#\/schema\/person\/492d3d7bfe53a8302576d39485aff2c4","name":"Luiz Alexandre Marinho Lanzoni","url":"https:\/\/unisale.com.br\/pastoral\/author\/luiz\/"}]}},"_links":{"self":[{"href":"https:\/\/unisale.com.br\/pastoral\/wp-json\/wp\/v2\/posts\/4053","targetHints":{"allow":["GET"]}}],"collection":[{"href":"https:\/\/unisale.com.br\/pastoral\/wp-json\/wp\/v2\/posts"}],"about":[{"href":"https:\/\/unisale.com.br\/pastoral\/wp-json\/wp\/v2\/types\/post"}],"author":[{"embeddable":true,"href":"https:\/\/unisale.com.br\/pastoral\/wp-json\/wp\/v2\/users\/6"}],"replies":[{"embeddable":true,"href":"https:\/\/unisale.com.br\/pastoral\/wp-json\/wp\/v2\/comments?post=4053"}],"version-history":[{"count":0,"href":"https:\/\/unisale.com.br\/pastoral\/wp-json\/wp\/v2\/posts\/4053\/revisions"}],"wp:featuredmedia":[{"embeddable":true,"href":"https:\/\/unisale.com.br\/pastoral\/wp-json\/wp\/v2\/media\/4047"}],"wp:attachment":[{"href":"https:\/\/unisale.com.br\/pastoral\/wp-json\/wp\/v2\/media?parent=4053"}],"wp:term":[{"taxonomy":"category","embeddable":true,"href":"https:\/\/unisale.com.br\/pastoral\/wp-json\/wp\/v2\/categories?post=4053"},{"taxonomy":"post_tag","embeddable":true,"href":"https:\/\/unisale.com.br\/pastoral\/wp-json\/wp\/v2\/tags?post=4053"}],"curies":[{"name":"wp","href":"https:\/\/api.w.org\/{rel}","templated":true}]}}