{"id":4077,"date":"2022-03-21T16:13:57","date_gmt":"2022-03-21T16:13:57","guid":{"rendered":"https:\/\/unisale.com.br\/pastoral\/?p=4077"},"modified":"2022-03-21T16:13:57","modified_gmt":"2022-03-21T16:13:57","slug":"25-03-eis-aqui-a-serva-do-senhor-faca-se-em-mim-segundo-a-tua-palavra","status":"publish","type":"post","link":"https:\/\/unisale.com.br\/pastoral\/25-03-eis-aqui-a-serva-do-senhor-faca-se-em-mim-segundo-a-tua-palavra\/","title":{"rendered":"25\/03 &#8211; Eis aqui a serva do Senhor; fa\u00e7a-se em mim segundo a tua palavra."},"content":{"rendered":"<p>Sexta-feira, 25 de mar\u00e7o de 2022. Anuncia\u00e7\u00e3o do Senhor<\/p>\n<p>Evangelho (Lc 1,26-38)<\/p>\n<p><strong>\u201cEis aqui a serva do Senhor; fa\u00e7a-se em mim segundo a tua palavra\u201d<\/strong><\/p>\n<p>Naquele tempo, <sup>26<\/sup>o anjo Gabriel foi enviado por Deus a uma cidade da Galileia, chamada Nazar\u00e9, <sup>27<\/sup>a uma virgem, prometida em casamento a um homem chamado Jos\u00e9. Ele era descendente de Davi e o nome da Virgem era Maria. <sup>28<\/sup>O anjo entrou onde ela estava e disse: \u201cAlegra-te, cheia de gra\u00e7a, o Senhor est\u00e1 contigo!\u201d <sup>29<\/sup>Maria ficou perturbada com estas palavras e come\u00e7ou a pensar qual seria o significado da sauda\u00e7\u00e3o. <sup>30<\/sup>O anjo, ent\u00e3o, disse-lhe: \u201cN\u00e3o tenhas medo, Maria, porque encontraste gra\u00e7a diante de Deus. <sup>31<\/sup>Eis que conceber\u00e1s e dar\u00e1s \u00e0 luz um filho, a quem por\u00e1s o nome de Jesus. <sup>32<\/sup>Ele ser\u00e1 grande, ser\u00e1 chamado Filho do Alt\u00edssimo, e o Senhor Deus lhe dar\u00e1 o trono de seu pai Davi. <sup>33<\/sup>Ele reinar\u00e1 para sempre sobre os descendentes de Jac\u00f3, e o seu reino n\u00e3o ter\u00e1 fim\u201d. <sup>34<\/sup>Maria perguntou ao anjo: \u201cComo acontecer\u00e1 isso, se eu n\u00e3o conhe\u00e7o homem algum?\u201d <sup>35<\/sup>O anjo respondeu: \u201cO Esp\u00edrito vir\u00e1 sobre ti, e o poder do Alt\u00edssimo te cobrir\u00e1 com sua sombra. Por isso, o menino que vai nascer ser\u00e1 chamado Santo, Filho de Deus. <sup>36<\/sup>Tamb\u00e9m Isabel, tua parenta, concebeu um filho na velhice. Este j\u00e1 \u00e9 o sexto m\u00eas daquela que era considerada est\u00e9ril, <sup>37<\/sup>porque para Deus nada \u00e9 imposs\u00edvel\u201d. <sup>38<\/sup>Maria, ent\u00e3o, disse: \u201cEis aqui a serva do Senhor; fa\u00e7a-se em mim segundo a tua palavra!\u201d E o anjo retirou-se.<\/p>\n<p>&nbsp;<\/p>\n<p><strong>Reflex\u00e3o<\/strong><\/p>\n<p>Aconteceu a um pastor evang\u00e9lico na Alemanha eu amava colecionar \u00edcones. Assim, a sua casa paroquial era cheia de imagens da M\u00e3e de Deus. A alguns dos seus paroquianos, a coisa n\u00e3o agradava muito. Porque tanta devo\u00e7\u00e3o mariana em uma par\u00f3quia da Igreja evang\u00e9lica? Por fim o pastor encontrou a resposta: \u201cN\u00e3o s\u00e3o imagens marianas, mas imagens de Cristo, que nasceu de Maria\u201d. Aproveitou tamb\u00e9m de um dito do te\u00f3logo ortodoxo Vladimir Losskij: \u201cPara n\u00f3s n\u00e3o existe uma mariologia como parte da teologia. O mist\u00e9rio de Maria faz parte essencial da cristologia\u201d. A ess\u00eancia da f\u00e9 Crist\u00e3 \u00e9 o encontro de Deus com o homem. Tal encontro aconteceu em Nazar\u00e9. Por isso S\u00e3o Jo\u00e3o Cris\u00f3stomo chamava a Festa da Anuncia\u00e7\u00e3o como \u201ca festa da raiz\u201d, pois inaugura uma nova era: a economia da salva\u00e7\u00e3o tem sua raiz mariana e, portanto, a mariologia \u00e9 parte essencial da cristologia. O Criador disse \u201cFiat\u201d, seja feito, e a isto corresponde o Fiat da parte da criatura. Menosprezar uma devo\u00e7\u00e3o \u00e0 Maria \u00e9 colocar em perigo a pr\u00f3pria f\u00e9. Esquecer Maria \u00e9 esquecer o elemento humano na obra de Cristo e a sua mensagem poderia ser interpretada como um programa ideol\u00f3gico. Origem escreve que cada ser humano possui o car\u00e1ter da M\u00e3e de Deus e prepara a vinda definitiva do Salvador neste mundo. A salva\u00e7\u00e3o do mundo \u00e9 obra de Deus e obra nossa, como Jesus \u00e9 Filho de Deus Pai e Filho de Maria. Os autores espirituais de todos os tempos falam muito da colabora\u00e7\u00e3o humana com a obra do Criador. A colabora\u00e7\u00e3o humana com a gra\u00e7a. Sermos passivos na obra da salva\u00e7\u00e3o \u00e9 heresia. O progresso espiritual vem com a colabora\u00e7\u00e3o com a gra\u00e7a. O amor de Deus deve encontrar-se com o amor do homem. A obra final da salva\u00e7\u00e3o \u00e9 resultado da colabora\u00e7\u00e3o de dois sujeitos: Deus e o homem. Maria \u00e9 o exemplo mais perfeito da colabora\u00e7\u00e3o humana com a gra\u00e7a. O anjo lhe anuncia a gra\u00e7a de gerar o Filho de Deus, Maria aceitou a not\u00edcia, deu o seu sim e entregou ao Esp\u00edrito Santo toda a sua pessoa. O que poderia dar uma m\u00e3e se n\u00e3o a si mesma a fim de que nas\u00e7a um filho? Nasce Jesus que \u00e9 Filho de Deus e Filho do homem, Homem-Deus. \u00c9 sem fundamento a obje\u00e7\u00e3o de que a devo\u00e7\u00e3o mariana diminuiria o amor por Cristo, ou tamb\u00e9m que devemos ter uma total confian\u00e7a na gra\u00e7a divina e n\u00e3o nas nossas obras. Estes dois aspectos s\u00e3o insepar\u00e1veis para quem cr\u00ea em Cristo, Homem-Deus.<\/p>\n<p>&nbsp;<\/p>\n<p><strong>Pe. Paulo Eduardo J\u00e1como, sdb.<\/strong><\/p>\n","protected":false},"excerpt":{"rendered":"<p>Sexta-feira, 25 de mar\u00e7o de 2022. Anuncia\u00e7\u00e3o do Senhor Evangelho (Lc 1,26-38) \u201cEis aqui a serva do Senhor; fa\u00e7a-se em mim segundo a tua palavra\u201d&#8230;<\/p>\n","protected":false},"author":6,"featured_media":4078,"comment_status":"closed","ping_status":"closed","sticky":false,"template":"","format":"standard","meta":{"_acf_changed":false,"footnotes":""},"categories":[13],"tags":[],"class_list":["post-4077","post","type-post","status-publish","format-standard","has-post-thumbnail","hentry","category-reflexaodoevagelho"],"acf":[],"yoast_head":"<!-- This site is optimized with the Yoast SEO plugin v27.3 - https:\/\/yoast.com\/product\/yoast-seo-wordpress\/ -->\n<title>25\/03 - Eis aqui a serva do Senhor; fa\u00e7a-se em mim segundo a tua palavra. - Pastoral Universit\u00e1ria UniSALESIANO<\/title>\n<meta name=\"robots\" content=\"index, follow, max-snippet:-1, max-image-preview:large, max-video-preview:-1\" \/>\n<link rel=\"canonical\" href=\"https:\/\/unisale.com.br\/novo\/25-03-eis-aqui-a-serva-do-senhor-faca-se-em-mim-segundo-a-tua-palavra\/\" \/>\n<meta property=\"og:locale\" content=\"pt_BR\" \/>\n<meta property=\"og:type\" content=\"article\" \/>\n<meta property=\"og:title\" content=\"25\/03 - Eis aqui a serva do Senhor; fa\u00e7a-se em mim segundo a tua palavra. - Pastoral Universit\u00e1ria UniSALESIANO\" \/>\n<meta property=\"og:description\" content=\"Sexta-feira, 25 de mar\u00e7o de 2022. Anuncia\u00e7\u00e3o do Senhor Evangelho (Lc 1,26-38) \u201cEis aqui a serva do Senhor; fa\u00e7a-se em mim segundo a tua palavra\u201d...\" \/>\n<meta property=\"og:url\" content=\"https:\/\/unisale.com.br\/novo\/25-03-eis-aqui-a-serva-do-senhor-faca-se-em-mim-segundo-a-tua-palavra\/\" \/>\n<meta property=\"og:site_name\" content=\"Pastoral Universit\u00e1ria UniSALESIANO\" \/>\n<meta property=\"article:published_time\" content=\"2022-03-21T16:13:57+00:00\" \/>\n<meta property=\"og:image\" content=\"https:\/\/unisale.com.br\/novo\/wp-content\/uploads\/2022\/03\/25-03.jpeg\" \/>\n\t<meta property=\"og:image:width\" content=\"1280\" \/>\n\t<meta property=\"og:image:height\" content=\"883\" \/>\n\t<meta property=\"og:image:type\" content=\"image\/jpeg\" \/>\n<meta name=\"author\" content=\"Luiz Alexandre Marinho Lanzoni\" \/>\n<meta name=\"twitter:card\" content=\"summary_large_image\" \/>\n<meta name=\"twitter:label1\" content=\"Escrito por\" \/>\n\t<meta name=\"twitter:data1\" content=\"Luiz Alexandre Marinho Lanzoni\" \/>\n\t<meta name=\"twitter:label2\" content=\"Est. tempo de leitura\" \/>\n\t<meta name=\"twitter:data2\" content=\"4 minutos\" \/>\n<script type=\"application\/ld+json\" class=\"yoast-schema-graph\">{\"@context\":\"https:\\\/\\\/schema.org\",\"@graph\":[{\"@type\":\"Article\",\"@id\":\"https:\\\/\\\/unisale.com.br\\\/novo\\\/25-03-eis-aqui-a-serva-do-senhor-faca-se-em-mim-segundo-a-tua-palavra\\\/#article\",\"isPartOf\":{\"@id\":\"https:\\\/\\\/unisale.com.br\\\/novo\\\/25-03-eis-aqui-a-serva-do-senhor-faca-se-em-mim-segundo-a-tua-palavra\\\/\"},\"author\":{\"name\":\"Luiz Alexandre Marinho Lanzoni\",\"@id\":\"https:\\\/\\\/unisale.com.br\\\/pastoral\\\/#\\\/schema\\\/person\\\/492d3d7bfe53a8302576d39485aff2c4\"},\"headline\":\"25\\\/03 &#8211; Eis aqui a serva do Senhor; fa\u00e7a-se em mim segundo a tua palavra.\",\"datePublished\":\"2022-03-21T16:13:57+00:00\",\"mainEntityOfPage\":{\"@id\":\"https:\\\/\\\/unisale.com.br\\\/novo\\\/25-03-eis-aqui-a-serva-do-senhor-faca-se-em-mim-segundo-a-tua-palavra\\\/\"},\"wordCount\":755,\"image\":{\"@id\":\"https:\\\/\\\/unisale.com.br\\\/novo\\\/25-03-eis-aqui-a-serva-do-senhor-faca-se-em-mim-segundo-a-tua-palavra\\\/#primaryimage\"},\"thumbnailUrl\":\"https:\\\/\\\/unisale.com.br\\\/pastoral\\\/wp-content\\\/uploads\\\/2022\\\/03\\\/25-03.jpeg\",\"articleSection\":[\"Reflex\u00e3o do Evangelho\"],\"inLanguage\":\"pt-BR\"},{\"@type\":\"WebPage\",\"@id\":\"https:\\\/\\\/unisale.com.br\\\/novo\\\/25-03-eis-aqui-a-serva-do-senhor-faca-se-em-mim-segundo-a-tua-palavra\\\/\",\"url\":\"https:\\\/\\\/unisale.com.br\\\/novo\\\/25-03-eis-aqui-a-serva-do-senhor-faca-se-em-mim-segundo-a-tua-palavra\\\/\",\"name\":\"25\\\/03 - Eis aqui a serva do Senhor; fa\u00e7a-se em mim segundo a tua palavra. - Pastoral Universit\u00e1ria UniSALESIANO\",\"isPartOf\":{\"@id\":\"https:\\\/\\\/unisale.com.br\\\/pastoral\\\/#website\"},\"primaryImageOfPage\":{\"@id\":\"https:\\\/\\\/unisale.com.br\\\/novo\\\/25-03-eis-aqui-a-serva-do-senhor-faca-se-em-mim-segundo-a-tua-palavra\\\/#primaryimage\"},\"image\":{\"@id\":\"https:\\\/\\\/unisale.com.br\\\/novo\\\/25-03-eis-aqui-a-serva-do-senhor-faca-se-em-mim-segundo-a-tua-palavra\\\/#primaryimage\"},\"thumbnailUrl\":\"https:\\\/\\\/unisale.com.br\\\/pastoral\\\/wp-content\\\/uploads\\\/2022\\\/03\\\/25-03.jpeg\",\"datePublished\":\"2022-03-21T16:13:57+00:00\",\"author\":{\"@id\":\"https:\\\/\\\/unisale.com.br\\\/pastoral\\\/#\\\/schema\\\/person\\\/492d3d7bfe53a8302576d39485aff2c4\"},\"inLanguage\":\"pt-BR\",\"potentialAction\":[{\"@type\":\"ReadAction\",\"target\":[\"https:\\\/\\\/unisale.com.br\\\/novo\\\/25-03-eis-aqui-a-serva-do-senhor-faca-se-em-mim-segundo-a-tua-palavra\\\/\"]}]},{\"@type\":\"ImageObject\",\"inLanguage\":\"pt-BR\",\"@id\":\"https:\\\/\\\/unisale.com.br\\\/novo\\\/25-03-eis-aqui-a-serva-do-senhor-faca-se-em-mim-segundo-a-tua-palavra\\\/#primaryimage\",\"url\":\"https:\\\/\\\/unisale.com.br\\\/pastoral\\\/wp-content\\\/uploads\\\/2022\\\/03\\\/25-03.jpeg\",\"contentUrl\":\"https:\\\/\\\/unisale.com.br\\\/pastoral\\\/wp-content\\\/uploads\\\/2022\\\/03\\\/25-03.jpeg\",\"width\":725,\"height\":500},{\"@type\":\"WebSite\",\"@id\":\"https:\\\/\\\/unisale.com.br\\\/pastoral\\\/#website\",\"url\":\"https:\\\/\\\/unisale.com.br\\\/pastoral\\\/\",\"name\":\"Pastoral Universit\u00e1ria UniSALESIANO\",\"description\":\"Site da Pastoral Universit\u00e1ria do UniSALESIANO\",\"potentialAction\":[{\"@type\":\"SearchAction\",\"target\":{\"@type\":\"EntryPoint\",\"urlTemplate\":\"https:\\\/\\\/unisale.com.br\\\/pastoral\\\/?s={search_term_string}\"},\"query-input\":{\"@type\":\"PropertyValueSpecification\",\"valueRequired\":true,\"valueName\":\"search_term_string\"}}],\"inLanguage\":\"pt-BR\"},{\"@type\":\"Person\",\"@id\":\"https:\\\/\\\/unisale.com.br\\\/pastoral\\\/#\\\/schema\\\/person\\\/492d3d7bfe53a8302576d39485aff2c4\",\"name\":\"Luiz Alexandre Marinho Lanzoni\",\"url\":\"https:\\\/\\\/unisale.com.br\\\/pastoral\\\/author\\\/luiz\\\/\"}]}<\/script>\n<!-- \/ Yoast SEO plugin. -->","yoast_head_json":{"title":"25\/03 - Eis aqui a serva do Senhor; fa\u00e7a-se em mim segundo a tua palavra. - Pastoral Universit\u00e1ria UniSALESIANO","robots":{"index":"index","follow":"follow","max-snippet":"max-snippet:-1","max-image-preview":"max-image-preview:large","max-video-preview":"max-video-preview:-1"},"canonical":"https:\/\/unisale.com.br\/novo\/25-03-eis-aqui-a-serva-do-senhor-faca-se-em-mim-segundo-a-tua-palavra\/","og_locale":"pt_BR","og_type":"article","og_title":"25\/03 - Eis aqui a serva do Senhor; fa\u00e7a-se em mim segundo a tua palavra. - Pastoral Universit\u00e1ria UniSALESIANO","og_description":"Sexta-feira, 25 de mar\u00e7o de 2022. Anuncia\u00e7\u00e3o do Senhor Evangelho (Lc 1,26-38) \u201cEis aqui a serva do Senhor; fa\u00e7a-se em mim segundo a tua palavra\u201d...","og_url":"https:\/\/unisale.com.br\/novo\/25-03-eis-aqui-a-serva-do-senhor-faca-se-em-mim-segundo-a-tua-palavra\/","og_site_name":"Pastoral Universit\u00e1ria UniSALESIANO","article_published_time":"2022-03-21T16:13:57+00:00","og_image":[{"width":1280,"height":883,"url":"https:\/\/unisale.com.br\/novo\/wp-content\/uploads\/2022\/03\/25-03.jpeg","type":"image\/jpeg"}],"author":"Luiz Alexandre Marinho Lanzoni","twitter_card":"summary_large_image","twitter_misc":{"Escrito por":"Luiz Alexandre Marinho Lanzoni","Est. tempo de leitura":"4 minutos"},"schema":{"@context":"https:\/\/schema.org","@graph":[{"@type":"Article","@id":"https:\/\/unisale.com.br\/novo\/25-03-eis-aqui-a-serva-do-senhor-faca-se-em-mim-segundo-a-tua-palavra\/#article","isPartOf":{"@id":"https:\/\/unisale.com.br\/novo\/25-03-eis-aqui-a-serva-do-senhor-faca-se-em-mim-segundo-a-tua-palavra\/"},"author":{"name":"Luiz Alexandre Marinho Lanzoni","@id":"https:\/\/unisale.com.br\/pastoral\/#\/schema\/person\/492d3d7bfe53a8302576d39485aff2c4"},"headline":"25\/03 &#8211; Eis aqui a serva do Senhor; fa\u00e7a-se em mim segundo a tua palavra.","datePublished":"2022-03-21T16:13:57+00:00","mainEntityOfPage":{"@id":"https:\/\/unisale.com.br\/novo\/25-03-eis-aqui-a-serva-do-senhor-faca-se-em-mim-segundo-a-tua-palavra\/"},"wordCount":755,"image":{"@id":"https:\/\/unisale.com.br\/novo\/25-03-eis-aqui-a-serva-do-senhor-faca-se-em-mim-segundo-a-tua-palavra\/#primaryimage"},"thumbnailUrl":"https:\/\/unisale.com.br\/pastoral\/wp-content\/uploads\/2022\/03\/25-03.jpeg","articleSection":["Reflex\u00e3o do Evangelho"],"inLanguage":"pt-BR"},{"@type":"WebPage","@id":"https:\/\/unisale.com.br\/novo\/25-03-eis-aqui-a-serva-do-senhor-faca-se-em-mim-segundo-a-tua-palavra\/","url":"https:\/\/unisale.com.br\/novo\/25-03-eis-aqui-a-serva-do-senhor-faca-se-em-mim-segundo-a-tua-palavra\/","name":"25\/03 - Eis aqui a serva do Senhor; fa\u00e7a-se em mim segundo a tua palavra. - Pastoral Universit\u00e1ria UniSALESIANO","isPartOf":{"@id":"https:\/\/unisale.com.br\/pastoral\/#website"},"primaryImageOfPage":{"@id":"https:\/\/unisale.com.br\/novo\/25-03-eis-aqui-a-serva-do-senhor-faca-se-em-mim-segundo-a-tua-palavra\/#primaryimage"},"image":{"@id":"https:\/\/unisale.com.br\/novo\/25-03-eis-aqui-a-serva-do-senhor-faca-se-em-mim-segundo-a-tua-palavra\/#primaryimage"},"thumbnailUrl":"https:\/\/unisale.com.br\/pastoral\/wp-content\/uploads\/2022\/03\/25-03.jpeg","datePublished":"2022-03-21T16:13:57+00:00","author":{"@id":"https:\/\/unisale.com.br\/pastoral\/#\/schema\/person\/492d3d7bfe53a8302576d39485aff2c4"},"inLanguage":"pt-BR","potentialAction":[{"@type":"ReadAction","target":["https:\/\/unisale.com.br\/novo\/25-03-eis-aqui-a-serva-do-senhor-faca-se-em-mim-segundo-a-tua-palavra\/"]}]},{"@type":"ImageObject","inLanguage":"pt-BR","@id":"https:\/\/unisale.com.br\/novo\/25-03-eis-aqui-a-serva-do-senhor-faca-se-em-mim-segundo-a-tua-palavra\/#primaryimage","url":"https:\/\/unisale.com.br\/pastoral\/wp-content\/uploads\/2022\/03\/25-03.jpeg","contentUrl":"https:\/\/unisale.com.br\/pastoral\/wp-content\/uploads\/2022\/03\/25-03.jpeg","width":725,"height":500},{"@type":"WebSite","@id":"https:\/\/unisale.com.br\/pastoral\/#website","url":"https:\/\/unisale.com.br\/pastoral\/","name":"Pastoral Universit\u00e1ria UniSALESIANO","description":"Site da Pastoral Universit\u00e1ria do UniSALESIANO","potentialAction":[{"@type":"SearchAction","target":{"@type":"EntryPoint","urlTemplate":"https:\/\/unisale.com.br\/pastoral\/?s={search_term_string}"},"query-input":{"@type":"PropertyValueSpecification","valueRequired":true,"valueName":"search_term_string"}}],"inLanguage":"pt-BR"},{"@type":"Person","@id":"https:\/\/unisale.com.br\/pastoral\/#\/schema\/person\/492d3d7bfe53a8302576d39485aff2c4","name":"Luiz Alexandre Marinho Lanzoni","url":"https:\/\/unisale.com.br\/pastoral\/author\/luiz\/"}]}},"_links":{"self":[{"href":"https:\/\/unisale.com.br\/pastoral\/wp-json\/wp\/v2\/posts\/4077","targetHints":{"allow":["GET"]}}],"collection":[{"href":"https:\/\/unisale.com.br\/pastoral\/wp-json\/wp\/v2\/posts"}],"about":[{"href":"https:\/\/unisale.com.br\/pastoral\/wp-json\/wp\/v2\/types\/post"}],"author":[{"embeddable":true,"href":"https:\/\/unisale.com.br\/pastoral\/wp-json\/wp\/v2\/users\/6"}],"replies":[{"embeddable":true,"href":"https:\/\/unisale.com.br\/pastoral\/wp-json\/wp\/v2\/comments?post=4077"}],"version-history":[{"count":0,"href":"https:\/\/unisale.com.br\/pastoral\/wp-json\/wp\/v2\/posts\/4077\/revisions"}],"wp:featuredmedia":[{"embeddable":true,"href":"https:\/\/unisale.com.br\/pastoral\/wp-json\/wp\/v2\/media\/4078"}],"wp:attachment":[{"href":"https:\/\/unisale.com.br\/pastoral\/wp-json\/wp\/v2\/media?parent=4077"}],"wp:term":[{"taxonomy":"category","embeddable":true,"href":"https:\/\/unisale.com.br\/pastoral\/wp-json\/wp\/v2\/categories?post=4077"},{"taxonomy":"post_tag","embeddable":true,"href":"https:\/\/unisale.com.br\/pastoral\/wp-json\/wp\/v2\/tags?post=4077"}],"curies":[{"name":"wp","href":"https:\/\/api.w.org\/{rel}","templated":true}]}}