{"id":4083,"date":"2022-03-21T16:22:00","date_gmt":"2022-03-21T16:22:00","guid":{"rendered":"https:\/\/unisale.com.br\/pastoral\/?p=4083"},"modified":"2022-03-21T16:22:00","modified_gmt":"2022-03-21T16:22:00","slug":"27-03-pai-pequei-contra-deus-e-contra-ti","status":"publish","type":"post","link":"https:\/\/unisale.com.br\/pastoral\/27-03-pai-pequei-contra-deus-e-contra-ti\/","title":{"rendered":"27\/03 &#8211; Pai, pequei contra Deus e contra ti."},"content":{"rendered":"<p>&nbsp;<\/p>\n<p>Domingo, 27 de mar\u00e7o de 2022. IV Domingo da Quaresma<\/p>\n<p>Evangelho ( Lc 15, 1-3.11-32)<\/p>\n<p><strong>\u201cPai, pequei contra Deus e contra ti\u201d<\/strong><\/p>\n<p>Naquele tempo, <sup>1<\/sup>Os publicanos e pecadores aproximavam-se de Jesus para o escutar. <sup>2<\/sup>Os fariseus, por\u00e9m, e os mestres da Lei criticavam Jesus. &#8216;Este homem acolhe os pecadores e faz refei\u00e7\u00e3o com eles.&#8217; <sup>3<\/sup>Ent\u00e3o Jesus contou-lhes esta par\u00e1bola: <sup>11<\/sup>&#8216;Um homem tinha dois filhos. <sup>12<\/sup>O filho mais novo disse ao pai: &#8216;Pai, d\u00e1-me a parte da heran\u00e7a que me cabe&#8217;. E o pai dividiu os bens entre eles. <sup>13<\/sup>Poucos dias depois, o filho mais novo juntou o que era seu e partiu para um lugar distante. E ali esbanjou tudo numa vida desenfreada. <sup>14<\/sup>Quando tinha gasto tudo o que possu\u00eda, houve uma grande fome naquela regi\u00e3o, e ele come\u00e7ou a passar necessidade. <sup>15<\/sup>Ent\u00e3o foi pedir trabalho a um homem do lugar, que o mandou para seu campo cuidar dos porcos. <sup>16<\/sup>O rapaz queria matar a fome com a comida que os porcos comiam, mas nem isto lhe davam. <sup>17<\/sup>Ent\u00e3o caiu em si e disse: &#8216;Quantos empregados do meu pai t\u00eam p\u00e3o com fartura, e eu aqui, morrendo de fome. <sup>18<\/sup>Vou-me embora, vou voltar para meu pai e dizer-lhe: `Pai, pequei contra Deus e contra ti; <sup>19<\/sup>j\u00e1 n\u00e3o mere\u00e7o ser chamado teu filho. Trata-me como a um dos teus empregados&#8217;. <sup>20<\/sup>Ent\u00e3o ele partiu e voltou para seu pai. Quando ainda estava longe, seu pai o avistou e sentiu compaix\u00e3o. Correu-lhe ao encontro, abra\u00e7ou-o, e cobriu-o de beijos. <sup>21<\/sup>O filho, ent\u00e3o, lhe disse: &#8216;Pai, pequei contra Deus e contra ti. J\u00e1 n\u00e3o mere\u00e7o ser chamado teu filho&#8217;. <sup>22<\/sup>Mas o pai disse aos empregados: &#8216;Trazei depressa a melhor t\u00fanica para vestir meu filho. E colocai um anel no seu dedo e sand\u00e1lias nos p\u00e9s. <sup>23<\/sup>Trazei um novilho gordo e matai-o. Vamos fazer um banquete. <sup>24<\/sup>Porque este meu filho estava morto e tornou a viver; estava perdido e foi encontrado&#8217;. E come\u00e7aram a festa. <sup>25<\/sup>O filho mais velho estava no campo. Ao voltar, j\u00e1 perto de casa, ouviu m\u00fasica e barulho de dan\u00e7a. <sup>26<\/sup>Ent\u00e3o chamou um dos criados e perguntou o que estava acontecendo. <sup>27<\/sup>O criado respondeu: &#8216;\u00c9 teu irm\u00e3o que voltou. Teu pai matou o novilho gordo, porque o recuperou com sa\u00fade&#8217;. <sup>28<\/sup>Mas ele ficou com raiva e n\u00e3o queria entrar. O pai, saindo, insistia com ele. <sup>29<\/sup>Ele, por\u00e9m, respondeu ao pai: &#8216;Eu trabalho para ti h\u00e1 tantos anos, jamais desobedeci a qualquer ordem tua. E tu nunca me deste um cabrito para eu festejar com meus amigos. <sup>30<\/sup>Quando chegou esse teu filho, que esbanjou teus bens com prostitutas, matas para ele o novilho cevado&#8217;. <sup>31<\/sup>Ent\u00e3o o pai lhe disse: &#8216;Filho, tu est\u00e1s sempre comigo, e tudo o que \u00e9 meu \u00e9 teu. <sup>32<\/sup>Mas era preciso festejar e alegrar-nos, porque este teu irm\u00e3o estava morto e tornou a viver; estava perdido, e foi encontrado&#8217;.<\/p>\n<p>&nbsp;<\/p>\n<p><strong>Reflex\u00e3o<\/strong><\/p>\n<p>Antigamente a imagem do filho pr\u00f3digo ficava fixada junto ao confession\u00e1rio. Para alguns parece uma imagem carregada de sentimentalismo. \u00c9 certo que quem a v\u00ea dessa forma n\u00e3o poder\u00e1 jamais se comover. Mas Jesus n\u00e3o contou esta par\u00e1bola para mostrar o realismo da vida familiar. Ele trabalha o problema fundamental do cristianismo: a exist\u00eancia do mal e a sua solu\u00e7\u00e3o. Que rea\u00e7\u00e3o poderemos ter em rela\u00e7\u00e3o a tudo o que todos os dias nos perturba em nossa vida? A vida quase que automaticamente procura corrigir os erros que cometemos na vida. Em uma m\u00e1quina a repara\u00e7\u00e3o pode at\u00e9 parecer f\u00e1cil. Mas o homem \u00e9 um ser um pouco mais complicado. Os seus erros e pecados s\u00e3o de muitas esp\u00e9cies. O homem \u00e0s vezes se conscientiza de que o pecado \u00e9 um preju\u00edzo para si mesmo e procura se corrigir, pois sabe que corrigindo-se resgada seu lugar no trabalho, na fam\u00edlia e na sociedade. Quem caiu deve haver for\u00e7a para se levantar. Neste sentido podemos ouvir aquela exalta\u00e7\u00e3o pedag\u00f3gica que nos diz: \u2018Coragem! Tudo pode ser remediado. O caminho da salva\u00e7\u00e3o est\u00e1 nas tuas m\u00e3os\u2019. Ver o erro e o mal com estes olhos \u00e9 \u00fatil, mas ainda \u00e9 parcial. Somos de fato capazes de corrigir todo mal que fizemos e n\u00f3s mesmos e aos outros? Podemos duvidar. O mal, o pecado n\u00e3o s\u00e3o somente um preju\u00edzo para n\u00f3s mesmos. Uma transgress\u00e3o da moral pode abalar toda a ordem: a harmonia do universo, a paz universal, o cosmos. Determinadas a\u00e7\u00f5es podem causar uma cat\u00e1strofe. Todo o universo reage da mesma forma tentando eliminar todo elemento estranho penetrando na sua constitui\u00e7\u00e3o interna. Esta natural rea\u00e7\u00e3o do mundo contra o mal se manifesta como uma necessidade de vingan\u00e7a, de puni\u00e7\u00e3o. Todo pecado se volta contra o seu autor nos momentos nos quais n\u00e3o espera. Pensar assim \u00e9 como entrar numa trag\u00e9dia grega. Mas a par\u00e1bola do filho pr\u00f3digo. Precisamos ver o pecado n\u00e3o somente como uma ofensa a ordem do universo, mas tamb\u00e9m como uma ofensa a Deus. No ato de contri\u00e7\u00e3o n\u00f3s rezamos: \u201cMe arrependo dos meus pecados porque ofendi a v\u00f3s, infinitamente bom e digno de ser amado\u201d. A Lei n\u00e3o pode perdoar, mas a pessoa sim. O Deus revelado pelo evangelho \u00e9 Pai. E o pecador? Se \u00e9 capaz de reconhecer que Deus \u00e9 verdadeiramente Pai e deseja retornar a ele, neste caso \u00e9 verdadeiramente arrependido e pode receber a gra\u00e7a de Deus, que \u00e9 o \u00fanico a saber coordenar o ato de clem\u00eancia com a exig\u00eancia de justi\u00e7a geral.<\/p>\n<p>&nbsp;<\/p>\n<p><strong>Pe. Paulo Eduardo J\u00e1como, sdb.<\/strong><\/p>\n","protected":false},"excerpt":{"rendered":"<p>&nbsp; Domingo, 27 de mar\u00e7o de 2022. IV Domingo da Quaresma Evangelho ( Lc 15, 1-3.11-32) \u201cPai, pequei contra Deus e contra ti\u201d Naquele tempo,&#8230;<\/p>\n","protected":false},"author":6,"featured_media":4084,"comment_status":"closed","ping_status":"closed","sticky":false,"template":"","format":"standard","meta":{"_acf_changed":false,"footnotes":""},"categories":[13],"tags":[],"class_list":["post-4083","post","type-post","status-publish","format-standard","has-post-thumbnail","hentry","category-reflexaodoevagelho"],"acf":[],"yoast_head":"<!-- This site is optimized with the Yoast SEO plugin v27.3 - https:\/\/yoast.com\/product\/yoast-seo-wordpress\/ -->\n<title>27\/03 - Pai, pequei contra Deus e contra ti. - Pastoral Universit\u00e1ria UniSALESIANO<\/title>\n<meta name=\"robots\" content=\"index, follow, max-snippet:-1, max-image-preview:large, max-video-preview:-1\" \/>\n<link rel=\"canonical\" href=\"https:\/\/unisale.com.br\/novo\/27-03-pai-pequei-contra-deus-e-contra-ti\/\" \/>\n<meta property=\"og:locale\" content=\"pt_BR\" \/>\n<meta property=\"og:type\" content=\"article\" \/>\n<meta property=\"og:title\" content=\"27\/03 - Pai, pequei contra Deus e contra ti. - Pastoral Universit\u00e1ria UniSALESIANO\" \/>\n<meta property=\"og:description\" content=\"&nbsp; Domingo, 27 de mar\u00e7o de 2022. IV Domingo da Quaresma Evangelho ( Lc 15, 1-3.11-32) \u201cPai, pequei contra Deus e contra ti\u201d Naquele tempo,...\" \/>\n<meta property=\"og:url\" content=\"https:\/\/unisale.com.br\/novo\/27-03-pai-pequei-contra-deus-e-contra-ti\/\" \/>\n<meta property=\"og:site_name\" content=\"Pastoral Universit\u00e1ria UniSALESIANO\" \/>\n<meta property=\"article:published_time\" content=\"2022-03-21T16:22:00+00:00\" \/>\n<meta property=\"og:image\" content=\"https:\/\/unisale.com.br\/novo\/wp-content\/uploads\/2022\/03\/27-03.jpeg\" \/>\n\t<meta property=\"og:image:width\" content=\"1280\" \/>\n\t<meta property=\"og:image:height\" content=\"720\" \/>\n\t<meta property=\"og:image:type\" content=\"image\/jpeg\" \/>\n<meta name=\"author\" content=\"Luiz Alexandre Marinho Lanzoni\" \/>\n<meta name=\"twitter:card\" content=\"summary_large_image\" \/>\n<meta name=\"twitter:label1\" content=\"Escrito por\" \/>\n\t<meta name=\"twitter:data1\" content=\"Luiz Alexandre Marinho Lanzoni\" \/>\n\t<meta name=\"twitter:label2\" content=\"Est. tempo de leitura\" \/>\n\t<meta name=\"twitter:data2\" content=\"5 minutos\" \/>\n<script type=\"application\/ld+json\" class=\"yoast-schema-graph\">{\"@context\":\"https:\\\/\\\/schema.org\",\"@graph\":[{\"@type\":\"Article\",\"@id\":\"https:\\\/\\\/unisale.com.br\\\/novo\\\/27-03-pai-pequei-contra-deus-e-contra-ti\\\/#article\",\"isPartOf\":{\"@id\":\"https:\\\/\\\/unisale.com.br\\\/novo\\\/27-03-pai-pequei-contra-deus-e-contra-ti\\\/\"},\"author\":{\"name\":\"Luiz Alexandre Marinho Lanzoni\",\"@id\":\"https:\\\/\\\/unisale.com.br\\\/pastoral\\\/#\\\/schema\\\/person\\\/492d3d7bfe53a8302576d39485aff2c4\"},\"headline\":\"27\\\/03 &#8211; Pai, pequei contra Deus e contra ti.\",\"datePublished\":\"2022-03-21T16:22:00+00:00\",\"mainEntityOfPage\":{\"@id\":\"https:\\\/\\\/unisale.com.br\\\/novo\\\/27-03-pai-pequei-contra-deus-e-contra-ti\\\/\"},\"wordCount\":976,\"image\":{\"@id\":\"https:\\\/\\\/unisale.com.br\\\/novo\\\/27-03-pai-pequei-contra-deus-e-contra-ti\\\/#primaryimage\"},\"thumbnailUrl\":\"https:\\\/\\\/unisale.com.br\\\/pastoral\\\/wp-content\\\/uploads\\\/2022\\\/03\\\/27-03.jpeg\",\"articleSection\":[\"Reflex\u00e3o do Evangelho\"],\"inLanguage\":\"pt-BR\"},{\"@type\":\"WebPage\",\"@id\":\"https:\\\/\\\/unisale.com.br\\\/novo\\\/27-03-pai-pequei-contra-deus-e-contra-ti\\\/\",\"url\":\"https:\\\/\\\/unisale.com.br\\\/novo\\\/27-03-pai-pequei-contra-deus-e-contra-ti\\\/\",\"name\":\"27\\\/03 - Pai, pequei contra Deus e contra ti. - Pastoral Universit\u00e1ria UniSALESIANO\",\"isPartOf\":{\"@id\":\"https:\\\/\\\/unisale.com.br\\\/pastoral\\\/#website\"},\"primaryImageOfPage\":{\"@id\":\"https:\\\/\\\/unisale.com.br\\\/novo\\\/27-03-pai-pequei-contra-deus-e-contra-ti\\\/#primaryimage\"},\"image\":{\"@id\":\"https:\\\/\\\/unisale.com.br\\\/novo\\\/27-03-pai-pequei-contra-deus-e-contra-ti\\\/#primaryimage\"},\"thumbnailUrl\":\"https:\\\/\\\/unisale.com.br\\\/pastoral\\\/wp-content\\\/uploads\\\/2022\\\/03\\\/27-03.jpeg\",\"datePublished\":\"2022-03-21T16:22:00+00:00\",\"author\":{\"@id\":\"https:\\\/\\\/unisale.com.br\\\/pastoral\\\/#\\\/schema\\\/person\\\/492d3d7bfe53a8302576d39485aff2c4\"},\"inLanguage\":\"pt-BR\",\"potentialAction\":[{\"@type\":\"ReadAction\",\"target\":[\"https:\\\/\\\/unisale.com.br\\\/novo\\\/27-03-pai-pequei-contra-deus-e-contra-ti\\\/\"]}]},{\"@type\":\"ImageObject\",\"inLanguage\":\"pt-BR\",\"@id\":\"https:\\\/\\\/unisale.com.br\\\/novo\\\/27-03-pai-pequei-contra-deus-e-contra-ti\\\/#primaryimage\",\"url\":\"https:\\\/\\\/unisale.com.br\\\/pastoral\\\/wp-content\\\/uploads\\\/2022\\\/03\\\/27-03.jpeg\",\"contentUrl\":\"https:\\\/\\\/unisale.com.br\\\/pastoral\\\/wp-content\\\/uploads\\\/2022\\\/03\\\/27-03.jpeg\",\"width\":1280,\"height\":720},{\"@type\":\"WebSite\",\"@id\":\"https:\\\/\\\/unisale.com.br\\\/pastoral\\\/#website\",\"url\":\"https:\\\/\\\/unisale.com.br\\\/pastoral\\\/\",\"name\":\"Pastoral Universit\u00e1ria UniSALESIANO\",\"description\":\"Site da Pastoral Universit\u00e1ria do UniSALESIANO\",\"potentialAction\":[{\"@type\":\"SearchAction\",\"target\":{\"@type\":\"EntryPoint\",\"urlTemplate\":\"https:\\\/\\\/unisale.com.br\\\/pastoral\\\/?s={search_term_string}\"},\"query-input\":{\"@type\":\"PropertyValueSpecification\",\"valueRequired\":true,\"valueName\":\"search_term_string\"}}],\"inLanguage\":\"pt-BR\"},{\"@type\":\"Person\",\"@id\":\"https:\\\/\\\/unisale.com.br\\\/pastoral\\\/#\\\/schema\\\/person\\\/492d3d7bfe53a8302576d39485aff2c4\",\"name\":\"Luiz Alexandre Marinho Lanzoni\",\"url\":\"https:\\\/\\\/unisale.com.br\\\/pastoral\\\/author\\\/luiz\\\/\"}]}<\/script>\n<!-- \/ Yoast SEO plugin. -->","yoast_head_json":{"title":"27\/03 - Pai, pequei contra Deus e contra ti. - Pastoral Universit\u00e1ria UniSALESIANO","robots":{"index":"index","follow":"follow","max-snippet":"max-snippet:-1","max-image-preview":"max-image-preview:large","max-video-preview":"max-video-preview:-1"},"canonical":"https:\/\/unisale.com.br\/novo\/27-03-pai-pequei-contra-deus-e-contra-ti\/","og_locale":"pt_BR","og_type":"article","og_title":"27\/03 - Pai, pequei contra Deus e contra ti. - Pastoral Universit\u00e1ria UniSALESIANO","og_description":"&nbsp; Domingo, 27 de mar\u00e7o de 2022. IV Domingo da Quaresma Evangelho ( Lc 15, 1-3.11-32) \u201cPai, pequei contra Deus e contra ti\u201d Naquele tempo,...","og_url":"https:\/\/unisale.com.br\/novo\/27-03-pai-pequei-contra-deus-e-contra-ti\/","og_site_name":"Pastoral Universit\u00e1ria UniSALESIANO","article_published_time":"2022-03-21T16:22:00+00:00","og_image":[{"width":1280,"height":720,"url":"https:\/\/unisale.com.br\/novo\/wp-content\/uploads\/2022\/03\/27-03.jpeg","type":"image\/jpeg"}],"author":"Luiz Alexandre Marinho Lanzoni","twitter_card":"summary_large_image","twitter_misc":{"Escrito por":"Luiz Alexandre Marinho Lanzoni","Est. tempo de leitura":"5 minutos"},"schema":{"@context":"https:\/\/schema.org","@graph":[{"@type":"Article","@id":"https:\/\/unisale.com.br\/novo\/27-03-pai-pequei-contra-deus-e-contra-ti\/#article","isPartOf":{"@id":"https:\/\/unisale.com.br\/novo\/27-03-pai-pequei-contra-deus-e-contra-ti\/"},"author":{"name":"Luiz Alexandre Marinho Lanzoni","@id":"https:\/\/unisale.com.br\/pastoral\/#\/schema\/person\/492d3d7bfe53a8302576d39485aff2c4"},"headline":"27\/03 &#8211; Pai, pequei contra Deus e contra ti.","datePublished":"2022-03-21T16:22:00+00:00","mainEntityOfPage":{"@id":"https:\/\/unisale.com.br\/novo\/27-03-pai-pequei-contra-deus-e-contra-ti\/"},"wordCount":976,"image":{"@id":"https:\/\/unisale.com.br\/novo\/27-03-pai-pequei-contra-deus-e-contra-ti\/#primaryimage"},"thumbnailUrl":"https:\/\/unisale.com.br\/pastoral\/wp-content\/uploads\/2022\/03\/27-03.jpeg","articleSection":["Reflex\u00e3o do Evangelho"],"inLanguage":"pt-BR"},{"@type":"WebPage","@id":"https:\/\/unisale.com.br\/novo\/27-03-pai-pequei-contra-deus-e-contra-ti\/","url":"https:\/\/unisale.com.br\/novo\/27-03-pai-pequei-contra-deus-e-contra-ti\/","name":"27\/03 - Pai, pequei contra Deus e contra ti. - Pastoral Universit\u00e1ria UniSALESIANO","isPartOf":{"@id":"https:\/\/unisale.com.br\/pastoral\/#website"},"primaryImageOfPage":{"@id":"https:\/\/unisale.com.br\/novo\/27-03-pai-pequei-contra-deus-e-contra-ti\/#primaryimage"},"image":{"@id":"https:\/\/unisale.com.br\/novo\/27-03-pai-pequei-contra-deus-e-contra-ti\/#primaryimage"},"thumbnailUrl":"https:\/\/unisale.com.br\/pastoral\/wp-content\/uploads\/2022\/03\/27-03.jpeg","datePublished":"2022-03-21T16:22:00+00:00","author":{"@id":"https:\/\/unisale.com.br\/pastoral\/#\/schema\/person\/492d3d7bfe53a8302576d39485aff2c4"},"inLanguage":"pt-BR","potentialAction":[{"@type":"ReadAction","target":["https:\/\/unisale.com.br\/novo\/27-03-pai-pequei-contra-deus-e-contra-ti\/"]}]},{"@type":"ImageObject","inLanguage":"pt-BR","@id":"https:\/\/unisale.com.br\/novo\/27-03-pai-pequei-contra-deus-e-contra-ti\/#primaryimage","url":"https:\/\/unisale.com.br\/pastoral\/wp-content\/uploads\/2022\/03\/27-03.jpeg","contentUrl":"https:\/\/unisale.com.br\/pastoral\/wp-content\/uploads\/2022\/03\/27-03.jpeg","width":1280,"height":720},{"@type":"WebSite","@id":"https:\/\/unisale.com.br\/pastoral\/#website","url":"https:\/\/unisale.com.br\/pastoral\/","name":"Pastoral Universit\u00e1ria UniSALESIANO","description":"Site da Pastoral Universit\u00e1ria do UniSALESIANO","potentialAction":[{"@type":"SearchAction","target":{"@type":"EntryPoint","urlTemplate":"https:\/\/unisale.com.br\/pastoral\/?s={search_term_string}"},"query-input":{"@type":"PropertyValueSpecification","valueRequired":true,"valueName":"search_term_string"}}],"inLanguage":"pt-BR"},{"@type":"Person","@id":"https:\/\/unisale.com.br\/pastoral\/#\/schema\/person\/492d3d7bfe53a8302576d39485aff2c4","name":"Luiz Alexandre Marinho Lanzoni","url":"https:\/\/unisale.com.br\/pastoral\/author\/luiz\/"}]}},"_links":{"self":[{"href":"https:\/\/unisale.com.br\/pastoral\/wp-json\/wp\/v2\/posts\/4083","targetHints":{"allow":["GET"]}}],"collection":[{"href":"https:\/\/unisale.com.br\/pastoral\/wp-json\/wp\/v2\/posts"}],"about":[{"href":"https:\/\/unisale.com.br\/pastoral\/wp-json\/wp\/v2\/types\/post"}],"author":[{"embeddable":true,"href":"https:\/\/unisale.com.br\/pastoral\/wp-json\/wp\/v2\/users\/6"}],"replies":[{"embeddable":true,"href":"https:\/\/unisale.com.br\/pastoral\/wp-json\/wp\/v2\/comments?post=4083"}],"version-history":[{"count":0,"href":"https:\/\/unisale.com.br\/pastoral\/wp-json\/wp\/v2\/posts\/4083\/revisions"}],"wp:featuredmedia":[{"embeddable":true,"href":"https:\/\/unisale.com.br\/pastoral\/wp-json\/wp\/v2\/media\/4084"}],"wp:attachment":[{"href":"https:\/\/unisale.com.br\/pastoral\/wp-json\/wp\/v2\/media?parent=4083"}],"wp:term":[{"taxonomy":"category","embeddable":true,"href":"https:\/\/unisale.com.br\/pastoral\/wp-json\/wp\/v2\/categories?post=4083"},{"taxonomy":"post_tag","embeddable":true,"href":"https:\/\/unisale.com.br\/pastoral\/wp-json\/wp\/v2\/tags?post=4083"}],"curies":[{"name":"wp","href":"https:\/\/api.w.org\/{rel}","templated":true}]}}