{"id":4086,"date":"2022-03-21T16:24:38","date_gmt":"2022-03-21T16:24:38","guid":{"rendered":"https:\/\/unisale.com.br\/pastoral\/?p=4086"},"modified":"2022-03-21T16:24:38","modified_gmt":"2022-03-21T16:24:38","slug":"28-03-o-homem-acreditou-na-palavra-de-jesus","status":"publish","type":"post","link":"https:\/\/unisale.com.br\/pastoral\/28-03-o-homem-acreditou-na-palavra-de-jesus\/","title":{"rendered":"28\/03 &#8211; O homem acreditou na palavra de Jesus&#8230;"},"content":{"rendered":"<p>Segunda-feira, 28 de mar\u00e7o de 2022.<\/p>\n<p>Evangelho (Jo 4,43-54)<\/p>\n<p><strong>\u201cO homem acreditou na palavra de Jesus&#8230;\u201d<\/strong><\/p>\n<p>Naquele tempo, <sup>43<\/sup>Jesus partiu da Samaria para a Galileia. <sup>44<\/sup>O pr\u00f3prio Jesus tinha declarado, que um profeta n\u00e3o \u00e9 honrado na sua pr\u00f3pria terra. <sup>45<\/sup>Quando ent\u00e3o chegou \u00e0 Galileia, os galileus receberam-no bem, porque tinham visto tudo o que Jesus havia feito em Jerusal\u00e9m, durante a festa. Pois tamb\u00e9m eles tinham ido \u00e0 festa. <sup>46<\/sup>Assim, Jesus voltou para Can\u00e1 da Galileia, onde havia transformado \u00e1gua em vinho. Havia em Cafarnaum um fun\u00adcion\u00e1rio do rei que tinha um filho doente. <sup>47<\/sup>Ouviu dizer que Jesus tinha vindo da Judeia para a Galileia. Ele saiu ao seu encontro e pediu-lhe que fosse a Cafarnaum curar seu filho, que estava morrendo. <sup>48<\/sup>Jesus disse-lhe: \u201cSe n\u00e3o virdes sinais e prod\u00edgios, n\u00e3o acreditais\u201d. <sup>49<\/sup>O funcion\u00e1rio do rei disse: \u201cSenhor, desce, antes que meu filho morra!\u201d <sup>50<\/sup>Jesus lhe disse: \u201cPodes ir, teu filho est\u00e1 vivo\u201d. O homem acreditou na palavra de Jesus e foi embora. <sup>51<\/sup>Enquanto descia para Ca\u00adfarnaum, seus empregados foram ao seu encontro, dizendo que o seu filho estava vivo. <sup>52<\/sup>O funcion\u00e1rio perguntou a que horas o menino tinha melhorado. Eles responderam: \u201cA febre desapareceu, ontem, pela uma da tarde\u201d. <sup>53<\/sup>O pai verificou que tinha sido exatamente na mesma hora em que Jesus lhe havia dito: \u201cTeu filho est\u00e1 vivo\u201d. Ent\u00e3o, ele abra\u00e7ou a f\u00e9, juntamente com toda a sua fam\u00edlia. <sup>54<\/sup>Esse foi o segundo sinal de Jesus. Realizou-o quando voltou da Judeia para a Galileia.<\/p>\n<p>&nbsp;<\/p>\n<p><strong>Reflex\u00e3o<\/strong><\/p>\n<p>Existe um prov\u00e9rbio franc\u00eas que diz: ningu\u00e9m \u00e9 g\u00eanio para o seu empregado. E isso \u00e9 verdade. Na vida existem poucas ocasi\u00f5es para voc\u00ea se demonstrar \u201cgrande\u201d; de mis\u00e9rias, no entanto, o dia est\u00e1 cheio. No dia-a-dia s\u00e3o vis\u00edveis as negatividades do nosso car\u00e1ter, defeitos, fraquezas, simpatias e antipatias. Quem vive pr\u00f3ximo de um g\u00eanio arrisca de ver somente seus limites. Em Jerusal\u00e9m Jesus \u00e9 apenas um desconhecido, vindo de longe, que fala como n\u00e3o havia falado ningu\u00e9m, que faz milagres. Em Nazar\u00e9, ao inv\u00e9s, o conhecem da trinta anos como o filho de um simples carpinteiro. Tamb\u00e9m n\u00f3s corremos o risco de sermos visto com esta simples perspectiva; e muitas vezes, tamb\u00e9m os nossos ju\u00edzos e, infelizmente, tamb\u00e9m as nossas rela\u00e7\u00f5es com os outros s\u00e3o injustas. Quando Jesus volta para a Galileia, os Galileus lhe fazem festa porque todos sabem aquilo que ele fez em Jerusal\u00e9m. Os conterr\u00e2neos come\u00e7am a estima-lo somente quando ele come\u00e7a a fazer sucesso fora da sua terra. E isso acontece sempre. Ignoramos quem nos \u00e9 pr\u00f3ximo, mas quando faz algo que \u00e9 apreciado no exterior, ent\u00e3o \u00e9 reconhecido e apreciado, agora todos querem \u201ctomar sol aproveitando de seus raios\u201d e se vangloriam de ser seu conterr\u00e2neo. Isso n\u00e3o tem nenhum mal, basta que a admira\u00e7\u00e3o seja sincera. Afinal, a comunidade humana \u00e9 \u00fanica. \u00c9 uma unidade superior que nos liga a Cristo e \u00e0 vida da gra\u00e7a. Uma unidade que \u00e9 oposta \u00e0 inveja que d\u00e1 tristeza, porque nesta unidade aprendemos a nos alegrar e a fazer nosso o sucesso e o bem do outro. O evangelista contra um segundo milagre de Jesus na Galileia. Primeiro Jesus havia transformado a \u00e1gua em vinho, agora ele mostra a for\u00e7a da sua palavra. Ele cura o filho de um funcion\u00e1rio do rei. No in\u00edcio ele n\u00e3o cr\u00ea que um milagre possa acontecer sem a presen\u00e7a f\u00edsica, somente com a sua palavra; por isto ele \u00e9 reprovado pela sua falta de f\u00e9. Os milagres de Jesus possuem um sentido mais profundo do que realmente aconteceu, e existe uma liga\u00e7\u00e3o entre os dois milagres ocorridos em Can\u00e1. A \u00e1gua \u00e9 transformada em vinho como no \u00faltimo milagre o vinho \u00e9 transformado em sangue: existe um nexo entre o in\u00edcio e fim da atividade taumat\u00fargica de Jesus. Em Can\u00e1 se cumpriu o primeiro milagre com a presen\u00e7a e a palavra de Jesus; um segundo milagre acontece pela for\u00e7a da sua palavra. Existe uma prefigura\u00e7\u00e3o dos sacramentos: a transforma\u00e7\u00e3o das coisas do mundo a fim de que tenhamos a for\u00e7a santificante para salvar as almas. Os sacramentos na Igreja s\u00e3o como a continua\u00e7\u00e3o da cria\u00e7\u00e3o: com a palavra Deus criou o mundo; com as palavras da Igreja, com as ora\u00e7\u00f5es e com os sacramentos o santifica.<\/p>\n<p>&nbsp;<\/p>\n<p><strong>Pe. Paulo Eduardo J\u00e1como, sdb.<\/strong><\/p>\n","protected":false},"excerpt":{"rendered":"<p>Segunda-feira, 28 de mar\u00e7o de 2022. Evangelho (Jo 4,43-54) \u201cO homem acreditou na palavra de Jesus&#8230;\u201d Naquele tempo, 43Jesus partiu da Samaria para a Galileia&#8230;.<\/p>\n","protected":false},"author":6,"featured_media":4087,"comment_status":"closed","ping_status":"closed","sticky":false,"template":"","format":"standard","meta":{"_acf_changed":false,"footnotes":""},"categories":[13],"tags":[],"class_list":["post-4086","post","type-post","status-publish","format-standard","has-post-thumbnail","hentry","category-reflexaodoevagelho"],"acf":[],"yoast_head":"<!-- This site is optimized with the Yoast SEO plugin v27.3 - https:\/\/yoast.com\/product\/yoast-seo-wordpress\/ -->\n<title>28\/03 - O homem acreditou na palavra de Jesus... - Pastoral Universit\u00e1ria UniSALESIANO<\/title>\n<meta name=\"robots\" content=\"index, follow, max-snippet:-1, max-image-preview:large, max-video-preview:-1\" \/>\n<link rel=\"canonical\" href=\"https:\/\/unisale.com.br\/novo\/28-03-o-homem-acreditou-na-palavra-de-jesus\/\" \/>\n<meta property=\"og:locale\" content=\"pt_BR\" \/>\n<meta property=\"og:type\" content=\"article\" \/>\n<meta property=\"og:title\" content=\"28\/03 - O homem acreditou na palavra de Jesus... - Pastoral Universit\u00e1ria UniSALESIANO\" \/>\n<meta property=\"og:description\" content=\"Segunda-feira, 28 de mar\u00e7o de 2022. Evangelho (Jo 4,43-54) \u201cO homem acreditou na palavra de Jesus&#8230;\u201d Naquele tempo, 43Jesus partiu da Samaria para a Galileia....\" \/>\n<meta property=\"og:url\" content=\"https:\/\/unisale.com.br\/novo\/28-03-o-homem-acreditou-na-palavra-de-jesus\/\" \/>\n<meta property=\"og:site_name\" content=\"Pastoral Universit\u00e1ria UniSALESIANO\" \/>\n<meta property=\"article:published_time\" content=\"2022-03-21T16:24:38+00:00\" \/>\n<meta property=\"og:image\" content=\"https:\/\/unisale.com.br\/novo\/wp-content\/uploads\/2022\/03\/6-1.jpeg\" \/>\n\t<meta property=\"og:image:width\" content=\"800\" \/>\n\t<meta property=\"og:image:height\" content=\"576\" \/>\n\t<meta property=\"og:image:type\" content=\"image\/jpeg\" \/>\n<meta name=\"author\" content=\"Luiz Alexandre Marinho Lanzoni\" \/>\n<meta name=\"twitter:card\" content=\"summary_large_image\" \/>\n<meta name=\"twitter:label1\" content=\"Escrito por\" \/>\n\t<meta name=\"twitter:data1\" content=\"Luiz Alexandre Marinho Lanzoni\" \/>\n\t<meta name=\"twitter:label2\" content=\"Est. tempo de leitura\" \/>\n\t<meta name=\"twitter:data2\" content=\"4 minutos\" \/>\n<script type=\"application\/ld+json\" class=\"yoast-schema-graph\">{\"@context\":\"https:\\\/\\\/schema.org\",\"@graph\":[{\"@type\":\"Article\",\"@id\":\"https:\\\/\\\/unisale.com.br\\\/novo\\\/28-03-o-homem-acreditou-na-palavra-de-jesus\\\/#article\",\"isPartOf\":{\"@id\":\"https:\\\/\\\/unisale.com.br\\\/novo\\\/28-03-o-homem-acreditou-na-palavra-de-jesus\\\/\"},\"author\":{\"name\":\"Luiz Alexandre Marinho Lanzoni\",\"@id\":\"https:\\\/\\\/unisale.com.br\\\/pastoral\\\/#\\\/schema\\\/person\\\/492d3d7bfe53a8302576d39485aff2c4\"},\"headline\":\"28\\\/03 &#8211; O homem acreditou na palavra de Jesus&#8230;\",\"datePublished\":\"2022-03-21T16:24:38+00:00\",\"mainEntityOfPage\":{\"@id\":\"https:\\\/\\\/unisale.com.br\\\/novo\\\/28-03-o-homem-acreditou-na-palavra-de-jesus\\\/\"},\"wordCount\":770,\"image\":{\"@id\":\"https:\\\/\\\/unisale.com.br\\\/novo\\\/28-03-o-homem-acreditou-na-palavra-de-jesus\\\/#primaryimage\"},\"thumbnailUrl\":\"https:\\\/\\\/unisale.com.br\\\/pastoral\\\/wp-content\\\/uploads\\\/2022\\\/03\\\/6-1.jpeg\",\"articleSection\":[\"Reflex\u00e3o do Evangelho\"],\"inLanguage\":\"pt-BR\"},{\"@type\":\"WebPage\",\"@id\":\"https:\\\/\\\/unisale.com.br\\\/novo\\\/28-03-o-homem-acreditou-na-palavra-de-jesus\\\/\",\"url\":\"https:\\\/\\\/unisale.com.br\\\/novo\\\/28-03-o-homem-acreditou-na-palavra-de-jesus\\\/\",\"name\":\"28\\\/03 - O homem acreditou na palavra de Jesus... - Pastoral Universit\u00e1ria UniSALESIANO\",\"isPartOf\":{\"@id\":\"https:\\\/\\\/unisale.com.br\\\/pastoral\\\/#website\"},\"primaryImageOfPage\":{\"@id\":\"https:\\\/\\\/unisale.com.br\\\/novo\\\/28-03-o-homem-acreditou-na-palavra-de-jesus\\\/#primaryimage\"},\"image\":{\"@id\":\"https:\\\/\\\/unisale.com.br\\\/novo\\\/28-03-o-homem-acreditou-na-palavra-de-jesus\\\/#primaryimage\"},\"thumbnailUrl\":\"https:\\\/\\\/unisale.com.br\\\/pastoral\\\/wp-content\\\/uploads\\\/2022\\\/03\\\/6-1.jpeg\",\"datePublished\":\"2022-03-21T16:24:38+00:00\",\"author\":{\"@id\":\"https:\\\/\\\/unisale.com.br\\\/pastoral\\\/#\\\/schema\\\/person\\\/492d3d7bfe53a8302576d39485aff2c4\"},\"inLanguage\":\"pt-BR\",\"potentialAction\":[{\"@type\":\"ReadAction\",\"target\":[\"https:\\\/\\\/unisale.com.br\\\/novo\\\/28-03-o-homem-acreditou-na-palavra-de-jesus\\\/\"]}]},{\"@type\":\"ImageObject\",\"inLanguage\":\"pt-BR\",\"@id\":\"https:\\\/\\\/unisale.com.br\\\/novo\\\/28-03-o-homem-acreditou-na-palavra-de-jesus\\\/#primaryimage\",\"url\":\"https:\\\/\\\/unisale.com.br\\\/pastoral\\\/wp-content\\\/uploads\\\/2022\\\/03\\\/6-1.jpeg\",\"contentUrl\":\"https:\\\/\\\/unisale.com.br\\\/pastoral\\\/wp-content\\\/uploads\\\/2022\\\/03\\\/6-1.jpeg\",\"width\":694,\"height\":500},{\"@type\":\"WebSite\",\"@id\":\"https:\\\/\\\/unisale.com.br\\\/pastoral\\\/#website\",\"url\":\"https:\\\/\\\/unisale.com.br\\\/pastoral\\\/\",\"name\":\"Pastoral Universit\u00e1ria UniSALESIANO\",\"description\":\"Site da Pastoral Universit\u00e1ria do UniSALESIANO\",\"potentialAction\":[{\"@type\":\"SearchAction\",\"target\":{\"@type\":\"EntryPoint\",\"urlTemplate\":\"https:\\\/\\\/unisale.com.br\\\/pastoral\\\/?s={search_term_string}\"},\"query-input\":{\"@type\":\"PropertyValueSpecification\",\"valueRequired\":true,\"valueName\":\"search_term_string\"}}],\"inLanguage\":\"pt-BR\"},{\"@type\":\"Person\",\"@id\":\"https:\\\/\\\/unisale.com.br\\\/pastoral\\\/#\\\/schema\\\/person\\\/492d3d7bfe53a8302576d39485aff2c4\",\"name\":\"Luiz Alexandre Marinho Lanzoni\",\"url\":\"https:\\\/\\\/unisale.com.br\\\/pastoral\\\/author\\\/luiz\\\/\"}]}<\/script>\n<!-- \/ Yoast SEO plugin. -->","yoast_head_json":{"title":"28\/03 - O homem acreditou na palavra de Jesus... - Pastoral Universit\u00e1ria UniSALESIANO","robots":{"index":"index","follow":"follow","max-snippet":"max-snippet:-1","max-image-preview":"max-image-preview:large","max-video-preview":"max-video-preview:-1"},"canonical":"https:\/\/unisale.com.br\/novo\/28-03-o-homem-acreditou-na-palavra-de-jesus\/","og_locale":"pt_BR","og_type":"article","og_title":"28\/03 - O homem acreditou na palavra de Jesus... - Pastoral Universit\u00e1ria UniSALESIANO","og_description":"Segunda-feira, 28 de mar\u00e7o de 2022. Evangelho (Jo 4,43-54) \u201cO homem acreditou na palavra de Jesus&#8230;\u201d Naquele tempo, 43Jesus partiu da Samaria para a Galileia....","og_url":"https:\/\/unisale.com.br\/novo\/28-03-o-homem-acreditou-na-palavra-de-jesus\/","og_site_name":"Pastoral Universit\u00e1ria UniSALESIANO","article_published_time":"2022-03-21T16:24:38+00:00","og_image":[{"width":800,"height":576,"url":"https:\/\/unisale.com.br\/novo\/wp-content\/uploads\/2022\/03\/6-1.jpeg","type":"image\/jpeg"}],"author":"Luiz Alexandre Marinho Lanzoni","twitter_card":"summary_large_image","twitter_misc":{"Escrito por":"Luiz Alexandre Marinho Lanzoni","Est. tempo de leitura":"4 minutos"},"schema":{"@context":"https:\/\/schema.org","@graph":[{"@type":"Article","@id":"https:\/\/unisale.com.br\/novo\/28-03-o-homem-acreditou-na-palavra-de-jesus\/#article","isPartOf":{"@id":"https:\/\/unisale.com.br\/novo\/28-03-o-homem-acreditou-na-palavra-de-jesus\/"},"author":{"name":"Luiz Alexandre Marinho Lanzoni","@id":"https:\/\/unisale.com.br\/pastoral\/#\/schema\/person\/492d3d7bfe53a8302576d39485aff2c4"},"headline":"28\/03 &#8211; O homem acreditou na palavra de Jesus&#8230;","datePublished":"2022-03-21T16:24:38+00:00","mainEntityOfPage":{"@id":"https:\/\/unisale.com.br\/novo\/28-03-o-homem-acreditou-na-palavra-de-jesus\/"},"wordCount":770,"image":{"@id":"https:\/\/unisale.com.br\/novo\/28-03-o-homem-acreditou-na-palavra-de-jesus\/#primaryimage"},"thumbnailUrl":"https:\/\/unisale.com.br\/pastoral\/wp-content\/uploads\/2022\/03\/6-1.jpeg","articleSection":["Reflex\u00e3o do Evangelho"],"inLanguage":"pt-BR"},{"@type":"WebPage","@id":"https:\/\/unisale.com.br\/novo\/28-03-o-homem-acreditou-na-palavra-de-jesus\/","url":"https:\/\/unisale.com.br\/novo\/28-03-o-homem-acreditou-na-palavra-de-jesus\/","name":"28\/03 - O homem acreditou na palavra de Jesus... - Pastoral Universit\u00e1ria UniSALESIANO","isPartOf":{"@id":"https:\/\/unisale.com.br\/pastoral\/#website"},"primaryImageOfPage":{"@id":"https:\/\/unisale.com.br\/novo\/28-03-o-homem-acreditou-na-palavra-de-jesus\/#primaryimage"},"image":{"@id":"https:\/\/unisale.com.br\/novo\/28-03-o-homem-acreditou-na-palavra-de-jesus\/#primaryimage"},"thumbnailUrl":"https:\/\/unisale.com.br\/pastoral\/wp-content\/uploads\/2022\/03\/6-1.jpeg","datePublished":"2022-03-21T16:24:38+00:00","author":{"@id":"https:\/\/unisale.com.br\/pastoral\/#\/schema\/person\/492d3d7bfe53a8302576d39485aff2c4"},"inLanguage":"pt-BR","potentialAction":[{"@type":"ReadAction","target":["https:\/\/unisale.com.br\/novo\/28-03-o-homem-acreditou-na-palavra-de-jesus\/"]}]},{"@type":"ImageObject","inLanguage":"pt-BR","@id":"https:\/\/unisale.com.br\/novo\/28-03-o-homem-acreditou-na-palavra-de-jesus\/#primaryimage","url":"https:\/\/unisale.com.br\/pastoral\/wp-content\/uploads\/2022\/03\/6-1.jpeg","contentUrl":"https:\/\/unisale.com.br\/pastoral\/wp-content\/uploads\/2022\/03\/6-1.jpeg","width":694,"height":500},{"@type":"WebSite","@id":"https:\/\/unisale.com.br\/pastoral\/#website","url":"https:\/\/unisale.com.br\/pastoral\/","name":"Pastoral Universit\u00e1ria UniSALESIANO","description":"Site da Pastoral Universit\u00e1ria do UniSALESIANO","potentialAction":[{"@type":"SearchAction","target":{"@type":"EntryPoint","urlTemplate":"https:\/\/unisale.com.br\/pastoral\/?s={search_term_string}"},"query-input":{"@type":"PropertyValueSpecification","valueRequired":true,"valueName":"search_term_string"}}],"inLanguage":"pt-BR"},{"@type":"Person","@id":"https:\/\/unisale.com.br\/pastoral\/#\/schema\/person\/492d3d7bfe53a8302576d39485aff2c4","name":"Luiz Alexandre Marinho Lanzoni","url":"https:\/\/unisale.com.br\/pastoral\/author\/luiz\/"}]}},"_links":{"self":[{"href":"https:\/\/unisale.com.br\/pastoral\/wp-json\/wp\/v2\/posts\/4086","targetHints":{"allow":["GET"]}}],"collection":[{"href":"https:\/\/unisale.com.br\/pastoral\/wp-json\/wp\/v2\/posts"}],"about":[{"href":"https:\/\/unisale.com.br\/pastoral\/wp-json\/wp\/v2\/types\/post"}],"author":[{"embeddable":true,"href":"https:\/\/unisale.com.br\/pastoral\/wp-json\/wp\/v2\/users\/6"}],"replies":[{"embeddable":true,"href":"https:\/\/unisale.com.br\/pastoral\/wp-json\/wp\/v2\/comments?post=4086"}],"version-history":[{"count":0,"href":"https:\/\/unisale.com.br\/pastoral\/wp-json\/wp\/v2\/posts\/4086\/revisions"}],"wp:featuredmedia":[{"embeddable":true,"href":"https:\/\/unisale.com.br\/pastoral\/wp-json\/wp\/v2\/media\/4087"}],"wp:attachment":[{"href":"https:\/\/unisale.com.br\/pastoral\/wp-json\/wp\/v2\/media?parent=4086"}],"wp:term":[{"taxonomy":"category","embeddable":true,"href":"https:\/\/unisale.com.br\/pastoral\/wp-json\/wp\/v2\/categories?post=4086"},{"taxonomy":"post_tag","embeddable":true,"href":"https:\/\/unisale.com.br\/pastoral\/wp-json\/wp\/v2\/tags?post=4086"}],"curies":[{"name":"wp","href":"https:\/\/api.w.org\/{rel}","templated":true}]}}