{"id":4095,"date":"2022-03-22T11:26:43","date_gmt":"2022-03-22T11:26:43","guid":{"rendered":"https:\/\/unisale.com.br\/pastoral\/?p=4095"},"modified":"2022-03-22T11:26:43","modified_gmt":"2022-03-22T11:26:43","slug":"4a-vigilia-da-misericordia-do-unisalesiano-de-aracatuba-acontece-no-dia-9-de-abril","status":"publish","type":"post","link":"https:\/\/unisale.com.br\/pastoral\/4a-vigilia-da-misericordia-do-unisalesiano-de-aracatuba-acontece-no-dia-9-de-abril\/","title":{"rendered":"4\u00aa Vig\u00edlia da Miseric\u00f3rdia do UniSALESIANO de Ara\u00e7atuba acontece no dia 9 de abril"},"content":{"rendered":"<h3>As inscri\u00e7\u00f5es podem ser feitas na Pastoral Universit\u00e1ria do UniSALESIANO<br \/>\n<img fetchpriority=\"high\" decoding=\"async\" class=\"alignnone wp-image-4096 size-full\" src=\"https:\/\/unisale.com.br\/pastoral\/wp-content\/uploads\/2022\/03\/Post-da-vigilia-1-e1647948186143.png\" alt=\"\" width=\"1080\" height=\"847\" srcset=\"https:\/\/unisale.com.br\/pastoral\/wp-content\/uploads\/2022\/03\/Post-da-vigilia-1-e1647948186143.png 638w, https:\/\/unisale.com.br\/pastoral\/wp-content\/uploads\/2022\/03\/Post-da-vigilia-1-e1647948186143-300x235.png 300w, https:\/\/unisale.com.br\/pastoral\/wp-content\/uploads\/2022\/03\/Post-da-vigilia-1-e1647948186143-1024x803.png 1024w, https:\/\/unisale.com.br\/pastoral\/wp-content\/uploads\/2022\/03\/Post-da-vigilia-1-e1647948186143-768x602.png 768w\" sizes=\"(max-width: 1080px) 100vw, 1080px\" \/><\/h3>\n<p>O <strong>UniSALESIANO de Ara\u00e7atuba<\/strong>, por meio da <strong>Pastoral Universit\u00e1ria<\/strong>, promove a <strong>4\u00aa edi\u00e7\u00e3o da Vig\u00edlia da Miseric\u00f3rdia \u2013 \u201cE ao me beijar, me acolheu num abra\u00e7o de pai\u201d (Lc15).<\/strong> O evento ser\u00e1 realizado no dia 9 de abril, a partir das 19h, na Institui\u00e7\u00e3o.<\/p>\n<p>\u201cEsse ano, coincidentemente, a Vig\u00edlia acontece na v\u00e9spera de Domingo de Ramos, quando se inicia a Semana Santa. No evento, s\u00e3o trabalhados aspectos da espiritualidade quaresmal, tendo em vista uma espiritualidade pascal\u201d, explicou o <strong>Pr\u00f3-Reitor de Pastoral, Pe. Paulo J\u00e1como<\/strong>, ao ressaltar que a Quaresma \u00e9 um tempo de reflex\u00e3o e de prepara\u00e7\u00e3o para a P\u00e1scoa.<\/p>\n<p>Pe. Paulo explicou que, neste ano, a Vig\u00edlia ser\u00e1 dividida em tr\u00eas momentos: a Lectio Divina (Reflex\u00e3o), que ser\u00e1 realizada no audit\u00f3rio Papa Francisco, seguida da Prociss\u00e3o do Encontro, em volta da Institui\u00e7\u00e3o, e a Adora\u00e7\u00e3o Eucar\u00edstica, no Centro de Conviv\u00eancia.<\/p>\n<p>\u201cSer\u00e1 um momento especial. Convido os acad\u00eamicos e seus familiares a prestigiarem a Vig\u00edlia da Miseric\u00f3rdia\u201d, disse.<\/p>\n<p>As inscri\u00e7\u00f5es podem ser feitas na Pastoral Universit\u00e1ria do UniSALESIANO, sala 33, Bloco B, 2\u00ba andar, ou via WhatsApp (18) 3636.5223. A taxa de inscri\u00e7\u00e3o \u00e9 de R$10.<\/p>\n<p><img decoding=\"async\" class=\"alignnone wp-image-4098 size-large\" src=\"https:\/\/unisale.com.br\/pastoral\/wp-content\/uploads\/2022\/03\/IMG_2140-2048x1365-1-1024x683.jpg\" alt=\"\" width=\"1024\" height=\"683\" srcset=\"https:\/\/unisale.com.br\/pastoral\/wp-content\/uploads\/2022\/03\/IMG_2140-2048x1365-1-1024x683.jpg 1024w, https:\/\/unisale.com.br\/pastoral\/wp-content\/uploads\/2022\/03\/IMG_2140-2048x1365-1-300x200.jpg 300w, https:\/\/unisale.com.br\/pastoral\/wp-content\/uploads\/2022\/03\/IMG_2140-2048x1365-1-768x512.jpg 768w, https:\/\/unisale.com.br\/pastoral\/wp-content\/uploads\/2022\/03\/IMG_2140-2048x1365-1-1536x1024.jpg 1536w, https:\/\/unisale.com.br\/pastoral\/wp-content\/uploads\/2022\/03\/IMG_2140-2048x1365-1-930x620.jpg 930w, https:\/\/unisale.com.br\/pastoral\/wp-content\/uploads\/2022\/03\/IMG_2140-2048x1365-1.jpg 750w\" sizes=\"(max-width: 1024px) 100vw, 1024px\" \/><\/p>\n<p><img decoding=\"async\" class=\"alignnone wp-image-4097 size-large\" src=\"https:\/\/unisale.com.br\/pastoral\/wp-content\/uploads\/2022\/03\/IMG_8905-2048x1365-1-1024x683.jpg\" alt=\"\" width=\"1024\" height=\"683\" srcset=\"https:\/\/unisale.com.br\/pastoral\/wp-content\/uploads\/2022\/03\/IMG_8905-2048x1365-1-1024x683.jpg 1024w, https:\/\/unisale.com.br\/pastoral\/wp-content\/uploads\/2022\/03\/IMG_8905-2048x1365-1-300x200.jpg 300w, https:\/\/unisale.com.br\/pastoral\/wp-content\/uploads\/2022\/03\/IMG_8905-2048x1365-1-768x512.jpg 768w, https:\/\/unisale.com.br\/pastoral\/wp-content\/uploads\/2022\/03\/IMG_8905-2048x1365-1-1536x1024.jpg 1536w, https:\/\/unisale.com.br\/pastoral\/wp-content\/uploads\/2022\/03\/IMG_8905-2048x1365-1-930x620.jpg 930w, https:\/\/unisale.com.br\/pastoral\/wp-content\/uploads\/2022\/03\/IMG_8905-2048x1365-1.jpg 750w\" sizes=\"(max-width: 1024px) 100vw, 1024px\" \/><\/p>\n","protected":false},"excerpt":{"rendered":"<p>As inscri\u00e7\u00f5es podem ser feitas na Pastoral Universit\u00e1ria do UniSALESIANO O UniSALESIANO de Ara\u00e7atuba, por meio da Pastoral Universit\u00e1ria, promove a 4\u00aa edi\u00e7\u00e3o da Vig\u00edlia&#8230;<\/p>\n","protected":false},"author":6,"featured_media":4096,"comment_status":"closed","ping_status":"closed","sticky":false,"template":"","format":"standard","meta":{"_acf_changed":false,"footnotes":""},"categories":[4,3],"tags":[],"class_list":["post-4095","post","type-post","status-publish","format-standard","has-post-thumbnail","hentry","category-event","category-not"],"acf":[],"yoast_head":"<!-- This site is optimized with the Yoast SEO plugin v27.3 - https:\/\/yoast.com\/product\/yoast-seo-wordpress\/ -->\n<title>4\u00aa Vig\u00edlia da Miseric\u00f3rdia do UniSALESIANO de Ara\u00e7atuba acontece no dia 9 de abril - Pastoral Universit\u00e1ria UniSALESIANO<\/title>\n<meta name=\"robots\" content=\"index, follow, max-snippet:-1, max-image-preview:large, max-video-preview:-1\" \/>\n<link rel=\"canonical\" href=\"https:\/\/unisale.com.br\/novo\/4a-vigilia-da-misericordia-do-unisalesiano-de-aracatuba-acontece-no-dia-9-de-abril\/\" \/>\n<meta property=\"og:locale\" content=\"pt_BR\" \/>\n<meta property=\"og:type\" content=\"article\" \/>\n<meta property=\"og:title\" content=\"4\u00aa Vig\u00edlia da Miseric\u00f3rdia do UniSALESIANO de Ara\u00e7atuba acontece no dia 9 de abril - Pastoral Universit\u00e1ria UniSALESIANO\" \/>\n<meta property=\"og:description\" content=\"As inscri\u00e7\u00f5es podem ser feitas na Pastoral Universit\u00e1ria do UniSALESIANO O UniSALESIANO de Ara\u00e7atuba, por meio da Pastoral Universit\u00e1ria, promove a 4\u00aa edi\u00e7\u00e3o da Vig\u00edlia...\" \/>\n<meta property=\"og:url\" content=\"https:\/\/unisale.com.br\/novo\/4a-vigilia-da-misericordia-do-unisalesiano-de-aracatuba-acontece-no-dia-9-de-abril\/\" \/>\n<meta property=\"og:site_name\" content=\"Pastoral Universit\u00e1ria UniSALESIANO\" \/>\n<meta property=\"article:published_time\" content=\"2022-03-22T11:26:43+00:00\" \/>\n<meta property=\"og:image\" content=\"https:\/\/unisale.com.br\/novo\/wp-content\/uploads\/2022\/03\/Post-da-vigilia-1-e1647948186143.png\" \/>\n\t<meta property=\"og:image:width\" content=\"1080\" \/>\n\t<meta property=\"og:image:height\" content=\"847\" \/>\n\t<meta property=\"og:image:type\" content=\"image\/png\" \/>\n<meta name=\"author\" content=\"Luiz Alexandre Marinho Lanzoni\" \/>\n<meta name=\"twitter:card\" content=\"summary_large_image\" \/>\n<meta name=\"twitter:label1\" content=\"Escrito por\" \/>\n\t<meta name=\"twitter:data1\" content=\"Luiz Alexandre Marinho Lanzoni\" \/>\n\t<meta name=\"twitter:label2\" content=\"Est. tempo de leitura\" \/>\n\t<meta name=\"twitter:data2\" content=\"1 minuto\" \/>\n<script type=\"application\/ld+json\" class=\"yoast-schema-graph\">{\"@context\":\"https:\\\/\\\/schema.org\",\"@graph\":[{\"@type\":\"Article\",\"@id\":\"https:\\\/\\\/unisale.com.br\\\/novo\\\/4a-vigilia-da-misericordia-do-unisalesiano-de-aracatuba-acontece-no-dia-9-de-abril\\\/#article\",\"isPartOf\":{\"@id\":\"https:\\\/\\\/unisale.com.br\\\/novo\\\/4a-vigilia-da-misericordia-do-unisalesiano-de-aracatuba-acontece-no-dia-9-de-abril\\\/\"},\"author\":{\"name\":\"Luiz Alexandre Marinho Lanzoni\",\"@id\":\"https:\\\/\\\/unisale.com.br\\\/pastoral\\\/#\\\/schema\\\/person\\\/492d3d7bfe53a8302576d39485aff2c4\"},\"headline\":\"4\u00aa Vig\u00edlia da Miseric\u00f3rdia do UniSALESIANO de Ara\u00e7atuba acontece no dia 9 de abril\",\"datePublished\":\"2022-03-22T11:26:43+00:00\",\"mainEntityOfPage\":{\"@id\":\"https:\\\/\\\/unisale.com.br\\\/novo\\\/4a-vigilia-da-misericordia-do-unisalesiano-de-aracatuba-acontece-no-dia-9-de-abril\\\/\"},\"wordCount\":234,\"image\":{\"@id\":\"https:\\\/\\\/unisale.com.br\\\/novo\\\/4a-vigilia-da-misericordia-do-unisalesiano-de-aracatuba-acontece-no-dia-9-de-abril\\\/#primaryimage\"},\"thumbnailUrl\":\"https:\\\/\\\/unisale.com.br\\\/pastoral\\\/wp-content\\\/uploads\\\/2022\\\/03\\\/Post-da-vigilia-1-e1647948186143.png\",\"articleSection\":[\"Eventos\",\"Not\u00edcias\"],\"inLanguage\":\"pt-BR\"},{\"@type\":\"WebPage\",\"@id\":\"https:\\\/\\\/unisale.com.br\\\/novo\\\/4a-vigilia-da-misericordia-do-unisalesiano-de-aracatuba-acontece-no-dia-9-de-abril\\\/\",\"url\":\"https:\\\/\\\/unisale.com.br\\\/novo\\\/4a-vigilia-da-misericordia-do-unisalesiano-de-aracatuba-acontece-no-dia-9-de-abril\\\/\",\"name\":\"4\u00aa Vig\u00edlia da Miseric\u00f3rdia do UniSALESIANO de Ara\u00e7atuba acontece no dia 9 de abril - Pastoral Universit\u00e1ria UniSALESIANO\",\"isPartOf\":{\"@id\":\"https:\\\/\\\/unisale.com.br\\\/pastoral\\\/#website\"},\"primaryImageOfPage\":{\"@id\":\"https:\\\/\\\/unisale.com.br\\\/novo\\\/4a-vigilia-da-misericordia-do-unisalesiano-de-aracatuba-acontece-no-dia-9-de-abril\\\/#primaryimage\"},\"image\":{\"@id\":\"https:\\\/\\\/unisale.com.br\\\/novo\\\/4a-vigilia-da-misericordia-do-unisalesiano-de-aracatuba-acontece-no-dia-9-de-abril\\\/#primaryimage\"},\"thumbnailUrl\":\"https:\\\/\\\/unisale.com.br\\\/pastoral\\\/wp-content\\\/uploads\\\/2022\\\/03\\\/Post-da-vigilia-1-e1647948186143.png\",\"datePublished\":\"2022-03-22T11:26:43+00:00\",\"author\":{\"@id\":\"https:\\\/\\\/unisale.com.br\\\/pastoral\\\/#\\\/schema\\\/person\\\/492d3d7bfe53a8302576d39485aff2c4\"},\"inLanguage\":\"pt-BR\",\"potentialAction\":[{\"@type\":\"ReadAction\",\"target\":[\"https:\\\/\\\/unisale.com.br\\\/novo\\\/4a-vigilia-da-misericordia-do-unisalesiano-de-aracatuba-acontece-no-dia-9-de-abril\\\/\"]}]},{\"@type\":\"ImageObject\",\"inLanguage\":\"pt-BR\",\"@id\":\"https:\\\/\\\/unisale.com.br\\\/novo\\\/4a-vigilia-da-misericordia-do-unisalesiano-de-aracatuba-acontece-no-dia-9-de-abril\\\/#primaryimage\",\"url\":\"https:\\\/\\\/unisale.com.br\\\/pastoral\\\/wp-content\\\/uploads\\\/2022\\\/03\\\/Post-da-vigilia-1-e1647948186143.png\",\"contentUrl\":\"https:\\\/\\\/unisale.com.br\\\/pastoral\\\/wp-content\\\/uploads\\\/2022\\\/03\\\/Post-da-vigilia-1-e1647948186143.png\",\"width\":638,\"height\":500},{\"@type\":\"WebSite\",\"@id\":\"https:\\\/\\\/unisale.com.br\\\/pastoral\\\/#website\",\"url\":\"https:\\\/\\\/unisale.com.br\\\/pastoral\\\/\",\"name\":\"Pastoral Universit\u00e1ria UniSALESIANO\",\"description\":\"Site da Pastoral Universit\u00e1ria do UniSALESIANO\",\"potentialAction\":[{\"@type\":\"SearchAction\",\"target\":{\"@type\":\"EntryPoint\",\"urlTemplate\":\"https:\\\/\\\/unisale.com.br\\\/pastoral\\\/?s={search_term_string}\"},\"query-input\":{\"@type\":\"PropertyValueSpecification\",\"valueRequired\":true,\"valueName\":\"search_term_string\"}}],\"inLanguage\":\"pt-BR\"},{\"@type\":\"Person\",\"@id\":\"https:\\\/\\\/unisale.com.br\\\/pastoral\\\/#\\\/schema\\\/person\\\/492d3d7bfe53a8302576d39485aff2c4\",\"name\":\"Luiz Alexandre Marinho Lanzoni\",\"url\":\"https:\\\/\\\/unisale.com.br\\\/pastoral\\\/author\\\/luiz\\\/\"}]}<\/script>\n<!-- \/ Yoast SEO plugin. -->","yoast_head_json":{"title":"4\u00aa Vig\u00edlia da Miseric\u00f3rdia do UniSALESIANO de Ara\u00e7atuba acontece no dia 9 de abril - Pastoral Universit\u00e1ria UniSALESIANO","robots":{"index":"index","follow":"follow","max-snippet":"max-snippet:-1","max-image-preview":"max-image-preview:large","max-video-preview":"max-video-preview:-1"},"canonical":"https:\/\/unisale.com.br\/novo\/4a-vigilia-da-misericordia-do-unisalesiano-de-aracatuba-acontece-no-dia-9-de-abril\/","og_locale":"pt_BR","og_type":"article","og_title":"4\u00aa Vig\u00edlia da Miseric\u00f3rdia do UniSALESIANO de Ara\u00e7atuba acontece no dia 9 de abril - Pastoral Universit\u00e1ria UniSALESIANO","og_description":"As inscri\u00e7\u00f5es podem ser feitas na Pastoral Universit\u00e1ria do UniSALESIANO O UniSALESIANO de Ara\u00e7atuba, por meio da Pastoral Universit\u00e1ria, promove a 4\u00aa edi\u00e7\u00e3o da Vig\u00edlia...","og_url":"https:\/\/unisale.com.br\/novo\/4a-vigilia-da-misericordia-do-unisalesiano-de-aracatuba-acontece-no-dia-9-de-abril\/","og_site_name":"Pastoral Universit\u00e1ria UniSALESIANO","article_published_time":"2022-03-22T11:26:43+00:00","og_image":[{"width":1080,"height":847,"url":"https:\/\/unisale.com.br\/novo\/wp-content\/uploads\/2022\/03\/Post-da-vigilia-1-e1647948186143.png","type":"image\/png"}],"author":"Luiz Alexandre Marinho Lanzoni","twitter_card":"summary_large_image","twitter_misc":{"Escrito por":"Luiz Alexandre Marinho Lanzoni","Est. tempo de leitura":"1 minuto"},"schema":{"@context":"https:\/\/schema.org","@graph":[{"@type":"Article","@id":"https:\/\/unisale.com.br\/novo\/4a-vigilia-da-misericordia-do-unisalesiano-de-aracatuba-acontece-no-dia-9-de-abril\/#article","isPartOf":{"@id":"https:\/\/unisale.com.br\/novo\/4a-vigilia-da-misericordia-do-unisalesiano-de-aracatuba-acontece-no-dia-9-de-abril\/"},"author":{"name":"Luiz Alexandre Marinho Lanzoni","@id":"https:\/\/unisale.com.br\/pastoral\/#\/schema\/person\/492d3d7bfe53a8302576d39485aff2c4"},"headline":"4\u00aa Vig\u00edlia da Miseric\u00f3rdia do UniSALESIANO de Ara\u00e7atuba acontece no dia 9 de abril","datePublished":"2022-03-22T11:26:43+00:00","mainEntityOfPage":{"@id":"https:\/\/unisale.com.br\/novo\/4a-vigilia-da-misericordia-do-unisalesiano-de-aracatuba-acontece-no-dia-9-de-abril\/"},"wordCount":234,"image":{"@id":"https:\/\/unisale.com.br\/novo\/4a-vigilia-da-misericordia-do-unisalesiano-de-aracatuba-acontece-no-dia-9-de-abril\/#primaryimage"},"thumbnailUrl":"https:\/\/unisale.com.br\/pastoral\/wp-content\/uploads\/2022\/03\/Post-da-vigilia-1-e1647948186143.png","articleSection":["Eventos","Not\u00edcias"],"inLanguage":"pt-BR"},{"@type":"WebPage","@id":"https:\/\/unisale.com.br\/novo\/4a-vigilia-da-misericordia-do-unisalesiano-de-aracatuba-acontece-no-dia-9-de-abril\/","url":"https:\/\/unisale.com.br\/novo\/4a-vigilia-da-misericordia-do-unisalesiano-de-aracatuba-acontece-no-dia-9-de-abril\/","name":"4\u00aa Vig\u00edlia da Miseric\u00f3rdia do UniSALESIANO de Ara\u00e7atuba acontece no dia 9 de abril - Pastoral Universit\u00e1ria UniSALESIANO","isPartOf":{"@id":"https:\/\/unisale.com.br\/pastoral\/#website"},"primaryImageOfPage":{"@id":"https:\/\/unisale.com.br\/novo\/4a-vigilia-da-misericordia-do-unisalesiano-de-aracatuba-acontece-no-dia-9-de-abril\/#primaryimage"},"image":{"@id":"https:\/\/unisale.com.br\/novo\/4a-vigilia-da-misericordia-do-unisalesiano-de-aracatuba-acontece-no-dia-9-de-abril\/#primaryimage"},"thumbnailUrl":"https:\/\/unisale.com.br\/pastoral\/wp-content\/uploads\/2022\/03\/Post-da-vigilia-1-e1647948186143.png","datePublished":"2022-03-22T11:26:43+00:00","author":{"@id":"https:\/\/unisale.com.br\/pastoral\/#\/schema\/person\/492d3d7bfe53a8302576d39485aff2c4"},"inLanguage":"pt-BR","potentialAction":[{"@type":"ReadAction","target":["https:\/\/unisale.com.br\/novo\/4a-vigilia-da-misericordia-do-unisalesiano-de-aracatuba-acontece-no-dia-9-de-abril\/"]}]},{"@type":"ImageObject","inLanguage":"pt-BR","@id":"https:\/\/unisale.com.br\/novo\/4a-vigilia-da-misericordia-do-unisalesiano-de-aracatuba-acontece-no-dia-9-de-abril\/#primaryimage","url":"https:\/\/unisale.com.br\/pastoral\/wp-content\/uploads\/2022\/03\/Post-da-vigilia-1-e1647948186143.png","contentUrl":"https:\/\/unisale.com.br\/pastoral\/wp-content\/uploads\/2022\/03\/Post-da-vigilia-1-e1647948186143.png","width":638,"height":500},{"@type":"WebSite","@id":"https:\/\/unisale.com.br\/pastoral\/#website","url":"https:\/\/unisale.com.br\/pastoral\/","name":"Pastoral Universit\u00e1ria UniSALESIANO","description":"Site da Pastoral Universit\u00e1ria do UniSALESIANO","potentialAction":[{"@type":"SearchAction","target":{"@type":"EntryPoint","urlTemplate":"https:\/\/unisale.com.br\/pastoral\/?s={search_term_string}"},"query-input":{"@type":"PropertyValueSpecification","valueRequired":true,"valueName":"search_term_string"}}],"inLanguage":"pt-BR"},{"@type":"Person","@id":"https:\/\/unisale.com.br\/pastoral\/#\/schema\/person\/492d3d7bfe53a8302576d39485aff2c4","name":"Luiz Alexandre Marinho Lanzoni","url":"https:\/\/unisale.com.br\/pastoral\/author\/luiz\/"}]}},"_links":{"self":[{"href":"https:\/\/unisale.com.br\/pastoral\/wp-json\/wp\/v2\/posts\/4095","targetHints":{"allow":["GET"]}}],"collection":[{"href":"https:\/\/unisale.com.br\/pastoral\/wp-json\/wp\/v2\/posts"}],"about":[{"href":"https:\/\/unisale.com.br\/pastoral\/wp-json\/wp\/v2\/types\/post"}],"author":[{"embeddable":true,"href":"https:\/\/unisale.com.br\/pastoral\/wp-json\/wp\/v2\/users\/6"}],"replies":[{"embeddable":true,"href":"https:\/\/unisale.com.br\/pastoral\/wp-json\/wp\/v2\/comments?post=4095"}],"version-history":[{"count":0,"href":"https:\/\/unisale.com.br\/pastoral\/wp-json\/wp\/v2\/posts\/4095\/revisions"}],"wp:featuredmedia":[{"embeddable":true,"href":"https:\/\/unisale.com.br\/pastoral\/wp-json\/wp\/v2\/media\/4096"}],"wp:attachment":[{"href":"https:\/\/unisale.com.br\/pastoral\/wp-json\/wp\/v2\/media?parent=4095"}],"wp:term":[{"taxonomy":"category","embeddable":true,"href":"https:\/\/unisale.com.br\/pastoral\/wp-json\/wp\/v2\/categories?post=4095"},{"taxonomy":"post_tag","embeddable":true,"href":"https:\/\/unisale.com.br\/pastoral\/wp-json\/wp\/v2\/tags?post=4095"}],"curies":[{"name":"wp","href":"https:\/\/api.w.org\/{rel}","templated":true}]}}