{"id":4110,"date":"2022-03-30T11:29:50","date_gmt":"2022-03-30T11:29:50","guid":{"rendered":"https:\/\/unisale.com.br\/pastoral\/?p=4110"},"modified":"2022-03-31T13:12:57","modified_gmt":"2022-03-31T13:12:57","slug":"30-03-porque-nao-procuro-fazer-a-minha-vontade-mas-a-vontade-daquele-que-me-enviou","status":"publish","type":"post","link":"https:\/\/unisale.com.br\/pastoral\/30-03-porque-nao-procuro-fazer-a-minha-vontade-mas-a-vontade-daquele-que-me-enviou\/","title":{"rendered":"30\/03 &#8211; &#8230;porque n\u00e3o procuro fazer a minha vontade, mas a vontade daquele que me enviou."},"content":{"rendered":"<p>Quarta-feira, 30 de mar\u00e7o de 2022.<\/p>\n<p>&nbsp;<\/p>\n<p>Evangelho (Jo\u00e3o 5,17-30)<\/p>\n<p>&nbsp;<\/p>\n<p><strong>\u201c&#8230;porque n\u00e3o procuro fazer a minha vontade, mas a vontade daquele que me enviou\u201d<\/strong><\/p>\n<p>&nbsp;<\/p>\n<p>Naquele tempo, <sup>17<\/sup>Jesus respondeu aos judeus: \u201cMeu Pai trabalha sempre, portanto tamb\u00e9m eu trabalho\u201d. <sup>18<\/sup>Ent\u00e3o, os judeus ainda mais procuravam mat\u00e1-lo, porque, al\u00e9m de violar o s\u00e1bado, chamava Deus o seu Pai, fazendo-se, assim, igual a Deus. <sup>19<\/sup>Tomando a palavra, Jesus disse aos judeus: \u201cEm verdade, em verdade vos digo, o Filho n\u00e3o pode fazer nada por si mesmo; ele faz apenas o que v\u00ea o Pai fazer. O que o Pai faz, o Filho o faz tamb\u00e9m. <sup>20<\/sup>O Pai ama o Filho e lhe mostra tudo o que ele mesmo faz. E lhe mostrar\u00e1 obras maiores ainda, de modo que ficareis admirados. <sup>21<\/sup>Assim como o Pai ressuscita os mortos e lhes d\u00e1 a vida, o Filho tamb\u00e9m d\u00e1 a vida a quem ele quer. <sup>22<\/sup>De fato, o Pai n\u00e3o julga ningu\u00e9m, mas ele deu ao Filho o poder de julgar, <sup>23<\/sup>para que todos honrem o Filho, assim como honram o Pai. Quem n\u00e3o honra o Filho, tamb\u00e9m n\u00e3o honra o Pai que o enviou. <sup>24<\/sup>Em verdade, em verdade vos digo, quem ouve a minha palavra e cr\u00ea naquele que me enviou, possui a vida eterna. N\u00e3o ser\u00e1 condenado, pois j\u00e1 passou da morte para a vida. <sup>25<\/sup>Em verdade, em verdade, eu vos digo: est\u00e1 chegando a hora, e j\u00e1 chegou, em que os mortos ouvir\u00e3o a voz do Filho de Deus e os que a ouvirem viver\u00e3o. <sup>26<\/sup>Porque, assim como o Pai possui a vida em si mesmo, do mesmo modo concedeu ao Filho possuir a vida em si mesmo. <sup>27<\/sup>Al\u00e9m disso, deu-lhe o poder de julgar, pois ele \u00e9 o Filho do Homem. <sup>28<\/sup>N\u00e3o fiqueis admirados com isso, porque vai chegar a hora em que todos os que est\u00e3o nos t\u00famulos ouvir\u00e3o a voz do Filho e sair\u00e3o: <sup>29<\/sup>aqueles que fizeram o bem, ressuscitar\u00e3o para a vida; e aqueles que praticaram o mal, para a condena\u00e7\u00e3o. <sup>30<\/sup>Eu n\u00e3o posso fazer nada por mim mesmo. Eu julgo conforme o que escuto, e meu julgamento \u00e9 justo, porque n\u00e3o procuro fazer a minha vontade, mas a vontade daquele que me enviou.<\/p>\n<p>&nbsp;<\/p>\n<p><strong>Reflex\u00e3o<\/strong><\/p>\n<p>&nbsp;<\/p>\n<p>A filosofia j\u00e1 diz que: \u201cExiste algu\u00e9m que d\u00e1 o impulso a tudo. Deus Primeiro Motor, dizia Leonardo da Vinci. Mesmo que a reflex\u00e3o filos\u00f3fica n\u00e3o esgote o sentido do texto evang\u00e9lico, ela ao menos d\u00e1 uma indica\u00e7\u00e3o para a nossa vida espiritual. Quando somos ativos e trabalhamos, somos livres e podemos trabalhar para o bem. Ao contr\u00e1rio, se nos deixamos passivamente vencer pelos impulsos que agem sobre n\u00f3s, antes ou depois seremos submetidos a pensamentos in\u00fateis e maus at\u00e9 que n\u00e3o sejamos mais capazes de nos defender. O proverbio que diz que a pregui\u00e7a \u00e9 m\u00e3e de todos os v\u00edcios exprime uma experi\u00eancia humana antiga; o trabalho, ao contr\u00e1rio, cura as m\u00e1s inclina\u00e7\u00f5es. O que podemos dizer \u00e9 que quem trabalha tem o poder sobre sua pr\u00f3pria cria\u00e7\u00e3o: o escultor tem poder sobre a est\u00e1tua, o pintor sobre o quadro, a costureira sobre o vestido&#8230; A mat\u00e9ria \u00e9 inerte. Pilatos diz a Jesus que tem poder sobre sua vida: a vida \u00e9 fr\u00e1gil, se se pode haver o poder de destru\u00ed-la. Muito maior \u00e9 o poder de uma m\u00e3e que decide de colaborar e fazer crescer nela uma vida. Mas sobre a vida eterna tem poder somente Deus, que o deu a Cristo; e Cristo vive em n\u00f3s. O dia da ressurrei\u00e7\u00e3o dos mortos ser\u00e1 tamb\u00e9m o dia do Ju\u00edzo, isto \u00e9, da separa\u00e7\u00e3o definitiva do bem e do mal. N\u00e3o existe d\u00favida que esta obra seja somente de Deus; os homens n\u00e3o conseguem vencer o mal dentro de si, tanto menos o mal do mundo inteiro. No entanto, Cristo o Filho do homem recebeu este poder e o transmitiu aos ap\u00f3stolos e aos disc\u00edpulos, a fim de que na hist\u00f3ria vencessem o mal e preparassem a vit\u00f3ria do bem. Hoje somos capazes de fazer a estat\u00edstica de quase tudo, quantos cirurgias foram feitas em um ano em determinado hospital, ou quanto foi gasto para determinada obra de benefic\u00eancia. Mas existe uma atividade que foge do computador e n\u00e3o pode ser calculada por nenhuma estat\u00edstica humana: quanto de mal \u00e9 curado pelo sacramento da penit\u00eancia por meio do ju\u00edzo secreto, mas exercido com o poder concedido pelo Cristo juiz.<\/p>\n<p>&nbsp;<\/p>\n<p><strong>Pe. Paulo Eduardo J\u00e1como, sdb.<\/strong><\/p>\n","protected":false},"excerpt":{"rendered":"<p>Quarta-feira, 30 de mar\u00e7o de 2022. &nbsp; Evangelho (Jo\u00e3o 5,17-30) &nbsp; \u201c&#8230;porque n\u00e3o procuro fazer a minha vontade, mas a vontade daquele que me enviou\u201d&#8230;<\/p>\n","protected":false},"author":6,"featured_media":4111,"comment_status":"closed","ping_status":"closed","sticky":false,"template":"","format":"standard","meta":{"_acf_changed":false,"footnotes":""},"categories":[13],"tags":[],"class_list":["post-4110","post","type-post","status-publish","format-standard","has-post-thumbnail","hentry","category-reflexaodoevagelho"],"acf":[],"yoast_head":"<!-- This site is optimized with the Yoast SEO plugin v27.3 - https:\/\/yoast.com\/product\/yoast-seo-wordpress\/ -->\n<title>30\/03 - ...porque n\u00e3o procuro fazer a minha vontade, mas a vontade daquele que me enviou. - Pastoral Universit\u00e1ria UniSALESIANO<\/title>\n<meta name=\"robots\" content=\"index, follow, max-snippet:-1, max-image-preview:large, max-video-preview:-1\" \/>\n<link rel=\"canonical\" href=\"https:\/\/unisale.com.br\/novo\/30-03-porque-nao-procuro-fazer-a-minha-vontade-mas-a-vontade-daquele-que-me-enviou\/\" \/>\n<meta property=\"og:locale\" content=\"pt_BR\" \/>\n<meta property=\"og:type\" content=\"article\" \/>\n<meta property=\"og:title\" content=\"30\/03 - ...porque n\u00e3o procuro fazer a minha vontade, mas a vontade daquele que me enviou. - Pastoral Universit\u00e1ria UniSALESIANO\" \/>\n<meta property=\"og:description\" content=\"Quarta-feira, 30 de mar\u00e7o de 2022. &nbsp; Evangelho (Jo\u00e3o 5,17-30) &nbsp; \u201c&#8230;porque n\u00e3o procuro fazer a minha vontade, mas a vontade daquele que me enviou\u201d...\" \/>\n<meta property=\"og:url\" content=\"https:\/\/unisale.com.br\/novo\/30-03-porque-nao-procuro-fazer-a-minha-vontade-mas-a-vontade-daquele-que-me-enviou\/\" \/>\n<meta property=\"og:site_name\" content=\"Pastoral Universit\u00e1ria UniSALESIANO\" \/>\n<meta property=\"article:published_time\" content=\"2022-03-30T11:29:50+00:00\" \/>\n<meta property=\"article:modified_time\" content=\"2022-03-31T13:12:57+00:00\" \/>\n<meta property=\"og:image\" content=\"https:\/\/unisale.com.br\/novo\/wp-content\/uploads\/2022\/03\/palavras-de-vida-eterna.jpg\" \/>\n\t<meta property=\"og:image:width\" content=\"1280\" \/>\n\t<meta property=\"og:image:height\" content=\"720\" \/>\n\t<meta property=\"og:image:type\" content=\"image\/jpeg\" \/>\n<meta name=\"author\" content=\"Luiz Alexandre Marinho Lanzoni\" \/>\n<meta name=\"twitter:card\" content=\"summary_large_image\" \/>\n<meta name=\"twitter:label1\" content=\"Escrito por\" \/>\n\t<meta name=\"twitter:data1\" content=\"Luiz Alexandre Marinho Lanzoni\" \/>\n\t<meta name=\"twitter:label2\" content=\"Est. tempo de leitura\" \/>\n\t<meta name=\"twitter:data2\" content=\"4 minutos\" \/>\n<script type=\"application\/ld+json\" class=\"yoast-schema-graph\">{\"@context\":\"https:\\\/\\\/schema.org\",\"@graph\":[{\"@type\":\"Article\",\"@id\":\"https:\\\/\\\/unisale.com.br\\\/novo\\\/30-03-porque-nao-procuro-fazer-a-minha-vontade-mas-a-vontade-daquele-que-me-enviou\\\/#article\",\"isPartOf\":{\"@id\":\"https:\\\/\\\/unisale.com.br\\\/novo\\\/30-03-porque-nao-procuro-fazer-a-minha-vontade-mas-a-vontade-daquele-que-me-enviou\\\/\"},\"author\":{\"name\":\"Luiz Alexandre Marinho Lanzoni\",\"@id\":\"https:\\\/\\\/unisale.com.br\\\/pastoral\\\/#\\\/schema\\\/person\\\/492d3d7bfe53a8302576d39485aff2c4\"},\"headline\":\"30\\\/03 &#8211; &#8230;porque n\u00e3o procuro fazer a minha vontade, mas a vontade daquele que me enviou.\",\"datePublished\":\"2022-03-30T11:29:50+00:00\",\"dateModified\":\"2022-03-31T13:12:57+00:00\",\"mainEntityOfPage\":{\"@id\":\"https:\\\/\\\/unisale.com.br\\\/novo\\\/30-03-porque-nao-procuro-fazer-a-minha-vontade-mas-a-vontade-daquele-que-me-enviou\\\/\"},\"wordCount\":814,\"image\":{\"@id\":\"https:\\\/\\\/unisale.com.br\\\/novo\\\/30-03-porque-nao-procuro-fazer-a-minha-vontade-mas-a-vontade-daquele-que-me-enviou\\\/#primaryimage\"},\"thumbnailUrl\":\"https:\\\/\\\/unisale.com.br\\\/pastoral\\\/wp-content\\\/uploads\\\/2022\\\/03\\\/palavras-de-vida-eterna.jpg\",\"articleSection\":[\"Reflex\u00e3o do Evangelho\"],\"inLanguage\":\"pt-BR\"},{\"@type\":\"WebPage\",\"@id\":\"https:\\\/\\\/unisale.com.br\\\/novo\\\/30-03-porque-nao-procuro-fazer-a-minha-vontade-mas-a-vontade-daquele-que-me-enviou\\\/\",\"url\":\"https:\\\/\\\/unisale.com.br\\\/novo\\\/30-03-porque-nao-procuro-fazer-a-minha-vontade-mas-a-vontade-daquele-que-me-enviou\\\/\",\"name\":\"30\\\/03 - ...porque n\u00e3o procuro fazer a minha vontade, mas a vontade daquele que me enviou. - Pastoral Universit\u00e1ria UniSALESIANO\",\"isPartOf\":{\"@id\":\"https:\\\/\\\/unisale.com.br\\\/pastoral\\\/#website\"},\"primaryImageOfPage\":{\"@id\":\"https:\\\/\\\/unisale.com.br\\\/novo\\\/30-03-porque-nao-procuro-fazer-a-minha-vontade-mas-a-vontade-daquele-que-me-enviou\\\/#primaryimage\"},\"image\":{\"@id\":\"https:\\\/\\\/unisale.com.br\\\/novo\\\/30-03-porque-nao-procuro-fazer-a-minha-vontade-mas-a-vontade-daquele-que-me-enviou\\\/#primaryimage\"},\"thumbnailUrl\":\"https:\\\/\\\/unisale.com.br\\\/pastoral\\\/wp-content\\\/uploads\\\/2022\\\/03\\\/palavras-de-vida-eterna.jpg\",\"datePublished\":\"2022-03-30T11:29:50+00:00\",\"dateModified\":\"2022-03-31T13:12:57+00:00\",\"author\":{\"@id\":\"https:\\\/\\\/unisale.com.br\\\/pastoral\\\/#\\\/schema\\\/person\\\/492d3d7bfe53a8302576d39485aff2c4\"},\"inLanguage\":\"pt-BR\",\"potentialAction\":[{\"@type\":\"ReadAction\",\"target\":[\"https:\\\/\\\/unisale.com.br\\\/novo\\\/30-03-porque-nao-procuro-fazer-a-minha-vontade-mas-a-vontade-daquele-que-me-enviou\\\/\"]}]},{\"@type\":\"ImageObject\",\"inLanguage\":\"pt-BR\",\"@id\":\"https:\\\/\\\/unisale.com.br\\\/novo\\\/30-03-porque-nao-procuro-fazer-a-minha-vontade-mas-a-vontade-daquele-que-me-enviou\\\/#primaryimage\",\"url\":\"https:\\\/\\\/unisale.com.br\\\/pastoral\\\/wp-content\\\/uploads\\\/2022\\\/03\\\/palavras-de-vida-eterna.jpg\",\"contentUrl\":\"https:\\\/\\\/unisale.com.br\\\/pastoral\\\/wp-content\\\/uploads\\\/2022\\\/03\\\/palavras-de-vida-eterna.jpg\",\"width\":889,\"height\":500},{\"@type\":\"WebSite\",\"@id\":\"https:\\\/\\\/unisale.com.br\\\/pastoral\\\/#website\",\"url\":\"https:\\\/\\\/unisale.com.br\\\/pastoral\\\/\",\"name\":\"Pastoral Universit\u00e1ria UniSALESIANO\",\"description\":\"Site da Pastoral Universit\u00e1ria do UniSALESIANO\",\"potentialAction\":[{\"@type\":\"SearchAction\",\"target\":{\"@type\":\"EntryPoint\",\"urlTemplate\":\"https:\\\/\\\/unisale.com.br\\\/pastoral\\\/?s={search_term_string}\"},\"query-input\":{\"@type\":\"PropertyValueSpecification\",\"valueRequired\":true,\"valueName\":\"search_term_string\"}}],\"inLanguage\":\"pt-BR\"},{\"@type\":\"Person\",\"@id\":\"https:\\\/\\\/unisale.com.br\\\/pastoral\\\/#\\\/schema\\\/person\\\/492d3d7bfe53a8302576d39485aff2c4\",\"name\":\"Luiz Alexandre Marinho Lanzoni\",\"url\":\"https:\\\/\\\/unisale.com.br\\\/pastoral\\\/author\\\/luiz\\\/\"}]}<\/script>\n<!-- \/ Yoast SEO plugin. -->","yoast_head_json":{"title":"30\/03 - ...porque n\u00e3o procuro fazer a minha vontade, mas a vontade daquele que me enviou. - Pastoral Universit\u00e1ria UniSALESIANO","robots":{"index":"index","follow":"follow","max-snippet":"max-snippet:-1","max-image-preview":"max-image-preview:large","max-video-preview":"max-video-preview:-1"},"canonical":"https:\/\/unisale.com.br\/novo\/30-03-porque-nao-procuro-fazer-a-minha-vontade-mas-a-vontade-daquele-que-me-enviou\/","og_locale":"pt_BR","og_type":"article","og_title":"30\/03 - ...porque n\u00e3o procuro fazer a minha vontade, mas a vontade daquele que me enviou. - Pastoral Universit\u00e1ria UniSALESIANO","og_description":"Quarta-feira, 30 de mar\u00e7o de 2022. &nbsp; Evangelho (Jo\u00e3o 5,17-30) &nbsp; \u201c&#8230;porque n\u00e3o procuro fazer a minha vontade, mas a vontade daquele que me enviou\u201d...","og_url":"https:\/\/unisale.com.br\/novo\/30-03-porque-nao-procuro-fazer-a-minha-vontade-mas-a-vontade-daquele-que-me-enviou\/","og_site_name":"Pastoral Universit\u00e1ria UniSALESIANO","article_published_time":"2022-03-30T11:29:50+00:00","article_modified_time":"2022-03-31T13:12:57+00:00","og_image":[{"width":1280,"height":720,"url":"https:\/\/unisale.com.br\/novo\/wp-content\/uploads\/2022\/03\/palavras-de-vida-eterna.jpg","type":"image\/jpeg"}],"author":"Luiz Alexandre Marinho Lanzoni","twitter_card":"summary_large_image","twitter_misc":{"Escrito por":"Luiz Alexandre Marinho Lanzoni","Est. tempo de leitura":"4 minutos"},"schema":{"@context":"https:\/\/schema.org","@graph":[{"@type":"Article","@id":"https:\/\/unisale.com.br\/novo\/30-03-porque-nao-procuro-fazer-a-minha-vontade-mas-a-vontade-daquele-que-me-enviou\/#article","isPartOf":{"@id":"https:\/\/unisale.com.br\/novo\/30-03-porque-nao-procuro-fazer-a-minha-vontade-mas-a-vontade-daquele-que-me-enviou\/"},"author":{"name":"Luiz Alexandre Marinho Lanzoni","@id":"https:\/\/unisale.com.br\/pastoral\/#\/schema\/person\/492d3d7bfe53a8302576d39485aff2c4"},"headline":"30\/03 &#8211; &#8230;porque n\u00e3o procuro fazer a minha vontade, mas a vontade daquele que me enviou.","datePublished":"2022-03-30T11:29:50+00:00","dateModified":"2022-03-31T13:12:57+00:00","mainEntityOfPage":{"@id":"https:\/\/unisale.com.br\/novo\/30-03-porque-nao-procuro-fazer-a-minha-vontade-mas-a-vontade-daquele-que-me-enviou\/"},"wordCount":814,"image":{"@id":"https:\/\/unisale.com.br\/novo\/30-03-porque-nao-procuro-fazer-a-minha-vontade-mas-a-vontade-daquele-que-me-enviou\/#primaryimage"},"thumbnailUrl":"https:\/\/unisale.com.br\/pastoral\/wp-content\/uploads\/2022\/03\/palavras-de-vida-eterna.jpg","articleSection":["Reflex\u00e3o do Evangelho"],"inLanguage":"pt-BR"},{"@type":"WebPage","@id":"https:\/\/unisale.com.br\/novo\/30-03-porque-nao-procuro-fazer-a-minha-vontade-mas-a-vontade-daquele-que-me-enviou\/","url":"https:\/\/unisale.com.br\/novo\/30-03-porque-nao-procuro-fazer-a-minha-vontade-mas-a-vontade-daquele-que-me-enviou\/","name":"30\/03 - ...porque n\u00e3o procuro fazer a minha vontade, mas a vontade daquele que me enviou. - Pastoral Universit\u00e1ria UniSALESIANO","isPartOf":{"@id":"https:\/\/unisale.com.br\/pastoral\/#website"},"primaryImageOfPage":{"@id":"https:\/\/unisale.com.br\/novo\/30-03-porque-nao-procuro-fazer-a-minha-vontade-mas-a-vontade-daquele-que-me-enviou\/#primaryimage"},"image":{"@id":"https:\/\/unisale.com.br\/novo\/30-03-porque-nao-procuro-fazer-a-minha-vontade-mas-a-vontade-daquele-que-me-enviou\/#primaryimage"},"thumbnailUrl":"https:\/\/unisale.com.br\/pastoral\/wp-content\/uploads\/2022\/03\/palavras-de-vida-eterna.jpg","datePublished":"2022-03-30T11:29:50+00:00","dateModified":"2022-03-31T13:12:57+00:00","author":{"@id":"https:\/\/unisale.com.br\/pastoral\/#\/schema\/person\/492d3d7bfe53a8302576d39485aff2c4"},"inLanguage":"pt-BR","potentialAction":[{"@type":"ReadAction","target":["https:\/\/unisale.com.br\/novo\/30-03-porque-nao-procuro-fazer-a-minha-vontade-mas-a-vontade-daquele-que-me-enviou\/"]}]},{"@type":"ImageObject","inLanguage":"pt-BR","@id":"https:\/\/unisale.com.br\/novo\/30-03-porque-nao-procuro-fazer-a-minha-vontade-mas-a-vontade-daquele-que-me-enviou\/#primaryimage","url":"https:\/\/unisale.com.br\/pastoral\/wp-content\/uploads\/2022\/03\/palavras-de-vida-eterna.jpg","contentUrl":"https:\/\/unisale.com.br\/pastoral\/wp-content\/uploads\/2022\/03\/palavras-de-vida-eterna.jpg","width":889,"height":500},{"@type":"WebSite","@id":"https:\/\/unisale.com.br\/pastoral\/#website","url":"https:\/\/unisale.com.br\/pastoral\/","name":"Pastoral Universit\u00e1ria UniSALESIANO","description":"Site da Pastoral Universit\u00e1ria do UniSALESIANO","potentialAction":[{"@type":"SearchAction","target":{"@type":"EntryPoint","urlTemplate":"https:\/\/unisale.com.br\/pastoral\/?s={search_term_string}"},"query-input":{"@type":"PropertyValueSpecification","valueRequired":true,"valueName":"search_term_string"}}],"inLanguage":"pt-BR"},{"@type":"Person","@id":"https:\/\/unisale.com.br\/pastoral\/#\/schema\/person\/492d3d7bfe53a8302576d39485aff2c4","name":"Luiz Alexandre Marinho Lanzoni","url":"https:\/\/unisale.com.br\/pastoral\/author\/luiz\/"}]}},"_links":{"self":[{"href":"https:\/\/unisale.com.br\/pastoral\/wp-json\/wp\/v2\/posts\/4110","targetHints":{"allow":["GET"]}}],"collection":[{"href":"https:\/\/unisale.com.br\/pastoral\/wp-json\/wp\/v2\/posts"}],"about":[{"href":"https:\/\/unisale.com.br\/pastoral\/wp-json\/wp\/v2\/types\/post"}],"author":[{"embeddable":true,"href":"https:\/\/unisale.com.br\/pastoral\/wp-json\/wp\/v2\/users\/6"}],"replies":[{"embeddable":true,"href":"https:\/\/unisale.com.br\/pastoral\/wp-json\/wp\/v2\/comments?post=4110"}],"version-history":[{"count":0,"href":"https:\/\/unisale.com.br\/pastoral\/wp-json\/wp\/v2\/posts\/4110\/revisions"}],"wp:featuredmedia":[{"embeddable":true,"href":"https:\/\/unisale.com.br\/pastoral\/wp-json\/wp\/v2\/media\/4111"}],"wp:attachment":[{"href":"https:\/\/unisale.com.br\/pastoral\/wp-json\/wp\/v2\/media?parent=4110"}],"wp:term":[{"taxonomy":"category","embeddable":true,"href":"https:\/\/unisale.com.br\/pastoral\/wp-json\/wp\/v2\/categories?post=4110"},{"taxonomy":"post_tag","embeddable":true,"href":"https:\/\/unisale.com.br\/pastoral\/wp-json\/wp\/v2\/tags?post=4110"}],"curies":[{"name":"wp","href":"https:\/\/api.w.org\/{rel}","templated":true}]}}