{"id":4139,"date":"2022-04-04T10:45:24","date_gmt":"2022-04-04T10:45:24","guid":{"rendered":"https:\/\/unisale.com.br\/pastoral\/?p=4139"},"modified":"2022-04-04T20:44:56","modified_gmt":"2022-04-04T20:44:56","slug":"04-04-eu-sou-a-luz-do-mundo-quem-me-segue-nao-andara-nas-trevas-mas-tera-a-luz-do-mundo","status":"publish","type":"post","link":"https:\/\/unisale.com.br\/pastoral\/04-04-eu-sou-a-luz-do-mundo-quem-me-segue-nao-andara-nas-trevas-mas-tera-a-luz-do-mundo\/","title":{"rendered":"04\/04 &#8211; Eu sou a luz do mundo. Quem me segue n\u00e3o andar\u00e1 nas trevas, mas ter\u00e1 a luz do mundo."},"content":{"rendered":"<p>Segunda-feira, 04 de abril de 2022.<\/p>\n<p>&nbsp;<\/p>\n<p>Evangelho (Jo 8,12-20)<\/p>\n<p>&nbsp;<\/p>\n<p><strong>\u201cEu sou a luz do mundo. Quem me segue n\u00e3o andar\u00e1 nas trevas, mas ter\u00e1 a luz do mundo\u201d<\/strong><\/p>\n<p>&nbsp;<\/p>\n<p>Naquele tempo, 12 disse Jesus: &#8220;Eu sou a luz do mundo. Quem me segue n\u00e3o andar\u00e1 nas trevas, mas ter\u00e1 a luz da vida.&#8221; 13 Ent\u00e3o os fariseus disseram: &#8220;O teu testemunho n\u00e3o vale, porque est\u00e1s dando testemunho de ti mesmo.&#8221; 14 Jesus respondeu: &#8220;Ainda que eu d\u00ea testemunho de mim mesmo, o meu testemunho \u00e9 v\u00e1lido, porque sei de onde venho e para onde vou. Mas v\u00f3s n\u00e3o sabeis donde venho, nem para onde vou. 15 V\u00f3s julgais segundo a carne, eu n\u00e3o julgo ningu\u00e9m, 16 e se eu julgo, o meu julgamento \u00e9 verdadeiro, porque n\u00e3o estou s\u00f3, mas comigo est\u00e1 o Pai que me enviou.\u00a0 17 Na vossa Lei est\u00e1 escrito que o testemunho de duas pessoas \u00e9 verdadeiro. 18Ora, eu dou testemunho de mim mesmo, e tamb\u00e9m o Pai, que me enviou, d\u00e1 testemunho de mim.&#8221; 19 Perguntaram ent\u00e3o: &#8220;Onde est\u00e1 o teu Pai?&#8221; Jesus respondeu: &#8220;V\u00f3s n\u00e3o conheceis nem a mim, nem a meu Pai. Se me conhec\u00easseis, conhecer\u00edeis tamb\u00e9m meu Pai.&#8221; 20Jesus disse estas coisas, enquanto estava ensinando no Templo, perto da sala do tesouro. E ningu\u00e9m o prendeu, porque a hora dele ainda n\u00e3o havia chegado.<\/p>\n<p>&nbsp;<\/p>\n<p><strong>Reflex\u00e3o<\/strong><\/p>\n<p>&nbsp;<\/p>\n<p>O combate entre luzes e trevas era j\u00e1 presente nas antigas religi\u00f5es. A guerra entre os deuses da luz, bons, e os deuses das trevas, os maus. Os s\u00edmbolos luz e treva tamb\u00e9m est\u00e3o presentes na B\u00edblia e Jesus os utiliza. Jesus n\u00e3o \u00e9 somente da parte da luz, mas ele tamb\u00e9m se identifica com ela. No tempo de Jesus eram como se fossem seres viventes em luta para obter o poder sobre o mundo. As trevas desejam sufocar as luzes. Jesus, que \u00e9 a luz, conduz o mundo \u00e0 luta para o bem e para a beleza. Quem \u00e9 contra ele far\u00e1 parte do ex\u00e9rcito das trevas, e este combate terminar\u00e1 com o fim do mundo. N\u00f3s que tivemos o privil\u00e9gio de sermos chamados a fazer parte do ex\u00e9rcito da luz, estaremos junto a Cristo. \u201cQuem me segue n\u00e3o andar\u00e1 nas trevas\u201d. Seguir algu\u00e9m significa colocar-se atr\u00e1s de quem conhece o caminho, ou de quem v\u00ea melhor, ou de quem toma sobre si a responsabilidade dos outros. Quem segue Cristo se coloca a caminho atr\u00e1s de um que conhece a estrada, v\u00ea melhor e tomou sobre si todos os nossos pecados. Os primeiros ap\u00f3stolos n\u00e3o possu\u00edam livros sobre os dogmas, sobre a moral e nem mesmo um pequeno catecismo. Como poderiam, portanto, orientar-se na f\u00e9? Conheciam Cristo e imaginavam o que Ele teria feito em cada circunst\u00e2ncia, agiam e n\u00e3o erravam. \u201cMas ter\u00e1 a luz da vida\u201d. Para n\u00f3s Cristo n\u00e3o \u00e9 somente um exemplo vivo, ele nos guia no \u00edntimo do nosso cora\u00e7\u00e3o. Os povos antigos n\u00e3o s\u00f3 falavam da luz como um ser vivente, mas distinguiam dois tipos de luzes: a luz externa do sol ou da l\u00e2mpada, e, a luz interior, a luz dos olhos, que faz ver a realidade. Cego \u00e9 aquele que perdeu a luz dos olhos; e quem v\u00ea possui esta luz em v\u00e1rios graus. Cristo d\u00e1 uma capacidade aos nossos olhos: a capacidade de ver al\u00e9m dos horizontes deste mundo, na vida eterna, de abrir os olhos aos valores espirituais e a Deus. Muitas vezes se diz que os santos tinham \u201cvis\u00f5es\u201d. N\u00e3o significa que viam imagens ilus\u00f3rias; estes viam as coisas que n\u00f3s vemos, mas com uma luz diferente e nova, e portanto, valorizavam o mundo de um modo diferente.<\/p>\n<p><strong>Pe. Paulo Eduardo J\u00e1como, sdb.<\/strong><\/p>\n","protected":false},"excerpt":{"rendered":"<p>Segunda-feira, 04 de abril de 2022. &nbsp; Evangelho (Jo 8,12-20) &nbsp; \u201cEu sou a luz do mundo. Quem me segue n\u00e3o andar\u00e1 nas trevas, mas&#8230;<\/p>\n","protected":false},"author":6,"featured_media":4141,"comment_status":"closed","ping_status":"closed","sticky":false,"template":"","format":"standard","meta":{"_acf_changed":false,"footnotes":""},"categories":[13],"tags":[],"class_list":["post-4139","post","type-post","status-publish","format-standard","has-post-thumbnail","hentry","category-reflexaodoevagelho"],"acf":[],"yoast_head":"<!-- This site is optimized with the Yoast SEO plugin v27.3 - https:\/\/yoast.com\/product\/yoast-seo-wordpress\/ -->\n<title>04\/04 - Eu sou a luz do mundo. Quem me segue n\u00e3o andar\u00e1 nas trevas, mas ter\u00e1 a luz do mundo. - Pastoral Universit\u00e1ria UniSALESIANO<\/title>\n<meta name=\"robots\" content=\"index, follow, max-snippet:-1, max-image-preview:large, max-video-preview:-1\" \/>\n<link rel=\"canonical\" href=\"https:\/\/unisale.com.br\/novo\/04-04-eu-sou-a-luz-do-mundo-quem-me-segue-nao-andara-nas-trevas-mas-tera-a-luz-do-mundo\/\" \/>\n<meta property=\"og:locale\" content=\"pt_BR\" \/>\n<meta property=\"og:type\" content=\"article\" \/>\n<meta property=\"og:title\" content=\"04\/04 - Eu sou a luz do mundo. Quem me segue n\u00e3o andar\u00e1 nas trevas, mas ter\u00e1 a luz do mundo. - Pastoral Universit\u00e1ria UniSALESIANO\" \/>\n<meta property=\"og:description\" content=\"Segunda-feira, 04 de abril de 2022. &nbsp; Evangelho (Jo 8,12-20) &nbsp; \u201cEu sou a luz do mundo. Quem me segue n\u00e3o andar\u00e1 nas trevas, mas...\" \/>\n<meta property=\"og:url\" content=\"https:\/\/unisale.com.br\/novo\/04-04-eu-sou-a-luz-do-mundo-quem-me-segue-nao-andara-nas-trevas-mas-tera-a-luz-do-mundo\/\" \/>\n<meta property=\"og:site_name\" content=\"Pastoral Universit\u00e1ria UniSALESIANO\" \/>\n<meta property=\"article:published_time\" content=\"2022-04-04T10:45:24+00:00\" \/>\n<meta property=\"article:modified_time\" content=\"2022-04-04T20:44:56+00:00\" \/>\n<meta property=\"og:image\" content=\"https:\/\/unisale.com.br\/novo\/wp-content\/uploads\/2022\/04\/Ev-04.jpg\" \/>\n\t<meta property=\"og:image:width\" content=\"749\" \/>\n\t<meta property=\"og:image:height\" content=\"430\" \/>\n\t<meta property=\"og:image:type\" content=\"image\/jpeg\" \/>\n<meta name=\"author\" content=\"Luiz Alexandre Marinho Lanzoni\" \/>\n<meta name=\"twitter:card\" content=\"summary_large_image\" \/>\n<meta name=\"twitter:label1\" content=\"Escrito por\" \/>\n\t<meta name=\"twitter:data1\" content=\"Luiz Alexandre Marinho Lanzoni\" \/>\n\t<meta name=\"twitter:label2\" content=\"Est. tempo de leitura\" \/>\n\t<meta name=\"twitter:data2\" content=\"3 minutos\" \/>\n<script type=\"application\/ld+json\" class=\"yoast-schema-graph\">{\"@context\":\"https:\\\/\\\/schema.org\",\"@graph\":[{\"@type\":\"Article\",\"@id\":\"https:\\\/\\\/unisale.com.br\\\/novo\\\/04-04-eu-sou-a-luz-do-mundo-quem-me-segue-nao-andara-nas-trevas-mas-tera-a-luz-do-mundo\\\/#article\",\"isPartOf\":{\"@id\":\"https:\\\/\\\/unisale.com.br\\\/novo\\\/04-04-eu-sou-a-luz-do-mundo-quem-me-segue-nao-andara-nas-trevas-mas-tera-a-luz-do-mundo\\\/\"},\"author\":{\"name\":\"Luiz Alexandre Marinho Lanzoni\",\"@id\":\"https:\\\/\\\/unisale.com.br\\\/pastoral\\\/#\\\/schema\\\/person\\\/492d3d7bfe53a8302576d39485aff2c4\"},\"headline\":\"04\\\/04 &#8211; Eu sou a luz do mundo. Quem me segue n\u00e3o andar\u00e1 nas trevas, mas ter\u00e1 a luz do mundo.\",\"datePublished\":\"2022-04-04T10:45:24+00:00\",\"dateModified\":\"2022-04-04T20:44:56+00:00\",\"mainEntityOfPage\":{\"@id\":\"https:\\\/\\\/unisale.com.br\\\/novo\\\/04-04-eu-sou-a-luz-do-mundo-quem-me-segue-nao-andara-nas-trevas-mas-tera-a-luz-do-mundo\\\/\"},\"wordCount\":668,\"image\":{\"@id\":\"https:\\\/\\\/unisale.com.br\\\/novo\\\/04-04-eu-sou-a-luz-do-mundo-quem-me-segue-nao-andara-nas-trevas-mas-tera-a-luz-do-mundo\\\/#primaryimage\"},\"thumbnailUrl\":\"https:\\\/\\\/unisale.com.br\\\/pastoral\\\/wp-content\\\/uploads\\\/2022\\\/04\\\/Ev-04.jpg\",\"articleSection\":[\"Reflex\u00e3o do Evangelho\"],\"inLanguage\":\"pt-BR\"},{\"@type\":\"WebPage\",\"@id\":\"https:\\\/\\\/unisale.com.br\\\/novo\\\/04-04-eu-sou-a-luz-do-mundo-quem-me-segue-nao-andara-nas-trevas-mas-tera-a-luz-do-mundo\\\/\",\"url\":\"https:\\\/\\\/unisale.com.br\\\/novo\\\/04-04-eu-sou-a-luz-do-mundo-quem-me-segue-nao-andara-nas-trevas-mas-tera-a-luz-do-mundo\\\/\",\"name\":\"04\\\/04 - Eu sou a luz do mundo. Quem me segue n\u00e3o andar\u00e1 nas trevas, mas ter\u00e1 a luz do mundo. - Pastoral Universit\u00e1ria UniSALESIANO\",\"isPartOf\":{\"@id\":\"https:\\\/\\\/unisale.com.br\\\/pastoral\\\/#website\"},\"primaryImageOfPage\":{\"@id\":\"https:\\\/\\\/unisale.com.br\\\/novo\\\/04-04-eu-sou-a-luz-do-mundo-quem-me-segue-nao-andara-nas-trevas-mas-tera-a-luz-do-mundo\\\/#primaryimage\"},\"image\":{\"@id\":\"https:\\\/\\\/unisale.com.br\\\/novo\\\/04-04-eu-sou-a-luz-do-mundo-quem-me-segue-nao-andara-nas-trevas-mas-tera-a-luz-do-mundo\\\/#primaryimage\"},\"thumbnailUrl\":\"https:\\\/\\\/unisale.com.br\\\/pastoral\\\/wp-content\\\/uploads\\\/2022\\\/04\\\/Ev-04.jpg\",\"datePublished\":\"2022-04-04T10:45:24+00:00\",\"dateModified\":\"2022-04-04T20:44:56+00:00\",\"author\":{\"@id\":\"https:\\\/\\\/unisale.com.br\\\/pastoral\\\/#\\\/schema\\\/person\\\/492d3d7bfe53a8302576d39485aff2c4\"},\"inLanguage\":\"pt-BR\",\"potentialAction\":[{\"@type\":\"ReadAction\",\"target\":[\"https:\\\/\\\/unisale.com.br\\\/novo\\\/04-04-eu-sou-a-luz-do-mundo-quem-me-segue-nao-andara-nas-trevas-mas-tera-a-luz-do-mundo\\\/\"]}]},{\"@type\":\"ImageObject\",\"inLanguage\":\"pt-BR\",\"@id\":\"https:\\\/\\\/unisale.com.br\\\/novo\\\/04-04-eu-sou-a-luz-do-mundo-quem-me-segue-nao-andara-nas-trevas-mas-tera-a-luz-do-mundo\\\/#primaryimage\",\"url\":\"https:\\\/\\\/unisale.com.br\\\/pastoral\\\/wp-content\\\/uploads\\\/2022\\\/04\\\/Ev-04.jpg\",\"contentUrl\":\"https:\\\/\\\/unisale.com.br\\\/pastoral\\\/wp-content\\\/uploads\\\/2022\\\/04\\\/Ev-04.jpg\",\"width\":749,\"height\":430},{\"@type\":\"WebSite\",\"@id\":\"https:\\\/\\\/unisale.com.br\\\/pastoral\\\/#website\",\"url\":\"https:\\\/\\\/unisale.com.br\\\/pastoral\\\/\",\"name\":\"Pastoral Universit\u00e1ria UniSALESIANO\",\"description\":\"Site da Pastoral Universit\u00e1ria do UniSALESIANO\",\"potentialAction\":[{\"@type\":\"SearchAction\",\"target\":{\"@type\":\"EntryPoint\",\"urlTemplate\":\"https:\\\/\\\/unisale.com.br\\\/pastoral\\\/?s={search_term_string}\"},\"query-input\":{\"@type\":\"PropertyValueSpecification\",\"valueRequired\":true,\"valueName\":\"search_term_string\"}}],\"inLanguage\":\"pt-BR\"},{\"@type\":\"Person\",\"@id\":\"https:\\\/\\\/unisale.com.br\\\/pastoral\\\/#\\\/schema\\\/person\\\/492d3d7bfe53a8302576d39485aff2c4\",\"name\":\"Luiz Alexandre Marinho Lanzoni\",\"url\":\"https:\\\/\\\/unisale.com.br\\\/pastoral\\\/author\\\/luiz\\\/\"}]}<\/script>\n<!-- \/ Yoast SEO plugin. -->","yoast_head_json":{"title":"04\/04 - Eu sou a luz do mundo. Quem me segue n\u00e3o andar\u00e1 nas trevas, mas ter\u00e1 a luz do mundo. - Pastoral Universit\u00e1ria UniSALESIANO","robots":{"index":"index","follow":"follow","max-snippet":"max-snippet:-1","max-image-preview":"max-image-preview:large","max-video-preview":"max-video-preview:-1"},"canonical":"https:\/\/unisale.com.br\/novo\/04-04-eu-sou-a-luz-do-mundo-quem-me-segue-nao-andara-nas-trevas-mas-tera-a-luz-do-mundo\/","og_locale":"pt_BR","og_type":"article","og_title":"04\/04 - Eu sou a luz do mundo. Quem me segue n\u00e3o andar\u00e1 nas trevas, mas ter\u00e1 a luz do mundo. - Pastoral Universit\u00e1ria UniSALESIANO","og_description":"Segunda-feira, 04 de abril de 2022. &nbsp; Evangelho (Jo 8,12-20) &nbsp; \u201cEu sou a luz do mundo. Quem me segue n\u00e3o andar\u00e1 nas trevas, mas...","og_url":"https:\/\/unisale.com.br\/novo\/04-04-eu-sou-a-luz-do-mundo-quem-me-segue-nao-andara-nas-trevas-mas-tera-a-luz-do-mundo\/","og_site_name":"Pastoral Universit\u00e1ria UniSALESIANO","article_published_time":"2022-04-04T10:45:24+00:00","article_modified_time":"2022-04-04T20:44:56+00:00","og_image":[{"width":749,"height":430,"url":"https:\/\/unisale.com.br\/novo\/wp-content\/uploads\/2022\/04\/Ev-04.jpg","type":"image\/jpeg"}],"author":"Luiz Alexandre Marinho Lanzoni","twitter_card":"summary_large_image","twitter_misc":{"Escrito por":"Luiz Alexandre Marinho Lanzoni","Est. tempo de leitura":"3 minutos"},"schema":{"@context":"https:\/\/schema.org","@graph":[{"@type":"Article","@id":"https:\/\/unisale.com.br\/novo\/04-04-eu-sou-a-luz-do-mundo-quem-me-segue-nao-andara-nas-trevas-mas-tera-a-luz-do-mundo\/#article","isPartOf":{"@id":"https:\/\/unisale.com.br\/novo\/04-04-eu-sou-a-luz-do-mundo-quem-me-segue-nao-andara-nas-trevas-mas-tera-a-luz-do-mundo\/"},"author":{"name":"Luiz Alexandre Marinho Lanzoni","@id":"https:\/\/unisale.com.br\/pastoral\/#\/schema\/person\/492d3d7bfe53a8302576d39485aff2c4"},"headline":"04\/04 &#8211; Eu sou a luz do mundo. Quem me segue n\u00e3o andar\u00e1 nas trevas, mas ter\u00e1 a luz do mundo.","datePublished":"2022-04-04T10:45:24+00:00","dateModified":"2022-04-04T20:44:56+00:00","mainEntityOfPage":{"@id":"https:\/\/unisale.com.br\/novo\/04-04-eu-sou-a-luz-do-mundo-quem-me-segue-nao-andara-nas-trevas-mas-tera-a-luz-do-mundo\/"},"wordCount":668,"image":{"@id":"https:\/\/unisale.com.br\/novo\/04-04-eu-sou-a-luz-do-mundo-quem-me-segue-nao-andara-nas-trevas-mas-tera-a-luz-do-mundo\/#primaryimage"},"thumbnailUrl":"https:\/\/unisale.com.br\/pastoral\/wp-content\/uploads\/2022\/04\/Ev-04.jpg","articleSection":["Reflex\u00e3o do Evangelho"],"inLanguage":"pt-BR"},{"@type":"WebPage","@id":"https:\/\/unisale.com.br\/novo\/04-04-eu-sou-a-luz-do-mundo-quem-me-segue-nao-andara-nas-trevas-mas-tera-a-luz-do-mundo\/","url":"https:\/\/unisale.com.br\/novo\/04-04-eu-sou-a-luz-do-mundo-quem-me-segue-nao-andara-nas-trevas-mas-tera-a-luz-do-mundo\/","name":"04\/04 - Eu sou a luz do mundo. Quem me segue n\u00e3o andar\u00e1 nas trevas, mas ter\u00e1 a luz do mundo. - Pastoral Universit\u00e1ria UniSALESIANO","isPartOf":{"@id":"https:\/\/unisale.com.br\/pastoral\/#website"},"primaryImageOfPage":{"@id":"https:\/\/unisale.com.br\/novo\/04-04-eu-sou-a-luz-do-mundo-quem-me-segue-nao-andara-nas-trevas-mas-tera-a-luz-do-mundo\/#primaryimage"},"image":{"@id":"https:\/\/unisale.com.br\/novo\/04-04-eu-sou-a-luz-do-mundo-quem-me-segue-nao-andara-nas-trevas-mas-tera-a-luz-do-mundo\/#primaryimage"},"thumbnailUrl":"https:\/\/unisale.com.br\/pastoral\/wp-content\/uploads\/2022\/04\/Ev-04.jpg","datePublished":"2022-04-04T10:45:24+00:00","dateModified":"2022-04-04T20:44:56+00:00","author":{"@id":"https:\/\/unisale.com.br\/pastoral\/#\/schema\/person\/492d3d7bfe53a8302576d39485aff2c4"},"inLanguage":"pt-BR","potentialAction":[{"@type":"ReadAction","target":["https:\/\/unisale.com.br\/novo\/04-04-eu-sou-a-luz-do-mundo-quem-me-segue-nao-andara-nas-trevas-mas-tera-a-luz-do-mundo\/"]}]},{"@type":"ImageObject","inLanguage":"pt-BR","@id":"https:\/\/unisale.com.br\/novo\/04-04-eu-sou-a-luz-do-mundo-quem-me-segue-nao-andara-nas-trevas-mas-tera-a-luz-do-mundo\/#primaryimage","url":"https:\/\/unisale.com.br\/pastoral\/wp-content\/uploads\/2022\/04\/Ev-04.jpg","contentUrl":"https:\/\/unisale.com.br\/pastoral\/wp-content\/uploads\/2022\/04\/Ev-04.jpg","width":749,"height":430},{"@type":"WebSite","@id":"https:\/\/unisale.com.br\/pastoral\/#website","url":"https:\/\/unisale.com.br\/pastoral\/","name":"Pastoral Universit\u00e1ria UniSALESIANO","description":"Site da Pastoral Universit\u00e1ria do UniSALESIANO","potentialAction":[{"@type":"SearchAction","target":{"@type":"EntryPoint","urlTemplate":"https:\/\/unisale.com.br\/pastoral\/?s={search_term_string}"},"query-input":{"@type":"PropertyValueSpecification","valueRequired":true,"valueName":"search_term_string"}}],"inLanguage":"pt-BR"},{"@type":"Person","@id":"https:\/\/unisale.com.br\/pastoral\/#\/schema\/person\/492d3d7bfe53a8302576d39485aff2c4","name":"Luiz Alexandre Marinho Lanzoni","url":"https:\/\/unisale.com.br\/pastoral\/author\/luiz\/"}]}},"_links":{"self":[{"href":"https:\/\/unisale.com.br\/pastoral\/wp-json\/wp\/v2\/posts\/4139","targetHints":{"allow":["GET"]}}],"collection":[{"href":"https:\/\/unisale.com.br\/pastoral\/wp-json\/wp\/v2\/posts"}],"about":[{"href":"https:\/\/unisale.com.br\/pastoral\/wp-json\/wp\/v2\/types\/post"}],"author":[{"embeddable":true,"href":"https:\/\/unisale.com.br\/pastoral\/wp-json\/wp\/v2\/users\/6"}],"replies":[{"embeddable":true,"href":"https:\/\/unisale.com.br\/pastoral\/wp-json\/wp\/v2\/comments?post=4139"}],"version-history":[{"count":0,"href":"https:\/\/unisale.com.br\/pastoral\/wp-json\/wp\/v2\/posts\/4139\/revisions"}],"wp:featuredmedia":[{"embeddable":true,"href":"https:\/\/unisale.com.br\/pastoral\/wp-json\/wp\/v2\/media\/4141"}],"wp:attachment":[{"href":"https:\/\/unisale.com.br\/pastoral\/wp-json\/wp\/v2\/media?parent=4139"}],"wp:term":[{"taxonomy":"category","embeddable":true,"href":"https:\/\/unisale.com.br\/pastoral\/wp-json\/wp\/v2\/categories?post=4139"},{"taxonomy":"post_tag","embeddable":true,"href":"https:\/\/unisale.com.br\/pastoral\/wp-json\/wp\/v2\/tags?post=4139"}],"curies":[{"name":"wp","href":"https:\/\/api.w.org\/{rel}","templated":true}]}}