{"id":4171,"date":"2022-04-06T14:56:38","date_gmt":"2022-04-06T14:56:38","guid":{"rendered":"https:\/\/unisale.com.br\/pastoral\/?p=4171"},"modified":"2022-04-06T14:56:38","modified_gmt":"2022-04-06T14:56:38","slug":"09-04-nao-percebeis-que-e-melhor-um-so-morrer-pelo-povo-do-que-perecer-a-nacao-inteira","status":"publish","type":"post","link":"https:\/\/unisale.com.br\/pastoral\/09-04-nao-percebeis-que-e-melhor-um-so-morrer-pelo-povo-do-que-perecer-a-nacao-inteira\/","title":{"rendered":"09\/04 &#8211; N\u00e3o percebeis que \u00e9 melhor um s\u00f3 morrer pelo povo do que perecer a na\u00e7\u00e3o inteira?"},"content":{"rendered":"<p>S\u00e1bado, 09 de abril de 2022.<\/p>\n<p>&nbsp;<\/p>\n<p>Evangelho (Jo 11,45-56)<\/p>\n<p>&nbsp;<\/p>\n<p><strong>\u201cN\u00e3o percebeis que \u00e9 melhor um s\u00f3 morrer pelo povo do que perecer a na\u00e7\u00e3o inteira?\u201d<\/strong><\/p>\n<p>&nbsp;<\/p>\n<p>Naquele tempo, <sup>45<\/sup>muitos dos judeus que tinham ido \u00e0 casa de Maria e viram o que Jesus fizera, creram nele. <sup>46<\/sup>Alguns, por\u00e9m, foram ter com os fariseus e contaram o que Jesus tinha feito. <sup>47<\/sup>Ent\u00e3o os sumos sacerdotes e os fariseus reuniram o Conselho e disseram: \u201cQue faremos? Este homem realiza muitos sinais. <sup>48<\/sup>Se deixamos que ele continue assim, todos v\u00e3o acreditar nele, e vir\u00e3o os romanos e destruir\u00e3o o nosso Lugar Santo e a nossa na\u00e7\u00e3o\u201d. <sup>49<\/sup>Um deles, chamado Caif\u00e1s, sumo sacerdote em fun\u00e7\u00e3o naquele ano, disse: \u201cV\u00f3s n\u00e3o entendeis nada. <sup>50<\/sup>N\u00e3o percebeis que \u00e9 melhor um s\u00f3 morrer pelo povo do que perecer a na\u00e7\u00e3o inteira?\u201d <sup>51<\/sup>Caif\u00e1s n\u00e3o falou isso por si mesmo. Sendo sumo sacerdote em fun\u00e7\u00e3o naquele ano, profetizou que Jesus iria morrer pela na\u00e7\u00e3o. <sup>52<\/sup>E n\u00e3o s\u00f3 pela na\u00e7\u00e3o, mas tamb\u00e9m para reunir os filhos de Deus dispersos. <sup>53<\/sup>A partir desse dia, as autoridades judaicas tomaram a decis\u00e3o de matar Jesus. <sup>54<\/sup>Por isso, Jesus n\u00e3o andava mais em p\u00fablico no meio dos judeus. Retirou-se para uma regi\u00e3o perto do deserto, para a cidade chamada Efraim. Ali permaneceu com os seus disc\u00edpulos. <sup>55<\/sup>A P\u00e1scoa dos judeus estava pr\u00f3xima. Muita gente do campo tinha subido a Jerusal\u00e9m para se purificar antes da P\u00e1scoa. <sup>56<\/sup>Procuravam Jesus e, ao reunirem-se no Templo, comentavam entre si: \u201cQue vos parece? Ser\u00e1 que ele n\u00e3o vem para a festa?\u201d<\/p>\n<p>&nbsp;<\/p>\n<p><strong>Reflex\u00e3o<\/strong><\/p>\n<p>&nbsp;<\/p>\n<p>\u201cO que faremos? Esse homem realiza muitos sinais. Se deixamos que ele continue assim, todos v\u00e3o acreditar nele, e vir\u00e3o os romanos e destruir\u00e3o o nosso lugar santo e a nossa na\u00e7\u00e3o\u201d. O terrorismo do medo funciona sempre. Se queremos alguma coisa n\u00e3o devemos dar uma raz\u00e3o v\u00e1lida, mas sim o medo v\u00e1lido a fim de que se pare por fim de raciocinar para resolver o medo. \u00c9 com este tipo de estrat\u00e9gia que agiam os contempor\u00e2neos de Jesus com a ideia sempre mais forte de mata-lo.\u00a0 Mas longe de n\u00f3s pensar que n\u00f3s somos melhores. Basta olhar as nossas vidas para perceber quanto poder damos ao medo e a tudo o que ele sugere. Por exemplo o medo de sofrer nos diz que n\u00e3o devemos permitir a ningu\u00e9m de entrar muito no nosso cora\u00e7\u00e3o, e assim cometemos interiormente um delito contra toda tentativa de amor, mas tentamos nos convencer que \u00e9 \u201cpor uma boa causa\u201d. Com um modo de pensar assim levaram Jesus \u00e0 cruz. \u201cUm deles, chamado Caif\u00e1s, sumo sacerdote em fun\u00e7\u00e3o naquele ano, disse: \u2018V\u00f3s n\u00e3o entendeis nada. N\u00e3o percebeis que \u00e9 melhor um s\u00f3 morrer pelo podo do que perecer a na\u00e7\u00e3o inteira?\u2019. Caif\u00e1s n\u00e3o falou isso por si mesmo. Sendo sumo sacerdote em fun\u00e7\u00e3o naquele ano, profetizou que Jesus iria morrer pela na\u00e7\u00e3o. E n\u00e3o s\u00f3 pela na\u00e7\u00e3o, mas tamb\u00e9m para reunir os filhos de Deus dispersos. A partir desse dia, as autoridades judaicas tomaram a decis\u00e3o de matar Jesus. O Senhor tem sempre a capacidade de encher de um significado profundo as coisas, tamb\u00e9m as mais erradas, mas isto n\u00e3o tira nenhuma responsabilidade das nossas a\u00e7\u00f5es. Do contr\u00e1rio, isto nos colocaria na situa\u00e7\u00e3o de dizer que o mal \u00e9 necess\u00e1rio ao bem. O mal \u00e9 sempre mal. Se Deus tem a capacidade de saber tirar um bem de um mal, isso \u00e9 porque somente Ele pode fazer coisas semelhante. Mas pensar que precisa que se fa\u00e7a um mal para alcan\u00e7ar um bem significa justificar o mal. Enquanto que o mal n\u00e3o tem nenhuma justificativa e ao final da hist\u00f3ria tamb\u00e9m terminar\u00e1 bem, quem praticou o mal dever\u00e1 prestar contas daquilo que fez.<\/p>\n<p>&nbsp;<\/p>\n<p><strong>Pe. Paulo Eduardo J\u00e1como, sdb.<\/strong><\/p>\n","protected":false},"excerpt":{"rendered":"<p>S\u00e1bado, 09 de abril de 2022. &nbsp; Evangelho (Jo 11,45-56) &nbsp; \u201cN\u00e3o percebeis que \u00e9 melhor um s\u00f3 morrer pelo povo do que perecer a&#8230;<\/p>\n","protected":false},"author":6,"featured_media":4173,"comment_status":"closed","ping_status":"closed","sticky":false,"template":"","format":"standard","meta":{"_acf_changed":false,"footnotes":""},"categories":[13],"tags":[],"class_list":["post-4171","post","type-post","status-publish","format-standard","has-post-thumbnail","hentry","category-reflexaodoevagelho"],"acf":[],"yoast_head":"<!-- This site is optimized with the Yoast SEO plugin v27.3 - https:\/\/yoast.com\/product\/yoast-seo-wordpress\/ -->\n<title>09\/04 - N\u00e3o percebeis que \u00e9 melhor um s\u00f3 morrer pelo povo do que perecer a na\u00e7\u00e3o inteira? - Pastoral Universit\u00e1ria UniSALESIANO<\/title>\n<meta name=\"robots\" content=\"index, follow, max-snippet:-1, max-image-preview:large, max-video-preview:-1\" \/>\n<link rel=\"canonical\" href=\"https:\/\/unisale.com.br\/novo\/09-04-nao-percebeis-que-e-melhor-um-so-morrer-pelo-povo-do-que-perecer-a-nacao-inteira\/\" \/>\n<meta property=\"og:locale\" content=\"pt_BR\" \/>\n<meta property=\"og:type\" content=\"article\" \/>\n<meta property=\"og:title\" content=\"09\/04 - N\u00e3o percebeis que \u00e9 melhor um s\u00f3 morrer pelo povo do que perecer a na\u00e7\u00e3o inteira? - Pastoral Universit\u00e1ria UniSALESIANO\" \/>\n<meta property=\"og:description\" content=\"S\u00e1bado, 09 de abril de 2022. &nbsp; Evangelho (Jo 11,45-56) &nbsp; \u201cN\u00e3o percebeis que \u00e9 melhor um s\u00f3 morrer pelo povo do que perecer a...\" \/>\n<meta property=\"og:url\" content=\"https:\/\/unisale.com.br\/novo\/09-04-nao-percebeis-que-e-melhor-um-so-morrer-pelo-povo-do-que-perecer-a-nacao-inteira\/\" \/>\n<meta property=\"og:site_name\" content=\"Pastoral Universit\u00e1ria UniSALESIANO\" \/>\n<meta property=\"article:published_time\" content=\"2022-04-06T14:56:38+00:00\" \/>\n<meta property=\"og:image\" content=\"https:\/\/unisale.com.br\/novo\/wp-content\/uploads\/2022\/04\/download.jpg\" \/>\n\t<meta property=\"og:image:width\" content=\"319\" \/>\n\t<meta property=\"og:image:height\" content=\"158\" \/>\n\t<meta property=\"og:image:type\" content=\"image\/jpeg\" \/>\n<meta name=\"author\" content=\"Luiz Alexandre Marinho Lanzoni\" \/>\n<meta name=\"twitter:card\" content=\"summary_large_image\" \/>\n<meta name=\"twitter:label1\" content=\"Escrito por\" \/>\n\t<meta name=\"twitter:data1\" content=\"Luiz Alexandre Marinho Lanzoni\" \/>\n\t<meta name=\"twitter:label2\" content=\"Est. tempo de leitura\" \/>\n\t<meta name=\"twitter:data2\" content=\"3 minutos\" \/>\n<script type=\"application\/ld+json\" class=\"yoast-schema-graph\">{\"@context\":\"https:\\\/\\\/schema.org\",\"@graph\":[{\"@type\":\"Article\",\"@id\":\"https:\\\/\\\/unisale.com.br\\\/novo\\\/09-04-nao-percebeis-que-e-melhor-um-so-morrer-pelo-povo-do-que-perecer-a-nacao-inteira\\\/#article\",\"isPartOf\":{\"@id\":\"https:\\\/\\\/unisale.com.br\\\/novo\\\/09-04-nao-percebeis-que-e-melhor-um-so-morrer-pelo-povo-do-que-perecer-a-nacao-inteira\\\/\"},\"author\":{\"name\":\"Luiz Alexandre Marinho Lanzoni\",\"@id\":\"https:\\\/\\\/unisale.com.br\\\/pastoral\\\/#\\\/schema\\\/person\\\/492d3d7bfe53a8302576d39485aff2c4\"},\"headline\":\"09\\\/04 &#8211; N\u00e3o percebeis que \u00e9 melhor um s\u00f3 morrer pelo povo do que perecer a na\u00e7\u00e3o inteira?\",\"datePublished\":\"2022-04-06T14:56:38+00:00\",\"mainEntityOfPage\":{\"@id\":\"https:\\\/\\\/unisale.com.br\\\/novo\\\/09-04-nao-percebeis-que-e-melhor-um-so-morrer-pelo-povo-do-que-perecer-a-nacao-inteira\\\/\"},\"wordCount\":702,\"image\":{\"@id\":\"https:\\\/\\\/unisale.com.br\\\/novo\\\/09-04-nao-percebeis-que-e-melhor-um-so-morrer-pelo-povo-do-que-perecer-a-nacao-inteira\\\/#primaryimage\"},\"thumbnailUrl\":\"https:\\\/\\\/unisale.com.br\\\/pastoral\\\/wp-content\\\/uploads\\\/2022\\\/04\\\/download.jpg\",\"articleSection\":[\"Reflex\u00e3o do Evangelho\"],\"inLanguage\":\"pt-BR\"},{\"@type\":\"WebPage\",\"@id\":\"https:\\\/\\\/unisale.com.br\\\/novo\\\/09-04-nao-percebeis-que-e-melhor-um-so-morrer-pelo-povo-do-que-perecer-a-nacao-inteira\\\/\",\"url\":\"https:\\\/\\\/unisale.com.br\\\/novo\\\/09-04-nao-percebeis-que-e-melhor-um-so-morrer-pelo-povo-do-que-perecer-a-nacao-inteira\\\/\",\"name\":\"09\\\/04 - N\u00e3o percebeis que \u00e9 melhor um s\u00f3 morrer pelo povo do que perecer a na\u00e7\u00e3o inteira? - Pastoral Universit\u00e1ria UniSALESIANO\",\"isPartOf\":{\"@id\":\"https:\\\/\\\/unisale.com.br\\\/pastoral\\\/#website\"},\"primaryImageOfPage\":{\"@id\":\"https:\\\/\\\/unisale.com.br\\\/novo\\\/09-04-nao-percebeis-que-e-melhor-um-so-morrer-pelo-povo-do-que-perecer-a-nacao-inteira\\\/#primaryimage\"},\"image\":{\"@id\":\"https:\\\/\\\/unisale.com.br\\\/novo\\\/09-04-nao-percebeis-que-e-melhor-um-so-morrer-pelo-povo-do-que-perecer-a-nacao-inteira\\\/#primaryimage\"},\"thumbnailUrl\":\"https:\\\/\\\/unisale.com.br\\\/pastoral\\\/wp-content\\\/uploads\\\/2022\\\/04\\\/download.jpg\",\"datePublished\":\"2022-04-06T14:56:38+00:00\",\"author\":{\"@id\":\"https:\\\/\\\/unisale.com.br\\\/pastoral\\\/#\\\/schema\\\/person\\\/492d3d7bfe53a8302576d39485aff2c4\"},\"inLanguage\":\"pt-BR\",\"potentialAction\":[{\"@type\":\"ReadAction\",\"target\":[\"https:\\\/\\\/unisale.com.br\\\/novo\\\/09-04-nao-percebeis-que-e-melhor-um-so-morrer-pelo-povo-do-que-perecer-a-nacao-inteira\\\/\"]}]},{\"@type\":\"ImageObject\",\"inLanguage\":\"pt-BR\",\"@id\":\"https:\\\/\\\/unisale.com.br\\\/novo\\\/09-04-nao-percebeis-que-e-melhor-um-so-morrer-pelo-povo-do-que-perecer-a-nacao-inteira\\\/#primaryimage\",\"url\":\"https:\\\/\\\/unisale.com.br\\\/pastoral\\\/wp-content\\\/uploads\\\/2022\\\/04\\\/download.jpg\",\"contentUrl\":\"https:\\\/\\\/unisale.com.br\\\/pastoral\\\/wp-content\\\/uploads\\\/2022\\\/04\\\/download.jpg\",\"width\":319,\"height\":158},{\"@type\":\"WebSite\",\"@id\":\"https:\\\/\\\/unisale.com.br\\\/pastoral\\\/#website\",\"url\":\"https:\\\/\\\/unisale.com.br\\\/pastoral\\\/\",\"name\":\"Pastoral Universit\u00e1ria UniSALESIANO\",\"description\":\"Site da Pastoral Universit\u00e1ria do UniSALESIANO\",\"potentialAction\":[{\"@type\":\"SearchAction\",\"target\":{\"@type\":\"EntryPoint\",\"urlTemplate\":\"https:\\\/\\\/unisale.com.br\\\/pastoral\\\/?s={search_term_string}\"},\"query-input\":{\"@type\":\"PropertyValueSpecification\",\"valueRequired\":true,\"valueName\":\"search_term_string\"}}],\"inLanguage\":\"pt-BR\"},{\"@type\":\"Person\",\"@id\":\"https:\\\/\\\/unisale.com.br\\\/pastoral\\\/#\\\/schema\\\/person\\\/492d3d7bfe53a8302576d39485aff2c4\",\"name\":\"Luiz Alexandre Marinho Lanzoni\",\"url\":\"https:\\\/\\\/unisale.com.br\\\/pastoral\\\/author\\\/luiz\\\/\"}]}<\/script>\n<!-- \/ Yoast SEO plugin. -->","yoast_head_json":{"title":"09\/04 - N\u00e3o percebeis que \u00e9 melhor um s\u00f3 morrer pelo povo do que perecer a na\u00e7\u00e3o inteira? - Pastoral Universit\u00e1ria UniSALESIANO","robots":{"index":"index","follow":"follow","max-snippet":"max-snippet:-1","max-image-preview":"max-image-preview:large","max-video-preview":"max-video-preview:-1"},"canonical":"https:\/\/unisale.com.br\/novo\/09-04-nao-percebeis-que-e-melhor-um-so-morrer-pelo-povo-do-que-perecer-a-nacao-inteira\/","og_locale":"pt_BR","og_type":"article","og_title":"09\/04 - N\u00e3o percebeis que \u00e9 melhor um s\u00f3 morrer pelo povo do que perecer a na\u00e7\u00e3o inteira? - Pastoral Universit\u00e1ria UniSALESIANO","og_description":"S\u00e1bado, 09 de abril de 2022. &nbsp; Evangelho (Jo 11,45-56) &nbsp; \u201cN\u00e3o percebeis que \u00e9 melhor um s\u00f3 morrer pelo povo do que perecer a...","og_url":"https:\/\/unisale.com.br\/novo\/09-04-nao-percebeis-que-e-melhor-um-so-morrer-pelo-povo-do-que-perecer-a-nacao-inteira\/","og_site_name":"Pastoral Universit\u00e1ria UniSALESIANO","article_published_time":"2022-04-06T14:56:38+00:00","og_image":[{"width":319,"height":158,"url":"https:\/\/unisale.com.br\/novo\/wp-content\/uploads\/2022\/04\/download.jpg","type":"image\/jpeg"}],"author":"Luiz Alexandre Marinho Lanzoni","twitter_card":"summary_large_image","twitter_misc":{"Escrito por":"Luiz Alexandre Marinho Lanzoni","Est. tempo de leitura":"3 minutos"},"schema":{"@context":"https:\/\/schema.org","@graph":[{"@type":"Article","@id":"https:\/\/unisale.com.br\/novo\/09-04-nao-percebeis-que-e-melhor-um-so-morrer-pelo-povo-do-que-perecer-a-nacao-inteira\/#article","isPartOf":{"@id":"https:\/\/unisale.com.br\/novo\/09-04-nao-percebeis-que-e-melhor-um-so-morrer-pelo-povo-do-que-perecer-a-nacao-inteira\/"},"author":{"name":"Luiz Alexandre Marinho Lanzoni","@id":"https:\/\/unisale.com.br\/pastoral\/#\/schema\/person\/492d3d7bfe53a8302576d39485aff2c4"},"headline":"09\/04 &#8211; N\u00e3o percebeis que \u00e9 melhor um s\u00f3 morrer pelo povo do que perecer a na\u00e7\u00e3o inteira?","datePublished":"2022-04-06T14:56:38+00:00","mainEntityOfPage":{"@id":"https:\/\/unisale.com.br\/novo\/09-04-nao-percebeis-que-e-melhor-um-so-morrer-pelo-povo-do-que-perecer-a-nacao-inteira\/"},"wordCount":702,"image":{"@id":"https:\/\/unisale.com.br\/novo\/09-04-nao-percebeis-que-e-melhor-um-so-morrer-pelo-povo-do-que-perecer-a-nacao-inteira\/#primaryimage"},"thumbnailUrl":"https:\/\/unisale.com.br\/pastoral\/wp-content\/uploads\/2022\/04\/download.jpg","articleSection":["Reflex\u00e3o do Evangelho"],"inLanguage":"pt-BR"},{"@type":"WebPage","@id":"https:\/\/unisale.com.br\/novo\/09-04-nao-percebeis-que-e-melhor-um-so-morrer-pelo-povo-do-que-perecer-a-nacao-inteira\/","url":"https:\/\/unisale.com.br\/novo\/09-04-nao-percebeis-que-e-melhor-um-so-morrer-pelo-povo-do-que-perecer-a-nacao-inteira\/","name":"09\/04 - N\u00e3o percebeis que \u00e9 melhor um s\u00f3 morrer pelo povo do que perecer a na\u00e7\u00e3o inteira? - Pastoral Universit\u00e1ria UniSALESIANO","isPartOf":{"@id":"https:\/\/unisale.com.br\/pastoral\/#website"},"primaryImageOfPage":{"@id":"https:\/\/unisale.com.br\/novo\/09-04-nao-percebeis-que-e-melhor-um-so-morrer-pelo-povo-do-que-perecer-a-nacao-inteira\/#primaryimage"},"image":{"@id":"https:\/\/unisale.com.br\/novo\/09-04-nao-percebeis-que-e-melhor-um-so-morrer-pelo-povo-do-que-perecer-a-nacao-inteira\/#primaryimage"},"thumbnailUrl":"https:\/\/unisale.com.br\/pastoral\/wp-content\/uploads\/2022\/04\/download.jpg","datePublished":"2022-04-06T14:56:38+00:00","author":{"@id":"https:\/\/unisale.com.br\/pastoral\/#\/schema\/person\/492d3d7bfe53a8302576d39485aff2c4"},"inLanguage":"pt-BR","potentialAction":[{"@type":"ReadAction","target":["https:\/\/unisale.com.br\/novo\/09-04-nao-percebeis-que-e-melhor-um-so-morrer-pelo-povo-do-que-perecer-a-nacao-inteira\/"]}]},{"@type":"ImageObject","inLanguage":"pt-BR","@id":"https:\/\/unisale.com.br\/novo\/09-04-nao-percebeis-que-e-melhor-um-so-morrer-pelo-povo-do-que-perecer-a-nacao-inteira\/#primaryimage","url":"https:\/\/unisale.com.br\/pastoral\/wp-content\/uploads\/2022\/04\/download.jpg","contentUrl":"https:\/\/unisale.com.br\/pastoral\/wp-content\/uploads\/2022\/04\/download.jpg","width":319,"height":158},{"@type":"WebSite","@id":"https:\/\/unisale.com.br\/pastoral\/#website","url":"https:\/\/unisale.com.br\/pastoral\/","name":"Pastoral Universit\u00e1ria UniSALESIANO","description":"Site da Pastoral Universit\u00e1ria do UniSALESIANO","potentialAction":[{"@type":"SearchAction","target":{"@type":"EntryPoint","urlTemplate":"https:\/\/unisale.com.br\/pastoral\/?s={search_term_string}"},"query-input":{"@type":"PropertyValueSpecification","valueRequired":true,"valueName":"search_term_string"}}],"inLanguage":"pt-BR"},{"@type":"Person","@id":"https:\/\/unisale.com.br\/pastoral\/#\/schema\/person\/492d3d7bfe53a8302576d39485aff2c4","name":"Luiz Alexandre Marinho Lanzoni","url":"https:\/\/unisale.com.br\/pastoral\/author\/luiz\/"}]}},"_links":{"self":[{"href":"https:\/\/unisale.com.br\/pastoral\/wp-json\/wp\/v2\/posts\/4171","targetHints":{"allow":["GET"]}}],"collection":[{"href":"https:\/\/unisale.com.br\/pastoral\/wp-json\/wp\/v2\/posts"}],"about":[{"href":"https:\/\/unisale.com.br\/pastoral\/wp-json\/wp\/v2\/types\/post"}],"author":[{"embeddable":true,"href":"https:\/\/unisale.com.br\/pastoral\/wp-json\/wp\/v2\/users\/6"}],"replies":[{"embeddable":true,"href":"https:\/\/unisale.com.br\/pastoral\/wp-json\/wp\/v2\/comments?post=4171"}],"version-history":[{"count":0,"href":"https:\/\/unisale.com.br\/pastoral\/wp-json\/wp\/v2\/posts\/4171\/revisions"}],"wp:featuredmedia":[{"embeddable":true,"href":"https:\/\/unisale.com.br\/pastoral\/wp-json\/wp\/v2\/media\/4173"}],"wp:attachment":[{"href":"https:\/\/unisale.com.br\/pastoral\/wp-json\/wp\/v2\/media?parent=4171"}],"wp:term":[{"taxonomy":"category","embeddable":true,"href":"https:\/\/unisale.com.br\/pastoral\/wp-json\/wp\/v2\/categories?post=4171"},{"taxonomy":"post_tag","embeddable":true,"href":"https:\/\/unisale.com.br\/pastoral\/wp-json\/wp\/v2\/tags?post=4171"}],"curies":[{"name":"wp","href":"https:\/\/api.w.org\/{rel}","templated":true}]}}