{"id":4175,"date":"2022-04-06T15:03:52","date_gmt":"2022-04-06T15:03:52","guid":{"rendered":"https:\/\/unisale.com.br\/pastoral\/?p=4175"},"modified":"2022-04-06T15:03:52","modified_gmt":"2022-04-06T15:03:52","slug":"08-04-acreditai-nas-minhas-obras-para-que-saibais-e-reconhecais-que-o-pai-esta-em-mim-e-eu-no-pai","status":"publish","type":"post","link":"https:\/\/unisale.com.br\/pastoral\/08-04-acreditai-nas-minhas-obras-para-que-saibais-e-reconhecais-que-o-pai-esta-em-mim-e-eu-no-pai\/","title":{"rendered":"08\/04 &#8230;acreditai nas minhas obras, para que saibais e reconhe\u00e7ais que o Pai est\u00e1 em mim e eu no Pai."},"content":{"rendered":"<p>Sexta-feira, 08 de abril de 2022.<\/p>\n<p>&nbsp;<\/p>\n<p>Evangelho (Jo 10,31-42)<\/p>\n<p>&nbsp;<\/p>\n<p><strong>\u201c&#8230;acreditai nas minhas obras, para que saibais e reconhe\u00e7ais que o Pai est\u00e1 em mim e eu no Pai\u201d<\/strong><\/p>\n<p>&nbsp;<\/p>\n<p>Naquele tempo, <sup>31<\/sup>os judeus pegaram pedras para apedrejar Jesus. <sup>32<\/sup>E ele lhes disse: \u201cPor ordem do Pai, mostrei-vos muitas obras boas. Por qual delas me quereis apedrejar?\u201d <sup>33<\/sup>Os judeus responderam: \u201cN\u00e3o queremos te apedrejar por causa das obras boas, mas por causa de blasf\u00eamia, porque sendo apenas um homem, tu te fazes Deus!\u201d <sup>34<\/sup>Jesus disse: \u201cAcaso n\u00e3o est\u00e1 escrito na vossa Lei: \u2018Eu disse: v\u00f3s sois deuses\u2019? <sup>35<\/sup>Ora, ningu\u00e9m pode anular a Escritura: se a Lei chama deuses as pessoas \u00e0s quais se dirigiu a palavra de Deus, <sup>36<\/sup>por que ent\u00e3o me acusais de blasf\u00eamia, quando eu digo que sou Filho de Deus, eu a quem o Pai consagrou e enviou ao mundo? <sup>37<\/sup>Se n\u00e3o fa\u00e7o as obras do meu Pai, n\u00e3o acrediteis em mim. <sup>38<\/sup>Mas, se eu as fa\u00e7o, mesmo que n\u00e3o queirais acreditar em mim, acreditai nas minhas obras, para que saibais e reconhe\u00e7ais que o Pai est\u00e1 em mim e eu no Pai\u201d. <sup>39<\/sup>Outra vez procuravam prender Jesus, mas ele escapou das m\u00e3os deles. <sup>40<\/sup>Jesus passou para o outro lado do Jord\u00e3o, e foi para o lugar onde, antes, Jo\u00e3o tinha batizado. E permaneceu ali. <sup>41<\/sup>Muitos foram ter com ele, e diziam: \u201cJo\u00e3o n\u00e3o realizou nenhum sinal, mas tudo o que ele disse a respeito deste homem, \u00e9 verdade\u201d. <sup>42<\/sup>E muitos, ali, acreditaram nele.<\/p>\n<p>&nbsp;<\/p>\n<p><strong>Reflex\u00e3o<\/strong><\/p>\n<p>&nbsp;<\/p>\n<p>\u201cJo\u00e3o n\u00e3o realizou nenhum sinal, mas tudo o que ele disse a respeito deste homem \u00e9 verdade\u201d. E muitos, ali, acreditaram nele. A express\u00e3o final do Evangelho de hoje parece nos fornecer uma boa chave de leitura. De fato, de Jo\u00e3o se contam milagres e tudo o que tentou fazer humanamente faliu com sua morte cruenta por mando de Herodes. No entanto, aquilo que parecia um falimento n\u00e3o o foi de fato. Toda a vida de Jo\u00e3o sempre indicou aquilo que contava, e paradoxalmente tamb\u00e9m a sua morte. E, talvez, pensando justamente na viol\u00eancia da sua morte, coloca-se em evid\u00eancia o tema fundamental do Evangelho de hoje: Quando n\u00e3o se tem mais raz\u00e3o, agora se opta pela viol\u00eancia. Era assim nos tempos de Jesus e \u00e9 assim tamb\u00e9m hoje: \u201cos judeus pegaram pedras para apedrejar Jesus. E ele lhes disse: \u201cPor ordem do Pai, mostrei-vos muitas obras boas. Por qual delas me quereis apedrejar?\u201d. Dizer que as pedras t\u00eam algo com a viol\u00eancia, isso \u00e9 f\u00e1cil de dizer, mas existem outros tipos de viol\u00eancias. Existe a viol\u00eancia das palavras, por exemplo, ou tamb\u00e9m aquela do sil\u00eancio. Nas nossas casas as palavras ou o mutismo s\u00e3o formas de viol\u00eancia que usamos quando os nossos di\u00e1logos n\u00e3o conseguem alcan\u00e7ar o melhor. Jesus est\u00e1 tentando dialogar com os Judeus, mas diante das evid\u00eancias que Ele lhes aponta, a \u00fanica resposta que recebe \u00e9 aquela da viol\u00eancia. Sentir-nos os donos da Verdade muitas vezes nos arma contra os outros. A verdadeira prova de se estar na Verdade \u00e9 a capacidade de dialogar sempre, e com todos. E l\u00e1 onde o mundo protesta n\u00f3s devemos poder oferecer, ao inv\u00e9s, o mart\u00edrio do di\u00e1logo, sempre, tamb\u00e9m quando parece in\u00fatil, tamb\u00e9m quando parece falir. Porque ao final, n\u00e3o importa se aquilo de justo que fizemos levou ao resultado esperado. A n\u00f3s o Senhor pediu de testemunh\u00e1-lo e n\u00e3o de convencer o mundo. Como seria bonito se o mundo nos reconhecesse como crist\u00e3os justamente pela nossa capacidade de di\u00e1logo.<\/p>\n<p>&nbsp;<\/p>\n<p><strong>Pe. Paulo Eduardo J\u00e1como, sdb.<\/strong><\/p>\n","protected":false},"excerpt":{"rendered":"<p>Sexta-feira, 08 de abril de 2022. &nbsp; Evangelho (Jo 10,31-42) &nbsp; \u201c&#8230;acreditai nas minhas obras, para que saibais e reconhe\u00e7ais que o Pai est\u00e1 em&#8230;<\/p>\n","protected":false},"author":6,"featured_media":4172,"comment_status":"closed","ping_status":"closed","sticky":false,"template":"","format":"standard","meta":{"_acf_changed":false,"footnotes":""},"categories":[13],"tags":[],"class_list":["post-4175","post","type-post","status-publish","format-standard","has-post-thumbnail","hentry","category-reflexaodoevagelho"],"acf":[],"yoast_head":"<!-- This site is optimized with the Yoast SEO plugin v27.3 - https:\/\/yoast.com\/product\/yoast-seo-wordpress\/ -->\n<title>08\/04 ...acreditai nas minhas obras, para que saibais e reconhe\u00e7ais que o Pai est\u00e1 em mim e eu no Pai. - Pastoral Universit\u00e1ria UniSALESIANO<\/title>\n<meta name=\"robots\" content=\"index, follow, max-snippet:-1, max-image-preview:large, max-video-preview:-1\" \/>\n<link rel=\"canonical\" href=\"https:\/\/unisale.com.br\/novo\/08-04-acreditai-nas-minhas-obras-para-que-saibais-e-reconhecais-que-o-pai-esta-em-mim-e-eu-no-pai\/\" \/>\n<meta property=\"og:locale\" content=\"pt_BR\" \/>\n<meta property=\"og:type\" content=\"article\" \/>\n<meta property=\"og:title\" content=\"08\/04 ...acreditai nas minhas obras, para que saibais e reconhe\u00e7ais que o Pai est\u00e1 em mim e eu no Pai. - Pastoral Universit\u00e1ria UniSALESIANO\" \/>\n<meta property=\"og:description\" content=\"Sexta-feira, 08 de abril de 2022. &nbsp; Evangelho (Jo 10,31-42) &nbsp; \u201c&#8230;acreditai nas minhas obras, para que saibais e reconhe\u00e7ais que o Pai est\u00e1 em...\" \/>\n<meta property=\"og:url\" content=\"https:\/\/unisale.com.br\/novo\/08-04-acreditai-nas-minhas-obras-para-que-saibais-e-reconhecais-que-o-pai-esta-em-mim-e-eu-no-pai\/\" \/>\n<meta property=\"og:site_name\" content=\"Pastoral Universit\u00e1ria UniSALESIANO\" \/>\n<meta property=\"article:published_time\" content=\"2022-04-06T15:03:52+00:00\" \/>\n<meta property=\"og:image\" content=\"https:\/\/unisale.com.br\/novo\/wp-content\/uploads\/2022\/04\/Ev-08-1.jpg\" \/>\n\t<meta property=\"og:image:width\" content=\"876\" \/>\n\t<meta property=\"og:image:height\" content=\"585\" \/>\n\t<meta property=\"og:image:type\" content=\"image\/jpeg\" \/>\n<meta name=\"author\" content=\"Luiz Alexandre Marinho Lanzoni\" \/>\n<meta name=\"twitter:card\" content=\"summary_large_image\" \/>\n<meta name=\"twitter:label1\" content=\"Escrito por\" \/>\n\t<meta name=\"twitter:data1\" content=\"Luiz Alexandre Marinho Lanzoni\" \/>\n\t<meta name=\"twitter:label2\" content=\"Est. tempo de leitura\" \/>\n\t<meta name=\"twitter:data2\" content=\"3 minutos\" \/>\n<script type=\"application\/ld+json\" class=\"yoast-schema-graph\">{\"@context\":\"https:\\\/\\\/schema.org\",\"@graph\":[{\"@type\":\"Article\",\"@id\":\"https:\\\/\\\/unisale.com.br\\\/novo\\\/08-04-acreditai-nas-minhas-obras-para-que-saibais-e-reconhecais-que-o-pai-esta-em-mim-e-eu-no-pai\\\/#article\",\"isPartOf\":{\"@id\":\"https:\\\/\\\/unisale.com.br\\\/novo\\\/08-04-acreditai-nas-minhas-obras-para-que-saibais-e-reconhecais-que-o-pai-esta-em-mim-e-eu-no-pai\\\/\"},\"author\":{\"name\":\"Luiz Alexandre Marinho Lanzoni\",\"@id\":\"https:\\\/\\\/unisale.com.br\\\/pastoral\\\/#\\\/schema\\\/person\\\/492d3d7bfe53a8302576d39485aff2c4\"},\"headline\":\"08\\\/04 &#8230;acreditai nas minhas obras, para que saibais e reconhe\u00e7ais que o Pai est\u00e1 em mim e eu no Pai.\",\"datePublished\":\"2022-04-06T15:03:52+00:00\",\"mainEntityOfPage\":{\"@id\":\"https:\\\/\\\/unisale.com.br\\\/novo\\\/08-04-acreditai-nas-minhas-obras-para-que-saibais-e-reconhecais-que-o-pai-esta-em-mim-e-eu-no-pai\\\/\"},\"wordCount\":661,\"image\":{\"@id\":\"https:\\\/\\\/unisale.com.br\\\/novo\\\/08-04-acreditai-nas-minhas-obras-para-que-saibais-e-reconhecais-que-o-pai-esta-em-mim-e-eu-no-pai\\\/#primaryimage\"},\"thumbnailUrl\":\"https:\\\/\\\/unisale.com.br\\\/pastoral\\\/wp-content\\\/uploads\\\/2022\\\/04\\\/Ev-08-1.jpg\",\"articleSection\":[\"Reflex\u00e3o do Evangelho\"],\"inLanguage\":\"pt-BR\"},{\"@type\":\"WebPage\",\"@id\":\"https:\\\/\\\/unisale.com.br\\\/novo\\\/08-04-acreditai-nas-minhas-obras-para-que-saibais-e-reconhecais-que-o-pai-esta-em-mim-e-eu-no-pai\\\/\",\"url\":\"https:\\\/\\\/unisale.com.br\\\/novo\\\/08-04-acreditai-nas-minhas-obras-para-que-saibais-e-reconhecais-que-o-pai-esta-em-mim-e-eu-no-pai\\\/\",\"name\":\"08\\\/04 ...acreditai nas minhas obras, para que saibais e reconhe\u00e7ais que o Pai est\u00e1 em mim e eu no Pai. - Pastoral Universit\u00e1ria UniSALESIANO\",\"isPartOf\":{\"@id\":\"https:\\\/\\\/unisale.com.br\\\/pastoral\\\/#website\"},\"primaryImageOfPage\":{\"@id\":\"https:\\\/\\\/unisale.com.br\\\/novo\\\/08-04-acreditai-nas-minhas-obras-para-que-saibais-e-reconhecais-que-o-pai-esta-em-mim-e-eu-no-pai\\\/#primaryimage\"},\"image\":{\"@id\":\"https:\\\/\\\/unisale.com.br\\\/novo\\\/08-04-acreditai-nas-minhas-obras-para-que-saibais-e-reconhecais-que-o-pai-esta-em-mim-e-eu-no-pai\\\/#primaryimage\"},\"thumbnailUrl\":\"https:\\\/\\\/unisale.com.br\\\/pastoral\\\/wp-content\\\/uploads\\\/2022\\\/04\\\/Ev-08-1.jpg\",\"datePublished\":\"2022-04-06T15:03:52+00:00\",\"author\":{\"@id\":\"https:\\\/\\\/unisale.com.br\\\/pastoral\\\/#\\\/schema\\\/person\\\/492d3d7bfe53a8302576d39485aff2c4\"},\"inLanguage\":\"pt-BR\",\"potentialAction\":[{\"@type\":\"ReadAction\",\"target\":[\"https:\\\/\\\/unisale.com.br\\\/novo\\\/08-04-acreditai-nas-minhas-obras-para-que-saibais-e-reconhecais-que-o-pai-esta-em-mim-e-eu-no-pai\\\/\"]}]},{\"@type\":\"ImageObject\",\"inLanguage\":\"pt-BR\",\"@id\":\"https:\\\/\\\/unisale.com.br\\\/novo\\\/08-04-acreditai-nas-minhas-obras-para-que-saibais-e-reconhecais-que-o-pai-esta-em-mim-e-eu-no-pai\\\/#primaryimage\",\"url\":\"https:\\\/\\\/unisale.com.br\\\/pastoral\\\/wp-content\\\/uploads\\\/2022\\\/04\\\/Ev-08-1.jpg\",\"contentUrl\":\"https:\\\/\\\/unisale.com.br\\\/pastoral\\\/wp-content\\\/uploads\\\/2022\\\/04\\\/Ev-08-1.jpg\",\"width\":749,\"height\":500},{\"@type\":\"WebSite\",\"@id\":\"https:\\\/\\\/unisale.com.br\\\/pastoral\\\/#website\",\"url\":\"https:\\\/\\\/unisale.com.br\\\/pastoral\\\/\",\"name\":\"Pastoral Universit\u00e1ria UniSALESIANO\",\"description\":\"Site da Pastoral Universit\u00e1ria do UniSALESIANO\",\"potentialAction\":[{\"@type\":\"SearchAction\",\"target\":{\"@type\":\"EntryPoint\",\"urlTemplate\":\"https:\\\/\\\/unisale.com.br\\\/pastoral\\\/?s={search_term_string}\"},\"query-input\":{\"@type\":\"PropertyValueSpecification\",\"valueRequired\":true,\"valueName\":\"search_term_string\"}}],\"inLanguage\":\"pt-BR\"},{\"@type\":\"Person\",\"@id\":\"https:\\\/\\\/unisale.com.br\\\/pastoral\\\/#\\\/schema\\\/person\\\/492d3d7bfe53a8302576d39485aff2c4\",\"name\":\"Luiz Alexandre Marinho Lanzoni\",\"url\":\"https:\\\/\\\/unisale.com.br\\\/pastoral\\\/author\\\/luiz\\\/\"}]}<\/script>\n<!-- \/ Yoast SEO plugin. -->","yoast_head_json":{"title":"08\/04 ...acreditai nas minhas obras, para que saibais e reconhe\u00e7ais que o Pai est\u00e1 em mim e eu no Pai. - Pastoral Universit\u00e1ria UniSALESIANO","robots":{"index":"index","follow":"follow","max-snippet":"max-snippet:-1","max-image-preview":"max-image-preview:large","max-video-preview":"max-video-preview:-1"},"canonical":"https:\/\/unisale.com.br\/novo\/08-04-acreditai-nas-minhas-obras-para-que-saibais-e-reconhecais-que-o-pai-esta-em-mim-e-eu-no-pai\/","og_locale":"pt_BR","og_type":"article","og_title":"08\/04 ...acreditai nas minhas obras, para que saibais e reconhe\u00e7ais que o Pai est\u00e1 em mim e eu no Pai. - Pastoral Universit\u00e1ria UniSALESIANO","og_description":"Sexta-feira, 08 de abril de 2022. &nbsp; Evangelho (Jo 10,31-42) &nbsp; \u201c&#8230;acreditai nas minhas obras, para que saibais e reconhe\u00e7ais que o Pai est\u00e1 em...","og_url":"https:\/\/unisale.com.br\/novo\/08-04-acreditai-nas-minhas-obras-para-que-saibais-e-reconhecais-que-o-pai-esta-em-mim-e-eu-no-pai\/","og_site_name":"Pastoral Universit\u00e1ria UniSALESIANO","article_published_time":"2022-04-06T15:03:52+00:00","og_image":[{"width":876,"height":585,"url":"https:\/\/unisale.com.br\/novo\/wp-content\/uploads\/2022\/04\/Ev-08-1.jpg","type":"image\/jpeg"}],"author":"Luiz Alexandre Marinho Lanzoni","twitter_card":"summary_large_image","twitter_misc":{"Escrito por":"Luiz Alexandre Marinho Lanzoni","Est. tempo de leitura":"3 minutos"},"schema":{"@context":"https:\/\/schema.org","@graph":[{"@type":"Article","@id":"https:\/\/unisale.com.br\/novo\/08-04-acreditai-nas-minhas-obras-para-que-saibais-e-reconhecais-que-o-pai-esta-em-mim-e-eu-no-pai\/#article","isPartOf":{"@id":"https:\/\/unisale.com.br\/novo\/08-04-acreditai-nas-minhas-obras-para-que-saibais-e-reconhecais-que-o-pai-esta-em-mim-e-eu-no-pai\/"},"author":{"name":"Luiz Alexandre Marinho Lanzoni","@id":"https:\/\/unisale.com.br\/pastoral\/#\/schema\/person\/492d3d7bfe53a8302576d39485aff2c4"},"headline":"08\/04 &#8230;acreditai nas minhas obras, para que saibais e reconhe\u00e7ais que o Pai est\u00e1 em mim e eu no Pai.","datePublished":"2022-04-06T15:03:52+00:00","mainEntityOfPage":{"@id":"https:\/\/unisale.com.br\/novo\/08-04-acreditai-nas-minhas-obras-para-que-saibais-e-reconhecais-que-o-pai-esta-em-mim-e-eu-no-pai\/"},"wordCount":661,"image":{"@id":"https:\/\/unisale.com.br\/novo\/08-04-acreditai-nas-minhas-obras-para-que-saibais-e-reconhecais-que-o-pai-esta-em-mim-e-eu-no-pai\/#primaryimage"},"thumbnailUrl":"https:\/\/unisale.com.br\/pastoral\/wp-content\/uploads\/2022\/04\/Ev-08-1.jpg","articleSection":["Reflex\u00e3o do Evangelho"],"inLanguage":"pt-BR"},{"@type":"WebPage","@id":"https:\/\/unisale.com.br\/novo\/08-04-acreditai-nas-minhas-obras-para-que-saibais-e-reconhecais-que-o-pai-esta-em-mim-e-eu-no-pai\/","url":"https:\/\/unisale.com.br\/novo\/08-04-acreditai-nas-minhas-obras-para-que-saibais-e-reconhecais-que-o-pai-esta-em-mim-e-eu-no-pai\/","name":"08\/04 ...acreditai nas minhas obras, para que saibais e reconhe\u00e7ais que o Pai est\u00e1 em mim e eu no Pai. - Pastoral Universit\u00e1ria UniSALESIANO","isPartOf":{"@id":"https:\/\/unisale.com.br\/pastoral\/#website"},"primaryImageOfPage":{"@id":"https:\/\/unisale.com.br\/novo\/08-04-acreditai-nas-minhas-obras-para-que-saibais-e-reconhecais-que-o-pai-esta-em-mim-e-eu-no-pai\/#primaryimage"},"image":{"@id":"https:\/\/unisale.com.br\/novo\/08-04-acreditai-nas-minhas-obras-para-que-saibais-e-reconhecais-que-o-pai-esta-em-mim-e-eu-no-pai\/#primaryimage"},"thumbnailUrl":"https:\/\/unisale.com.br\/pastoral\/wp-content\/uploads\/2022\/04\/Ev-08-1.jpg","datePublished":"2022-04-06T15:03:52+00:00","author":{"@id":"https:\/\/unisale.com.br\/pastoral\/#\/schema\/person\/492d3d7bfe53a8302576d39485aff2c4"},"inLanguage":"pt-BR","potentialAction":[{"@type":"ReadAction","target":["https:\/\/unisale.com.br\/novo\/08-04-acreditai-nas-minhas-obras-para-que-saibais-e-reconhecais-que-o-pai-esta-em-mim-e-eu-no-pai\/"]}]},{"@type":"ImageObject","inLanguage":"pt-BR","@id":"https:\/\/unisale.com.br\/novo\/08-04-acreditai-nas-minhas-obras-para-que-saibais-e-reconhecais-que-o-pai-esta-em-mim-e-eu-no-pai\/#primaryimage","url":"https:\/\/unisale.com.br\/pastoral\/wp-content\/uploads\/2022\/04\/Ev-08-1.jpg","contentUrl":"https:\/\/unisale.com.br\/pastoral\/wp-content\/uploads\/2022\/04\/Ev-08-1.jpg","width":749,"height":500},{"@type":"WebSite","@id":"https:\/\/unisale.com.br\/pastoral\/#website","url":"https:\/\/unisale.com.br\/pastoral\/","name":"Pastoral Universit\u00e1ria UniSALESIANO","description":"Site da Pastoral Universit\u00e1ria do UniSALESIANO","potentialAction":[{"@type":"SearchAction","target":{"@type":"EntryPoint","urlTemplate":"https:\/\/unisale.com.br\/pastoral\/?s={search_term_string}"},"query-input":{"@type":"PropertyValueSpecification","valueRequired":true,"valueName":"search_term_string"}}],"inLanguage":"pt-BR"},{"@type":"Person","@id":"https:\/\/unisale.com.br\/pastoral\/#\/schema\/person\/492d3d7bfe53a8302576d39485aff2c4","name":"Luiz Alexandre Marinho Lanzoni","url":"https:\/\/unisale.com.br\/pastoral\/author\/luiz\/"}]}},"_links":{"self":[{"href":"https:\/\/unisale.com.br\/pastoral\/wp-json\/wp\/v2\/posts\/4175","targetHints":{"allow":["GET"]}}],"collection":[{"href":"https:\/\/unisale.com.br\/pastoral\/wp-json\/wp\/v2\/posts"}],"about":[{"href":"https:\/\/unisale.com.br\/pastoral\/wp-json\/wp\/v2\/types\/post"}],"author":[{"embeddable":true,"href":"https:\/\/unisale.com.br\/pastoral\/wp-json\/wp\/v2\/users\/6"}],"replies":[{"embeddable":true,"href":"https:\/\/unisale.com.br\/pastoral\/wp-json\/wp\/v2\/comments?post=4175"}],"version-history":[{"count":0,"href":"https:\/\/unisale.com.br\/pastoral\/wp-json\/wp\/v2\/posts\/4175\/revisions"}],"wp:featuredmedia":[{"embeddable":true,"href":"https:\/\/unisale.com.br\/pastoral\/wp-json\/wp\/v2\/media\/4172"}],"wp:attachment":[{"href":"https:\/\/unisale.com.br\/pastoral\/wp-json\/wp\/v2\/media?parent=4175"}],"wp:term":[{"taxonomy":"category","embeddable":true,"href":"https:\/\/unisale.com.br\/pastoral\/wp-json\/wp\/v2\/categories?post=4175"},{"taxonomy":"post_tag","embeddable":true,"href":"https:\/\/unisale.com.br\/pastoral\/wp-json\/wp\/v2\/tags?post=4175"}],"curies":[{"name":"wp","href":"https:\/\/api.w.org\/{rel}","templated":true}]}}