{"id":4188,"date":"2022-04-11T15:01:41","date_gmt":"2022-04-11T15:01:41","guid":{"rendered":"https:\/\/unisale.com.br\/pastoral\/?p=4188"},"modified":"2022-04-11T15:01:41","modified_gmt":"2022-04-11T15:01:41","slug":"13-04-em-verdade-eu-vos-digo-um-de-vos-vai-me-trair-mestre-serei-eu","status":"publish","type":"post","link":"https:\/\/unisale.com.br\/pastoral\/13-04-em-verdade-eu-vos-digo-um-de-vos-vai-me-trair-mestre-serei-eu\/","title":{"rendered":"13\/04 &#8211; Em verdade eu vos digo, um de v\u00f3s vai me trair&#8230; Mestre, serei eu?"},"content":{"rendered":"<p>Quarta-feira, 13 de abril de 2022.<\/p>\n<p>&nbsp;<\/p>\n<p>Evangelho (Mt 26,14-25)<\/p>\n<p>&nbsp;<\/p>\n<p><strong>\u201cEm verdade eu vos digo, um de v\u00f3s vai me trair&#8230; Mestre, serei eu?\u201d<\/strong><\/p>\n<p>&nbsp;<\/p>\n<p>Naquele tempo, <sup>14<\/sup>um dos doze disc\u00edpulos, chamado Judas Iscariotes, foi ter com os sumos sacerdotes <sup>15<\/sup>e disse: \u201cQue me dareis se vos entregar Jesus?\u201d Combinaram, ent\u00e3o, trinta moedas de prata. <sup>16<\/sup>E da\u00ed em diante, Judas procurava uma oportunidade para entregar Jesus. <sup>17<\/sup>No primeiro dia da festa dos \u00c1zimos, os disc\u00edpulos aproximaram-se de Jesus e perguntaram: \u201cOnde queres que fa\u00e7amos os preparativos para comer a P\u00e1scoa?\u201d <sup>18<\/sup>Jesus respondeu: \u201cIde \u00e0 cidade, procurai certo homem e dizei-lhe: \u2018O Mestre manda dizer: o meu tempo est\u00e1 pr\u00f3ximo, vou celebrar a P\u00e1scoa em tua casa, junto com meus disc\u00edpulos\u2019\u201d. <sup>19<\/sup>Os disc\u00edpulos fizeram como Jesus mandou e prepararam a P\u00e1scoa. <sup>20<\/sup>Ao cair da tarde, Jesus p\u00f4s-se \u00e0 mesa com os doze disc\u00edpulos. <sup>21<\/sup>Enquanto comiam, Jesus disse: \u201cEm verdade eu vos digo, um de v\u00f3s vai me trair\u201d. <sup>22<\/sup>Eles ficaram muito tristes e, um por um, come\u00e7aram a lhe perguntar: \u201cSenhor, ser\u00e1 que sou eu?\u201d<sup>23<\/sup>Jesus respondeu: \u201cQuem vai me trair \u00e9 aquele que comigo p\u00f5e a m\u00e3o no prato. <sup>24<\/sup>O Filho do Homem vai morrer, conforme diz a Escritura a respeito dele. Contudo, ai daquele que trair o Filho do Homem! Seria melhor que nunca tivesse nascido!\u201d <sup>25<\/sup>Ent\u00e3o Judas, o traidor, perguntou: \u201cMestre, serei eu?\u201d Jesus lhe respondeu: \u201cTu o dizes\u201d.<\/p>\n<p>&nbsp;<\/p>\n<p><strong>Reflex\u00e3o<\/strong><\/p>\n<p>&nbsp;<\/p>\n<p>\u201cNaquele tempo, um dos doze disc\u00edpulos, chamado Judas Iscariotes, foi ter com os sumos sacerdotes e disse: \u2018O que me dareis se vos entregar Jesus?\u2019 Combinaram, ent\u00e3o, trinta moedas de prata\u201d. Podemos dar um pre\u00e7o ao Amor? No entanto comercializamos o amor todas as vezes que ao inv\u00e9s de amar nos oferecemos somente ao melhor ofertante. O nosso n\u00e3o \u00e9 amor, mas conveni\u00eancia. Usamos Deus por conveni\u00eancia, usamos os amigos por conveni\u00eancia, usamos as pessoas que vivem ao nosso redor por conveni\u00eancia. N\u00f3s somos incapazes de amar porque n\u00e3o conseguimos ver ao nosso redor pessoas para amar, mas pessoas para usar. E este o verdadeiro problemas de Judas, e \u00e9 este o nosso s\u00e9rio problema. N\u00e3o poderemos jamais nos converter at\u00e9 que comecemos agir na gratuidade. A amar de maneira gratuita. A estar com as pessoas de maneira gratuita. A rezar de maneira gratuita. N\u00e3o poderemos viver a P\u00e1scoa at\u00e9 que n\u00e3o tiremos da nossa cabe\u00e7a a mentalidade comercial de Judas, que fixa um pre\u00e7o sobre Cristo, e at\u00e9 que n\u00e3o assumamos ao inv\u00e9s a mentalidade da gratuidade que age assim: \u201cSenhor eu creio em ti e te amo tamb\u00e9m se n\u00e3o escutar\u00e1s nenhuma das minhas ora\u00e7\u00f5es, porque o amor que tenho por ti n\u00e3o tem necessidade de provas ou de resultados. Eu te amo e basta\u201d. Quando chegarmos a uma gratuidade assim quem sabe tamb\u00e9m seremos atendidos. Mas o seremos como pessoas livres e n\u00e3o como traidores oportunistas. E a dureza como dizemos isso n\u00e3o est\u00e1 referida a Judas, mas a cada um de n\u00f3s, ao traidor que em n\u00f3s vive, ao oportunista escondido com cuidado em nossas escolhas e no nosso modo de pensar. Penso que Judas sirva como um para cada um de n\u00f3s. Nele sentimos um inc\u00f4modo por aquela parte de n\u00f3s que lhe \u00e9 semelhante, mas que n\u00e3o queremos admitir de termos. Quanto mais somos duros com Judas, mais queremos nos esconder. Se admit\u00edssemos de ser tamb\u00e9m n\u00f3s um pouco assim, agora recuperar\u00edamos toda aquela miseric\u00f3rdia que n\u00e3o reservamos jamais a Judas e que ao inv\u00e9s de pensarmos que ele fez bem em se matar, tentar\u00edamos de salva-lhe a vida.<\/p>\n<p>&nbsp;<\/p>\n<p><strong>Pe. Paulo Eduardo J\u00e1como, sdb.<\/strong><\/p>\n","protected":false},"excerpt":{"rendered":"<p>Quarta-feira, 13 de abril de 2022. &nbsp; Evangelho (Mt 26,14-25) &nbsp; \u201cEm verdade eu vos digo, um de v\u00f3s vai me trair&#8230; Mestre, serei eu?\u201d&#8230;<\/p>\n","protected":false},"author":6,"featured_media":4186,"comment_status":"closed","ping_status":"closed","sticky":false,"template":"","format":"standard","meta":{"_acf_changed":false,"footnotes":""},"categories":[13],"tags":[],"class_list":["post-4188","post","type-post","status-publish","format-standard","has-post-thumbnail","hentry","category-reflexaodoevagelho"],"acf":[],"yoast_head":"<!-- This site is optimized with the Yoast SEO plugin v27.3 - https:\/\/yoast.com\/product\/yoast-seo-wordpress\/ -->\n<title>13\/04 - Em verdade eu vos digo, um de v\u00f3s vai me trair... Mestre, serei eu? - Pastoral Universit\u00e1ria UniSALESIANO<\/title>\n<meta name=\"robots\" content=\"index, follow, max-snippet:-1, max-image-preview:large, max-video-preview:-1\" \/>\n<link rel=\"canonical\" href=\"https:\/\/unisale.com.br\/novo\/13-04-em-verdade-eu-vos-digo-um-de-vos-vai-me-trair-mestre-serei-eu\/\" \/>\n<meta property=\"og:locale\" content=\"pt_BR\" \/>\n<meta property=\"og:type\" content=\"article\" \/>\n<meta property=\"og:title\" content=\"13\/04 - Em verdade eu vos digo, um de v\u00f3s vai me trair... Mestre, serei eu? - Pastoral Universit\u00e1ria UniSALESIANO\" \/>\n<meta property=\"og:description\" content=\"Quarta-feira, 13 de abril de 2022. &nbsp; Evangelho (Mt 26,14-25) &nbsp; \u201cEm verdade eu vos digo, um de v\u00f3s vai me trair&#8230; Mestre, serei eu?\u201d...\" \/>\n<meta property=\"og:url\" content=\"https:\/\/unisale.com.br\/novo\/13-04-em-verdade-eu-vos-digo-um-de-vos-vai-me-trair-mestre-serei-eu\/\" \/>\n<meta property=\"og:site_name\" content=\"Pastoral Universit\u00e1ria UniSALESIANO\" \/>\n<meta property=\"article:published_time\" content=\"2022-04-11T15:01:41+00:00\" \/>\n<meta property=\"og:image\" content=\"https:\/\/unisale.com.br\/novo\/wp-content\/uploads\/2022\/04\/ev-13.jpg\" \/>\n\t<meta property=\"og:image:width\" content=\"314\" \/>\n\t<meta property=\"og:image:height\" content=\"161\" \/>\n\t<meta property=\"og:image:type\" content=\"image\/jpeg\" \/>\n<meta name=\"author\" content=\"Luiz Alexandre Marinho Lanzoni\" \/>\n<meta name=\"twitter:card\" content=\"summary_large_image\" \/>\n<meta name=\"twitter:label1\" content=\"Escrito por\" \/>\n\t<meta name=\"twitter:data1\" content=\"Luiz Alexandre Marinho Lanzoni\" \/>\n\t<meta name=\"twitter:label2\" content=\"Est. tempo de leitura\" \/>\n\t<meta name=\"twitter:data2\" content=\"3 minutos\" \/>\n<script type=\"application\/ld+json\" class=\"yoast-schema-graph\">{\"@context\":\"https:\\\/\\\/schema.org\",\"@graph\":[{\"@type\":\"Article\",\"@id\":\"https:\\\/\\\/unisale.com.br\\\/novo\\\/13-04-em-verdade-eu-vos-digo-um-de-vos-vai-me-trair-mestre-serei-eu\\\/#article\",\"isPartOf\":{\"@id\":\"https:\\\/\\\/unisale.com.br\\\/novo\\\/13-04-em-verdade-eu-vos-digo-um-de-vos-vai-me-trair-mestre-serei-eu\\\/\"},\"author\":{\"name\":\"Luiz Alexandre Marinho Lanzoni\",\"@id\":\"https:\\\/\\\/unisale.com.br\\\/pastoral\\\/#\\\/schema\\\/person\\\/492d3d7bfe53a8302576d39485aff2c4\"},\"headline\":\"13\\\/04 &#8211; Em verdade eu vos digo, um de v\u00f3s vai me trair&#8230; Mestre, serei eu?\",\"datePublished\":\"2022-04-11T15:01:41+00:00\",\"mainEntityOfPage\":{\"@id\":\"https:\\\/\\\/unisale.com.br\\\/novo\\\/13-04-em-verdade-eu-vos-digo-um-de-vos-vai-me-trair-mestre-serei-eu\\\/\"},\"wordCount\":666,\"image\":{\"@id\":\"https:\\\/\\\/unisale.com.br\\\/novo\\\/13-04-em-verdade-eu-vos-digo-um-de-vos-vai-me-trair-mestre-serei-eu\\\/#primaryimage\"},\"thumbnailUrl\":\"https:\\\/\\\/unisale.com.br\\\/pastoral\\\/wp-content\\\/uploads\\\/2022\\\/04\\\/ev-13.jpg\",\"articleSection\":[\"Reflex\u00e3o do Evangelho\"],\"inLanguage\":\"pt-BR\"},{\"@type\":\"WebPage\",\"@id\":\"https:\\\/\\\/unisale.com.br\\\/novo\\\/13-04-em-verdade-eu-vos-digo-um-de-vos-vai-me-trair-mestre-serei-eu\\\/\",\"url\":\"https:\\\/\\\/unisale.com.br\\\/novo\\\/13-04-em-verdade-eu-vos-digo-um-de-vos-vai-me-trair-mestre-serei-eu\\\/\",\"name\":\"13\\\/04 - Em verdade eu vos digo, um de v\u00f3s vai me trair... Mestre, serei eu? - Pastoral Universit\u00e1ria UniSALESIANO\",\"isPartOf\":{\"@id\":\"https:\\\/\\\/unisale.com.br\\\/pastoral\\\/#website\"},\"primaryImageOfPage\":{\"@id\":\"https:\\\/\\\/unisale.com.br\\\/novo\\\/13-04-em-verdade-eu-vos-digo-um-de-vos-vai-me-trair-mestre-serei-eu\\\/#primaryimage\"},\"image\":{\"@id\":\"https:\\\/\\\/unisale.com.br\\\/novo\\\/13-04-em-verdade-eu-vos-digo-um-de-vos-vai-me-trair-mestre-serei-eu\\\/#primaryimage\"},\"thumbnailUrl\":\"https:\\\/\\\/unisale.com.br\\\/pastoral\\\/wp-content\\\/uploads\\\/2022\\\/04\\\/ev-13.jpg\",\"datePublished\":\"2022-04-11T15:01:41+00:00\",\"author\":{\"@id\":\"https:\\\/\\\/unisale.com.br\\\/pastoral\\\/#\\\/schema\\\/person\\\/492d3d7bfe53a8302576d39485aff2c4\"},\"inLanguage\":\"pt-BR\",\"potentialAction\":[{\"@type\":\"ReadAction\",\"target\":[\"https:\\\/\\\/unisale.com.br\\\/novo\\\/13-04-em-verdade-eu-vos-digo-um-de-vos-vai-me-trair-mestre-serei-eu\\\/\"]}]},{\"@type\":\"ImageObject\",\"inLanguage\":\"pt-BR\",\"@id\":\"https:\\\/\\\/unisale.com.br\\\/novo\\\/13-04-em-verdade-eu-vos-digo-um-de-vos-vai-me-trair-mestre-serei-eu\\\/#primaryimage\",\"url\":\"https:\\\/\\\/unisale.com.br\\\/pastoral\\\/wp-content\\\/uploads\\\/2022\\\/04\\\/ev-13.jpg\",\"contentUrl\":\"https:\\\/\\\/unisale.com.br\\\/pastoral\\\/wp-content\\\/uploads\\\/2022\\\/04\\\/ev-13.jpg\",\"width\":314,\"height\":161},{\"@type\":\"WebSite\",\"@id\":\"https:\\\/\\\/unisale.com.br\\\/pastoral\\\/#website\",\"url\":\"https:\\\/\\\/unisale.com.br\\\/pastoral\\\/\",\"name\":\"Pastoral Universit\u00e1ria UniSALESIANO\",\"description\":\"Site da Pastoral Universit\u00e1ria do UniSALESIANO\",\"potentialAction\":[{\"@type\":\"SearchAction\",\"target\":{\"@type\":\"EntryPoint\",\"urlTemplate\":\"https:\\\/\\\/unisale.com.br\\\/pastoral\\\/?s={search_term_string}\"},\"query-input\":{\"@type\":\"PropertyValueSpecification\",\"valueRequired\":true,\"valueName\":\"search_term_string\"}}],\"inLanguage\":\"pt-BR\"},{\"@type\":\"Person\",\"@id\":\"https:\\\/\\\/unisale.com.br\\\/pastoral\\\/#\\\/schema\\\/person\\\/492d3d7bfe53a8302576d39485aff2c4\",\"name\":\"Luiz Alexandre Marinho Lanzoni\",\"url\":\"https:\\\/\\\/unisale.com.br\\\/pastoral\\\/author\\\/luiz\\\/\"}]}<\/script>\n<!-- \/ Yoast SEO plugin. -->","yoast_head_json":{"title":"13\/04 - Em verdade eu vos digo, um de v\u00f3s vai me trair... Mestre, serei eu? - Pastoral Universit\u00e1ria UniSALESIANO","robots":{"index":"index","follow":"follow","max-snippet":"max-snippet:-1","max-image-preview":"max-image-preview:large","max-video-preview":"max-video-preview:-1"},"canonical":"https:\/\/unisale.com.br\/novo\/13-04-em-verdade-eu-vos-digo-um-de-vos-vai-me-trair-mestre-serei-eu\/","og_locale":"pt_BR","og_type":"article","og_title":"13\/04 - Em verdade eu vos digo, um de v\u00f3s vai me trair... Mestre, serei eu? - Pastoral Universit\u00e1ria UniSALESIANO","og_description":"Quarta-feira, 13 de abril de 2022. &nbsp; Evangelho (Mt 26,14-25) &nbsp; \u201cEm verdade eu vos digo, um de v\u00f3s vai me trair&#8230; Mestre, serei eu?\u201d...","og_url":"https:\/\/unisale.com.br\/novo\/13-04-em-verdade-eu-vos-digo-um-de-vos-vai-me-trair-mestre-serei-eu\/","og_site_name":"Pastoral Universit\u00e1ria UniSALESIANO","article_published_time":"2022-04-11T15:01:41+00:00","og_image":[{"width":314,"height":161,"url":"https:\/\/unisale.com.br\/novo\/wp-content\/uploads\/2022\/04\/ev-13.jpg","type":"image\/jpeg"}],"author":"Luiz Alexandre Marinho Lanzoni","twitter_card":"summary_large_image","twitter_misc":{"Escrito por":"Luiz Alexandre Marinho Lanzoni","Est. tempo de leitura":"3 minutos"},"schema":{"@context":"https:\/\/schema.org","@graph":[{"@type":"Article","@id":"https:\/\/unisale.com.br\/novo\/13-04-em-verdade-eu-vos-digo-um-de-vos-vai-me-trair-mestre-serei-eu\/#article","isPartOf":{"@id":"https:\/\/unisale.com.br\/novo\/13-04-em-verdade-eu-vos-digo-um-de-vos-vai-me-trair-mestre-serei-eu\/"},"author":{"name":"Luiz Alexandre Marinho Lanzoni","@id":"https:\/\/unisale.com.br\/pastoral\/#\/schema\/person\/492d3d7bfe53a8302576d39485aff2c4"},"headline":"13\/04 &#8211; Em verdade eu vos digo, um de v\u00f3s vai me trair&#8230; Mestre, serei eu?","datePublished":"2022-04-11T15:01:41+00:00","mainEntityOfPage":{"@id":"https:\/\/unisale.com.br\/novo\/13-04-em-verdade-eu-vos-digo-um-de-vos-vai-me-trair-mestre-serei-eu\/"},"wordCount":666,"image":{"@id":"https:\/\/unisale.com.br\/novo\/13-04-em-verdade-eu-vos-digo-um-de-vos-vai-me-trair-mestre-serei-eu\/#primaryimage"},"thumbnailUrl":"https:\/\/unisale.com.br\/pastoral\/wp-content\/uploads\/2022\/04\/ev-13.jpg","articleSection":["Reflex\u00e3o do Evangelho"],"inLanguage":"pt-BR"},{"@type":"WebPage","@id":"https:\/\/unisale.com.br\/novo\/13-04-em-verdade-eu-vos-digo-um-de-vos-vai-me-trair-mestre-serei-eu\/","url":"https:\/\/unisale.com.br\/novo\/13-04-em-verdade-eu-vos-digo-um-de-vos-vai-me-trair-mestre-serei-eu\/","name":"13\/04 - Em verdade eu vos digo, um de v\u00f3s vai me trair... Mestre, serei eu? - Pastoral Universit\u00e1ria UniSALESIANO","isPartOf":{"@id":"https:\/\/unisale.com.br\/pastoral\/#website"},"primaryImageOfPage":{"@id":"https:\/\/unisale.com.br\/novo\/13-04-em-verdade-eu-vos-digo-um-de-vos-vai-me-trair-mestre-serei-eu\/#primaryimage"},"image":{"@id":"https:\/\/unisale.com.br\/novo\/13-04-em-verdade-eu-vos-digo-um-de-vos-vai-me-trair-mestre-serei-eu\/#primaryimage"},"thumbnailUrl":"https:\/\/unisale.com.br\/pastoral\/wp-content\/uploads\/2022\/04\/ev-13.jpg","datePublished":"2022-04-11T15:01:41+00:00","author":{"@id":"https:\/\/unisale.com.br\/pastoral\/#\/schema\/person\/492d3d7bfe53a8302576d39485aff2c4"},"inLanguage":"pt-BR","potentialAction":[{"@type":"ReadAction","target":["https:\/\/unisale.com.br\/novo\/13-04-em-verdade-eu-vos-digo-um-de-vos-vai-me-trair-mestre-serei-eu\/"]}]},{"@type":"ImageObject","inLanguage":"pt-BR","@id":"https:\/\/unisale.com.br\/novo\/13-04-em-verdade-eu-vos-digo-um-de-vos-vai-me-trair-mestre-serei-eu\/#primaryimage","url":"https:\/\/unisale.com.br\/pastoral\/wp-content\/uploads\/2022\/04\/ev-13.jpg","contentUrl":"https:\/\/unisale.com.br\/pastoral\/wp-content\/uploads\/2022\/04\/ev-13.jpg","width":314,"height":161},{"@type":"WebSite","@id":"https:\/\/unisale.com.br\/pastoral\/#website","url":"https:\/\/unisale.com.br\/pastoral\/","name":"Pastoral Universit\u00e1ria UniSALESIANO","description":"Site da Pastoral Universit\u00e1ria do UniSALESIANO","potentialAction":[{"@type":"SearchAction","target":{"@type":"EntryPoint","urlTemplate":"https:\/\/unisale.com.br\/pastoral\/?s={search_term_string}"},"query-input":{"@type":"PropertyValueSpecification","valueRequired":true,"valueName":"search_term_string"}}],"inLanguage":"pt-BR"},{"@type":"Person","@id":"https:\/\/unisale.com.br\/pastoral\/#\/schema\/person\/492d3d7bfe53a8302576d39485aff2c4","name":"Luiz Alexandre Marinho Lanzoni","url":"https:\/\/unisale.com.br\/pastoral\/author\/luiz\/"}]}},"_links":{"self":[{"href":"https:\/\/unisale.com.br\/pastoral\/wp-json\/wp\/v2\/posts\/4188","targetHints":{"allow":["GET"]}}],"collection":[{"href":"https:\/\/unisale.com.br\/pastoral\/wp-json\/wp\/v2\/posts"}],"about":[{"href":"https:\/\/unisale.com.br\/pastoral\/wp-json\/wp\/v2\/types\/post"}],"author":[{"embeddable":true,"href":"https:\/\/unisale.com.br\/pastoral\/wp-json\/wp\/v2\/users\/6"}],"replies":[{"embeddable":true,"href":"https:\/\/unisale.com.br\/pastoral\/wp-json\/wp\/v2\/comments?post=4188"}],"version-history":[{"count":0,"href":"https:\/\/unisale.com.br\/pastoral\/wp-json\/wp\/v2\/posts\/4188\/revisions"}],"wp:featuredmedia":[{"embeddable":true,"href":"https:\/\/unisale.com.br\/pastoral\/wp-json\/wp\/v2\/media\/4186"}],"wp:attachment":[{"href":"https:\/\/unisale.com.br\/pastoral\/wp-json\/wp\/v2\/media?parent=4188"}],"wp:term":[{"taxonomy":"category","embeddable":true,"href":"https:\/\/unisale.com.br\/pastoral\/wp-json\/wp\/v2\/categories?post=4188"},{"taxonomy":"post_tag","embeddable":true,"href":"https:\/\/unisale.com.br\/pastoral\/wp-json\/wp\/v2\/tags?post=4188"}],"curies":[{"name":"wp","href":"https:\/\/api.w.org\/{rel}","templated":true}]}}