{"id":4274,"date":"2022-04-19T11:06:07","date_gmt":"2022-04-19T11:06:07","guid":{"rendered":"https:\/\/unisale.com.br\/pastoral\/?p=4274"},"modified":"2022-04-19T11:06:07","modified_gmt":"2022-04-19T11:06:07","slug":"20-04-fica-conosco-pois-ja-e-tarde-e-a-noite-vem-chegando","status":"publish","type":"post","link":"https:\/\/unisale.com.br\/pastoral\/20-04-fica-conosco-pois-ja-e-tarde-e-a-noite-vem-chegando\/","title":{"rendered":"20\/04 &#8211; Fica conosco, pois j\u00e1 \u00e9 tarde e a noite vem chegando!"},"content":{"rendered":"<p>Quarta-feira, 20 de abril de 2022.<\/p>\n<p>&nbsp;<\/p>\n<p>Evangelho (Lc 24,13-35)<\/p>\n<p>&nbsp;<\/p>\n<p><strong>\u201cFica conosco, pois j\u00e1 \u00e9 tarde e a noite vem chegando!\u201d<\/strong><\/p>\n<p>&nbsp;<\/p>\n<p><sup>13<\/sup>Naquele mesmo dia, o primeiro da semana, dois dos disc\u00edpulos de Jesus iam para um povoado chamado Ema\u00fas, distante onze quil\u00f4metros de Jerusal\u00e9m. <sup>14<\/sup>Conversavam sobre todas as coisas que tinham acontecido. <sup>15<\/sup>Enquanto conversavam e discutiam, o pr\u00f3prio Jesus se aproximou e come\u00e7ou a caminhar com eles. <sup>16<\/sup>Os disc\u00edpulos, por\u00e9m, estavam como que cegos, e n\u00e3o o reconheceram. <sup>17<\/sup>Ent\u00e3o Jesus perguntou: \u201cQue ides conversando pelo caminho?\u201d Eles pararam, com o rosto triste, <sup>18<\/sup>e um deles chamado Cl\u00e9ofas, lhe disse: \u201cTu \u00e9s o \u00fanico peregrino em Jerusal\u00e9m que n\u00e3o sabe o que l\u00e1 aconteceu nestes \u00faltimos dias? <sup>19<\/sup>Ele perguntou: \u201cQue foi?\u201d Os disc\u00edpulos responderam: \u201cO que aconteceu com Jesus, o Nazareno, que foi um profeta poderoso em obras e palavras, diante de Deus e diante de todo o povo. <sup>20<\/sup>Nossos sumos sacerdotes e nossos chefes o entregaram para ser condenado \u00e0 morte e o crucificaram. <sup>21<\/sup>N\u00f3s esper\u00e1vamos que ele fosse libertar Israel, mas, apesar de tudo isso, j\u00e1 faz tr\u00eas dias que todas essas coisas aconteceram! <sup>22<\/sup>\u00c9 verdade que algumas mulheres do nosso grupo nos deram um susto. Elas foram de madrugada ao t\u00famulo <sup>23<\/sup>e n\u00e3o encontraram o corpo dele. Ent\u00e3o voltaram, dizendo que tinham visto anjos e que estes afirmaram que Jesus est\u00e1 vivo. <sup>24<\/sup>Alguns dos nossos foram ao t\u00famulo e encontraram as coisas como as mulheres tinham dito. A ele, por\u00e9m, ningu\u00e9m o viu\u201d. <sup>25<\/sup>Ent\u00e3o Jesus lhes disse: \u201cComo sois sem intelig\u00eancia e lentos para crer em tudo o que os profetas falaram! <sup>26<\/sup>Ser\u00e1 que o Cristo n\u00e3o devia sofrer tudo isso para entrar na sua gl\u00f3ria?\u201d <sup>27<\/sup>E, come\u00e7ando por Mois\u00e9s e passando pelos Profetas, explicava aos disc\u00edpulos todas as passagens da Escritura que falavam a respeito dele. <sup>28<\/sup>Quando chegaram perto do povoado para onde iam, Jesus fez de conta que ia mais adiante. <sup>29<\/sup>Eles, por\u00e9m, insistiram com Jesus, dizendo: \u201cFica conosco, pois j\u00e1 \u00e9 tarde e a noite vem chegando!\u201d Jesus entrou para ficar com eles. <sup>30<\/sup>Quando se sentou \u00e0 mesa com eles, tomou o p\u00e3o, aben\u00e7oou-o, partiu-o e lhes distribu\u00eda. <sup>31<\/sup>Nisso os olhos dos disc\u00edpulos se abriram e eles reconheceram Jesus. Jesus, por\u00e9m, desapareceu da frente deles. <sup>32<\/sup>Ent\u00e3o um disse ao outro: \u201cN\u00e3o estava ardendo o nosso cora\u00e7\u00e3o quando ele nos falava pelo caminho, e nos explicava as Escrituras?\u201d <sup>33<\/sup>Naquela mesma hora, eles se levantaram e voltaram para Jerusal\u00e9m onde encontraram os Onze reunidos com os outros. <sup>34<\/sup>E estes confirmaram: \u201cRealmente, o Senhor ressuscitou e apareceu a Sim\u00e3o!\u201d <sup>35<\/sup>Ent\u00e3o os dois contaram o que tinha acontecido no caminho, e como tinham reconhecido Jesus ao partir o p\u00e3o.<\/p>\n<p>&nbsp;<\/p>\n<p><strong>Reflex\u00e3o<\/strong><\/p>\n<p>&nbsp;<\/p>\n<p>O epis\u00f3dio dos disc\u00edpulos de Ema\u00fas \u00e9 um dos epis\u00f3dios mais famosos da apari\u00e7\u00e3o do Ressuscitado. Talvez por um duplo motivo: todos n\u00f3s nos sentimos um pouco como estes disc\u00edpulos, confusos e muitas vezes desiludidos nas nossas expectativas; ao mesmo tempo aquilo que estamos buscando n\u00e3o se encontra num lugar, mas onde n\u00f3s estamos, onde estamos caminhando, onde est\u00e1 acontecendo a nossa vida. Mas o que chama mais a aten\u00e7\u00e3o \u00e9 a incapacidade destes disc\u00edpulos em perceber que est\u00e3o caminhando e conversando com Jesus em pessoa: \u201cEnquanto conversavam e discutiam, o pr\u00f3prio Jesus se aproximou e come\u00e7ou a caminhar com eles. Os disc\u00edpulos, por\u00e9m, estavam como que cegos e n\u00e3o o reconheceram\u201d.\u00a0 Parece que o evangelista Lucas quer sugerir um risco que todos n\u00f3s podemos incorrer: se somos disc\u00edpulos automaticamente compreendemos e sempre vemos Jesus. A verdade, por\u00e9m, \u00e9 outra: os disc\u00edpulos n\u00e3o s\u00e3o jejuns da palavra das Escrituras. Eles conhecem bem de perto tamb\u00e9m a hist\u00f3ria de Jesus e muito provavelmente foram testemunhas oculares de muitas coisas que diziam respeito a Jesus. Mas o que \u00e9 incompreens\u00edvel para eles e a experi\u00eancia da Cruz. Eles rejeitam em ler a hist\u00f3ria de Jesus e toda a obra de Deus a partir do esc\u00e2ndalo da Cruz. Agora, \u00e9 justamente Jesus que os ajuda a reler tudo a partir de uma perspectiva que n\u00e3o \u00e9 mais somente aquele da intui\u00e7\u00e3o humana, mas \u00e9 a perspectiva do amor de Deus: \u201cComo sois sem intelig\u00eancia e lentos para crer em tudo o que os profetas falaram! Ser\u00e1 que o Cristo n\u00e3o devia sofrer tudo isso para entrar na sua gl\u00f3ria? E, come\u00e7ando por Mois\u00e9s e passando pelos Profetas, explicava aos disc\u00edpulos todas as passagens da Escritura que falavam a respeito dele\u201d. A Cruz muitas vezes \u00e9 aquilo que manda um \u201ctilt\u201d na nossa vida, mas para um crist\u00e3o ela representa a chave de leitura mais profunda da vida. Devemos sempre decidir se queremos crer no Deus das nossas expectativas ou se queremos crer no Deus de Jesus Cristo. A P\u00e1scoa \u00e9 uma invers\u00e3o da perspectiva, e percebemos porque antes mesmo de entender quem \u00e9 Ele, o cora\u00e7\u00e3o come\u00e7a de novo a arder.<\/p>\n<p>&nbsp;<\/p>\n<p><strong>Pe. Paulo Eduardo J\u00e1como, sdb.<\/strong><\/p>\n","protected":false},"excerpt":{"rendered":"<p>Quarta-feira, 20 de abril de 2022. &nbsp; Evangelho (Lc 24,13-35) &nbsp; \u201cFica conosco, pois j\u00e1 \u00e9 tarde e a noite vem chegando!\u201d &nbsp; 13Naquele mesmo&#8230;<\/p>\n","protected":false},"author":6,"featured_media":4275,"comment_status":"closed","ping_status":"closed","sticky":false,"template":"","format":"standard","meta":{"_acf_changed":false,"footnotes":""},"categories":[13],"tags":[],"class_list":["post-4274","post","type-post","status-publish","format-standard","has-post-thumbnail","hentry","category-reflexaodoevagelho"],"acf":[],"yoast_head":"<!-- This site is optimized with the Yoast SEO plugin v27.3 - https:\/\/yoast.com\/product\/yoast-seo-wordpress\/ -->\n<title>20\/04 - Fica conosco, pois j\u00e1 \u00e9 tarde e a noite vem chegando! - Pastoral Universit\u00e1ria UniSALESIANO<\/title>\n<meta name=\"robots\" content=\"index, follow, max-snippet:-1, max-image-preview:large, max-video-preview:-1\" \/>\n<link rel=\"canonical\" href=\"https:\/\/unisale.com.br\/novo\/20-04-fica-conosco-pois-ja-e-tarde-e-a-noite-vem-chegando\/\" \/>\n<meta property=\"og:locale\" content=\"pt_BR\" \/>\n<meta property=\"og:type\" content=\"article\" \/>\n<meta property=\"og:title\" content=\"20\/04 - Fica conosco, pois j\u00e1 \u00e9 tarde e a noite vem chegando! - Pastoral Universit\u00e1ria UniSALESIANO\" \/>\n<meta property=\"og:description\" content=\"Quarta-feira, 20 de abril de 2022. &nbsp; Evangelho (Lc 24,13-35) &nbsp; \u201cFica conosco, pois j\u00e1 \u00e9 tarde e a noite vem chegando!\u201d &nbsp; 13Naquele mesmo...\" \/>\n<meta property=\"og:url\" content=\"https:\/\/unisale.com.br\/novo\/20-04-fica-conosco-pois-ja-e-tarde-e-a-noite-vem-chegando\/\" \/>\n<meta property=\"og:site_name\" content=\"Pastoral Universit\u00e1ria UniSALESIANO\" \/>\n<meta property=\"article:published_time\" content=\"2022-04-19T11:06:07+00:00\" \/>\n<meta property=\"og:image\" content=\"https:\/\/unisale.com.br\/novo\/wp-content\/uploads\/2022\/04\/Ev-20.jpg\" \/>\n\t<meta property=\"og:image:width\" content=\"600\" \/>\n\t<meta property=\"og:image:height\" content=\"450\" \/>\n\t<meta property=\"og:image:type\" content=\"image\/jpeg\" \/>\n<meta name=\"author\" content=\"Luiz Alexandre Marinho Lanzoni\" \/>\n<meta name=\"twitter:card\" content=\"summary_large_image\" \/>\n<meta name=\"twitter:label1\" content=\"Escrito por\" \/>\n\t<meta name=\"twitter:data1\" content=\"Luiz Alexandre Marinho Lanzoni\" \/>\n\t<meta name=\"twitter:label2\" content=\"Est. tempo de leitura\" \/>\n\t<meta name=\"twitter:data2\" content=\"4 minutos\" \/>\n<script type=\"application\/ld+json\" class=\"yoast-schema-graph\">{\"@context\":\"https:\\\/\\\/schema.org\",\"@graph\":[{\"@type\":\"Article\",\"@id\":\"https:\\\/\\\/unisale.com.br\\\/novo\\\/20-04-fica-conosco-pois-ja-e-tarde-e-a-noite-vem-chegando\\\/#article\",\"isPartOf\":{\"@id\":\"https:\\\/\\\/unisale.com.br\\\/novo\\\/20-04-fica-conosco-pois-ja-e-tarde-e-a-noite-vem-chegando\\\/\"},\"author\":{\"name\":\"Luiz Alexandre Marinho Lanzoni\",\"@id\":\"https:\\\/\\\/unisale.com.br\\\/pastoral\\\/#\\\/schema\\\/person\\\/492d3d7bfe53a8302576d39485aff2c4\"},\"headline\":\"20\\\/04 &#8211; Fica conosco, pois j\u00e1 \u00e9 tarde e a noite vem chegando!\",\"datePublished\":\"2022-04-19T11:06:07+00:00\",\"mainEntityOfPage\":{\"@id\":\"https:\\\/\\\/unisale.com.br\\\/novo\\\/20-04-fica-conosco-pois-ja-e-tarde-e-a-noite-vem-chegando\\\/\"},\"wordCount\":890,\"image\":{\"@id\":\"https:\\\/\\\/unisale.com.br\\\/novo\\\/20-04-fica-conosco-pois-ja-e-tarde-e-a-noite-vem-chegando\\\/#primaryimage\"},\"thumbnailUrl\":\"https:\\\/\\\/unisale.com.br\\\/pastoral\\\/wp-content\\\/uploads\\\/2022\\\/04\\\/Ev-20.jpg\",\"articleSection\":[\"Reflex\u00e3o do Evangelho\"],\"inLanguage\":\"pt-BR\"},{\"@type\":\"WebPage\",\"@id\":\"https:\\\/\\\/unisale.com.br\\\/novo\\\/20-04-fica-conosco-pois-ja-e-tarde-e-a-noite-vem-chegando\\\/\",\"url\":\"https:\\\/\\\/unisale.com.br\\\/novo\\\/20-04-fica-conosco-pois-ja-e-tarde-e-a-noite-vem-chegando\\\/\",\"name\":\"20\\\/04 - Fica conosco, pois j\u00e1 \u00e9 tarde e a noite vem chegando! - Pastoral Universit\u00e1ria UniSALESIANO\",\"isPartOf\":{\"@id\":\"https:\\\/\\\/unisale.com.br\\\/pastoral\\\/#website\"},\"primaryImageOfPage\":{\"@id\":\"https:\\\/\\\/unisale.com.br\\\/novo\\\/20-04-fica-conosco-pois-ja-e-tarde-e-a-noite-vem-chegando\\\/#primaryimage\"},\"image\":{\"@id\":\"https:\\\/\\\/unisale.com.br\\\/novo\\\/20-04-fica-conosco-pois-ja-e-tarde-e-a-noite-vem-chegando\\\/#primaryimage\"},\"thumbnailUrl\":\"https:\\\/\\\/unisale.com.br\\\/pastoral\\\/wp-content\\\/uploads\\\/2022\\\/04\\\/Ev-20.jpg\",\"datePublished\":\"2022-04-19T11:06:07+00:00\",\"author\":{\"@id\":\"https:\\\/\\\/unisale.com.br\\\/pastoral\\\/#\\\/schema\\\/person\\\/492d3d7bfe53a8302576d39485aff2c4\"},\"inLanguage\":\"pt-BR\",\"potentialAction\":[{\"@type\":\"ReadAction\",\"target\":[\"https:\\\/\\\/unisale.com.br\\\/novo\\\/20-04-fica-conosco-pois-ja-e-tarde-e-a-noite-vem-chegando\\\/\"]}]},{\"@type\":\"ImageObject\",\"inLanguage\":\"pt-BR\",\"@id\":\"https:\\\/\\\/unisale.com.br\\\/novo\\\/20-04-fica-conosco-pois-ja-e-tarde-e-a-noite-vem-chegando\\\/#primaryimage\",\"url\":\"https:\\\/\\\/unisale.com.br\\\/pastoral\\\/wp-content\\\/uploads\\\/2022\\\/04\\\/Ev-20.jpg\",\"contentUrl\":\"https:\\\/\\\/unisale.com.br\\\/pastoral\\\/wp-content\\\/uploads\\\/2022\\\/04\\\/Ev-20.jpg\",\"width\":600,\"height\":450},{\"@type\":\"WebSite\",\"@id\":\"https:\\\/\\\/unisale.com.br\\\/pastoral\\\/#website\",\"url\":\"https:\\\/\\\/unisale.com.br\\\/pastoral\\\/\",\"name\":\"Pastoral Universit\u00e1ria UniSALESIANO\",\"description\":\"Site da Pastoral Universit\u00e1ria do UniSALESIANO\",\"potentialAction\":[{\"@type\":\"SearchAction\",\"target\":{\"@type\":\"EntryPoint\",\"urlTemplate\":\"https:\\\/\\\/unisale.com.br\\\/pastoral\\\/?s={search_term_string}\"},\"query-input\":{\"@type\":\"PropertyValueSpecification\",\"valueRequired\":true,\"valueName\":\"search_term_string\"}}],\"inLanguage\":\"pt-BR\"},{\"@type\":\"Person\",\"@id\":\"https:\\\/\\\/unisale.com.br\\\/pastoral\\\/#\\\/schema\\\/person\\\/492d3d7bfe53a8302576d39485aff2c4\",\"name\":\"Luiz Alexandre Marinho Lanzoni\",\"url\":\"https:\\\/\\\/unisale.com.br\\\/pastoral\\\/author\\\/luiz\\\/\"}]}<\/script>\n<!-- \/ Yoast SEO plugin. -->","yoast_head_json":{"title":"20\/04 - Fica conosco, pois j\u00e1 \u00e9 tarde e a noite vem chegando! - Pastoral Universit\u00e1ria UniSALESIANO","robots":{"index":"index","follow":"follow","max-snippet":"max-snippet:-1","max-image-preview":"max-image-preview:large","max-video-preview":"max-video-preview:-1"},"canonical":"https:\/\/unisale.com.br\/novo\/20-04-fica-conosco-pois-ja-e-tarde-e-a-noite-vem-chegando\/","og_locale":"pt_BR","og_type":"article","og_title":"20\/04 - Fica conosco, pois j\u00e1 \u00e9 tarde e a noite vem chegando! - Pastoral Universit\u00e1ria UniSALESIANO","og_description":"Quarta-feira, 20 de abril de 2022. &nbsp; Evangelho (Lc 24,13-35) &nbsp; \u201cFica conosco, pois j\u00e1 \u00e9 tarde e a noite vem chegando!\u201d &nbsp; 13Naquele mesmo...","og_url":"https:\/\/unisale.com.br\/novo\/20-04-fica-conosco-pois-ja-e-tarde-e-a-noite-vem-chegando\/","og_site_name":"Pastoral Universit\u00e1ria UniSALESIANO","article_published_time":"2022-04-19T11:06:07+00:00","og_image":[{"width":600,"height":450,"url":"https:\/\/unisale.com.br\/novo\/wp-content\/uploads\/2022\/04\/Ev-20.jpg","type":"image\/jpeg"}],"author":"Luiz Alexandre Marinho Lanzoni","twitter_card":"summary_large_image","twitter_misc":{"Escrito por":"Luiz Alexandre Marinho Lanzoni","Est. tempo de leitura":"4 minutos"},"schema":{"@context":"https:\/\/schema.org","@graph":[{"@type":"Article","@id":"https:\/\/unisale.com.br\/novo\/20-04-fica-conosco-pois-ja-e-tarde-e-a-noite-vem-chegando\/#article","isPartOf":{"@id":"https:\/\/unisale.com.br\/novo\/20-04-fica-conosco-pois-ja-e-tarde-e-a-noite-vem-chegando\/"},"author":{"name":"Luiz Alexandre Marinho Lanzoni","@id":"https:\/\/unisale.com.br\/pastoral\/#\/schema\/person\/492d3d7bfe53a8302576d39485aff2c4"},"headline":"20\/04 &#8211; Fica conosco, pois j\u00e1 \u00e9 tarde e a noite vem chegando!","datePublished":"2022-04-19T11:06:07+00:00","mainEntityOfPage":{"@id":"https:\/\/unisale.com.br\/novo\/20-04-fica-conosco-pois-ja-e-tarde-e-a-noite-vem-chegando\/"},"wordCount":890,"image":{"@id":"https:\/\/unisale.com.br\/novo\/20-04-fica-conosco-pois-ja-e-tarde-e-a-noite-vem-chegando\/#primaryimage"},"thumbnailUrl":"https:\/\/unisale.com.br\/pastoral\/wp-content\/uploads\/2022\/04\/Ev-20.jpg","articleSection":["Reflex\u00e3o do Evangelho"],"inLanguage":"pt-BR"},{"@type":"WebPage","@id":"https:\/\/unisale.com.br\/novo\/20-04-fica-conosco-pois-ja-e-tarde-e-a-noite-vem-chegando\/","url":"https:\/\/unisale.com.br\/novo\/20-04-fica-conosco-pois-ja-e-tarde-e-a-noite-vem-chegando\/","name":"20\/04 - Fica conosco, pois j\u00e1 \u00e9 tarde e a noite vem chegando! - Pastoral Universit\u00e1ria UniSALESIANO","isPartOf":{"@id":"https:\/\/unisale.com.br\/pastoral\/#website"},"primaryImageOfPage":{"@id":"https:\/\/unisale.com.br\/novo\/20-04-fica-conosco-pois-ja-e-tarde-e-a-noite-vem-chegando\/#primaryimage"},"image":{"@id":"https:\/\/unisale.com.br\/novo\/20-04-fica-conosco-pois-ja-e-tarde-e-a-noite-vem-chegando\/#primaryimage"},"thumbnailUrl":"https:\/\/unisale.com.br\/pastoral\/wp-content\/uploads\/2022\/04\/Ev-20.jpg","datePublished":"2022-04-19T11:06:07+00:00","author":{"@id":"https:\/\/unisale.com.br\/pastoral\/#\/schema\/person\/492d3d7bfe53a8302576d39485aff2c4"},"inLanguage":"pt-BR","potentialAction":[{"@type":"ReadAction","target":["https:\/\/unisale.com.br\/novo\/20-04-fica-conosco-pois-ja-e-tarde-e-a-noite-vem-chegando\/"]}]},{"@type":"ImageObject","inLanguage":"pt-BR","@id":"https:\/\/unisale.com.br\/novo\/20-04-fica-conosco-pois-ja-e-tarde-e-a-noite-vem-chegando\/#primaryimage","url":"https:\/\/unisale.com.br\/pastoral\/wp-content\/uploads\/2022\/04\/Ev-20.jpg","contentUrl":"https:\/\/unisale.com.br\/pastoral\/wp-content\/uploads\/2022\/04\/Ev-20.jpg","width":600,"height":450},{"@type":"WebSite","@id":"https:\/\/unisale.com.br\/pastoral\/#website","url":"https:\/\/unisale.com.br\/pastoral\/","name":"Pastoral Universit\u00e1ria UniSALESIANO","description":"Site da Pastoral Universit\u00e1ria do UniSALESIANO","potentialAction":[{"@type":"SearchAction","target":{"@type":"EntryPoint","urlTemplate":"https:\/\/unisale.com.br\/pastoral\/?s={search_term_string}"},"query-input":{"@type":"PropertyValueSpecification","valueRequired":true,"valueName":"search_term_string"}}],"inLanguage":"pt-BR"},{"@type":"Person","@id":"https:\/\/unisale.com.br\/pastoral\/#\/schema\/person\/492d3d7bfe53a8302576d39485aff2c4","name":"Luiz Alexandre Marinho Lanzoni","url":"https:\/\/unisale.com.br\/pastoral\/author\/luiz\/"}]}},"_links":{"self":[{"href":"https:\/\/unisale.com.br\/pastoral\/wp-json\/wp\/v2\/posts\/4274","targetHints":{"allow":["GET"]}}],"collection":[{"href":"https:\/\/unisale.com.br\/pastoral\/wp-json\/wp\/v2\/posts"}],"about":[{"href":"https:\/\/unisale.com.br\/pastoral\/wp-json\/wp\/v2\/types\/post"}],"author":[{"embeddable":true,"href":"https:\/\/unisale.com.br\/pastoral\/wp-json\/wp\/v2\/users\/6"}],"replies":[{"embeddable":true,"href":"https:\/\/unisale.com.br\/pastoral\/wp-json\/wp\/v2\/comments?post=4274"}],"version-history":[{"count":0,"href":"https:\/\/unisale.com.br\/pastoral\/wp-json\/wp\/v2\/posts\/4274\/revisions"}],"wp:featuredmedia":[{"embeddable":true,"href":"https:\/\/unisale.com.br\/pastoral\/wp-json\/wp\/v2\/media\/4275"}],"wp:attachment":[{"href":"https:\/\/unisale.com.br\/pastoral\/wp-json\/wp\/v2\/media?parent=4274"}],"wp:term":[{"taxonomy":"category","embeddable":true,"href":"https:\/\/unisale.com.br\/pastoral\/wp-json\/wp\/v2\/categories?post=4274"},{"taxonomy":"post_tag","embeddable":true,"href":"https:\/\/unisale.com.br\/pastoral\/wp-json\/wp\/v2\/tags?post=4274"}],"curies":[{"name":"wp","href":"https:\/\/api.w.org\/{rel}","templated":true}]}}