{"id":4286,"date":"2022-04-19T15:14:28","date_gmt":"2022-04-19T15:14:28","guid":{"rendered":"https:\/\/unisale.com.br\/pastoral\/?p=4286"},"modified":"2022-04-19T15:21:10","modified_gmt":"2022-04-19T15:21:10","slug":"21-04-a-paz-esteja-convosco","status":"publish","type":"post","link":"https:\/\/unisale.com.br\/pastoral\/21-04-a-paz-esteja-convosco\/","title":{"rendered":"21\/04 &#8211; A paz esteja convosco!"},"content":{"rendered":"<p>Quinta-feira, 21 de abril de 2022.<\/p>\n<p>&nbsp;<\/p>\n<p>Evangelho (Lc 24,35-48)<\/p>\n<p>&nbsp;<\/p>\n<p><strong>\u201cA paz esteja convosco!\u201d<\/strong><\/p>\n<p>&nbsp;<\/p>\n<p>Naquele tempo, <sup>35<\/sup>os disc\u00edpulos contaram o que tinha acontecido no caminho, e como tinham reconhecido Jesus ao partir o p\u00e3o. <sup>36<\/sup>Ainda estavam falando, quando o pr\u00f3prio Jesus apareceu no meio deles e lhes disse: \u201cA paz esteja convosco!\u201d <sup>37<\/sup>Eles ficaram assustados e cheios de medo, pensando que estavam vendo um fantasma. <sup>38<\/sup>Mas Jesus disse: \u201cPor que estais preocupados, e por que tendes d\u00favidas no cora\u00e7\u00e3o? <sup>39<\/sup>Vede minhas m\u00e3os e meus p\u00e9s: sou eu mesmo! Tocai em mim e vede! Um fantasma n\u00e3o tem carne, nem ossos, como estais vendo que eu tenho\u201d. <sup>40<\/sup>E dizendo isso, Jesus mostrou-lhes as m\u00e3os e os p\u00e9s. <sup>41<\/sup>Mas eles ainda n\u00e3o podiam acreditar, porque estavam muito alegres e surpresos. Ent\u00e3o Jesus disse: \u201cTendes aqui alguma coisa para comer?\u201d <sup>42<\/sup>Deram-lhe um peda\u00e7o de peixe assado. <sup>43<\/sup>Ele o tomou e comeu diante deles. <sup>44<\/sup>Depois disse-lhes: \u201cS\u00e3o estas as coisas que vos falei quando ainda estava convosco: era preciso que se cumprisse tudo o que est\u00e1 escrito sobre mim na Lei de Mois\u00e9s, nos Profetas e nos Salmos\u201d. <sup>45<\/sup>Ent\u00e3o Jesus abriu a intelig\u00eancia dos disc\u00edpulos para entenderem as Escrituras, <sup>46<\/sup>e lhes disse: \u201cAssim est\u00e1 escrito: o Cristo sofrer\u00e1 e ressuscitar\u00e1 dos mortos ao terceiro dia <sup>47<\/sup>e no seu nome, ser\u00e3o anunciados a convers\u00e3o e o perd\u00e3o dos pecados a todas as na\u00e7\u00f5es, come\u00e7ando por Jerusal\u00e9m. <sup>48<\/sup>V\u00f3s sereis testemunhas de tudo isso\u201d.<\/p>\n<p>&nbsp;<\/p>\n<p><strong>Reflex\u00e3o<\/strong><\/p>\n<p>&nbsp;<\/p>\n<p>\u201cAinda estavam falando quando o pr\u00f3prio Jesus apareceu no meio deles e lhes disse: A paz esteja convosco!\u201d. \u00c9 ainda S. Lucas que nos narra uma outra apari\u00e7\u00e3o do Ressuscitado. N\u00e3o importa se voc\u00ea ainda est\u00e1 no caminho voltando para casa como os disc\u00edpulos de Ema\u00fas ou se voc\u00ea est\u00e1 fechado em casa em Jerusal\u00e9m, como no epis\u00f3dio do evangelho de hoje: Jesus \u00e9 livre do espa\u00e7o e do tempo, e justamente por isso nos \u00e9 sempre contempor\u00e2neo no aqui e agora. E o seu dom \u00e9 a paz. Um homem sente paz quando encontra aquilo que estava buscando. Eis porque Jesus sa\u00fada constantemente com a palavra \u201cShalom\u201d. Quem encontram Jesus encontrou aquilo que estava buscando. \u201cEles ficaram assustados e cheios de medo, pensando que estavam vendo um fantasma. Mas Jesus disse: \u2018Por que estais preocupados e por que tendes d\u00favidas no cora\u00e7\u00e3o? Vede minhas m\u00e3os e meus p\u00e9s: sou eu mesmo! Tocai em mim e vede! Um fantasma n\u00e3o tem carne nem ossos, como estais vendo que eu tenho. E, dizendo isso, Jesus mostrou-lhes as m\u00e3os e os p\u00e9s\u201d. \u00a0A rea\u00e7\u00e3o dos disc\u00edpulos \u00e9 a rea\u00e7\u00e3o de quem se assusta com o inesperado. O que nos proporciona a f\u00e9 \u00e9 algo inesperado. Jesus n\u00e3o \u00e9 o produto das nossas necessidades. Ele \u00e9 um imprevisto que transtorna a vida. Eis porque o medo e a excita\u00e7\u00e3o se apoderam dos disc\u00edpulos ali presentes. Contudo, Jesus mostra aos disc\u00edpulos como existe uma grande continuidade entra a Cruz e a ressurrei\u00e7\u00e3o. \u00a0As suas m\u00e3os e os seus p\u00e9s e o seu contato s\u00e3o a prova que Ele \u00e9 verdadeiramente Ele e que n\u00e3o \u00e9 uma alucina\u00e7\u00e3o coletiva. \u201cMas eles n\u00e3o podiam acreditar, porque estavam muito alegres e surpresos. Ent\u00e3o Jesus disse: \u2018Tendes aqui alguma coisa para comer? Deram-lhe um peda\u00e7o de peixe assado. Ele o tomou e comeu diante deles\u201d. A f\u00e9 n\u00e3o pode ser somente um fato interior, emotivo, psicol\u00f3gico. A f\u00e9 ou \u00e9 um acontecimento que muda a vida ou n\u00e3o. Jesus \u00e9 um acontecimento que pode tamb\u00e9m comer. N\u00e3o se encontrou melhor dos evangelista para transmitir-nos esta grande verdade: a ressurrei\u00e7\u00e3o \u00e9 um grande acontecimento, n\u00e3o a simples interpreta\u00e7\u00e3o de um fato.<\/p>\n<p>&nbsp;<\/p>\n<p><strong>Pe. Paulo Eduardo J\u00e1como, sdb.<\/strong><\/p>\n","protected":false},"excerpt":{"rendered":"<p>Quinta-feira, 21 de abril de 2022. &nbsp; Evangelho (Lc 24,35-48) &nbsp; \u201cA paz esteja convosco!\u201d &nbsp; Naquele tempo, 35os disc\u00edpulos contaram o que tinha acontecido&#8230;<\/p>\n","protected":false},"author":6,"featured_media":4287,"comment_status":"closed","ping_status":"closed","sticky":false,"template":"","format":"standard","meta":{"_acf_changed":false,"footnotes":""},"categories":[13],"tags":[],"class_list":["post-4286","post","type-post","status-publish","format-standard","has-post-thumbnail","hentry","category-reflexaodoevagelho"],"acf":[],"yoast_head":"<!-- This site is optimized with the Yoast SEO plugin v27.3 - https:\/\/yoast.com\/product\/yoast-seo-wordpress\/ -->\n<title>21\/04 - A paz esteja convosco! - Pastoral Universit\u00e1ria UniSALESIANO<\/title>\n<meta name=\"robots\" content=\"index, follow, max-snippet:-1, max-image-preview:large, max-video-preview:-1\" \/>\n<link rel=\"canonical\" href=\"https:\/\/unisale.com.br\/novo\/21-04-a-paz-esteja-convosco\/\" \/>\n<meta property=\"og:locale\" content=\"pt_BR\" \/>\n<meta property=\"og:type\" content=\"article\" \/>\n<meta property=\"og:title\" content=\"21\/04 - A paz esteja convosco! - Pastoral Universit\u00e1ria UniSALESIANO\" \/>\n<meta property=\"og:description\" content=\"Quinta-feira, 21 de abril de 2022. &nbsp; Evangelho (Lc 24,35-48) &nbsp; \u201cA paz esteja convosco!\u201d &nbsp; Naquele tempo, 35os disc\u00edpulos contaram o que tinha acontecido...\" \/>\n<meta property=\"og:url\" content=\"https:\/\/unisale.com.br\/novo\/21-04-a-paz-esteja-convosco\/\" \/>\n<meta property=\"og:site_name\" content=\"Pastoral Universit\u00e1ria UniSALESIANO\" \/>\n<meta property=\"article:published_time\" content=\"2022-04-19T15:14:28+00:00\" \/>\n<meta property=\"article:modified_time\" content=\"2022-04-19T15:21:10+00:00\" \/>\n<meta property=\"og:image\" content=\"https:\/\/unisale.com.br\/novo\/wp-content\/uploads\/2022\/04\/Ev-21.jpg\" \/>\n\t<meta property=\"og:image:width\" content=\"442\" \/>\n\t<meta property=\"og:image:height\" content=\"333\" \/>\n\t<meta property=\"og:image:type\" content=\"image\/jpeg\" \/>\n<meta name=\"author\" content=\"Luiz Alexandre Marinho Lanzoni\" \/>\n<meta name=\"twitter:card\" content=\"summary_large_image\" \/>\n<meta name=\"twitter:label1\" content=\"Escrito por\" \/>\n\t<meta name=\"twitter:data1\" content=\"Luiz Alexandre Marinho Lanzoni\" \/>\n\t<meta name=\"twitter:label2\" content=\"Est. tempo de leitura\" \/>\n\t<meta name=\"twitter:data2\" content=\"3 minutos\" \/>\n<script type=\"application\/ld+json\" class=\"yoast-schema-graph\">{\"@context\":\"https:\\\/\\\/schema.org\",\"@graph\":[{\"@type\":\"Article\",\"@id\":\"https:\\\/\\\/unisale.com.br\\\/novo\\\/21-04-a-paz-esteja-convosco\\\/#article\",\"isPartOf\":{\"@id\":\"https:\\\/\\\/unisale.com.br\\\/novo\\\/21-04-a-paz-esteja-convosco\\\/\"},\"author\":{\"name\":\"Luiz Alexandre Marinho Lanzoni\",\"@id\":\"https:\\\/\\\/unisale.com.br\\\/pastoral\\\/#\\\/schema\\\/person\\\/492d3d7bfe53a8302576d39485aff2c4\"},\"headline\":\"21\\\/04 &#8211; A paz esteja convosco!\",\"datePublished\":\"2022-04-19T15:14:28+00:00\",\"dateModified\":\"2022-04-19T15:21:10+00:00\",\"mainEntityOfPage\":{\"@id\":\"https:\\\/\\\/unisale.com.br\\\/novo\\\/21-04-a-paz-esteja-convosco\\\/\"},\"wordCount\":668,\"image\":{\"@id\":\"https:\\\/\\\/unisale.com.br\\\/novo\\\/21-04-a-paz-esteja-convosco\\\/#primaryimage\"},\"thumbnailUrl\":\"https:\\\/\\\/unisale.com.br\\\/pastoral\\\/wp-content\\\/uploads\\\/2022\\\/04\\\/Ev-21.jpg\",\"articleSection\":[\"Reflex\u00e3o do Evangelho\"],\"inLanguage\":\"pt-BR\"},{\"@type\":\"WebPage\",\"@id\":\"https:\\\/\\\/unisale.com.br\\\/novo\\\/21-04-a-paz-esteja-convosco\\\/\",\"url\":\"https:\\\/\\\/unisale.com.br\\\/novo\\\/21-04-a-paz-esteja-convosco\\\/\",\"name\":\"21\\\/04 - A paz esteja convosco! - Pastoral Universit\u00e1ria UniSALESIANO\",\"isPartOf\":{\"@id\":\"https:\\\/\\\/unisale.com.br\\\/pastoral\\\/#website\"},\"primaryImageOfPage\":{\"@id\":\"https:\\\/\\\/unisale.com.br\\\/novo\\\/21-04-a-paz-esteja-convosco\\\/#primaryimage\"},\"image\":{\"@id\":\"https:\\\/\\\/unisale.com.br\\\/novo\\\/21-04-a-paz-esteja-convosco\\\/#primaryimage\"},\"thumbnailUrl\":\"https:\\\/\\\/unisale.com.br\\\/pastoral\\\/wp-content\\\/uploads\\\/2022\\\/04\\\/Ev-21.jpg\",\"datePublished\":\"2022-04-19T15:14:28+00:00\",\"dateModified\":\"2022-04-19T15:21:10+00:00\",\"author\":{\"@id\":\"https:\\\/\\\/unisale.com.br\\\/pastoral\\\/#\\\/schema\\\/person\\\/492d3d7bfe53a8302576d39485aff2c4\"},\"inLanguage\":\"pt-BR\",\"potentialAction\":[{\"@type\":\"ReadAction\",\"target\":[\"https:\\\/\\\/unisale.com.br\\\/novo\\\/21-04-a-paz-esteja-convosco\\\/\"]}]},{\"@type\":\"ImageObject\",\"inLanguage\":\"pt-BR\",\"@id\":\"https:\\\/\\\/unisale.com.br\\\/novo\\\/21-04-a-paz-esteja-convosco\\\/#primaryimage\",\"url\":\"https:\\\/\\\/unisale.com.br\\\/pastoral\\\/wp-content\\\/uploads\\\/2022\\\/04\\\/Ev-21.jpg\",\"contentUrl\":\"https:\\\/\\\/unisale.com.br\\\/pastoral\\\/wp-content\\\/uploads\\\/2022\\\/04\\\/Ev-21.jpg\",\"width\":442,\"height\":333},{\"@type\":\"WebSite\",\"@id\":\"https:\\\/\\\/unisale.com.br\\\/pastoral\\\/#website\",\"url\":\"https:\\\/\\\/unisale.com.br\\\/pastoral\\\/\",\"name\":\"Pastoral Universit\u00e1ria UniSALESIANO\",\"description\":\"Site da Pastoral Universit\u00e1ria do UniSALESIANO\",\"potentialAction\":[{\"@type\":\"SearchAction\",\"target\":{\"@type\":\"EntryPoint\",\"urlTemplate\":\"https:\\\/\\\/unisale.com.br\\\/pastoral\\\/?s={search_term_string}\"},\"query-input\":{\"@type\":\"PropertyValueSpecification\",\"valueRequired\":true,\"valueName\":\"search_term_string\"}}],\"inLanguage\":\"pt-BR\"},{\"@type\":\"Person\",\"@id\":\"https:\\\/\\\/unisale.com.br\\\/pastoral\\\/#\\\/schema\\\/person\\\/492d3d7bfe53a8302576d39485aff2c4\",\"name\":\"Luiz Alexandre Marinho Lanzoni\",\"url\":\"https:\\\/\\\/unisale.com.br\\\/pastoral\\\/author\\\/luiz\\\/\"}]}<\/script>\n<!-- \/ Yoast SEO plugin. -->","yoast_head_json":{"title":"21\/04 - A paz esteja convosco! - Pastoral Universit\u00e1ria UniSALESIANO","robots":{"index":"index","follow":"follow","max-snippet":"max-snippet:-1","max-image-preview":"max-image-preview:large","max-video-preview":"max-video-preview:-1"},"canonical":"https:\/\/unisale.com.br\/novo\/21-04-a-paz-esteja-convosco\/","og_locale":"pt_BR","og_type":"article","og_title":"21\/04 - A paz esteja convosco! - Pastoral Universit\u00e1ria UniSALESIANO","og_description":"Quinta-feira, 21 de abril de 2022. &nbsp; Evangelho (Lc 24,35-48) &nbsp; \u201cA paz esteja convosco!\u201d &nbsp; Naquele tempo, 35os disc\u00edpulos contaram o que tinha acontecido...","og_url":"https:\/\/unisale.com.br\/novo\/21-04-a-paz-esteja-convosco\/","og_site_name":"Pastoral Universit\u00e1ria UniSALESIANO","article_published_time":"2022-04-19T15:14:28+00:00","article_modified_time":"2022-04-19T15:21:10+00:00","og_image":[{"width":442,"height":333,"url":"https:\/\/unisale.com.br\/novo\/wp-content\/uploads\/2022\/04\/Ev-21.jpg","type":"image\/jpeg"}],"author":"Luiz Alexandre Marinho Lanzoni","twitter_card":"summary_large_image","twitter_misc":{"Escrito por":"Luiz Alexandre Marinho Lanzoni","Est. tempo de leitura":"3 minutos"},"schema":{"@context":"https:\/\/schema.org","@graph":[{"@type":"Article","@id":"https:\/\/unisale.com.br\/novo\/21-04-a-paz-esteja-convosco\/#article","isPartOf":{"@id":"https:\/\/unisale.com.br\/novo\/21-04-a-paz-esteja-convosco\/"},"author":{"name":"Luiz Alexandre Marinho Lanzoni","@id":"https:\/\/unisale.com.br\/pastoral\/#\/schema\/person\/492d3d7bfe53a8302576d39485aff2c4"},"headline":"21\/04 &#8211; A paz esteja convosco!","datePublished":"2022-04-19T15:14:28+00:00","dateModified":"2022-04-19T15:21:10+00:00","mainEntityOfPage":{"@id":"https:\/\/unisale.com.br\/novo\/21-04-a-paz-esteja-convosco\/"},"wordCount":668,"image":{"@id":"https:\/\/unisale.com.br\/novo\/21-04-a-paz-esteja-convosco\/#primaryimage"},"thumbnailUrl":"https:\/\/unisale.com.br\/pastoral\/wp-content\/uploads\/2022\/04\/Ev-21.jpg","articleSection":["Reflex\u00e3o do Evangelho"],"inLanguage":"pt-BR"},{"@type":"WebPage","@id":"https:\/\/unisale.com.br\/novo\/21-04-a-paz-esteja-convosco\/","url":"https:\/\/unisale.com.br\/novo\/21-04-a-paz-esteja-convosco\/","name":"21\/04 - A paz esteja convosco! - Pastoral Universit\u00e1ria UniSALESIANO","isPartOf":{"@id":"https:\/\/unisale.com.br\/pastoral\/#website"},"primaryImageOfPage":{"@id":"https:\/\/unisale.com.br\/novo\/21-04-a-paz-esteja-convosco\/#primaryimage"},"image":{"@id":"https:\/\/unisale.com.br\/novo\/21-04-a-paz-esteja-convosco\/#primaryimage"},"thumbnailUrl":"https:\/\/unisale.com.br\/pastoral\/wp-content\/uploads\/2022\/04\/Ev-21.jpg","datePublished":"2022-04-19T15:14:28+00:00","dateModified":"2022-04-19T15:21:10+00:00","author":{"@id":"https:\/\/unisale.com.br\/pastoral\/#\/schema\/person\/492d3d7bfe53a8302576d39485aff2c4"},"inLanguage":"pt-BR","potentialAction":[{"@type":"ReadAction","target":["https:\/\/unisale.com.br\/novo\/21-04-a-paz-esteja-convosco\/"]}]},{"@type":"ImageObject","inLanguage":"pt-BR","@id":"https:\/\/unisale.com.br\/novo\/21-04-a-paz-esteja-convosco\/#primaryimage","url":"https:\/\/unisale.com.br\/pastoral\/wp-content\/uploads\/2022\/04\/Ev-21.jpg","contentUrl":"https:\/\/unisale.com.br\/pastoral\/wp-content\/uploads\/2022\/04\/Ev-21.jpg","width":442,"height":333},{"@type":"WebSite","@id":"https:\/\/unisale.com.br\/pastoral\/#website","url":"https:\/\/unisale.com.br\/pastoral\/","name":"Pastoral Universit\u00e1ria UniSALESIANO","description":"Site da Pastoral Universit\u00e1ria do UniSALESIANO","potentialAction":[{"@type":"SearchAction","target":{"@type":"EntryPoint","urlTemplate":"https:\/\/unisale.com.br\/pastoral\/?s={search_term_string}"},"query-input":{"@type":"PropertyValueSpecification","valueRequired":true,"valueName":"search_term_string"}}],"inLanguage":"pt-BR"},{"@type":"Person","@id":"https:\/\/unisale.com.br\/pastoral\/#\/schema\/person\/492d3d7bfe53a8302576d39485aff2c4","name":"Luiz Alexandre Marinho Lanzoni","url":"https:\/\/unisale.com.br\/pastoral\/author\/luiz\/"}]}},"_links":{"self":[{"href":"https:\/\/unisale.com.br\/pastoral\/wp-json\/wp\/v2\/posts\/4286","targetHints":{"allow":["GET"]}}],"collection":[{"href":"https:\/\/unisale.com.br\/pastoral\/wp-json\/wp\/v2\/posts"}],"about":[{"href":"https:\/\/unisale.com.br\/pastoral\/wp-json\/wp\/v2\/types\/post"}],"author":[{"embeddable":true,"href":"https:\/\/unisale.com.br\/pastoral\/wp-json\/wp\/v2\/users\/6"}],"replies":[{"embeddable":true,"href":"https:\/\/unisale.com.br\/pastoral\/wp-json\/wp\/v2\/comments?post=4286"}],"version-history":[{"count":0,"href":"https:\/\/unisale.com.br\/pastoral\/wp-json\/wp\/v2\/posts\/4286\/revisions"}],"wp:featuredmedia":[{"embeddable":true,"href":"https:\/\/unisale.com.br\/pastoral\/wp-json\/wp\/v2\/media\/4287"}],"wp:attachment":[{"href":"https:\/\/unisale.com.br\/pastoral\/wp-json\/wp\/v2\/media?parent=4286"}],"wp:term":[{"taxonomy":"category","embeddable":true,"href":"https:\/\/unisale.com.br\/pastoral\/wp-json\/wp\/v2\/categories?post=4286"},{"taxonomy":"post_tag","embeddable":true,"href":"https:\/\/unisale.com.br\/pastoral\/wp-json\/wp\/v2\/tags?post=4286"}],"curies":[{"name":"wp","href":"https:\/\/api.w.org\/{rel}","templated":true}]}}