{"id":4332,"date":"2022-04-25T13:49:02","date_gmt":"2022-04-25T13:49:02","guid":{"rendered":"https:\/\/unisale.com.br\/pastoral\/?p=4332"},"modified":"2022-04-25T13:58:12","modified_gmt":"2022-04-25T13:58:12","slug":"24-05-poe-o-teu-dedo-aqui-e-olha-as-minhas-maos-estende-a-tua-mao-e-coloca-a-no-meu-lado-e-nao-sejas-incredulo-mas-fiel","status":"publish","type":"post","link":"https:\/\/unisale.com.br\/pastoral\/24-05-poe-o-teu-dedo-aqui-e-olha-as-minhas-maos-estende-a-tua-mao-e-coloca-a-no-meu-lado-e-nao-sejas-incredulo-mas-fiel\/","title":{"rendered":"24\/04 &#8211; P\u00f5e o teu dedo aqui e olha as minhas m\u00e3os. Estende a tua m\u00e3o e coloca-a no meu lado. E n\u00e3o sejas incr\u00e9dulo, mas fiel."},"content":{"rendered":"<p>Domingo, 24 de abril de 2022. II Domingo da P\u00e1scoa<\/p>\n<p>&nbsp;<\/p>\n<p>Evangelho (Jo 20, 19-31)<\/p>\n<p>&nbsp;<\/p>\n<p><strong>\u201cP\u00f5e o teu dedo aqui e olha as minhas m\u00e3os. Estende a tua m\u00e3o e coloca-a no meu lado. E n\u00e3o sejas incr\u00e9dulo, mas fiel\u201d<\/strong><\/p>\n<p>&nbsp;<\/p>\n<p><sup>19<\/sup>Ao anoitecer daquele dia, o primeiro da semana, estando fechadas, por medo dos judeus, as portas do lugar onde os disc\u00edpulos se encontravam, Jesus entrou e, pondo-se no meio deles, disse: \u201cA paz esteja convosco\u201d. <sup>20<\/sup>Depois dessas palavras, mostrou-lhes as m\u00e3os e o lado. Ent\u00e3o os disc\u00edpulos se alegraram por verem o Senhor. <sup>21<\/sup>Novamente, Jesus disse: \u201cA paz esteja convosco. Como o Pai me enviou, tamb\u00e9m eu vos envio\u201d. <sup>22<\/sup>E, depois de ter dito isso, soprou sobre eles e disse: \u201cRecebei o Esp\u00edrito Santo. <sup>23<\/sup>A quem perdoardes os pecados, eles lhes ser\u00e3o perdoados; a quem os n\u00e3o perdoardes, eles lhes ser\u00e3o retidos\u201d. <sup>24<\/sup>Tom\u00e9, chamado D\u00eddimo, que era um dos doze, n\u00e3o estava com eles quando Jesus veio. <sup>25<\/sup>Os outros disc\u00edpulos contaram-lhe depois: \u201cVimos o Senhor!\u201d Mas Tom\u00e9 disse-lhes: \u201cSe eu n\u00e3o vir a marca dos pregos em suas m\u00e3os, se eu n\u00e3o puser o dedo nas marcas dos pregos e n\u00e3o puser a m\u00e3o no seu lado, n\u00e3o acreditarei\u201d. <sup>26<\/sup>Oito dias depois, encontravam-se os disc\u00edpulos novamente reunidos em casa, e Tom\u00e9 estava com eles. Estando fechadas as portas, Jesus entrou, p\u00f4s-se no meio deles e disse: \u201cA paz esteja convosco\u201d. <sup>27<\/sup>Depois disse a Tom\u00e9: \u201cP\u00f5e o teu dedo aqui e olha as minhas m\u00e3os. Estende a tua m\u00e3o e coloca-a no meu lado. E n\u00e3o sejas incr\u00e9dulo, mas fiel\u201d. <sup>28<\/sup>Tom\u00e9 respondeu: \u201cMeu Senhor e meu Deus!\u201d <sup>29<\/sup>Jesus lhe disse: \u201cAcreditaste, porque me viste? Bem-aventurados os que creram sem terem visto!\u201d <sup>30<\/sup>Jesus realizou muitos outros sinais diante dos disc\u00edpulos, que n\u00e3o est\u00e3o escritos neste livro. <sup>31<\/sup>Mas estes foram escritos para que acrediteis que Jesus \u00e9 o Cristo, o Filho de Deus, e para que, crendo, tenhais a vida em seu nome.<\/p>\n<p>&nbsp;<\/p>\n<p><strong>Reflex\u00e3o<\/strong><\/p>\n<p>&nbsp;<\/p>\n<p>Na tarde de Sexta-feira Santa os disc\u00edpulos de Jesus experimentaram um grande desconforto e uma pesada desilus\u00e3o. Todos pensavam: \u201cFomos enganados! Foi um bonito sonho, mas acabou: o sonho chegou ao fim na tumba de Jesus\u201d. Mas Jesus era Deus. Deus feito homem por amor a cada homem e a sua morte foi uma divina aventura de amor, para reacender o amor no frio gelado da hist\u00f3ria humana. Uma aventura digna de Deus. \u201cE no terceiro dia ressuscitou\u201d. \u00c9 o \u00fanico caso da hist\u00f3ria porque o personagem \u00e9 \u00fanico. Mas, ao in\u00edcio, ningu\u00e9m queria acreditar neste fato t\u00e3o novo, inesperado, muito fora do esquema. Grande confus\u00e3o e emo\u00e7\u00e3o aconteceu&#8230; na manh\u00e3 de P\u00e1scoa! As mulheres correm por primeiro ao sepulcro com a inten\u00e7\u00e3o de completar a sepultura do \u2018morto\u2019 e o \u2018morto\u2019 n\u00e3o estava mais l\u00e1. Dois anjos lhe interrogaram dizendo: \u201cPor que procurais entre os mortos aquele que est\u00e1 vivo! N\u00e3o est\u00e1 aqui! Lembrem-se como ele lhes falou quando estava ainda na Galil\u00e9ia!\u201d As mulheres correm ao Cen\u00e1culo para contar tudo aos ap\u00f3stolos, os quais ainda est\u00e3o chocados com a sexta-feira da crucifica\u00e7\u00e3o. Tamb\u00e9m Maria Madalena vai ao sepulcro e chora e n\u00e3o reconhece Jesus (porque Ele agora n\u00e3o pode ser mais reconhecido com o olhar humano: vive uma outra vida!) e pergunta a Jesus&#8230; onde est\u00e1 Jesus! Jesus a chama pelo nome e agora escuta e v\u00ea a presen\u00e7a e reconhece o Senhor, o qual lhe disse: \u201cN\u00e3o me toque&#8230; mas vai aos meus irm\u00e3os\u201d. E Maria Madalena vai at\u00e9 os ap\u00f3stolos ainda incr\u00e9dulos, mas perturbados pelas insistentes not\u00edcias provenientes do sepulcro vazio. Decidem enviar Pedro e Jo\u00e3o ao Sepulcro. Chega primeiro Jo\u00e3o e espera respeitosamente Pedro antes de entrar. Chegando Pedro, entram juntos e Jo\u00e3o v\u00ea o len\u00e7ol e os linhos dobrados, sem o corpo dentro&#8230; no mesmo lugar onde o havia visto na tarde de sexta-feira. Viu e acreditou! Jesus Ressuscitado, no entanto, est\u00e1 a caminho pelas estradas do mundo. Vai e entra no Cen\u00e1culo e se apresenta com as feridas nas m\u00e3os e nos p\u00e9s e no lado: s\u00e3o a assinatura do amor irrevog\u00e1vel. Como falaram aquelas feridas&#8230; tamb\u00e9m hoje&#8230; tamb\u00e9m a n\u00f3s&#8230; tamb\u00e9m neste momento. Os ap\u00f3stolos as viram por primeiro e talvez naquele momento se esperava uma reprova\u00e7\u00e3o. Se Jesus tivesse gritado, teria tido todo o direito. Se tivesse dito: \u201cVelhacos! Traidores! Gente que n\u00e3o merece nada!\u201d, quem teria ousado contrari\u00e1-lo? Ao inv\u00e9s, Jesus disse: \u201cComo o Pai me enviou, tamb\u00e9m eu vos envio\u201d. \u00c9 de se ficar admirado\u201d Os ap\u00f3stolos poderiam dizer-lhe: Jesus, olha-nos! Vede quem somos! Como pode nos enviar ao mundo em teu nome? Jesus, n\u00f3s temos medo de te trair ainda. Mas Jesus confirma a palavra: \u201cComo o Pai me enviou, tamb\u00e9m eu vos envio\u201d. \u00c9 o mist\u00e9rio do Amor de Deus. Tom\u00e9 n\u00e3o estava no dia da P\u00e1scoa: os ap\u00f3stolos lhe contaram tudo ao encontra-lo; \u00e9, a primeira evangeliza\u00e7\u00e3o falhou. Tom\u00e9 de fato disse: \u201cEu n\u00e3o acredito nas vossas palavras. Se eu n\u00e3o vejo&#8230; se n\u00e3o coloca o meu dedo&#8230; N\u00e3o acreditarei!\u201d E Jesus aparece aos ap\u00f3stolos com Tom\u00e9 oito dias depois. Jesus n\u00e3o se altera com Tom\u00e9, mas lhe diz com afeto: \u201cColoca seus dedos nas minhas feridas e n\u00e3o seja incr\u00e9dulo, mas creia!\u201d A li\u00e7\u00e3o de Jesus \u00e9 para todos n\u00f3s: Se n\u00e3o mostramos as feridas do amor total e livre e gratuito, n\u00e3o acreditar\u00e3o no nosso an\u00fancio! A for\u00e7a do cristianismo \u00e9 o amor&#8230; at\u00e9 o mart\u00edrio. O nosso grande argumento \u00e9 a dedica\u00e7\u00e3o dos Santos, a caridade heroica das testemunhas do Evangelho. A indica\u00e7\u00e3o de Jesus \u00e9 clara: \u201cEm cada Eucaristia me podereis encontrar partindo-vos comigo!\u201d \u201cFazei isto em minha mem\u00f3ria\u201d significa: \u201cFazei como eu fiz, isto \u00e9, amai-vos at\u00e9 o dom total e afugentais o ego\u00edsmo incr\u00e9dulo da humanidade\u201d.<\/p>\n<p>&nbsp;<\/p>\n<p><strong>Pe. Paulo Eduardo J\u00e1como, sdb.<\/strong><\/p>\n","protected":false},"excerpt":{"rendered":"<p>Domingo, 24 de abril de 2022. II Domingo da P\u00e1scoa &nbsp; Evangelho (Jo 20, 19-31) &nbsp; \u201cP\u00f5e o teu dedo aqui e olha as minhas&#8230;<\/p>\n","protected":false},"author":6,"featured_media":4297,"comment_status":"closed","ping_status":"closed","sticky":false,"template":"","format":"standard","meta":{"_acf_changed":false,"footnotes":""},"categories":[13],"tags":[],"class_list":["post-4332","post","type-post","status-publish","format-standard","has-post-thumbnail","hentry","category-reflexaodoevagelho"],"acf":[],"yoast_head":"<!-- This site is optimized with the Yoast SEO plugin v27.3 - https:\/\/yoast.com\/product\/yoast-seo-wordpress\/ -->\n<title>24\/04 - P\u00f5e o teu dedo aqui e olha as minhas m\u00e3os. Estende a tua m\u00e3o e coloca-a no meu lado. E n\u00e3o sejas incr\u00e9dulo, mas fiel. - Pastoral Universit\u00e1ria UniSALESIANO<\/title>\n<meta name=\"robots\" content=\"index, follow, max-snippet:-1, max-image-preview:large, max-video-preview:-1\" \/>\n<link rel=\"canonical\" href=\"https:\/\/unisale.com.br\/novo\/24-05-poe-o-teu-dedo-aqui-e-olha-as-minhas-maos-estende-a-tua-mao-e-coloca-a-no-meu-lado-e-nao-sejas-incredulo-mas-fiel\/\" \/>\n<meta property=\"og:locale\" content=\"pt_BR\" \/>\n<meta property=\"og:type\" content=\"article\" \/>\n<meta property=\"og:title\" content=\"24\/04 - P\u00f5e o teu dedo aqui e olha as minhas m\u00e3os. Estende a tua m\u00e3o e coloca-a no meu lado. E n\u00e3o sejas incr\u00e9dulo, mas fiel. - Pastoral Universit\u00e1ria UniSALESIANO\" \/>\n<meta property=\"og:description\" content=\"Domingo, 24 de abril de 2022. II Domingo da P\u00e1scoa &nbsp; Evangelho (Jo 20, 19-31) &nbsp; \u201cP\u00f5e o teu dedo aqui e olha as minhas...\" \/>\n<meta property=\"og:url\" content=\"https:\/\/unisale.com.br\/novo\/24-05-poe-o-teu-dedo-aqui-e-olha-as-minhas-maos-estende-a-tua-mao-e-coloca-a-no-meu-lado-e-nao-sejas-incredulo-mas-fiel\/\" \/>\n<meta property=\"og:site_name\" content=\"Pastoral Universit\u00e1ria UniSALESIANO\" \/>\n<meta property=\"article:published_time\" content=\"2022-04-25T13:49:02+00:00\" \/>\n<meta property=\"article:modified_time\" content=\"2022-04-25T13:58:12+00:00\" \/>\n<meta property=\"og:image\" content=\"https:\/\/unisale.com.br\/novo\/wp-content\/uploads\/2022\/04\/Ev-24.jpg\" \/>\n\t<meta property=\"og:image:width\" content=\"1600\" \/>\n\t<meta property=\"og:image:height\" content=\"1200\" \/>\n\t<meta property=\"og:image:type\" content=\"image\/jpeg\" \/>\n<meta name=\"author\" content=\"Luiz Alexandre Marinho Lanzoni\" \/>\n<meta name=\"twitter:card\" content=\"summary_large_image\" \/>\n<meta name=\"twitter:label1\" content=\"Escrito por\" \/>\n\t<meta name=\"twitter:data1\" content=\"Luiz Alexandre Marinho Lanzoni\" \/>\n\t<meta name=\"twitter:label2\" content=\"Est. tempo de leitura\" \/>\n\t<meta name=\"twitter:data2\" content=\"5 minutos\" \/>\n<script type=\"application\/ld+json\" class=\"yoast-schema-graph\">{\"@context\":\"https:\\\/\\\/schema.org\",\"@graph\":[{\"@type\":\"Article\",\"@id\":\"https:\\\/\\\/unisale.com.br\\\/novo\\\/24-05-poe-o-teu-dedo-aqui-e-olha-as-minhas-maos-estende-a-tua-mao-e-coloca-a-no-meu-lado-e-nao-sejas-incredulo-mas-fiel\\\/#article\",\"isPartOf\":{\"@id\":\"https:\\\/\\\/unisale.com.br\\\/novo\\\/24-05-poe-o-teu-dedo-aqui-e-olha-as-minhas-maos-estende-a-tua-mao-e-coloca-a-no-meu-lado-e-nao-sejas-incredulo-mas-fiel\\\/\"},\"author\":{\"name\":\"Luiz Alexandre Marinho Lanzoni\",\"@id\":\"https:\\\/\\\/unisale.com.br\\\/pastoral\\\/#\\\/schema\\\/person\\\/492d3d7bfe53a8302576d39485aff2c4\"},\"headline\":\"24\\\/04 &#8211; P\u00f5e o teu dedo aqui e olha as minhas m\u00e3os. Estende a tua m\u00e3o e coloca-a no meu lado. E n\u00e3o sejas incr\u00e9dulo, mas fiel.\",\"datePublished\":\"2022-04-25T13:49:02+00:00\",\"dateModified\":\"2022-04-25T13:58:12+00:00\",\"mainEntityOfPage\":{\"@id\":\"https:\\\/\\\/unisale.com.br\\\/novo\\\/24-05-poe-o-teu-dedo-aqui-e-olha-as-minhas-maos-estende-a-tua-mao-e-coloca-a-no-meu-lado-e-nao-sejas-incredulo-mas-fiel\\\/\"},\"wordCount\":1085,\"image\":{\"@id\":\"https:\\\/\\\/unisale.com.br\\\/novo\\\/24-05-poe-o-teu-dedo-aqui-e-olha-as-minhas-maos-estende-a-tua-mao-e-coloca-a-no-meu-lado-e-nao-sejas-incredulo-mas-fiel\\\/#primaryimage\"},\"thumbnailUrl\":\"https:\\\/\\\/unisale.com.br\\\/pastoral\\\/wp-content\\\/uploads\\\/2022\\\/04\\\/Ev-24.jpg\",\"articleSection\":[\"Reflex\u00e3o do Evangelho\"],\"inLanguage\":\"pt-BR\"},{\"@type\":\"WebPage\",\"@id\":\"https:\\\/\\\/unisale.com.br\\\/novo\\\/24-05-poe-o-teu-dedo-aqui-e-olha-as-minhas-maos-estende-a-tua-mao-e-coloca-a-no-meu-lado-e-nao-sejas-incredulo-mas-fiel\\\/\",\"url\":\"https:\\\/\\\/unisale.com.br\\\/novo\\\/24-05-poe-o-teu-dedo-aqui-e-olha-as-minhas-maos-estende-a-tua-mao-e-coloca-a-no-meu-lado-e-nao-sejas-incredulo-mas-fiel\\\/\",\"name\":\"24\\\/04 - P\u00f5e o teu dedo aqui e olha as minhas m\u00e3os. Estende a tua m\u00e3o e coloca-a no meu lado. E n\u00e3o sejas incr\u00e9dulo, mas fiel. - Pastoral Universit\u00e1ria UniSALESIANO\",\"isPartOf\":{\"@id\":\"https:\\\/\\\/unisale.com.br\\\/pastoral\\\/#website\"},\"primaryImageOfPage\":{\"@id\":\"https:\\\/\\\/unisale.com.br\\\/novo\\\/24-05-poe-o-teu-dedo-aqui-e-olha-as-minhas-maos-estende-a-tua-mao-e-coloca-a-no-meu-lado-e-nao-sejas-incredulo-mas-fiel\\\/#primaryimage\"},\"image\":{\"@id\":\"https:\\\/\\\/unisale.com.br\\\/novo\\\/24-05-poe-o-teu-dedo-aqui-e-olha-as-minhas-maos-estende-a-tua-mao-e-coloca-a-no-meu-lado-e-nao-sejas-incredulo-mas-fiel\\\/#primaryimage\"},\"thumbnailUrl\":\"https:\\\/\\\/unisale.com.br\\\/pastoral\\\/wp-content\\\/uploads\\\/2022\\\/04\\\/Ev-24.jpg\",\"datePublished\":\"2022-04-25T13:49:02+00:00\",\"dateModified\":\"2022-04-25T13:58:12+00:00\",\"author\":{\"@id\":\"https:\\\/\\\/unisale.com.br\\\/pastoral\\\/#\\\/schema\\\/person\\\/492d3d7bfe53a8302576d39485aff2c4\"},\"inLanguage\":\"pt-BR\",\"potentialAction\":[{\"@type\":\"ReadAction\",\"target\":[\"https:\\\/\\\/unisale.com.br\\\/novo\\\/24-05-poe-o-teu-dedo-aqui-e-olha-as-minhas-maos-estende-a-tua-mao-e-coloca-a-no-meu-lado-e-nao-sejas-incredulo-mas-fiel\\\/\"]}]},{\"@type\":\"ImageObject\",\"inLanguage\":\"pt-BR\",\"@id\":\"https:\\\/\\\/unisale.com.br\\\/novo\\\/24-05-poe-o-teu-dedo-aqui-e-olha-as-minhas-maos-estende-a-tua-mao-e-coloca-a-no-meu-lado-e-nao-sejas-incredulo-mas-fiel\\\/#primaryimage\",\"url\":\"https:\\\/\\\/unisale.com.br\\\/pastoral\\\/wp-content\\\/uploads\\\/2022\\\/04\\\/Ev-24.jpg\",\"contentUrl\":\"https:\\\/\\\/unisale.com.br\\\/pastoral\\\/wp-content\\\/uploads\\\/2022\\\/04\\\/Ev-24.jpg\",\"width\":667,\"height\":500},{\"@type\":\"WebSite\",\"@id\":\"https:\\\/\\\/unisale.com.br\\\/pastoral\\\/#website\",\"url\":\"https:\\\/\\\/unisale.com.br\\\/pastoral\\\/\",\"name\":\"Pastoral Universit\u00e1ria UniSALESIANO\",\"description\":\"Site da Pastoral Universit\u00e1ria do UniSALESIANO\",\"potentialAction\":[{\"@type\":\"SearchAction\",\"target\":{\"@type\":\"EntryPoint\",\"urlTemplate\":\"https:\\\/\\\/unisale.com.br\\\/pastoral\\\/?s={search_term_string}\"},\"query-input\":{\"@type\":\"PropertyValueSpecification\",\"valueRequired\":true,\"valueName\":\"search_term_string\"}}],\"inLanguage\":\"pt-BR\"},{\"@type\":\"Person\",\"@id\":\"https:\\\/\\\/unisale.com.br\\\/pastoral\\\/#\\\/schema\\\/person\\\/492d3d7bfe53a8302576d39485aff2c4\",\"name\":\"Luiz Alexandre Marinho Lanzoni\",\"url\":\"https:\\\/\\\/unisale.com.br\\\/pastoral\\\/author\\\/luiz\\\/\"}]}<\/script>\n<!-- \/ Yoast SEO plugin. -->","yoast_head_json":{"title":"24\/04 - P\u00f5e o teu dedo aqui e olha as minhas m\u00e3os. Estende a tua m\u00e3o e coloca-a no meu lado. E n\u00e3o sejas incr\u00e9dulo, mas fiel. - Pastoral Universit\u00e1ria UniSALESIANO","robots":{"index":"index","follow":"follow","max-snippet":"max-snippet:-1","max-image-preview":"max-image-preview:large","max-video-preview":"max-video-preview:-1"},"canonical":"https:\/\/unisale.com.br\/novo\/24-05-poe-o-teu-dedo-aqui-e-olha-as-minhas-maos-estende-a-tua-mao-e-coloca-a-no-meu-lado-e-nao-sejas-incredulo-mas-fiel\/","og_locale":"pt_BR","og_type":"article","og_title":"24\/04 - P\u00f5e o teu dedo aqui e olha as minhas m\u00e3os. Estende a tua m\u00e3o e coloca-a no meu lado. E n\u00e3o sejas incr\u00e9dulo, mas fiel. - Pastoral Universit\u00e1ria UniSALESIANO","og_description":"Domingo, 24 de abril de 2022. II Domingo da P\u00e1scoa &nbsp; Evangelho (Jo 20, 19-31) &nbsp; \u201cP\u00f5e o teu dedo aqui e olha as minhas...","og_url":"https:\/\/unisale.com.br\/novo\/24-05-poe-o-teu-dedo-aqui-e-olha-as-minhas-maos-estende-a-tua-mao-e-coloca-a-no-meu-lado-e-nao-sejas-incredulo-mas-fiel\/","og_site_name":"Pastoral Universit\u00e1ria UniSALESIANO","article_published_time":"2022-04-25T13:49:02+00:00","article_modified_time":"2022-04-25T13:58:12+00:00","og_image":[{"width":1600,"height":1200,"url":"https:\/\/unisale.com.br\/novo\/wp-content\/uploads\/2022\/04\/Ev-24.jpg","type":"image\/jpeg"}],"author":"Luiz Alexandre Marinho Lanzoni","twitter_card":"summary_large_image","twitter_misc":{"Escrito por":"Luiz Alexandre Marinho Lanzoni","Est. tempo de leitura":"5 minutos"},"schema":{"@context":"https:\/\/schema.org","@graph":[{"@type":"Article","@id":"https:\/\/unisale.com.br\/novo\/24-05-poe-o-teu-dedo-aqui-e-olha-as-minhas-maos-estende-a-tua-mao-e-coloca-a-no-meu-lado-e-nao-sejas-incredulo-mas-fiel\/#article","isPartOf":{"@id":"https:\/\/unisale.com.br\/novo\/24-05-poe-o-teu-dedo-aqui-e-olha-as-minhas-maos-estende-a-tua-mao-e-coloca-a-no-meu-lado-e-nao-sejas-incredulo-mas-fiel\/"},"author":{"name":"Luiz Alexandre Marinho Lanzoni","@id":"https:\/\/unisale.com.br\/pastoral\/#\/schema\/person\/492d3d7bfe53a8302576d39485aff2c4"},"headline":"24\/04 &#8211; P\u00f5e o teu dedo aqui e olha as minhas m\u00e3os. Estende a tua m\u00e3o e coloca-a no meu lado. E n\u00e3o sejas incr\u00e9dulo, mas fiel.","datePublished":"2022-04-25T13:49:02+00:00","dateModified":"2022-04-25T13:58:12+00:00","mainEntityOfPage":{"@id":"https:\/\/unisale.com.br\/novo\/24-05-poe-o-teu-dedo-aqui-e-olha-as-minhas-maos-estende-a-tua-mao-e-coloca-a-no-meu-lado-e-nao-sejas-incredulo-mas-fiel\/"},"wordCount":1085,"image":{"@id":"https:\/\/unisale.com.br\/novo\/24-05-poe-o-teu-dedo-aqui-e-olha-as-minhas-maos-estende-a-tua-mao-e-coloca-a-no-meu-lado-e-nao-sejas-incredulo-mas-fiel\/#primaryimage"},"thumbnailUrl":"https:\/\/unisale.com.br\/pastoral\/wp-content\/uploads\/2022\/04\/Ev-24.jpg","articleSection":["Reflex\u00e3o do Evangelho"],"inLanguage":"pt-BR"},{"@type":"WebPage","@id":"https:\/\/unisale.com.br\/novo\/24-05-poe-o-teu-dedo-aqui-e-olha-as-minhas-maos-estende-a-tua-mao-e-coloca-a-no-meu-lado-e-nao-sejas-incredulo-mas-fiel\/","url":"https:\/\/unisale.com.br\/novo\/24-05-poe-o-teu-dedo-aqui-e-olha-as-minhas-maos-estende-a-tua-mao-e-coloca-a-no-meu-lado-e-nao-sejas-incredulo-mas-fiel\/","name":"24\/04 - P\u00f5e o teu dedo aqui e olha as minhas m\u00e3os. Estende a tua m\u00e3o e coloca-a no meu lado. E n\u00e3o sejas incr\u00e9dulo, mas fiel. - Pastoral Universit\u00e1ria UniSALESIANO","isPartOf":{"@id":"https:\/\/unisale.com.br\/pastoral\/#website"},"primaryImageOfPage":{"@id":"https:\/\/unisale.com.br\/novo\/24-05-poe-o-teu-dedo-aqui-e-olha-as-minhas-maos-estende-a-tua-mao-e-coloca-a-no-meu-lado-e-nao-sejas-incredulo-mas-fiel\/#primaryimage"},"image":{"@id":"https:\/\/unisale.com.br\/novo\/24-05-poe-o-teu-dedo-aqui-e-olha-as-minhas-maos-estende-a-tua-mao-e-coloca-a-no-meu-lado-e-nao-sejas-incredulo-mas-fiel\/#primaryimage"},"thumbnailUrl":"https:\/\/unisale.com.br\/pastoral\/wp-content\/uploads\/2022\/04\/Ev-24.jpg","datePublished":"2022-04-25T13:49:02+00:00","dateModified":"2022-04-25T13:58:12+00:00","author":{"@id":"https:\/\/unisale.com.br\/pastoral\/#\/schema\/person\/492d3d7bfe53a8302576d39485aff2c4"},"inLanguage":"pt-BR","potentialAction":[{"@type":"ReadAction","target":["https:\/\/unisale.com.br\/novo\/24-05-poe-o-teu-dedo-aqui-e-olha-as-minhas-maos-estende-a-tua-mao-e-coloca-a-no-meu-lado-e-nao-sejas-incredulo-mas-fiel\/"]}]},{"@type":"ImageObject","inLanguage":"pt-BR","@id":"https:\/\/unisale.com.br\/novo\/24-05-poe-o-teu-dedo-aqui-e-olha-as-minhas-maos-estende-a-tua-mao-e-coloca-a-no-meu-lado-e-nao-sejas-incredulo-mas-fiel\/#primaryimage","url":"https:\/\/unisale.com.br\/pastoral\/wp-content\/uploads\/2022\/04\/Ev-24.jpg","contentUrl":"https:\/\/unisale.com.br\/pastoral\/wp-content\/uploads\/2022\/04\/Ev-24.jpg","width":667,"height":500},{"@type":"WebSite","@id":"https:\/\/unisale.com.br\/pastoral\/#website","url":"https:\/\/unisale.com.br\/pastoral\/","name":"Pastoral Universit\u00e1ria UniSALESIANO","description":"Site da Pastoral Universit\u00e1ria do UniSALESIANO","potentialAction":[{"@type":"SearchAction","target":{"@type":"EntryPoint","urlTemplate":"https:\/\/unisale.com.br\/pastoral\/?s={search_term_string}"},"query-input":{"@type":"PropertyValueSpecification","valueRequired":true,"valueName":"search_term_string"}}],"inLanguage":"pt-BR"},{"@type":"Person","@id":"https:\/\/unisale.com.br\/pastoral\/#\/schema\/person\/492d3d7bfe53a8302576d39485aff2c4","name":"Luiz Alexandre Marinho Lanzoni","url":"https:\/\/unisale.com.br\/pastoral\/author\/luiz\/"}]}},"_links":{"self":[{"href":"https:\/\/unisale.com.br\/pastoral\/wp-json\/wp\/v2\/posts\/4332","targetHints":{"allow":["GET"]}}],"collection":[{"href":"https:\/\/unisale.com.br\/pastoral\/wp-json\/wp\/v2\/posts"}],"about":[{"href":"https:\/\/unisale.com.br\/pastoral\/wp-json\/wp\/v2\/types\/post"}],"author":[{"embeddable":true,"href":"https:\/\/unisale.com.br\/pastoral\/wp-json\/wp\/v2\/users\/6"}],"replies":[{"embeddable":true,"href":"https:\/\/unisale.com.br\/pastoral\/wp-json\/wp\/v2\/comments?post=4332"}],"version-history":[{"count":0,"href":"https:\/\/unisale.com.br\/pastoral\/wp-json\/wp\/v2\/posts\/4332\/revisions"}],"wp:featuredmedia":[{"embeddable":true,"href":"https:\/\/unisale.com.br\/pastoral\/wp-json\/wp\/v2\/media\/4297"}],"wp:attachment":[{"href":"https:\/\/unisale.com.br\/pastoral\/wp-json\/wp\/v2\/media?parent=4332"}],"wp:term":[{"taxonomy":"category","embeddable":true,"href":"https:\/\/unisale.com.br\/pastoral\/wp-json\/wp\/v2\/categories?post=4332"},{"taxonomy":"post_tag","embeddable":true,"href":"https:\/\/unisale.com.br\/pastoral\/wp-json\/wp\/v2\/tags?post=4332"}],"curies":[{"name":"wp","href":"https:\/\/api.w.org\/{rel}","templated":true}]}}