{"id":4334,"date":"2022-04-25T13:51:15","date_gmt":"2022-04-25T13:51:15","guid":{"rendered":"https:\/\/unisale.com.br\/pastoral\/?p=4334"},"modified":"2022-04-25T13:54:16","modified_gmt":"2022-04-25T13:54:16","slug":"25-04-ide-pelo-mundo-inteiro-e-anunciai-o-evangelho-a-toda-criatura","status":"publish","type":"post","link":"https:\/\/unisale.com.br\/pastoral\/25-04-ide-pelo-mundo-inteiro-e-anunciai-o-evangelho-a-toda-criatura\/","title":{"rendered":"25\/04 &#8211; Ide pelo mundo inteiro e anunciai o Evangelho a toda criatura!"},"content":{"rendered":"<p>Segunda-feira, 25 de abril de 2022. (S. Marcos)<\/p>\n<p>&nbsp;<\/p>\n<p>Evangelho (Mc 16, 15-20)<\/p>\n<p>&nbsp;<\/p>\n<p><strong>\u201cIde pelo mundo inteiro e anunciai o Evangelho a toda criatura!\u201d<\/strong><\/p>\n<p>&nbsp;<\/p>\n<p>Naquele tempo, Jesus se manifestou aos onze disc\u00edpulos, <sup>15<\/sup>e disse-lhes: \u201cIde pelo mundo inteiro e anunciai o Evangelho a toda criatura! <sup>16<\/sup>Quem crer e for batizado ser\u00e1 salvo. Quem n\u00e3o crer ser\u00e1 condenado. <sup>17<\/sup>Os sinais que acompanhar\u00e3o aqueles que crerem ser\u00e3o estes: expulsar\u00e3o dem\u00f4nios em meu nome, falar\u00e3o novas l\u00ednguas; <sup>18<\/sup>se pegarem em serpentes ou beberem algum veneno mortal n\u00e3o lhes far\u00e1 mal algum; quando impuserem as m\u00e3os sobre os doentes, eles ficar\u00e3o curados\u201d. <sup>19<\/sup>Depois de falar com os disc\u00edpulos, o Senhor Jesus foi levado ao c\u00e9u, e sentou-se \u00e0 direita de Deus. <sup>20<\/sup>Os disc\u00edpulos ent\u00e3o sa\u00edram e pregaram por toda parte. O Senhor os ajudava e confirmava sua palavra por meio dos sinais que a acompanhavam.<\/p>\n<p>&nbsp;<\/p>\n<p><strong>Reflex\u00e3o<\/strong><\/p>\n<p>&nbsp;<\/p>\n<p>O convite do Ressuscitado \u00e9 para todos n\u00f3s: \u201cIde pelo mundo inteiro e anunciai o Evangelho a toda criatura!\u201d. At\u00e9 podemos imaginar a emo\u00e7\u00e3o do evangelista Marcos ou, talvez mais certamente, daquele disc\u00edpulo e admirador que concluiu o texto com admir\u00e1vel acr\u00e9scimo. A emo\u00e7\u00e3o de escrever mais uma vez esta palavra que, \u00e9 capaz de tocar e mudar o cora\u00e7\u00e3o e deste modo ainda mudar o mundo e orientar radicalmente a hist\u00f3ria: \u2018Evangelho\u2019! O ap\u00f3stolo Pedro, na sua carta, faz men\u00e7\u00e3o deste disc\u00edpulo filial com estas palavras: \u201cVos sa\u00fada a comunidade que vive na Babil\u00f4nia e tamb\u00e9m Marcos, meu filho\u201d (1Pd 5,13). A \u00faltima recomenda\u00e7\u00e3o do ap\u00f3stolo, que vive a experi\u00eancia da di\u00e1spora e se prepara interiormente ao mart\u00edrio, ressoa assim: \u201cSaudai-vos uns aos outros com o \u00f3sculo do amor fraterno. Paz a v\u00f3s todos que sedes estais em Cristo!\u201d (1Pd 5,14). Nesta extrema sauda\u00e7\u00e3o encontramos sintetizado a ess\u00eancia do Evangelho, que \u00e9 capaz de perfumar o mundo inteiro e de iluminar, com a luz nova, a hist\u00f3ria da humanidade: a ternura do amor que traz como fruto a paz. S\u00e3o estes os elementos que fazem do Evangelho n\u00e3o simplesmente e primariamente uma mensagem, mas um verdadeiro rem\u00e9dio para todas as nossas feridas de humanidade que recebemos e sofremos: \u201cEstes ser\u00e3o os sinais que acompanhar\u00e3o aqueles que creem&#8230; curar\u00e3o\u201d (Mc 16,17-18). Se esta \u00e9 a cura do Evangelho capaz de curar at\u00e9 recuperar completamente a nossa humanidade e revigorar e dar fidelidade \u00e0s nossas rela\u00e7\u00f5es, este \u00e9 um estilo que precisa ser assumido. Embora o Evangelista Marcos seja representado com um le\u00e3o que sacode toda a terra conquistada por Veneza, o caminho \u00e9 justamente aquele de se tornar sempre menos le\u00e3o e sempre mais cordeiro. O ap\u00f3stolo Pedro o diz com clareza e firmeza: \u201cHumilhai-vos&#8230;\u201d (1Pd 5,6). Como recordam os Padres do deserto, \u00e9 justamente a humildade a afugentar o advers\u00e1rio das nossas almas, o inimigo da paz, o qual \u201ccomo le\u00e3o que ruge busca a quem devorar. Resisti-lhes firmes na f\u00e9!\u201d (1Pd 5,8). Existe ainda um outro rugido que precisa ser escutado e \u00e9 aquele do \u201cle\u00e3o da tribo de Jud\u00e1\u201d (Ap 5,5) que no nosso cora\u00e7\u00e3o nos chama continuamente \u00e0 sabedoria terap\u00eautica do Evangelho, cuja pot\u00eancia \u00e9 ainda hoje confirmada por \u201csinais\u201d \u00a0(Mc 16,20) que acompanham e que fazem de n\u00f3s mesmos um sinal de esperan\u00e7a, de amor e de paz para \u201ctodas as criaturas\u201d \u00a0(Mc 16,15). O tudo animado por aquela \u201chumildade\u201d a qual nos exorta o ap\u00f3stolo Pedro \u00e9 a chave de cada an\u00fancio e para cada evangeliza\u00e7\u00e3o porque se trata de dar pleno espa\u00e7o a palavra de Deus e \u00e0 sua a\u00e7\u00e3o eficaz na vida dos seus filhos. Anunciar exige sempre um andar que comporta disponibilidade a fazer n\u00e3o s\u00f3 os passos para frente, mas tamb\u00e9m os passos para tr\u00e1s&#8230; como uma dan\u00e7a. Por isto se pode dizer: \u201cComo s\u00e3o belos sobre os montes os p\u00e9s&#8230;!\u201d Os p\u00e9s dos disc\u00edpulos da ressurrei\u00e7\u00e3o n\u00e3o espezinham, mas acariciam a terra da nossa humanidade para restituir-lhe a alegria e a paz atrav\u00e9s do dom renovado do Evangelho ainda a caminho, sempre em crescimento nos sulcos dos cora\u00e7\u00f5es dos homens e das mulheres de todos os tempos e de todos os lugares.<\/p>\n<p>&nbsp;<\/p>\n<p><strong>Pe. Paulo Eduardo J\u00e1como, sdb.<\/strong><\/p>\n","protected":false},"excerpt":{"rendered":"<p>Segunda-feira, 25 de abril de 2022. (S. Marcos) &nbsp; Evangelho (Mc 16, 15-20) &nbsp; \u201cIde pelo mundo inteiro e anunciai o Evangelho a toda criatura!\u201d&#8230;<\/p>\n","protected":false},"author":6,"featured_media":4320,"comment_status":"closed","ping_status":"closed","sticky":false,"template":"","format":"standard","meta":{"_acf_changed":false,"footnotes":""},"categories":[13],"tags":[],"class_list":["post-4334","post","type-post","status-publish","format-standard","has-post-thumbnail","hentry","category-reflexaodoevagelho"],"acf":[],"yoast_head":"<!-- This site is optimized with the Yoast SEO plugin v27.3 - https:\/\/yoast.com\/product\/yoast-seo-wordpress\/ -->\n<title>25\/04 - Ide pelo mundo inteiro e anunciai o Evangelho a toda criatura! - Pastoral Universit\u00e1ria UniSALESIANO<\/title>\n<meta name=\"robots\" content=\"index, follow, max-snippet:-1, max-image-preview:large, max-video-preview:-1\" \/>\n<link rel=\"canonical\" href=\"https:\/\/unisale.com.br\/novo\/25-04-ide-pelo-mundo-inteiro-e-anunciai-o-evangelho-a-toda-criatura\/\" \/>\n<meta property=\"og:locale\" content=\"pt_BR\" \/>\n<meta property=\"og:type\" content=\"article\" \/>\n<meta property=\"og:title\" content=\"25\/04 - Ide pelo mundo inteiro e anunciai o Evangelho a toda criatura! - Pastoral Universit\u00e1ria UniSALESIANO\" \/>\n<meta property=\"og:description\" content=\"Segunda-feira, 25 de abril de 2022. (S. Marcos) &nbsp; Evangelho (Mc 16, 15-20) &nbsp; \u201cIde pelo mundo inteiro e anunciai o Evangelho a toda criatura!\u201d...\" \/>\n<meta property=\"og:url\" content=\"https:\/\/unisale.com.br\/novo\/25-04-ide-pelo-mundo-inteiro-e-anunciai-o-evangelho-a-toda-criatura\/\" \/>\n<meta property=\"og:site_name\" content=\"Pastoral Universit\u00e1ria UniSALESIANO\" \/>\n<meta property=\"article:published_time\" content=\"2022-04-25T13:51:15+00:00\" \/>\n<meta property=\"article:modified_time\" content=\"2022-04-25T13:54:16+00:00\" \/>\n<meta property=\"og:image\" content=\"https:\/\/unisale.com.br\/novo\/wp-content\/uploads\/2022\/04\/Ev-25.jpg\" \/>\n\t<meta property=\"og:image:width\" content=\"303\" \/>\n\t<meta property=\"og:image:height\" content=\"166\" \/>\n\t<meta property=\"og:image:type\" content=\"image\/jpeg\" \/>\n<meta name=\"author\" content=\"Luiz Alexandre Marinho Lanzoni\" \/>\n<meta name=\"twitter:card\" content=\"summary_large_image\" \/>\n<meta name=\"twitter:label1\" content=\"Escrito por\" \/>\n\t<meta name=\"twitter:data1\" content=\"Luiz Alexandre Marinho Lanzoni\" \/>\n\t<meta name=\"twitter:label2\" content=\"Est. tempo de leitura\" \/>\n\t<meta name=\"twitter:data2\" content=\"4 minutos\" \/>\n<script type=\"application\/ld+json\" class=\"yoast-schema-graph\">{\"@context\":\"https:\\\/\\\/schema.org\",\"@graph\":[{\"@type\":\"Article\",\"@id\":\"https:\\\/\\\/unisale.com.br\\\/novo\\\/25-04-ide-pelo-mundo-inteiro-e-anunciai-o-evangelho-a-toda-criatura\\\/#article\",\"isPartOf\":{\"@id\":\"https:\\\/\\\/unisale.com.br\\\/novo\\\/25-04-ide-pelo-mundo-inteiro-e-anunciai-o-evangelho-a-toda-criatura\\\/\"},\"author\":{\"name\":\"Luiz Alexandre Marinho Lanzoni\",\"@id\":\"https:\\\/\\\/unisale.com.br\\\/pastoral\\\/#\\\/schema\\\/person\\\/492d3d7bfe53a8302576d39485aff2c4\"},\"headline\":\"25\\\/04 &#8211; Ide pelo mundo inteiro e anunciai o Evangelho a toda criatura!\",\"datePublished\":\"2022-04-25T13:51:15+00:00\",\"dateModified\":\"2022-04-25T13:54:16+00:00\",\"mainEntityOfPage\":{\"@id\":\"https:\\\/\\\/unisale.com.br\\\/novo\\\/25-04-ide-pelo-mundo-inteiro-e-anunciai-o-evangelho-a-toda-criatura\\\/\"},\"wordCount\":750,\"image\":{\"@id\":\"https:\\\/\\\/unisale.com.br\\\/novo\\\/25-04-ide-pelo-mundo-inteiro-e-anunciai-o-evangelho-a-toda-criatura\\\/#primaryimage\"},\"thumbnailUrl\":\"https:\\\/\\\/unisale.com.br\\\/pastoral\\\/wp-content\\\/uploads\\\/2022\\\/04\\\/Ev-25.jpg\",\"articleSection\":[\"Reflex\u00e3o do Evangelho\"],\"inLanguage\":\"pt-BR\"},{\"@type\":\"WebPage\",\"@id\":\"https:\\\/\\\/unisale.com.br\\\/novo\\\/25-04-ide-pelo-mundo-inteiro-e-anunciai-o-evangelho-a-toda-criatura\\\/\",\"url\":\"https:\\\/\\\/unisale.com.br\\\/novo\\\/25-04-ide-pelo-mundo-inteiro-e-anunciai-o-evangelho-a-toda-criatura\\\/\",\"name\":\"25\\\/04 - Ide pelo mundo inteiro e anunciai o Evangelho a toda criatura! - Pastoral Universit\u00e1ria UniSALESIANO\",\"isPartOf\":{\"@id\":\"https:\\\/\\\/unisale.com.br\\\/pastoral\\\/#website\"},\"primaryImageOfPage\":{\"@id\":\"https:\\\/\\\/unisale.com.br\\\/novo\\\/25-04-ide-pelo-mundo-inteiro-e-anunciai-o-evangelho-a-toda-criatura\\\/#primaryimage\"},\"image\":{\"@id\":\"https:\\\/\\\/unisale.com.br\\\/novo\\\/25-04-ide-pelo-mundo-inteiro-e-anunciai-o-evangelho-a-toda-criatura\\\/#primaryimage\"},\"thumbnailUrl\":\"https:\\\/\\\/unisale.com.br\\\/pastoral\\\/wp-content\\\/uploads\\\/2022\\\/04\\\/Ev-25.jpg\",\"datePublished\":\"2022-04-25T13:51:15+00:00\",\"dateModified\":\"2022-04-25T13:54:16+00:00\",\"author\":{\"@id\":\"https:\\\/\\\/unisale.com.br\\\/pastoral\\\/#\\\/schema\\\/person\\\/492d3d7bfe53a8302576d39485aff2c4\"},\"inLanguage\":\"pt-BR\",\"potentialAction\":[{\"@type\":\"ReadAction\",\"target\":[\"https:\\\/\\\/unisale.com.br\\\/novo\\\/25-04-ide-pelo-mundo-inteiro-e-anunciai-o-evangelho-a-toda-criatura\\\/\"]}]},{\"@type\":\"ImageObject\",\"inLanguage\":\"pt-BR\",\"@id\":\"https:\\\/\\\/unisale.com.br\\\/novo\\\/25-04-ide-pelo-mundo-inteiro-e-anunciai-o-evangelho-a-toda-criatura\\\/#primaryimage\",\"url\":\"https:\\\/\\\/unisale.com.br\\\/pastoral\\\/wp-content\\\/uploads\\\/2022\\\/04\\\/Ev-25.jpg\",\"contentUrl\":\"https:\\\/\\\/unisale.com.br\\\/pastoral\\\/wp-content\\\/uploads\\\/2022\\\/04\\\/Ev-25.jpg\",\"width\":303,\"height\":166},{\"@type\":\"WebSite\",\"@id\":\"https:\\\/\\\/unisale.com.br\\\/pastoral\\\/#website\",\"url\":\"https:\\\/\\\/unisale.com.br\\\/pastoral\\\/\",\"name\":\"Pastoral Universit\u00e1ria UniSALESIANO\",\"description\":\"Site da Pastoral Universit\u00e1ria do UniSALESIANO\",\"potentialAction\":[{\"@type\":\"SearchAction\",\"target\":{\"@type\":\"EntryPoint\",\"urlTemplate\":\"https:\\\/\\\/unisale.com.br\\\/pastoral\\\/?s={search_term_string}\"},\"query-input\":{\"@type\":\"PropertyValueSpecification\",\"valueRequired\":true,\"valueName\":\"search_term_string\"}}],\"inLanguage\":\"pt-BR\"},{\"@type\":\"Person\",\"@id\":\"https:\\\/\\\/unisale.com.br\\\/pastoral\\\/#\\\/schema\\\/person\\\/492d3d7bfe53a8302576d39485aff2c4\",\"name\":\"Luiz Alexandre Marinho Lanzoni\",\"url\":\"https:\\\/\\\/unisale.com.br\\\/pastoral\\\/author\\\/luiz\\\/\"}]}<\/script>\n<!-- \/ Yoast SEO plugin. -->","yoast_head_json":{"title":"25\/04 - Ide pelo mundo inteiro e anunciai o Evangelho a toda criatura! - Pastoral Universit\u00e1ria UniSALESIANO","robots":{"index":"index","follow":"follow","max-snippet":"max-snippet:-1","max-image-preview":"max-image-preview:large","max-video-preview":"max-video-preview:-1"},"canonical":"https:\/\/unisale.com.br\/novo\/25-04-ide-pelo-mundo-inteiro-e-anunciai-o-evangelho-a-toda-criatura\/","og_locale":"pt_BR","og_type":"article","og_title":"25\/04 - Ide pelo mundo inteiro e anunciai o Evangelho a toda criatura! - Pastoral Universit\u00e1ria UniSALESIANO","og_description":"Segunda-feira, 25 de abril de 2022. (S. Marcos) &nbsp; Evangelho (Mc 16, 15-20) &nbsp; \u201cIde pelo mundo inteiro e anunciai o Evangelho a toda criatura!\u201d...","og_url":"https:\/\/unisale.com.br\/novo\/25-04-ide-pelo-mundo-inteiro-e-anunciai-o-evangelho-a-toda-criatura\/","og_site_name":"Pastoral Universit\u00e1ria UniSALESIANO","article_published_time":"2022-04-25T13:51:15+00:00","article_modified_time":"2022-04-25T13:54:16+00:00","og_image":[{"width":303,"height":166,"url":"https:\/\/unisale.com.br\/novo\/wp-content\/uploads\/2022\/04\/Ev-25.jpg","type":"image\/jpeg"}],"author":"Luiz Alexandre Marinho Lanzoni","twitter_card":"summary_large_image","twitter_misc":{"Escrito por":"Luiz Alexandre Marinho Lanzoni","Est. tempo de leitura":"4 minutos"},"schema":{"@context":"https:\/\/schema.org","@graph":[{"@type":"Article","@id":"https:\/\/unisale.com.br\/novo\/25-04-ide-pelo-mundo-inteiro-e-anunciai-o-evangelho-a-toda-criatura\/#article","isPartOf":{"@id":"https:\/\/unisale.com.br\/novo\/25-04-ide-pelo-mundo-inteiro-e-anunciai-o-evangelho-a-toda-criatura\/"},"author":{"name":"Luiz Alexandre Marinho Lanzoni","@id":"https:\/\/unisale.com.br\/pastoral\/#\/schema\/person\/492d3d7bfe53a8302576d39485aff2c4"},"headline":"25\/04 &#8211; Ide pelo mundo inteiro e anunciai o Evangelho a toda criatura!","datePublished":"2022-04-25T13:51:15+00:00","dateModified":"2022-04-25T13:54:16+00:00","mainEntityOfPage":{"@id":"https:\/\/unisale.com.br\/novo\/25-04-ide-pelo-mundo-inteiro-e-anunciai-o-evangelho-a-toda-criatura\/"},"wordCount":750,"image":{"@id":"https:\/\/unisale.com.br\/novo\/25-04-ide-pelo-mundo-inteiro-e-anunciai-o-evangelho-a-toda-criatura\/#primaryimage"},"thumbnailUrl":"https:\/\/unisale.com.br\/pastoral\/wp-content\/uploads\/2022\/04\/Ev-25.jpg","articleSection":["Reflex\u00e3o do Evangelho"],"inLanguage":"pt-BR"},{"@type":"WebPage","@id":"https:\/\/unisale.com.br\/novo\/25-04-ide-pelo-mundo-inteiro-e-anunciai-o-evangelho-a-toda-criatura\/","url":"https:\/\/unisale.com.br\/novo\/25-04-ide-pelo-mundo-inteiro-e-anunciai-o-evangelho-a-toda-criatura\/","name":"25\/04 - Ide pelo mundo inteiro e anunciai o Evangelho a toda criatura! - Pastoral Universit\u00e1ria UniSALESIANO","isPartOf":{"@id":"https:\/\/unisale.com.br\/pastoral\/#website"},"primaryImageOfPage":{"@id":"https:\/\/unisale.com.br\/novo\/25-04-ide-pelo-mundo-inteiro-e-anunciai-o-evangelho-a-toda-criatura\/#primaryimage"},"image":{"@id":"https:\/\/unisale.com.br\/novo\/25-04-ide-pelo-mundo-inteiro-e-anunciai-o-evangelho-a-toda-criatura\/#primaryimage"},"thumbnailUrl":"https:\/\/unisale.com.br\/pastoral\/wp-content\/uploads\/2022\/04\/Ev-25.jpg","datePublished":"2022-04-25T13:51:15+00:00","dateModified":"2022-04-25T13:54:16+00:00","author":{"@id":"https:\/\/unisale.com.br\/pastoral\/#\/schema\/person\/492d3d7bfe53a8302576d39485aff2c4"},"inLanguage":"pt-BR","potentialAction":[{"@type":"ReadAction","target":["https:\/\/unisale.com.br\/novo\/25-04-ide-pelo-mundo-inteiro-e-anunciai-o-evangelho-a-toda-criatura\/"]}]},{"@type":"ImageObject","inLanguage":"pt-BR","@id":"https:\/\/unisale.com.br\/novo\/25-04-ide-pelo-mundo-inteiro-e-anunciai-o-evangelho-a-toda-criatura\/#primaryimage","url":"https:\/\/unisale.com.br\/pastoral\/wp-content\/uploads\/2022\/04\/Ev-25.jpg","contentUrl":"https:\/\/unisale.com.br\/pastoral\/wp-content\/uploads\/2022\/04\/Ev-25.jpg","width":303,"height":166},{"@type":"WebSite","@id":"https:\/\/unisale.com.br\/pastoral\/#website","url":"https:\/\/unisale.com.br\/pastoral\/","name":"Pastoral Universit\u00e1ria UniSALESIANO","description":"Site da Pastoral Universit\u00e1ria do UniSALESIANO","potentialAction":[{"@type":"SearchAction","target":{"@type":"EntryPoint","urlTemplate":"https:\/\/unisale.com.br\/pastoral\/?s={search_term_string}"},"query-input":{"@type":"PropertyValueSpecification","valueRequired":true,"valueName":"search_term_string"}}],"inLanguage":"pt-BR"},{"@type":"Person","@id":"https:\/\/unisale.com.br\/pastoral\/#\/schema\/person\/492d3d7bfe53a8302576d39485aff2c4","name":"Luiz Alexandre Marinho Lanzoni","url":"https:\/\/unisale.com.br\/pastoral\/author\/luiz\/"}]}},"_links":{"self":[{"href":"https:\/\/unisale.com.br\/pastoral\/wp-json\/wp\/v2\/posts\/4334","targetHints":{"allow":["GET"]}}],"collection":[{"href":"https:\/\/unisale.com.br\/pastoral\/wp-json\/wp\/v2\/posts"}],"about":[{"href":"https:\/\/unisale.com.br\/pastoral\/wp-json\/wp\/v2\/types\/post"}],"author":[{"embeddable":true,"href":"https:\/\/unisale.com.br\/pastoral\/wp-json\/wp\/v2\/users\/6"}],"replies":[{"embeddable":true,"href":"https:\/\/unisale.com.br\/pastoral\/wp-json\/wp\/v2\/comments?post=4334"}],"version-history":[{"count":0,"href":"https:\/\/unisale.com.br\/pastoral\/wp-json\/wp\/v2\/posts\/4334\/revisions"}],"wp:featuredmedia":[{"embeddable":true,"href":"https:\/\/unisale.com.br\/pastoral\/wp-json\/wp\/v2\/media\/4320"}],"wp:attachment":[{"href":"https:\/\/unisale.com.br\/pastoral\/wp-json\/wp\/v2\/media?parent=4334"}],"wp:term":[{"taxonomy":"category","embeddable":true,"href":"https:\/\/unisale.com.br\/pastoral\/wp-json\/wp\/v2\/categories?post=4334"},{"taxonomy":"post_tag","embeddable":true,"href":"https:\/\/unisale.com.br\/pastoral\/wp-json\/wp\/v2\/tags?post=4334"}],"curies":[{"name":"wp","href":"https:\/\/api.w.org\/{rel}","templated":true}]}}