{"id":4393,"date":"2022-05-03T18:52:33","date_gmt":"2022-05-03T18:52:33","guid":{"rendered":"https:\/\/unisale.com.br\/pastoral\/?p=4393"},"modified":"2022-05-03T18:52:33","modified_gmt":"2022-05-03T18:52:33","slug":"04-05-eu-sou-o-pao-da-vida","status":"publish","type":"post","link":"https:\/\/unisale.com.br\/pastoral\/04-05-eu-sou-o-pao-da-vida\/","title":{"rendered":"04\/05 &#8211; Eu sou o p\u00e3o da vida."},"content":{"rendered":"<p>Quarta-feira, 04 de maio de 2022.<\/p>\n<p>&nbsp;<\/p>\n<p>Evangelho (Jo 6, 35-40)<\/p>\n<p>&nbsp;<\/p>\n<p><strong>\u201cEu sou o p\u00e3o da vida\u201d <\/strong><\/p>\n<p>&nbsp;<\/p>\n<p>Naquele tempo, disse Jesus \u00e0 multid\u00e3o: <sup>35<\/sup>\u201cEu sou o p\u00e3o da vida. Quem vem a mim n\u00e3o ter\u00e1 mais fome e quem cr\u00ea em mim nunca mais ter\u00e1 sede. 36Eu, por\u00e9m, vos disse que v\u00f3s me vistes, mas n\u00e3o acreditais. <sup>37<\/sup>Todos os que o Pai me confia vir\u00e3o a mim, e quando vierem, n\u00e3o os afastarei. <sup>38<\/sup>Pois eu desci do c\u00e9u n\u00e3o para fazer a minha vontade, mas a vontade daquele que me enviou. <sup>39<\/sup>E esta \u00e9 a vontade daquele que me enviou: que eu n\u00e3o perca nenhum daqueles que ele me deu, mas os ressuscite no \u00faltimo dia. <sup>40<\/sup>Pois esta \u00e9 a vontade do meu Pai: que toda pessoa que v\u00ea o Filho e nele cr\u00ea tenha a vida eterna. E eu o ressuscitarei no \u00faltimo dia\u201d.<\/p>\n<p>&nbsp;<\/p>\n<p>&nbsp;<\/p>\n<p><strong>Reflex\u00e3o<\/strong><\/p>\n<p>&nbsp;<\/p>\n<p>O que Deus deseja nos dar? O que ele sonha para cada um de n\u00f3s? \u00c9 o evangelho de hoje que parece nos responder a esta pergunta: \u201cPois esta \u00e9 a vontade do meu Pai: que toda pessoa que v\u00ea o Filho e nele cr\u00ea tenha a vida eterna. E eu o ressuscitarei no \u00faltimo dia\u201d.<\/p>\n<p>Mas \u00e9 errado pensar que a vida eterna \u00e9 uma quest\u00e3o somente para a vida futura. A vida eterna \u00e9 uma quest\u00e3o tamb\u00e9m para o agora, aqui. \u00c9 aqui que se inicia esta vida eterna. \u00c9 aqui que para n\u00f3s se inicia o c\u00e9u ou o inferno. E o para\u00edso n\u00e3o significa n\u00e3o ter problemas. O para\u00edso \u00e9 saber-se amado por Algu\u00e9m. E igualmente o inferno \u00e9 n\u00e3o se sentir amado por ningu\u00e9m. Se sabemos que somos amados, tudo \u00e9 para\u00edso tamb\u00e9m os problemas. Mas se n\u00e3o nos sentimos amados, tudo \u00e9 inferno, tamb\u00e9m as coisas belas. Depois da morte aquilo que escolhemos com a nossa liberdade, se torna definitivo. Mas \u00e9 aqui que fazemos as nossas escolhas. \u00c9 aqui que escolhemos ou n\u00e3o Cristo. Eis agora porque talvez devamos reformular as palavras de Jesus de modo que possamos compreender em profundidade o que significa a ressurrei\u00e7\u00e3o. Ressurei\u00e7\u00e3o \u00e9 ter uma vida nova que nos \u00e9 doada pelo amor, do saber-se amado. Por fim, a morte foge diante do amor. \u201cO amor \u00e9 mais forte do que a morte\u201d se l\u00ea no C\u00e2ntico dos C\u00e2nticos. Agora n\u00e3o devemos ler \u201co ressuscitarei no \u00faltimo dia\u201d, mas \u201co ressuscitarei todos os dias, at\u00e9 o fim\u201d. Eis porque devemos come\u00e7ar a aprender a considerar dois aspectos da nossa f\u00e9: um que temos o que fazer com o presente e outro que temos que o que fazer com o nosso destino final. \u00a0Tudo aquilo que \u00e9 destino final n\u00e3o \u00e9 simplesmente para depois, mas j\u00e1 \u00e9 agora. Est\u00e1 agora escondido nos sinais. A realidade est\u00e1 carregada do nosso destino final. Devemos, portanto, discernir qual o nosso destino \u00faltimo nas coisas deste mundo. Mas no final, tudo deixar\u00e1 de ser apenas um sinal e se tornar\u00e1 evidente. O futuro se tornar\u00e1 presente e cada um de n\u00f3s viver\u00e1 para sempre daquilo que escolheu todos os dias no agora da nossa vida.<\/p>\n<p>&nbsp;<\/p>\n<p><strong>Pe. Paulo Eduardo J\u00e1como, sdb.<\/strong><\/p>\n","protected":false},"excerpt":{"rendered":"<p>Quarta-feira, 04 de maio de 2022. &nbsp; Evangelho (Jo 6, 35-40) &nbsp; \u201cEu sou o p\u00e3o da vida\u201d &nbsp; Naquele tempo, disse Jesus \u00e0 multid\u00e3o:&#8230;<\/p>\n","protected":false},"author":6,"featured_media":4394,"comment_status":"closed","ping_status":"closed","sticky":false,"template":"","format":"standard","meta":{"_acf_changed":false,"footnotes":""},"categories":[13],"tags":[],"class_list":["post-4393","post","type-post","status-publish","format-standard","has-post-thumbnail","hentry","category-reflexaodoevagelho"],"acf":[],"yoast_head":"<!-- This site is optimized with the Yoast SEO plugin v27.3 - https:\/\/yoast.com\/product\/yoast-seo-wordpress\/ -->\n<title>04\/05 - Eu sou o p\u00e3o da vida. - Pastoral Universit\u00e1ria UniSALESIANO<\/title>\n<meta name=\"robots\" content=\"index, follow, max-snippet:-1, max-image-preview:large, max-video-preview:-1\" \/>\n<link rel=\"canonical\" href=\"https:\/\/unisale.com.br\/novo\/04-05-eu-sou-o-pao-da-vida\/\" \/>\n<meta property=\"og:locale\" content=\"pt_BR\" \/>\n<meta property=\"og:type\" content=\"article\" \/>\n<meta property=\"og:title\" content=\"04\/05 - Eu sou o p\u00e3o da vida. - Pastoral Universit\u00e1ria UniSALESIANO\" \/>\n<meta property=\"og:description\" content=\"Quarta-feira, 04 de maio de 2022. &nbsp; Evangelho (Jo 6, 35-40) &nbsp; \u201cEu sou o p\u00e3o da vida\u201d &nbsp; Naquele tempo, disse Jesus \u00e0 multid\u00e3o:...\" \/>\n<meta property=\"og:url\" content=\"https:\/\/unisale.com.br\/novo\/04-05-eu-sou-o-pao-da-vida\/\" \/>\n<meta property=\"og:site_name\" content=\"Pastoral Universit\u00e1ria UniSALESIANO\" \/>\n<meta property=\"article:published_time\" content=\"2022-05-03T18:52:33+00:00\" \/>\n<meta property=\"og:image\" content=\"https:\/\/unisale.com.br\/novo\/wp-content\/uploads\/2022\/05\/Ev-04.jpg\" \/>\n\t<meta property=\"og:image:width\" content=\"750\" \/>\n\t<meta property=\"og:image:height\" content=\"450\" \/>\n\t<meta property=\"og:image:type\" content=\"image\/jpeg\" \/>\n<meta name=\"author\" content=\"Luiz Alexandre Marinho Lanzoni\" \/>\n<meta name=\"twitter:card\" content=\"summary_large_image\" \/>\n<meta name=\"twitter:label1\" content=\"Escrito por\" \/>\n\t<meta name=\"twitter:data1\" content=\"Luiz Alexandre Marinho Lanzoni\" \/>\n\t<meta name=\"twitter:label2\" content=\"Est. tempo de leitura\" \/>\n\t<meta name=\"twitter:data2\" content=\"3 minutos\" \/>\n<script type=\"application\/ld+json\" class=\"yoast-schema-graph\">{\"@context\":\"https:\\\/\\\/schema.org\",\"@graph\":[{\"@type\":\"Article\",\"@id\":\"https:\\\/\\\/unisale.com.br\\\/novo\\\/04-05-eu-sou-o-pao-da-vida\\\/#article\",\"isPartOf\":{\"@id\":\"https:\\\/\\\/unisale.com.br\\\/novo\\\/04-05-eu-sou-o-pao-da-vida\\\/\"},\"author\":{\"name\":\"Luiz Alexandre Marinho Lanzoni\",\"@id\":\"https:\\\/\\\/unisale.com.br\\\/pastoral\\\/#\\\/schema\\\/person\\\/492d3d7bfe53a8302576d39485aff2c4\"},\"headline\":\"04\\\/05 &#8211; Eu sou o p\u00e3o da vida.\",\"datePublished\":\"2022-05-03T18:52:33+00:00\",\"mainEntityOfPage\":{\"@id\":\"https:\\\/\\\/unisale.com.br\\\/novo\\\/04-05-eu-sou-o-pao-da-vida\\\/\"},\"wordCount\":552,\"image\":{\"@id\":\"https:\\\/\\\/unisale.com.br\\\/novo\\\/04-05-eu-sou-o-pao-da-vida\\\/#primaryimage\"},\"thumbnailUrl\":\"https:\\\/\\\/unisale.com.br\\\/pastoral\\\/wp-content\\\/uploads\\\/2022\\\/05\\\/Ev-04.jpg\",\"articleSection\":[\"Reflex\u00e3o do Evangelho\"],\"inLanguage\":\"pt-BR\"},{\"@type\":\"WebPage\",\"@id\":\"https:\\\/\\\/unisale.com.br\\\/novo\\\/04-05-eu-sou-o-pao-da-vida\\\/\",\"url\":\"https:\\\/\\\/unisale.com.br\\\/novo\\\/04-05-eu-sou-o-pao-da-vida\\\/\",\"name\":\"04\\\/05 - Eu sou o p\u00e3o da vida. - Pastoral Universit\u00e1ria UniSALESIANO\",\"isPartOf\":{\"@id\":\"https:\\\/\\\/unisale.com.br\\\/pastoral\\\/#website\"},\"primaryImageOfPage\":{\"@id\":\"https:\\\/\\\/unisale.com.br\\\/novo\\\/04-05-eu-sou-o-pao-da-vida\\\/#primaryimage\"},\"image\":{\"@id\":\"https:\\\/\\\/unisale.com.br\\\/novo\\\/04-05-eu-sou-o-pao-da-vida\\\/#primaryimage\"},\"thumbnailUrl\":\"https:\\\/\\\/unisale.com.br\\\/pastoral\\\/wp-content\\\/uploads\\\/2022\\\/05\\\/Ev-04.jpg\",\"datePublished\":\"2022-05-03T18:52:33+00:00\",\"author\":{\"@id\":\"https:\\\/\\\/unisale.com.br\\\/pastoral\\\/#\\\/schema\\\/person\\\/492d3d7bfe53a8302576d39485aff2c4\"},\"inLanguage\":\"pt-BR\",\"potentialAction\":[{\"@type\":\"ReadAction\",\"target\":[\"https:\\\/\\\/unisale.com.br\\\/novo\\\/04-05-eu-sou-o-pao-da-vida\\\/\"]}]},{\"@type\":\"ImageObject\",\"inLanguage\":\"pt-BR\",\"@id\":\"https:\\\/\\\/unisale.com.br\\\/novo\\\/04-05-eu-sou-o-pao-da-vida\\\/#primaryimage\",\"url\":\"https:\\\/\\\/unisale.com.br\\\/pastoral\\\/wp-content\\\/uploads\\\/2022\\\/05\\\/Ev-04.jpg\",\"contentUrl\":\"https:\\\/\\\/unisale.com.br\\\/pastoral\\\/wp-content\\\/uploads\\\/2022\\\/05\\\/Ev-04.jpg\",\"width\":750,\"height\":450},{\"@type\":\"WebSite\",\"@id\":\"https:\\\/\\\/unisale.com.br\\\/pastoral\\\/#website\",\"url\":\"https:\\\/\\\/unisale.com.br\\\/pastoral\\\/\",\"name\":\"Pastoral Universit\u00e1ria UniSALESIANO\",\"description\":\"Site da Pastoral Universit\u00e1ria do UniSALESIANO\",\"potentialAction\":[{\"@type\":\"SearchAction\",\"target\":{\"@type\":\"EntryPoint\",\"urlTemplate\":\"https:\\\/\\\/unisale.com.br\\\/pastoral\\\/?s={search_term_string}\"},\"query-input\":{\"@type\":\"PropertyValueSpecification\",\"valueRequired\":true,\"valueName\":\"search_term_string\"}}],\"inLanguage\":\"pt-BR\"},{\"@type\":\"Person\",\"@id\":\"https:\\\/\\\/unisale.com.br\\\/pastoral\\\/#\\\/schema\\\/person\\\/492d3d7bfe53a8302576d39485aff2c4\",\"name\":\"Luiz Alexandre Marinho Lanzoni\",\"url\":\"https:\\\/\\\/unisale.com.br\\\/pastoral\\\/author\\\/luiz\\\/\"}]}<\/script>\n<!-- \/ Yoast SEO plugin. -->","yoast_head_json":{"title":"04\/05 - Eu sou o p\u00e3o da vida. - Pastoral Universit\u00e1ria UniSALESIANO","robots":{"index":"index","follow":"follow","max-snippet":"max-snippet:-1","max-image-preview":"max-image-preview:large","max-video-preview":"max-video-preview:-1"},"canonical":"https:\/\/unisale.com.br\/novo\/04-05-eu-sou-o-pao-da-vida\/","og_locale":"pt_BR","og_type":"article","og_title":"04\/05 - Eu sou o p\u00e3o da vida. - Pastoral Universit\u00e1ria UniSALESIANO","og_description":"Quarta-feira, 04 de maio de 2022. &nbsp; Evangelho (Jo 6, 35-40) &nbsp; \u201cEu sou o p\u00e3o da vida\u201d &nbsp; Naquele tempo, disse Jesus \u00e0 multid\u00e3o:...","og_url":"https:\/\/unisale.com.br\/novo\/04-05-eu-sou-o-pao-da-vida\/","og_site_name":"Pastoral Universit\u00e1ria UniSALESIANO","article_published_time":"2022-05-03T18:52:33+00:00","og_image":[{"width":750,"height":450,"url":"https:\/\/unisale.com.br\/novo\/wp-content\/uploads\/2022\/05\/Ev-04.jpg","type":"image\/jpeg"}],"author":"Luiz Alexandre Marinho Lanzoni","twitter_card":"summary_large_image","twitter_misc":{"Escrito por":"Luiz Alexandre Marinho Lanzoni","Est. tempo de leitura":"3 minutos"},"schema":{"@context":"https:\/\/schema.org","@graph":[{"@type":"Article","@id":"https:\/\/unisale.com.br\/novo\/04-05-eu-sou-o-pao-da-vida\/#article","isPartOf":{"@id":"https:\/\/unisale.com.br\/novo\/04-05-eu-sou-o-pao-da-vida\/"},"author":{"name":"Luiz Alexandre Marinho Lanzoni","@id":"https:\/\/unisale.com.br\/pastoral\/#\/schema\/person\/492d3d7bfe53a8302576d39485aff2c4"},"headline":"04\/05 &#8211; Eu sou o p\u00e3o da vida.","datePublished":"2022-05-03T18:52:33+00:00","mainEntityOfPage":{"@id":"https:\/\/unisale.com.br\/novo\/04-05-eu-sou-o-pao-da-vida\/"},"wordCount":552,"image":{"@id":"https:\/\/unisale.com.br\/novo\/04-05-eu-sou-o-pao-da-vida\/#primaryimage"},"thumbnailUrl":"https:\/\/unisale.com.br\/pastoral\/wp-content\/uploads\/2022\/05\/Ev-04.jpg","articleSection":["Reflex\u00e3o do Evangelho"],"inLanguage":"pt-BR"},{"@type":"WebPage","@id":"https:\/\/unisale.com.br\/novo\/04-05-eu-sou-o-pao-da-vida\/","url":"https:\/\/unisale.com.br\/novo\/04-05-eu-sou-o-pao-da-vida\/","name":"04\/05 - Eu sou o p\u00e3o da vida. - Pastoral Universit\u00e1ria UniSALESIANO","isPartOf":{"@id":"https:\/\/unisale.com.br\/pastoral\/#website"},"primaryImageOfPage":{"@id":"https:\/\/unisale.com.br\/novo\/04-05-eu-sou-o-pao-da-vida\/#primaryimage"},"image":{"@id":"https:\/\/unisale.com.br\/novo\/04-05-eu-sou-o-pao-da-vida\/#primaryimage"},"thumbnailUrl":"https:\/\/unisale.com.br\/pastoral\/wp-content\/uploads\/2022\/05\/Ev-04.jpg","datePublished":"2022-05-03T18:52:33+00:00","author":{"@id":"https:\/\/unisale.com.br\/pastoral\/#\/schema\/person\/492d3d7bfe53a8302576d39485aff2c4"},"inLanguage":"pt-BR","potentialAction":[{"@type":"ReadAction","target":["https:\/\/unisale.com.br\/novo\/04-05-eu-sou-o-pao-da-vida\/"]}]},{"@type":"ImageObject","inLanguage":"pt-BR","@id":"https:\/\/unisale.com.br\/novo\/04-05-eu-sou-o-pao-da-vida\/#primaryimage","url":"https:\/\/unisale.com.br\/pastoral\/wp-content\/uploads\/2022\/05\/Ev-04.jpg","contentUrl":"https:\/\/unisale.com.br\/pastoral\/wp-content\/uploads\/2022\/05\/Ev-04.jpg","width":750,"height":450},{"@type":"WebSite","@id":"https:\/\/unisale.com.br\/pastoral\/#website","url":"https:\/\/unisale.com.br\/pastoral\/","name":"Pastoral Universit\u00e1ria UniSALESIANO","description":"Site da Pastoral Universit\u00e1ria do UniSALESIANO","potentialAction":[{"@type":"SearchAction","target":{"@type":"EntryPoint","urlTemplate":"https:\/\/unisale.com.br\/pastoral\/?s={search_term_string}"},"query-input":{"@type":"PropertyValueSpecification","valueRequired":true,"valueName":"search_term_string"}}],"inLanguage":"pt-BR"},{"@type":"Person","@id":"https:\/\/unisale.com.br\/pastoral\/#\/schema\/person\/492d3d7bfe53a8302576d39485aff2c4","name":"Luiz Alexandre Marinho Lanzoni","url":"https:\/\/unisale.com.br\/pastoral\/author\/luiz\/"}]}},"_links":{"self":[{"href":"https:\/\/unisale.com.br\/pastoral\/wp-json\/wp\/v2\/posts\/4393","targetHints":{"allow":["GET"]}}],"collection":[{"href":"https:\/\/unisale.com.br\/pastoral\/wp-json\/wp\/v2\/posts"}],"about":[{"href":"https:\/\/unisale.com.br\/pastoral\/wp-json\/wp\/v2\/types\/post"}],"author":[{"embeddable":true,"href":"https:\/\/unisale.com.br\/pastoral\/wp-json\/wp\/v2\/users\/6"}],"replies":[{"embeddable":true,"href":"https:\/\/unisale.com.br\/pastoral\/wp-json\/wp\/v2\/comments?post=4393"}],"version-history":[{"count":0,"href":"https:\/\/unisale.com.br\/pastoral\/wp-json\/wp\/v2\/posts\/4393\/revisions"}],"wp:featuredmedia":[{"embeddable":true,"href":"https:\/\/unisale.com.br\/pastoral\/wp-json\/wp\/v2\/media\/4394"}],"wp:attachment":[{"href":"https:\/\/unisale.com.br\/pastoral\/wp-json\/wp\/v2\/media?parent=4393"}],"wp:term":[{"taxonomy":"category","embeddable":true,"href":"https:\/\/unisale.com.br\/pastoral\/wp-json\/wp\/v2\/categories?post=4393"},{"taxonomy":"post_tag","embeddable":true,"href":"https:\/\/unisale.com.br\/pastoral\/wp-json\/wp\/v2\/tags?post=4393"}],"curies":[{"name":"wp","href":"https:\/\/api.w.org\/{rel}","templated":true}]}}