{"id":4424,"date":"2022-05-07T10:58:11","date_gmt":"2022-05-07T10:58:11","guid":{"rendered":"https:\/\/unisale.com.br\/pastoral\/?p=4424"},"modified":"2022-05-07T11:03:16","modified_gmt":"2022-05-07T11:03:16","slug":"08-05-as-minhas-ovelhas-escutam-a-minha-voz","status":"publish","type":"post","link":"https:\/\/unisale.com.br\/pastoral\/08-05-as-minhas-ovelhas-escutam-a-minha-voz\/","title":{"rendered":"08\/05 &#8211; As minhas ovelhas escutam a minha voz&#8230; ."},"content":{"rendered":"<p>Domingo, 08 de maio de 2022. \u2013 IV Domingo da P\u00e1scoa C<\/p>\n<p>&nbsp;<\/p>\n<p>Evangelho (Jo 10,27-30)<\/p>\n<p>&nbsp;<\/p>\n<p><strong>\u201cAs minhas ovelhas escutam a minha voz&#8230;\u201d<\/strong><\/p>\n<p>&nbsp;<\/p>\n<p>Naquele tempo, disse Jesus: <sup>27<\/sup>\u201cAs minhas ovelhas escutam a minha voz, eu as conhe\u00e7o e elas me seguem. <sup>28<\/sup>Eu dou-lhes a vida eterna e elas jamais se perder\u00e3o. E ningu\u00e9m vai arranc\u00e1-las de minha m\u00e3o. <sup>29<\/sup>Meu Pai, que me deu estas ovelhas, \u00e9 maior que todos, e ningu\u00e9m pode arrebat\u00e1-las da m\u00e3o do Pai. <sup>30<\/sup>Eu e o Pai somos um\u201d.<\/p>\n<p>&nbsp;<\/p>\n<p><strong>Reflex\u00e3o<\/strong><\/p>\n<p>&nbsp;<\/p>\n<p>Hoje celebramos o Domingo do Bom Pastor. Jesus se apresenta como o Bom Pastor que d\u00e1 a vida por suas ovelhas. A imagem do \u201cPastor\u201d est\u00e1 muito presente no Antigo Testamento e na Tradi\u00e7\u00e3o crist\u00e3. Os profetas atribu\u00edram ao futuro descendente de Davi o t\u00edtulo de \u201cpastor de Israel\u201d. Jesus \u00e9 o verdadeiro Pastor de Israel. \u201cDou \u00e0s minhas ovelhas a vida eterna e nunca h\u00e3o de perecer\u201d (Jo 10,28). Jesus ainda afirma que o Bom Pastor oferece a vida por suas ovelhas. Jesus disp\u00f5e com liberdade a sua vida. Cristo \u00e9 o verdadeiro Bom Pastor que deu a vida por suas ovelhas, por n\u00f3s, imolando-se na Cruz. Jesus conhece as suas ovelhas e elas o conhecem. N\u00e3o \u00e9 um conhecimento intelectual, mas uma rela\u00e7\u00e3o pessoal profunda; um conhecimento do cora\u00e7\u00e3o, pr\u00f3prio de quem ama e \u00e9 amado; de quem \u00e9 fiel e de quem sabe que, por sua vez, se pode confiar; um conhecimento de amor em virtude do qual o Pastor convida os seus a segui-lo, e que se manifesta plenamente no dom que lhes faz da vida eterna (cf. Bento XVI). Jesus toma o pastor como imagem da sua miss\u00e3o. \u201cEu sou o Bom Pastor&#8230; as ovelhas conhecem a minha voz&#8230;\u201d Podemos nos perguntar: como \u00e9 poss\u00edvel conhecer a voz do Senhor? Conhecem porque Ele \u00e9 Bom! O pastor bom \u00e9 aquele que, vivendo a amea\u00e7a do ego\u00edsmo, se converte em dar a vida. Quem s\u00f3 em si n\u00e3o poder\u00e1 jamais reconhecer Deus, porque Deus \u00e9 altru\u00edsmo infinito. Quem se preocupa s\u00f3 em acumular, n\u00e3o poder\u00e1 jamais reconhecer Deus, porque Deus \u00e9 Aquele que se d\u00e1 a Si mesmo. Existe uma verdadeira incompatibilidade entre Deus e o ego\u00edsta; entre Deus e o avarento; entre Deus e o orgulhoso. Uma comunidade impregnada de caridade \u00e9 terreno fecundo para as voca\u00e7\u00f5es. Uma sociedade que s\u00f3 pensa em \u201cgozar a vida\u201d \u00e9 al\u00e9rgica a Deus. N\u00f3s possu\u00edmos o primado do bem-estar sem alma; o primado dos homic\u00eddios; o primado dos suic\u00eddios; o primado das drogas, dos abortos, dos div\u00f3rcios, da frieza, somos graduados no ego\u00edsmo. Mas n\u00e3o somos felizes: solid\u00e3o, incompreens\u00e3o, tristeza e nervosismo, s\u00e3o os nossos problemas. O que nos falta? Falta Algu\u00e9m, falta Deus, falta Jesus. A se pud\u00e9ssemos compreender isso! A imagem do Pastor evoca a ideia da vida como caminho. Estamos em viagem: coitados de n\u00f3s se esquecermos esta verdade. As tribula\u00e7\u00f5es, as doen\u00e7as, s\u00e3o males do ex\u00edlio, s\u00e3o avisos do distanciamento de casa. Ao mesmo tempo a vida se torna uma exaltante e empenhada espera pelo encontro. \u00c9 como dizia Santa Tereza D\u2019\u00c1vila quando escutava o sino do rel\u00f3gio bater: \u201cQue alegria! Uma hora a menos a esperar!\u201d.<\/p>\n<p>&nbsp;<\/p>\n<p><strong>Pe. Paulo Eduardo J\u00e1como, sdb.<\/strong><\/p>\n","protected":false},"excerpt":{"rendered":"<p>Domingo, 08 de maio de 2022. \u2013 IV Domingo da P\u00e1scoa C &nbsp; Evangelho (Jo 10,27-30) &nbsp; \u201cAs minhas ovelhas escutam a minha voz&#8230;\u201d &nbsp;&#8230;<\/p>\n","protected":false},"author":6,"featured_media":4425,"comment_status":"closed","ping_status":"closed","sticky":false,"template":"","format":"standard","meta":{"_acf_changed":false,"footnotes":""},"categories":[1],"tags":[],"class_list":["post-4424","post","type-post","status-publish","format-standard","has-post-thumbnail","hentry","category-uncategorized"],"acf":[],"yoast_head":"<!-- This site is optimized with the Yoast SEO plugin v27.3 - https:\/\/yoast.com\/product\/yoast-seo-wordpress\/ -->\n<title>08\/05 - As minhas ovelhas escutam a minha voz... . - Pastoral Universit\u00e1ria UniSALESIANO<\/title>\n<meta name=\"robots\" content=\"index, follow, max-snippet:-1, max-image-preview:large, max-video-preview:-1\" \/>\n<link rel=\"canonical\" href=\"https:\/\/unisale.com.br\/novo\/08-05-as-minhas-ovelhas-escutam-a-minha-voz\/\" \/>\n<meta property=\"og:locale\" content=\"pt_BR\" \/>\n<meta property=\"og:type\" content=\"article\" \/>\n<meta property=\"og:title\" content=\"08\/05 - As minhas ovelhas escutam a minha voz... . - Pastoral Universit\u00e1ria UniSALESIANO\" \/>\n<meta property=\"og:description\" content=\"Domingo, 08 de maio de 2022. \u2013 IV Domingo da P\u00e1scoa C &nbsp; Evangelho (Jo 10,27-30) &nbsp; \u201cAs minhas ovelhas escutam a minha voz&#8230;\u201d &nbsp;...\" \/>\n<meta property=\"og:url\" content=\"https:\/\/unisale.com.br\/novo\/08-05-as-minhas-ovelhas-escutam-a-minha-voz\/\" \/>\n<meta property=\"og:site_name\" content=\"Pastoral Universit\u00e1ria UniSALESIANO\" \/>\n<meta property=\"article:published_time\" content=\"2022-05-07T10:58:11+00:00\" \/>\n<meta property=\"article:modified_time\" content=\"2022-05-07T11:03:16+00:00\" \/>\n<meta property=\"og:image\" content=\"https:\/\/unisale.com.br\/novo\/wp-content\/uploads\/2022\/05\/Ev-08-1.jpg\" \/>\n\t<meta property=\"og:image:width\" content=\"850\" \/>\n\t<meta property=\"og:image:height\" content=\"589\" \/>\n\t<meta property=\"og:image:type\" content=\"image\/jpeg\" \/>\n<meta name=\"author\" content=\"Luiz Alexandre Marinho Lanzoni\" \/>\n<meta name=\"twitter:card\" content=\"summary_large_image\" \/>\n<meta name=\"twitter:label1\" content=\"Escrito por\" \/>\n\t<meta name=\"twitter:data1\" content=\"Luiz Alexandre Marinho Lanzoni\" \/>\n\t<meta name=\"twitter:label2\" content=\"Est. tempo de leitura\" \/>\n\t<meta name=\"twitter:data2\" content=\"3 minutos\" \/>\n<script type=\"application\/ld+json\" class=\"yoast-schema-graph\">{\"@context\":\"https:\\\/\\\/schema.org\",\"@graph\":[{\"@type\":\"Article\",\"@id\":\"https:\\\/\\\/unisale.com.br\\\/novo\\\/08-05-as-minhas-ovelhas-escutam-a-minha-voz\\\/#article\",\"isPartOf\":{\"@id\":\"https:\\\/\\\/unisale.com.br\\\/novo\\\/08-05-as-minhas-ovelhas-escutam-a-minha-voz\\\/\"},\"author\":{\"name\":\"Luiz Alexandre Marinho Lanzoni\",\"@id\":\"https:\\\/\\\/unisale.com.br\\\/pastoral\\\/#\\\/schema\\\/person\\\/492d3d7bfe53a8302576d39485aff2c4\"},\"headline\":\"08\\\/05 &#8211; As minhas ovelhas escutam a minha voz&#8230; .\",\"datePublished\":\"2022-05-07T10:58:11+00:00\",\"dateModified\":\"2022-05-07T11:03:16+00:00\",\"mainEntityOfPage\":{\"@id\":\"https:\\\/\\\/unisale.com.br\\\/novo\\\/08-05-as-minhas-ovelhas-escutam-a-minha-voz\\\/\"},\"wordCount\":578,\"image\":{\"@id\":\"https:\\\/\\\/unisale.com.br\\\/novo\\\/08-05-as-minhas-ovelhas-escutam-a-minha-voz\\\/#primaryimage\"},\"thumbnailUrl\":\"https:\\\/\\\/unisale.com.br\\\/pastoral\\\/wp-content\\\/uploads\\\/2022\\\/05\\\/Ev-08-1.jpg\",\"inLanguage\":\"pt-BR\"},{\"@type\":\"WebPage\",\"@id\":\"https:\\\/\\\/unisale.com.br\\\/novo\\\/08-05-as-minhas-ovelhas-escutam-a-minha-voz\\\/\",\"url\":\"https:\\\/\\\/unisale.com.br\\\/novo\\\/08-05-as-minhas-ovelhas-escutam-a-minha-voz\\\/\",\"name\":\"08\\\/05 - As minhas ovelhas escutam a minha voz... . - Pastoral Universit\u00e1ria UniSALESIANO\",\"isPartOf\":{\"@id\":\"https:\\\/\\\/unisale.com.br\\\/pastoral\\\/#website\"},\"primaryImageOfPage\":{\"@id\":\"https:\\\/\\\/unisale.com.br\\\/novo\\\/08-05-as-minhas-ovelhas-escutam-a-minha-voz\\\/#primaryimage\"},\"image\":{\"@id\":\"https:\\\/\\\/unisale.com.br\\\/novo\\\/08-05-as-minhas-ovelhas-escutam-a-minha-voz\\\/#primaryimage\"},\"thumbnailUrl\":\"https:\\\/\\\/unisale.com.br\\\/pastoral\\\/wp-content\\\/uploads\\\/2022\\\/05\\\/Ev-08-1.jpg\",\"datePublished\":\"2022-05-07T10:58:11+00:00\",\"dateModified\":\"2022-05-07T11:03:16+00:00\",\"author\":{\"@id\":\"https:\\\/\\\/unisale.com.br\\\/pastoral\\\/#\\\/schema\\\/person\\\/492d3d7bfe53a8302576d39485aff2c4\"},\"inLanguage\":\"pt-BR\",\"potentialAction\":[{\"@type\":\"ReadAction\",\"target\":[\"https:\\\/\\\/unisale.com.br\\\/novo\\\/08-05-as-minhas-ovelhas-escutam-a-minha-voz\\\/\"]}]},{\"@type\":\"ImageObject\",\"inLanguage\":\"pt-BR\",\"@id\":\"https:\\\/\\\/unisale.com.br\\\/novo\\\/08-05-as-minhas-ovelhas-escutam-a-minha-voz\\\/#primaryimage\",\"url\":\"https:\\\/\\\/unisale.com.br\\\/pastoral\\\/wp-content\\\/uploads\\\/2022\\\/05\\\/Ev-08-1.jpg\",\"contentUrl\":\"https:\\\/\\\/unisale.com.br\\\/pastoral\\\/wp-content\\\/uploads\\\/2022\\\/05\\\/Ev-08-1.jpg\",\"width\":722,\"height\":500},{\"@type\":\"WebSite\",\"@id\":\"https:\\\/\\\/unisale.com.br\\\/pastoral\\\/#website\",\"url\":\"https:\\\/\\\/unisale.com.br\\\/pastoral\\\/\",\"name\":\"Pastoral Universit\u00e1ria UniSALESIANO\",\"description\":\"Site da Pastoral Universit\u00e1ria do UniSALESIANO\",\"potentialAction\":[{\"@type\":\"SearchAction\",\"target\":{\"@type\":\"EntryPoint\",\"urlTemplate\":\"https:\\\/\\\/unisale.com.br\\\/pastoral\\\/?s={search_term_string}\"},\"query-input\":{\"@type\":\"PropertyValueSpecification\",\"valueRequired\":true,\"valueName\":\"search_term_string\"}}],\"inLanguage\":\"pt-BR\"},{\"@type\":\"Person\",\"@id\":\"https:\\\/\\\/unisale.com.br\\\/pastoral\\\/#\\\/schema\\\/person\\\/492d3d7bfe53a8302576d39485aff2c4\",\"name\":\"Luiz Alexandre Marinho Lanzoni\",\"url\":\"https:\\\/\\\/unisale.com.br\\\/pastoral\\\/author\\\/luiz\\\/\"}]}<\/script>\n<!-- \/ Yoast SEO plugin. -->","yoast_head_json":{"title":"08\/05 - As minhas ovelhas escutam a minha voz... . - Pastoral Universit\u00e1ria UniSALESIANO","robots":{"index":"index","follow":"follow","max-snippet":"max-snippet:-1","max-image-preview":"max-image-preview:large","max-video-preview":"max-video-preview:-1"},"canonical":"https:\/\/unisale.com.br\/novo\/08-05-as-minhas-ovelhas-escutam-a-minha-voz\/","og_locale":"pt_BR","og_type":"article","og_title":"08\/05 - As minhas ovelhas escutam a minha voz... . - Pastoral Universit\u00e1ria UniSALESIANO","og_description":"Domingo, 08 de maio de 2022. \u2013 IV Domingo da P\u00e1scoa C &nbsp; Evangelho (Jo 10,27-30) &nbsp; \u201cAs minhas ovelhas escutam a minha voz&#8230;\u201d &nbsp;...","og_url":"https:\/\/unisale.com.br\/novo\/08-05-as-minhas-ovelhas-escutam-a-minha-voz\/","og_site_name":"Pastoral Universit\u00e1ria UniSALESIANO","article_published_time":"2022-05-07T10:58:11+00:00","article_modified_time":"2022-05-07T11:03:16+00:00","og_image":[{"width":850,"height":589,"url":"https:\/\/unisale.com.br\/novo\/wp-content\/uploads\/2022\/05\/Ev-08-1.jpg","type":"image\/jpeg"}],"author":"Luiz Alexandre Marinho Lanzoni","twitter_card":"summary_large_image","twitter_misc":{"Escrito por":"Luiz Alexandre Marinho Lanzoni","Est. tempo de leitura":"3 minutos"},"schema":{"@context":"https:\/\/schema.org","@graph":[{"@type":"Article","@id":"https:\/\/unisale.com.br\/novo\/08-05-as-minhas-ovelhas-escutam-a-minha-voz\/#article","isPartOf":{"@id":"https:\/\/unisale.com.br\/novo\/08-05-as-minhas-ovelhas-escutam-a-minha-voz\/"},"author":{"name":"Luiz Alexandre Marinho Lanzoni","@id":"https:\/\/unisale.com.br\/pastoral\/#\/schema\/person\/492d3d7bfe53a8302576d39485aff2c4"},"headline":"08\/05 &#8211; As minhas ovelhas escutam a minha voz&#8230; .","datePublished":"2022-05-07T10:58:11+00:00","dateModified":"2022-05-07T11:03:16+00:00","mainEntityOfPage":{"@id":"https:\/\/unisale.com.br\/novo\/08-05-as-minhas-ovelhas-escutam-a-minha-voz\/"},"wordCount":578,"image":{"@id":"https:\/\/unisale.com.br\/novo\/08-05-as-minhas-ovelhas-escutam-a-minha-voz\/#primaryimage"},"thumbnailUrl":"https:\/\/unisale.com.br\/pastoral\/wp-content\/uploads\/2022\/05\/Ev-08-1.jpg","inLanguage":"pt-BR"},{"@type":"WebPage","@id":"https:\/\/unisale.com.br\/novo\/08-05-as-minhas-ovelhas-escutam-a-minha-voz\/","url":"https:\/\/unisale.com.br\/novo\/08-05-as-minhas-ovelhas-escutam-a-minha-voz\/","name":"08\/05 - As minhas ovelhas escutam a minha voz... . - Pastoral Universit\u00e1ria UniSALESIANO","isPartOf":{"@id":"https:\/\/unisale.com.br\/pastoral\/#website"},"primaryImageOfPage":{"@id":"https:\/\/unisale.com.br\/novo\/08-05-as-minhas-ovelhas-escutam-a-minha-voz\/#primaryimage"},"image":{"@id":"https:\/\/unisale.com.br\/novo\/08-05-as-minhas-ovelhas-escutam-a-minha-voz\/#primaryimage"},"thumbnailUrl":"https:\/\/unisale.com.br\/pastoral\/wp-content\/uploads\/2022\/05\/Ev-08-1.jpg","datePublished":"2022-05-07T10:58:11+00:00","dateModified":"2022-05-07T11:03:16+00:00","author":{"@id":"https:\/\/unisale.com.br\/pastoral\/#\/schema\/person\/492d3d7bfe53a8302576d39485aff2c4"},"inLanguage":"pt-BR","potentialAction":[{"@type":"ReadAction","target":["https:\/\/unisale.com.br\/novo\/08-05-as-minhas-ovelhas-escutam-a-minha-voz\/"]}]},{"@type":"ImageObject","inLanguage":"pt-BR","@id":"https:\/\/unisale.com.br\/novo\/08-05-as-minhas-ovelhas-escutam-a-minha-voz\/#primaryimage","url":"https:\/\/unisale.com.br\/pastoral\/wp-content\/uploads\/2022\/05\/Ev-08-1.jpg","contentUrl":"https:\/\/unisale.com.br\/pastoral\/wp-content\/uploads\/2022\/05\/Ev-08-1.jpg","width":722,"height":500},{"@type":"WebSite","@id":"https:\/\/unisale.com.br\/pastoral\/#website","url":"https:\/\/unisale.com.br\/pastoral\/","name":"Pastoral Universit\u00e1ria UniSALESIANO","description":"Site da Pastoral Universit\u00e1ria do UniSALESIANO","potentialAction":[{"@type":"SearchAction","target":{"@type":"EntryPoint","urlTemplate":"https:\/\/unisale.com.br\/pastoral\/?s={search_term_string}"},"query-input":{"@type":"PropertyValueSpecification","valueRequired":true,"valueName":"search_term_string"}}],"inLanguage":"pt-BR"},{"@type":"Person","@id":"https:\/\/unisale.com.br\/pastoral\/#\/schema\/person\/492d3d7bfe53a8302576d39485aff2c4","name":"Luiz Alexandre Marinho Lanzoni","url":"https:\/\/unisale.com.br\/pastoral\/author\/luiz\/"}]}},"_links":{"self":[{"href":"https:\/\/unisale.com.br\/pastoral\/wp-json\/wp\/v2\/posts\/4424","targetHints":{"allow":["GET"]}}],"collection":[{"href":"https:\/\/unisale.com.br\/pastoral\/wp-json\/wp\/v2\/posts"}],"about":[{"href":"https:\/\/unisale.com.br\/pastoral\/wp-json\/wp\/v2\/types\/post"}],"author":[{"embeddable":true,"href":"https:\/\/unisale.com.br\/pastoral\/wp-json\/wp\/v2\/users\/6"}],"replies":[{"embeddable":true,"href":"https:\/\/unisale.com.br\/pastoral\/wp-json\/wp\/v2\/comments?post=4424"}],"version-history":[{"count":0,"href":"https:\/\/unisale.com.br\/pastoral\/wp-json\/wp\/v2\/posts\/4424\/revisions"}],"wp:featuredmedia":[{"embeddable":true,"href":"https:\/\/unisale.com.br\/pastoral\/wp-json\/wp\/v2\/media\/4425"}],"wp:attachment":[{"href":"https:\/\/unisale.com.br\/pastoral\/wp-json\/wp\/v2\/media?parent=4424"}],"wp:term":[{"taxonomy":"category","embeddable":true,"href":"https:\/\/unisale.com.br\/pastoral\/wp-json\/wp\/v2\/categories?post=4424"},{"taxonomy":"post_tag","embeddable":true,"href":"https:\/\/unisale.com.br\/pastoral\/wp-json\/wp\/v2\/tags?post=4424"}],"curies":[{"name":"wp","href":"https:\/\/api.w.org\/{rel}","templated":true}]}}