{"id":4457,"date":"2022-05-11T10:56:55","date_gmt":"2022-05-11T10:56:55","guid":{"rendered":"https:\/\/unisale.com.br\/pastoral\/?p=4457"},"modified":"2022-05-11T22:25:14","modified_gmt":"2022-05-11T22:25:14","slug":"13-05-eu-sou-o-caminho-a-verdade-e-a-vida-ninguem-vai-ao-pai-senao-por-mim","status":"publish","type":"post","link":"https:\/\/unisale.com.br\/pastoral\/13-05-eu-sou-o-caminho-a-verdade-e-a-vida-ninguem-vai-ao-pai-senao-por-mim\/","title":{"rendered":"13\/05 &#8211; Eu sou o Caminho, a Verdade e a Vida. Ningu\u00e9m vai ao Pai sen\u00e3o por mim."},"content":{"rendered":"<p>Sexta-feira, 13 de maio de 2022.<\/p>\n<p>&nbsp;<\/p>\n<p>Evangelho (Jo 14,1-6)<\/p>\n<p>&nbsp;<\/p>\n<p><strong>\u201cEu sou o Caminho, a Verdade e a Vida. Ningu\u00e9m vai ao Pai sen\u00e3o por mim\u201d<\/strong><\/p>\n<p>&nbsp;<\/p>\n<p>Naquele tempo, disse Jesus a seus disc\u00edpulos: <sup>1<\/sup>\u201cN\u00e3o se perturbe o vosso cora\u00e7\u00e3o. Tendes f\u00e9 em Deus, tende f\u00e9 em mim tamb\u00e9m. <sup>2<\/sup>Na casa de meu Pai, h\u00e1 muitas moradas. Se assim n\u00e3o fosse, eu vos teria dito. Vou preparar um lugar para v\u00f3s, <sup>3<\/sup>e quando eu tiver ido preparar-vos um lugar, voltarei e vos levarei comigo, a fim de que onde eu estiver estejais tamb\u00e9m v\u00f3s. <sup>4<\/sup>E para onde eu vou, v\u00f3s conheceis o caminho\u201d. <sup>5<\/sup>Tom\u00e9 disse a Jesus: \u201cSenhor, n\u00f3s n\u00e3o sabemos para onde vais. Como podemos conhecer o caminho?\u201d <sup>6<\/sup>Jesus respondeu: \u201cEu sou o Caminho, a Verdade e a Vida. Ningu\u00e9m vai ao Pai sen\u00e3o por mim\u201d.<\/p>\n<p>&nbsp;<\/p>\n<p><strong>Reflex\u00e3o<\/strong><\/p>\n<p>&nbsp;<\/p>\n<p>\u201cN\u00e3o se perturbe o vosso cora\u00e7\u00e3o. Tendes f\u00e9 em Deus, tende f\u00e9 em mim tamb\u00e9m&#8221; . As pessoas confi\u00e1veis est\u00e3o sempre numa inexplic\u00e1vel paz. Creio que o Evangelho de hoje se estenda at\u00e9 o ponto de fixar os nossos olhos e nos dirigir \u00e0s palavras de Jesus: confie em mim e estar\u00e1s sereno! E creio que tenha sido esta a tentativa de algu\u00e9m que um certo dia, fixou numa cidade cartazes onde estava escrito: \u201cDeus existe, mas voc\u00ea n\u00e3o sabe!\u201d. Por detr\u00e1s desta ironia existe uma verdade, a mesma verdade do Evangelho de hoje. Brincar de ser Deus, nos tira a paz. E se brinca de ser Deus quando nos convencemos que precisamos nos salvar sozinhos, que precisamos encontrar sozinhos uma solu\u00e7\u00e3o, uma resposta. Se brinca de ser Deus quando se pensa que se precisa encontrar autonomamente um lugar adequado onde encontrar o sentido da pr\u00f3pria vida. \u201cNa casa de meu Pai, h\u00e1 muitas moradas. Se assim n\u00e3o fosse, eu vos teria dito. Vou preparar um lugar para v\u00f3s, e quando eu tiver ido preparar-vos um lugar, voltarei e vos levarei comigo, a fim de que onde eu estiver estejais tamb\u00e9m v\u00f3s. E para onde eu vou, v\u00f3s conheceis o caminho\u201d. \u00c9 Jesus aquele que te prepara um lugar. \u00c9 Ele que tamb\u00e9m quando o sentimos ausente, na realidade est\u00e1 fazendo algo por n\u00f3s. Jesus abriu um caminho o qual no fundo do nosso cora\u00e7\u00e3o sabemos que existe, mas que n\u00e3o sabemos como chegar. \u201cTom\u00e9 disse a Jesus: \u201cSenhor, n\u00f3s n\u00e3o sabemos para onde vais. Como podemos conhecer o caminho?\u201d Jesus respondeu: \u201cEu sou o Caminho, a Verdade e a Vida. Ningu\u00e9m vai ao Pai sen\u00e3o por mim\u201d. Jesus \u00e9 o caminho que nos conduz ao lugar que desejamos e que n\u00e3o conseguimos ir sozinhos. Neste sentido a f\u00e9 crist\u00e3 parte da constata\u00e7\u00e3o de uma humildade imprescind\u00edvel: ningu\u00e9m pode salvar-se sozinho. E Jesus veio exatamente para que n\u00e3o permanec\u00eassemos abandonados na nossa solid\u00e3o. O drama do homem, o seu verdadeiro inferno, \u00e9 justamente a solid\u00e3o. Aceitar Cristo significa vencer este inferno uma vez por todas. Mas a aceita\u00e7\u00e3o pressup\u00f5e a nossa liberdade.<\/p>\n<p>&nbsp;<\/p>\n<p><strong>Pe. Paulo Eduardo J\u00e1como, sdb.<\/strong><\/p>\n","protected":false},"excerpt":{"rendered":"<p>Sexta-feira, 13 de maio de 2022. &nbsp; Evangelho (Jo 14,1-6) &nbsp; \u201cEu sou o Caminho, a Verdade e a Vida. Ningu\u00e9m vai ao Pai sen\u00e3o&#8230;<\/p>\n","protected":false},"author":6,"featured_media":4454,"comment_status":"closed","ping_status":"closed","sticky":false,"template":"","format":"standard","meta":{"_acf_changed":false,"footnotes":""},"categories":[13],"tags":[],"class_list":["post-4457","post","type-post","status-publish","format-standard","has-post-thumbnail","hentry","category-reflexaodoevagelho"],"acf":[],"yoast_head":"<!-- This site is optimized with the Yoast SEO plugin v27.3 - https:\/\/yoast.com\/product\/yoast-seo-wordpress\/ -->\n<title>13\/05 - Eu sou o Caminho, a Verdade e a Vida. Ningu\u00e9m vai ao Pai sen\u00e3o por mim. - Pastoral Universit\u00e1ria UniSALESIANO<\/title>\n<meta name=\"robots\" content=\"index, follow, max-snippet:-1, max-image-preview:large, max-video-preview:-1\" \/>\n<link rel=\"canonical\" href=\"https:\/\/unisale.com.br\/novo\/13-05-eu-sou-o-caminho-a-verdade-e-a-vida-ninguem-vai-ao-pai-senao-por-mim\/\" \/>\n<meta property=\"og:locale\" content=\"pt_BR\" \/>\n<meta property=\"og:type\" content=\"article\" \/>\n<meta property=\"og:title\" content=\"13\/05 - Eu sou o Caminho, a Verdade e a Vida. Ningu\u00e9m vai ao Pai sen\u00e3o por mim. - Pastoral Universit\u00e1ria UniSALESIANO\" \/>\n<meta property=\"og:description\" content=\"Sexta-feira, 13 de maio de 2022. &nbsp; Evangelho (Jo 14,1-6) &nbsp; \u201cEu sou o Caminho, a Verdade e a Vida. Ningu\u00e9m vai ao Pai sen\u00e3o...\" \/>\n<meta property=\"og:url\" content=\"https:\/\/unisale.com.br\/novo\/13-05-eu-sou-o-caminho-a-verdade-e-a-vida-ninguem-vai-ao-pai-senao-por-mim\/\" \/>\n<meta property=\"og:site_name\" content=\"Pastoral Universit\u00e1ria UniSALESIANO\" \/>\n<meta property=\"article:published_time\" content=\"2022-05-11T10:56:55+00:00\" \/>\n<meta property=\"article:modified_time\" content=\"2022-05-11T22:25:14+00:00\" \/>\n<meta property=\"og:image\" content=\"https:\/\/unisale.com.br\/novo\/wp-content\/uploads\/2022\/05\/Ev-13-1.jpg\" \/>\n\t<meta property=\"og:image:width\" content=\"706\" \/>\n\t<meta property=\"og:image:height\" content=\"410\" \/>\n\t<meta property=\"og:image:type\" content=\"image\/jpeg\" \/>\n<meta name=\"author\" content=\"Luiz Alexandre Marinho Lanzoni\" \/>\n<meta name=\"twitter:card\" content=\"summary_large_image\" \/>\n<meta name=\"twitter:label1\" content=\"Escrito por\" \/>\n\t<meta name=\"twitter:data1\" content=\"Luiz Alexandre Marinho Lanzoni\" \/>\n\t<meta name=\"twitter:label2\" content=\"Est. tempo de leitura\" \/>\n\t<meta name=\"twitter:data2\" content=\"3 minutos\" \/>\n<script type=\"application\/ld+json\" class=\"yoast-schema-graph\">{\"@context\":\"https:\\\/\\\/schema.org\",\"@graph\":[{\"@type\":\"Article\",\"@id\":\"https:\\\/\\\/unisale.com.br\\\/novo\\\/13-05-eu-sou-o-caminho-a-verdade-e-a-vida-ninguem-vai-ao-pai-senao-por-mim\\\/#article\",\"isPartOf\":{\"@id\":\"https:\\\/\\\/unisale.com.br\\\/novo\\\/13-05-eu-sou-o-caminho-a-verdade-e-a-vida-ninguem-vai-ao-pai-senao-por-mim\\\/\"},\"author\":{\"name\":\"Luiz Alexandre Marinho Lanzoni\",\"@id\":\"https:\\\/\\\/unisale.com.br\\\/pastoral\\\/#\\\/schema\\\/person\\\/492d3d7bfe53a8302576d39485aff2c4\"},\"headline\":\"13\\\/05 &#8211; Eu sou o Caminho, a Verdade e a Vida. Ningu\u00e9m vai ao Pai sen\u00e3o por mim.\",\"datePublished\":\"2022-05-11T10:56:55+00:00\",\"dateModified\":\"2022-05-11T22:25:14+00:00\",\"mainEntityOfPage\":{\"@id\":\"https:\\\/\\\/unisale.com.br\\\/novo\\\/13-05-eu-sou-o-caminho-a-verdade-e-a-vida-ninguem-vai-ao-pai-senao-por-mim\\\/\"},\"wordCount\":563,\"image\":{\"@id\":\"https:\\\/\\\/unisale.com.br\\\/novo\\\/13-05-eu-sou-o-caminho-a-verdade-e-a-vida-ninguem-vai-ao-pai-senao-por-mim\\\/#primaryimage\"},\"thumbnailUrl\":\"https:\\\/\\\/unisale.com.br\\\/pastoral\\\/wp-content\\\/uploads\\\/2022\\\/05\\\/Ev-13-1.jpg\",\"articleSection\":[\"Reflex\u00e3o do Evangelho\"],\"inLanguage\":\"pt-BR\"},{\"@type\":\"WebPage\",\"@id\":\"https:\\\/\\\/unisale.com.br\\\/novo\\\/13-05-eu-sou-o-caminho-a-verdade-e-a-vida-ninguem-vai-ao-pai-senao-por-mim\\\/\",\"url\":\"https:\\\/\\\/unisale.com.br\\\/novo\\\/13-05-eu-sou-o-caminho-a-verdade-e-a-vida-ninguem-vai-ao-pai-senao-por-mim\\\/\",\"name\":\"13\\\/05 - Eu sou o Caminho, a Verdade e a Vida. Ningu\u00e9m vai ao Pai sen\u00e3o por mim. - Pastoral Universit\u00e1ria UniSALESIANO\",\"isPartOf\":{\"@id\":\"https:\\\/\\\/unisale.com.br\\\/pastoral\\\/#website\"},\"primaryImageOfPage\":{\"@id\":\"https:\\\/\\\/unisale.com.br\\\/novo\\\/13-05-eu-sou-o-caminho-a-verdade-e-a-vida-ninguem-vai-ao-pai-senao-por-mim\\\/#primaryimage\"},\"image\":{\"@id\":\"https:\\\/\\\/unisale.com.br\\\/novo\\\/13-05-eu-sou-o-caminho-a-verdade-e-a-vida-ninguem-vai-ao-pai-senao-por-mim\\\/#primaryimage\"},\"thumbnailUrl\":\"https:\\\/\\\/unisale.com.br\\\/pastoral\\\/wp-content\\\/uploads\\\/2022\\\/05\\\/Ev-13-1.jpg\",\"datePublished\":\"2022-05-11T10:56:55+00:00\",\"dateModified\":\"2022-05-11T22:25:14+00:00\",\"author\":{\"@id\":\"https:\\\/\\\/unisale.com.br\\\/pastoral\\\/#\\\/schema\\\/person\\\/492d3d7bfe53a8302576d39485aff2c4\"},\"inLanguage\":\"pt-BR\",\"potentialAction\":[{\"@type\":\"ReadAction\",\"target\":[\"https:\\\/\\\/unisale.com.br\\\/novo\\\/13-05-eu-sou-o-caminho-a-verdade-e-a-vida-ninguem-vai-ao-pai-senao-por-mim\\\/\"]}]},{\"@type\":\"ImageObject\",\"inLanguage\":\"pt-BR\",\"@id\":\"https:\\\/\\\/unisale.com.br\\\/novo\\\/13-05-eu-sou-o-caminho-a-verdade-e-a-vida-ninguem-vai-ao-pai-senao-por-mim\\\/#primaryimage\",\"url\":\"https:\\\/\\\/unisale.com.br\\\/pastoral\\\/wp-content\\\/uploads\\\/2022\\\/05\\\/Ev-13-1.jpg\",\"contentUrl\":\"https:\\\/\\\/unisale.com.br\\\/pastoral\\\/wp-content\\\/uploads\\\/2022\\\/05\\\/Ev-13-1.jpg\",\"width\":706,\"height\":410},{\"@type\":\"WebSite\",\"@id\":\"https:\\\/\\\/unisale.com.br\\\/pastoral\\\/#website\",\"url\":\"https:\\\/\\\/unisale.com.br\\\/pastoral\\\/\",\"name\":\"Pastoral Universit\u00e1ria UniSALESIANO\",\"description\":\"Site da Pastoral Universit\u00e1ria do UniSALESIANO\",\"potentialAction\":[{\"@type\":\"SearchAction\",\"target\":{\"@type\":\"EntryPoint\",\"urlTemplate\":\"https:\\\/\\\/unisale.com.br\\\/pastoral\\\/?s={search_term_string}\"},\"query-input\":{\"@type\":\"PropertyValueSpecification\",\"valueRequired\":true,\"valueName\":\"search_term_string\"}}],\"inLanguage\":\"pt-BR\"},{\"@type\":\"Person\",\"@id\":\"https:\\\/\\\/unisale.com.br\\\/pastoral\\\/#\\\/schema\\\/person\\\/492d3d7bfe53a8302576d39485aff2c4\",\"name\":\"Luiz Alexandre Marinho Lanzoni\",\"url\":\"https:\\\/\\\/unisale.com.br\\\/pastoral\\\/author\\\/luiz\\\/\"}]}<\/script>\n<!-- \/ Yoast SEO plugin. -->","yoast_head_json":{"title":"13\/05 - Eu sou o Caminho, a Verdade e a Vida. Ningu\u00e9m vai ao Pai sen\u00e3o por mim. - Pastoral Universit\u00e1ria UniSALESIANO","robots":{"index":"index","follow":"follow","max-snippet":"max-snippet:-1","max-image-preview":"max-image-preview:large","max-video-preview":"max-video-preview:-1"},"canonical":"https:\/\/unisale.com.br\/novo\/13-05-eu-sou-o-caminho-a-verdade-e-a-vida-ninguem-vai-ao-pai-senao-por-mim\/","og_locale":"pt_BR","og_type":"article","og_title":"13\/05 - Eu sou o Caminho, a Verdade e a Vida. Ningu\u00e9m vai ao Pai sen\u00e3o por mim. - Pastoral Universit\u00e1ria UniSALESIANO","og_description":"Sexta-feira, 13 de maio de 2022. &nbsp; Evangelho (Jo 14,1-6) &nbsp; \u201cEu sou o Caminho, a Verdade e a Vida. Ningu\u00e9m vai ao Pai sen\u00e3o...","og_url":"https:\/\/unisale.com.br\/novo\/13-05-eu-sou-o-caminho-a-verdade-e-a-vida-ninguem-vai-ao-pai-senao-por-mim\/","og_site_name":"Pastoral Universit\u00e1ria UniSALESIANO","article_published_time":"2022-05-11T10:56:55+00:00","article_modified_time":"2022-05-11T22:25:14+00:00","og_image":[{"width":706,"height":410,"url":"https:\/\/unisale.com.br\/novo\/wp-content\/uploads\/2022\/05\/Ev-13-1.jpg","type":"image\/jpeg"}],"author":"Luiz Alexandre Marinho Lanzoni","twitter_card":"summary_large_image","twitter_misc":{"Escrito por":"Luiz Alexandre Marinho Lanzoni","Est. tempo de leitura":"3 minutos"},"schema":{"@context":"https:\/\/schema.org","@graph":[{"@type":"Article","@id":"https:\/\/unisale.com.br\/novo\/13-05-eu-sou-o-caminho-a-verdade-e-a-vida-ninguem-vai-ao-pai-senao-por-mim\/#article","isPartOf":{"@id":"https:\/\/unisale.com.br\/novo\/13-05-eu-sou-o-caminho-a-verdade-e-a-vida-ninguem-vai-ao-pai-senao-por-mim\/"},"author":{"name":"Luiz Alexandre Marinho Lanzoni","@id":"https:\/\/unisale.com.br\/pastoral\/#\/schema\/person\/492d3d7bfe53a8302576d39485aff2c4"},"headline":"13\/05 &#8211; Eu sou o Caminho, a Verdade e a Vida. Ningu\u00e9m vai ao Pai sen\u00e3o por mim.","datePublished":"2022-05-11T10:56:55+00:00","dateModified":"2022-05-11T22:25:14+00:00","mainEntityOfPage":{"@id":"https:\/\/unisale.com.br\/novo\/13-05-eu-sou-o-caminho-a-verdade-e-a-vida-ninguem-vai-ao-pai-senao-por-mim\/"},"wordCount":563,"image":{"@id":"https:\/\/unisale.com.br\/novo\/13-05-eu-sou-o-caminho-a-verdade-e-a-vida-ninguem-vai-ao-pai-senao-por-mim\/#primaryimage"},"thumbnailUrl":"https:\/\/unisale.com.br\/pastoral\/wp-content\/uploads\/2022\/05\/Ev-13-1.jpg","articleSection":["Reflex\u00e3o do Evangelho"],"inLanguage":"pt-BR"},{"@type":"WebPage","@id":"https:\/\/unisale.com.br\/novo\/13-05-eu-sou-o-caminho-a-verdade-e-a-vida-ninguem-vai-ao-pai-senao-por-mim\/","url":"https:\/\/unisale.com.br\/novo\/13-05-eu-sou-o-caminho-a-verdade-e-a-vida-ninguem-vai-ao-pai-senao-por-mim\/","name":"13\/05 - Eu sou o Caminho, a Verdade e a Vida. Ningu\u00e9m vai ao Pai sen\u00e3o por mim. - Pastoral Universit\u00e1ria UniSALESIANO","isPartOf":{"@id":"https:\/\/unisale.com.br\/pastoral\/#website"},"primaryImageOfPage":{"@id":"https:\/\/unisale.com.br\/novo\/13-05-eu-sou-o-caminho-a-verdade-e-a-vida-ninguem-vai-ao-pai-senao-por-mim\/#primaryimage"},"image":{"@id":"https:\/\/unisale.com.br\/novo\/13-05-eu-sou-o-caminho-a-verdade-e-a-vida-ninguem-vai-ao-pai-senao-por-mim\/#primaryimage"},"thumbnailUrl":"https:\/\/unisale.com.br\/pastoral\/wp-content\/uploads\/2022\/05\/Ev-13-1.jpg","datePublished":"2022-05-11T10:56:55+00:00","dateModified":"2022-05-11T22:25:14+00:00","author":{"@id":"https:\/\/unisale.com.br\/pastoral\/#\/schema\/person\/492d3d7bfe53a8302576d39485aff2c4"},"inLanguage":"pt-BR","potentialAction":[{"@type":"ReadAction","target":["https:\/\/unisale.com.br\/novo\/13-05-eu-sou-o-caminho-a-verdade-e-a-vida-ninguem-vai-ao-pai-senao-por-mim\/"]}]},{"@type":"ImageObject","inLanguage":"pt-BR","@id":"https:\/\/unisale.com.br\/novo\/13-05-eu-sou-o-caminho-a-verdade-e-a-vida-ninguem-vai-ao-pai-senao-por-mim\/#primaryimage","url":"https:\/\/unisale.com.br\/pastoral\/wp-content\/uploads\/2022\/05\/Ev-13-1.jpg","contentUrl":"https:\/\/unisale.com.br\/pastoral\/wp-content\/uploads\/2022\/05\/Ev-13-1.jpg","width":706,"height":410},{"@type":"WebSite","@id":"https:\/\/unisale.com.br\/pastoral\/#website","url":"https:\/\/unisale.com.br\/pastoral\/","name":"Pastoral Universit\u00e1ria UniSALESIANO","description":"Site da Pastoral Universit\u00e1ria do UniSALESIANO","potentialAction":[{"@type":"SearchAction","target":{"@type":"EntryPoint","urlTemplate":"https:\/\/unisale.com.br\/pastoral\/?s={search_term_string}"},"query-input":{"@type":"PropertyValueSpecification","valueRequired":true,"valueName":"search_term_string"}}],"inLanguage":"pt-BR"},{"@type":"Person","@id":"https:\/\/unisale.com.br\/pastoral\/#\/schema\/person\/492d3d7bfe53a8302576d39485aff2c4","name":"Luiz Alexandre Marinho Lanzoni","url":"https:\/\/unisale.com.br\/pastoral\/author\/luiz\/"}]}},"_links":{"self":[{"href":"https:\/\/unisale.com.br\/pastoral\/wp-json\/wp\/v2\/posts\/4457","targetHints":{"allow":["GET"]}}],"collection":[{"href":"https:\/\/unisale.com.br\/pastoral\/wp-json\/wp\/v2\/posts"}],"about":[{"href":"https:\/\/unisale.com.br\/pastoral\/wp-json\/wp\/v2\/types\/post"}],"author":[{"embeddable":true,"href":"https:\/\/unisale.com.br\/pastoral\/wp-json\/wp\/v2\/users\/6"}],"replies":[{"embeddable":true,"href":"https:\/\/unisale.com.br\/pastoral\/wp-json\/wp\/v2\/comments?post=4457"}],"version-history":[{"count":0,"href":"https:\/\/unisale.com.br\/pastoral\/wp-json\/wp\/v2\/posts\/4457\/revisions"}],"wp:featuredmedia":[{"embeddable":true,"href":"https:\/\/unisale.com.br\/pastoral\/wp-json\/wp\/v2\/media\/4454"}],"wp:attachment":[{"href":"https:\/\/unisale.com.br\/pastoral\/wp-json\/wp\/v2\/media?parent=4457"}],"wp:term":[{"taxonomy":"category","embeddable":true,"href":"https:\/\/unisale.com.br\/pastoral\/wp-json\/wp\/v2\/categories?post=4457"},{"taxonomy":"post_tag","embeddable":true,"href":"https:\/\/unisale.com.br\/pastoral\/wp-json\/wp\/v2\/tags?post=4457"}],"curies":[{"name":"wp","href":"https:\/\/api.w.org\/{rel}","templated":true}]}}