{"id":4482,"date":"2022-05-13T11:19:59","date_gmt":"2022-05-13T11:19:59","guid":{"rendered":"https:\/\/unisale.com.br\/pastoral\/?p=4482"},"modified":"2022-05-13T11:19:59","modified_gmt":"2022-05-13T11:19:59","slug":"16-05-se-alguem-me-ama-guardara-minha-palavra-e-o-meu-pai-o-amara-e-nos-viremos-e-faremos-nele-a-nossa-morada","status":"publish","type":"post","link":"https:\/\/unisale.com.br\/pastoral\/16-05-se-alguem-me-ama-guardara-minha-palavra-e-o-meu-pai-o-amara-e-nos-viremos-e-faremos-nele-a-nossa-morada\/","title":{"rendered":"16\/05 &#8211; Se algu\u00e9m me ama, guardar\u00e1 minha palavra, e o meu Pai o amar\u00e1, e n\u00f3s viremos e faremos nele a nossa morada."},"content":{"rendered":"<p>Segunda-feira, 16 de maio de 2022.<\/p>\n<p>&nbsp;<\/p>\n<p>Evangelho (Jo 14, 21-26)<\/p>\n<p>&nbsp;<\/p>\n<p><strong>\u201cSe algu\u00e9m me ama, guardar\u00e1 minha palavra, e o meu Pai o amar\u00e1, e n\u00f3s viremos e faremos nele a nossa morada.\u201d<\/strong><\/p>\n<p>&nbsp;<\/p>\n<p>Naquele tempo, disse Jesus a seus disc\u00edpulos: <sup>21<\/sup>\u201cQuem acolheu os meus mandamentos e os observa, esse me ama. Ora, quem me ama ser\u00e1 amado por meu Pai, e eu o amarei e me manifestarei a ele\u201d. <sup>22<\/sup>Judas \u2013 n\u00e3o o Iscariotes \u2013 disse-lhe: \u201cSenhor, como se explica que te manifestar\u00e1s a n\u00f3s e n\u00e3o ao mundo?\u201d <sup>23<\/sup>Jesus respondeu-lhe: \u201cSe algu\u00e9m me ama, guardar\u00e1 minha palavra, e o meu Pai o amar\u00e1, e n\u00f3s viremos e faremos nele a nossa morada. <sup>24<\/sup>Quem n\u00e3o me ama n\u00e3o guarda a minha palavra. E a palavra que escutais n\u00e3o \u00e9 minha, mas do Pai que me enviou. <sup>25<\/sup>Isso \u00e9 o que vos disse enquanto estava convosco. <sup>26<\/sup>Mas o Defensor, o Esp\u00edrito Santo que o Pai enviar\u00e1 em meu nome, ele vos ensinar\u00e1 tudo e vos recordar\u00e1 tudo o que eu vos tenho dito\u201d.<\/p>\n<p>&nbsp;<\/p>\n<p><strong>Reflex\u00e3o<\/strong><\/p>\n<p>&nbsp;<\/p>\n<p>Os gn\u00f3sticos diziam que espiritual era quem tinha chegado ao conhecimento superior em rela\u00e7\u00e3o a um simples fiel. Jo\u00e3o Evangelista combateu veementemente este tipo de pensamento. Mas foi Santo Irineu de Lion que combateu e escreveu contra os gn\u00f3sticos. Ele dizia: o homem n\u00e3o se torna espiritual porque conquista grandes e misteriosos conhecimentos, mas somente porque possui o Esp\u00edrito Santo, aquele Esp\u00edrito que Cristo envia a todos os crist\u00e3os desde que subiu ao c\u00e9u. A pessoa espiritual \u00e9 composta por tr\u00eas elementos: corpo, alma e o Esp\u00edrito Santo. Cada um com uma atividade pr\u00f3pria: o corpo come, respira, se move&#8230; A alma pensa, decide, conhece o mundo. O Esp\u00edrito Santo no cora\u00e7\u00e3o clama \u201cAbb\u00e1, Pai\u201d, isto \u00e9, reza, se eleva ao Pai por meio do Filho. Neste sentido s\u00e3o muito mais espirituais os simples fieis que rezam do que aqueles que sabem fazer tantos discursos e grandes reflex\u00f5es sobre as coisas religiosas\u201d. S\u00e3o Jo\u00e3o usa uma express\u00e3o delicad\u00edssima: \u201cn\u00f3s viremos e faremos nele a nossa morada\u201d. Como nos lembra S\u00e3o Paulo: N\u00e3o sabeis que sois templo de Deus e que o Espirito Santo de Deus vive em v\u00f3s? (1Cor 3,16). O homem que recebeu o Espirito Santo n\u00e3o \u00e9 igual a Deus, mas se torna morada de Deus. O seu corpo e a sua alma foram consagrados durante o batismo. Por isso S\u00e3o Paulo nos admoesta a conservarmos a pureza do cora\u00e7\u00e3o e do corpo, a fim de que sejamos morada de Deus.<\/p>\n<p>&nbsp;<\/p>\n<p><strong>Pe. Paulo Eduardo J\u00e1como, sdb.<\/strong><\/p>\n","protected":false},"excerpt":{"rendered":"<p>Segunda-feira, 16 de maio de 2022. &nbsp; Evangelho (Jo 14, 21-26) &nbsp; \u201cSe algu\u00e9m me ama, guardar\u00e1 minha palavra, e o meu Pai o amar\u00e1,&#8230;<\/p>\n","protected":false},"author":6,"featured_media":4483,"comment_status":"closed","ping_status":"closed","sticky":false,"template":"","format":"standard","meta":{"_acf_changed":false,"footnotes":""},"categories":[13],"tags":[],"class_list":["post-4482","post","type-post","status-publish","format-standard","has-post-thumbnail","hentry","category-reflexaodoevagelho"],"acf":[],"yoast_head":"<!-- This site is optimized with the Yoast SEO plugin v27.3 - https:\/\/yoast.com\/product\/yoast-seo-wordpress\/ -->\n<title>16\/05 - Se algu\u00e9m me ama, guardar\u00e1 minha palavra, e o meu Pai o amar\u00e1, e n\u00f3s viremos e faremos nele a nossa morada. - Pastoral Universit\u00e1ria UniSALESIANO<\/title>\n<meta name=\"robots\" content=\"index, follow, max-snippet:-1, max-image-preview:large, max-video-preview:-1\" \/>\n<link rel=\"canonical\" href=\"https:\/\/unisale.com.br\/novo\/16-05-se-alguem-me-ama-guardara-minha-palavra-e-o-meu-pai-o-amara-e-nos-viremos-e-faremos-nele-a-nossa-morada\/\" \/>\n<meta property=\"og:locale\" content=\"pt_BR\" \/>\n<meta property=\"og:type\" content=\"article\" \/>\n<meta property=\"og:title\" content=\"16\/05 - Se algu\u00e9m me ama, guardar\u00e1 minha palavra, e o meu Pai o amar\u00e1, e n\u00f3s viremos e faremos nele a nossa morada. - Pastoral Universit\u00e1ria UniSALESIANO\" \/>\n<meta property=\"og:description\" content=\"Segunda-feira, 16 de maio de 2022. &nbsp; Evangelho (Jo 14, 21-26) &nbsp; \u201cSe algu\u00e9m me ama, guardar\u00e1 minha palavra, e o meu Pai o amar\u00e1,...\" \/>\n<meta property=\"og:url\" content=\"https:\/\/unisale.com.br\/novo\/16-05-se-alguem-me-ama-guardara-minha-palavra-e-o-meu-pai-o-amara-e-nos-viremos-e-faremos-nele-a-nossa-morada\/\" \/>\n<meta property=\"og:site_name\" content=\"Pastoral Universit\u00e1ria UniSALESIANO\" \/>\n<meta property=\"article:published_time\" content=\"2022-05-13T11:19:59+00:00\" \/>\n<meta property=\"og:image\" content=\"https:\/\/unisale.com.br\/novo\/wp-content\/uploads\/2022\/05\/Ev-16-1.jpg\" \/>\n\t<meta property=\"og:image:width\" content=\"600\" \/>\n\t<meta property=\"og:image:height\" content=\"450\" \/>\n\t<meta property=\"og:image:type\" content=\"image\/jpeg\" \/>\n<meta name=\"author\" content=\"Luiz Alexandre Marinho Lanzoni\" \/>\n<meta name=\"twitter:card\" content=\"summary_large_image\" \/>\n<meta name=\"twitter:label1\" content=\"Escrito por\" \/>\n\t<meta name=\"twitter:data1\" content=\"Luiz Alexandre Marinho Lanzoni\" \/>\n\t<meta name=\"twitter:label2\" content=\"Est. tempo de leitura\" \/>\n\t<meta name=\"twitter:data2\" content=\"2 minutos\" \/>\n<script type=\"application\/ld+json\" class=\"yoast-schema-graph\">{\"@context\":\"https:\\\/\\\/schema.org\",\"@graph\":[{\"@type\":\"Article\",\"@id\":\"https:\\\/\\\/unisale.com.br\\\/novo\\\/16-05-se-alguem-me-ama-guardara-minha-palavra-e-o-meu-pai-o-amara-e-nos-viremos-e-faremos-nele-a-nossa-morada\\\/#article\",\"isPartOf\":{\"@id\":\"https:\\\/\\\/unisale.com.br\\\/novo\\\/16-05-se-alguem-me-ama-guardara-minha-palavra-e-o-meu-pai-o-amara-e-nos-viremos-e-faremos-nele-a-nossa-morada\\\/\"},\"author\":{\"name\":\"Luiz Alexandre Marinho Lanzoni\",\"@id\":\"https:\\\/\\\/unisale.com.br\\\/pastoral\\\/#\\\/schema\\\/person\\\/492d3d7bfe53a8302576d39485aff2c4\"},\"headline\":\"16\\\/05 &#8211; Se algu\u00e9m me ama, guardar\u00e1 minha palavra, e o meu Pai o amar\u00e1, e n\u00f3s viremos e faremos nele a nossa morada.\",\"datePublished\":\"2022-05-13T11:19:59+00:00\",\"mainEntityOfPage\":{\"@id\":\"https:\\\/\\\/unisale.com.br\\\/novo\\\/16-05-se-alguem-me-ama-guardara-minha-palavra-e-o-meu-pai-o-amara-e-nos-viremos-e-faremos-nele-a-nossa-morada\\\/\"},\"wordCount\":482,\"image\":{\"@id\":\"https:\\\/\\\/unisale.com.br\\\/novo\\\/16-05-se-alguem-me-ama-guardara-minha-palavra-e-o-meu-pai-o-amara-e-nos-viremos-e-faremos-nele-a-nossa-morada\\\/#primaryimage\"},\"thumbnailUrl\":\"https:\\\/\\\/unisale.com.br\\\/pastoral\\\/wp-content\\\/uploads\\\/2022\\\/05\\\/Ev-16-1.jpg\",\"articleSection\":[\"Reflex\u00e3o do Evangelho\"],\"inLanguage\":\"pt-BR\"},{\"@type\":\"WebPage\",\"@id\":\"https:\\\/\\\/unisale.com.br\\\/novo\\\/16-05-se-alguem-me-ama-guardara-minha-palavra-e-o-meu-pai-o-amara-e-nos-viremos-e-faremos-nele-a-nossa-morada\\\/\",\"url\":\"https:\\\/\\\/unisale.com.br\\\/novo\\\/16-05-se-alguem-me-ama-guardara-minha-palavra-e-o-meu-pai-o-amara-e-nos-viremos-e-faremos-nele-a-nossa-morada\\\/\",\"name\":\"16\\\/05 - Se algu\u00e9m me ama, guardar\u00e1 minha palavra, e o meu Pai o amar\u00e1, e n\u00f3s viremos e faremos nele a nossa morada. - Pastoral Universit\u00e1ria UniSALESIANO\",\"isPartOf\":{\"@id\":\"https:\\\/\\\/unisale.com.br\\\/pastoral\\\/#website\"},\"primaryImageOfPage\":{\"@id\":\"https:\\\/\\\/unisale.com.br\\\/novo\\\/16-05-se-alguem-me-ama-guardara-minha-palavra-e-o-meu-pai-o-amara-e-nos-viremos-e-faremos-nele-a-nossa-morada\\\/#primaryimage\"},\"image\":{\"@id\":\"https:\\\/\\\/unisale.com.br\\\/novo\\\/16-05-se-alguem-me-ama-guardara-minha-palavra-e-o-meu-pai-o-amara-e-nos-viremos-e-faremos-nele-a-nossa-morada\\\/#primaryimage\"},\"thumbnailUrl\":\"https:\\\/\\\/unisale.com.br\\\/pastoral\\\/wp-content\\\/uploads\\\/2022\\\/05\\\/Ev-16-1.jpg\",\"datePublished\":\"2022-05-13T11:19:59+00:00\",\"author\":{\"@id\":\"https:\\\/\\\/unisale.com.br\\\/pastoral\\\/#\\\/schema\\\/person\\\/492d3d7bfe53a8302576d39485aff2c4\"},\"inLanguage\":\"pt-BR\",\"potentialAction\":[{\"@type\":\"ReadAction\",\"target\":[\"https:\\\/\\\/unisale.com.br\\\/novo\\\/16-05-se-alguem-me-ama-guardara-minha-palavra-e-o-meu-pai-o-amara-e-nos-viremos-e-faremos-nele-a-nossa-morada\\\/\"]}]},{\"@type\":\"ImageObject\",\"inLanguage\":\"pt-BR\",\"@id\":\"https:\\\/\\\/unisale.com.br\\\/novo\\\/16-05-se-alguem-me-ama-guardara-minha-palavra-e-o-meu-pai-o-amara-e-nos-viremos-e-faremos-nele-a-nossa-morada\\\/#primaryimage\",\"url\":\"https:\\\/\\\/unisale.com.br\\\/pastoral\\\/wp-content\\\/uploads\\\/2022\\\/05\\\/Ev-16-1.jpg\",\"contentUrl\":\"https:\\\/\\\/unisale.com.br\\\/pastoral\\\/wp-content\\\/uploads\\\/2022\\\/05\\\/Ev-16-1.jpg\",\"width\":600,\"height\":450},{\"@type\":\"WebSite\",\"@id\":\"https:\\\/\\\/unisale.com.br\\\/pastoral\\\/#website\",\"url\":\"https:\\\/\\\/unisale.com.br\\\/pastoral\\\/\",\"name\":\"Pastoral Universit\u00e1ria UniSALESIANO\",\"description\":\"Site da Pastoral Universit\u00e1ria do UniSALESIANO\",\"potentialAction\":[{\"@type\":\"SearchAction\",\"target\":{\"@type\":\"EntryPoint\",\"urlTemplate\":\"https:\\\/\\\/unisale.com.br\\\/pastoral\\\/?s={search_term_string}\"},\"query-input\":{\"@type\":\"PropertyValueSpecification\",\"valueRequired\":true,\"valueName\":\"search_term_string\"}}],\"inLanguage\":\"pt-BR\"},{\"@type\":\"Person\",\"@id\":\"https:\\\/\\\/unisale.com.br\\\/pastoral\\\/#\\\/schema\\\/person\\\/492d3d7bfe53a8302576d39485aff2c4\",\"name\":\"Luiz Alexandre Marinho Lanzoni\",\"url\":\"https:\\\/\\\/unisale.com.br\\\/pastoral\\\/author\\\/luiz\\\/\"}]}<\/script>\n<!-- \/ Yoast SEO plugin. -->","yoast_head_json":{"title":"16\/05 - Se algu\u00e9m me ama, guardar\u00e1 minha palavra, e o meu Pai o amar\u00e1, e n\u00f3s viremos e faremos nele a nossa morada. - Pastoral Universit\u00e1ria UniSALESIANO","robots":{"index":"index","follow":"follow","max-snippet":"max-snippet:-1","max-image-preview":"max-image-preview:large","max-video-preview":"max-video-preview:-1"},"canonical":"https:\/\/unisale.com.br\/novo\/16-05-se-alguem-me-ama-guardara-minha-palavra-e-o-meu-pai-o-amara-e-nos-viremos-e-faremos-nele-a-nossa-morada\/","og_locale":"pt_BR","og_type":"article","og_title":"16\/05 - Se algu\u00e9m me ama, guardar\u00e1 minha palavra, e o meu Pai o amar\u00e1, e n\u00f3s viremos e faremos nele a nossa morada. - Pastoral Universit\u00e1ria UniSALESIANO","og_description":"Segunda-feira, 16 de maio de 2022. &nbsp; Evangelho (Jo 14, 21-26) &nbsp; \u201cSe algu\u00e9m me ama, guardar\u00e1 minha palavra, e o meu Pai o amar\u00e1,...","og_url":"https:\/\/unisale.com.br\/novo\/16-05-se-alguem-me-ama-guardara-minha-palavra-e-o-meu-pai-o-amara-e-nos-viremos-e-faremos-nele-a-nossa-morada\/","og_site_name":"Pastoral Universit\u00e1ria UniSALESIANO","article_published_time":"2022-05-13T11:19:59+00:00","og_image":[{"width":600,"height":450,"url":"https:\/\/unisale.com.br\/novo\/wp-content\/uploads\/2022\/05\/Ev-16-1.jpg","type":"image\/jpeg"}],"author":"Luiz Alexandre Marinho Lanzoni","twitter_card":"summary_large_image","twitter_misc":{"Escrito por":"Luiz Alexandre Marinho Lanzoni","Est. tempo de leitura":"2 minutos"},"schema":{"@context":"https:\/\/schema.org","@graph":[{"@type":"Article","@id":"https:\/\/unisale.com.br\/novo\/16-05-se-alguem-me-ama-guardara-minha-palavra-e-o-meu-pai-o-amara-e-nos-viremos-e-faremos-nele-a-nossa-morada\/#article","isPartOf":{"@id":"https:\/\/unisale.com.br\/novo\/16-05-se-alguem-me-ama-guardara-minha-palavra-e-o-meu-pai-o-amara-e-nos-viremos-e-faremos-nele-a-nossa-morada\/"},"author":{"name":"Luiz Alexandre Marinho Lanzoni","@id":"https:\/\/unisale.com.br\/pastoral\/#\/schema\/person\/492d3d7bfe53a8302576d39485aff2c4"},"headline":"16\/05 &#8211; Se algu\u00e9m me ama, guardar\u00e1 minha palavra, e o meu Pai o amar\u00e1, e n\u00f3s viremos e faremos nele a nossa morada.","datePublished":"2022-05-13T11:19:59+00:00","mainEntityOfPage":{"@id":"https:\/\/unisale.com.br\/novo\/16-05-se-alguem-me-ama-guardara-minha-palavra-e-o-meu-pai-o-amara-e-nos-viremos-e-faremos-nele-a-nossa-morada\/"},"wordCount":482,"image":{"@id":"https:\/\/unisale.com.br\/novo\/16-05-se-alguem-me-ama-guardara-minha-palavra-e-o-meu-pai-o-amara-e-nos-viremos-e-faremos-nele-a-nossa-morada\/#primaryimage"},"thumbnailUrl":"https:\/\/unisale.com.br\/pastoral\/wp-content\/uploads\/2022\/05\/Ev-16-1.jpg","articleSection":["Reflex\u00e3o do Evangelho"],"inLanguage":"pt-BR"},{"@type":"WebPage","@id":"https:\/\/unisale.com.br\/novo\/16-05-se-alguem-me-ama-guardara-minha-palavra-e-o-meu-pai-o-amara-e-nos-viremos-e-faremos-nele-a-nossa-morada\/","url":"https:\/\/unisale.com.br\/novo\/16-05-se-alguem-me-ama-guardara-minha-palavra-e-o-meu-pai-o-amara-e-nos-viremos-e-faremos-nele-a-nossa-morada\/","name":"16\/05 - Se algu\u00e9m me ama, guardar\u00e1 minha palavra, e o meu Pai o amar\u00e1, e n\u00f3s viremos e faremos nele a nossa morada. - Pastoral Universit\u00e1ria UniSALESIANO","isPartOf":{"@id":"https:\/\/unisale.com.br\/pastoral\/#website"},"primaryImageOfPage":{"@id":"https:\/\/unisale.com.br\/novo\/16-05-se-alguem-me-ama-guardara-minha-palavra-e-o-meu-pai-o-amara-e-nos-viremos-e-faremos-nele-a-nossa-morada\/#primaryimage"},"image":{"@id":"https:\/\/unisale.com.br\/novo\/16-05-se-alguem-me-ama-guardara-minha-palavra-e-o-meu-pai-o-amara-e-nos-viremos-e-faremos-nele-a-nossa-morada\/#primaryimage"},"thumbnailUrl":"https:\/\/unisale.com.br\/pastoral\/wp-content\/uploads\/2022\/05\/Ev-16-1.jpg","datePublished":"2022-05-13T11:19:59+00:00","author":{"@id":"https:\/\/unisale.com.br\/pastoral\/#\/schema\/person\/492d3d7bfe53a8302576d39485aff2c4"},"inLanguage":"pt-BR","potentialAction":[{"@type":"ReadAction","target":["https:\/\/unisale.com.br\/novo\/16-05-se-alguem-me-ama-guardara-minha-palavra-e-o-meu-pai-o-amara-e-nos-viremos-e-faremos-nele-a-nossa-morada\/"]}]},{"@type":"ImageObject","inLanguage":"pt-BR","@id":"https:\/\/unisale.com.br\/novo\/16-05-se-alguem-me-ama-guardara-minha-palavra-e-o-meu-pai-o-amara-e-nos-viremos-e-faremos-nele-a-nossa-morada\/#primaryimage","url":"https:\/\/unisale.com.br\/pastoral\/wp-content\/uploads\/2022\/05\/Ev-16-1.jpg","contentUrl":"https:\/\/unisale.com.br\/pastoral\/wp-content\/uploads\/2022\/05\/Ev-16-1.jpg","width":600,"height":450},{"@type":"WebSite","@id":"https:\/\/unisale.com.br\/pastoral\/#website","url":"https:\/\/unisale.com.br\/pastoral\/","name":"Pastoral Universit\u00e1ria UniSALESIANO","description":"Site da Pastoral Universit\u00e1ria do UniSALESIANO","potentialAction":[{"@type":"SearchAction","target":{"@type":"EntryPoint","urlTemplate":"https:\/\/unisale.com.br\/pastoral\/?s={search_term_string}"},"query-input":{"@type":"PropertyValueSpecification","valueRequired":true,"valueName":"search_term_string"}}],"inLanguage":"pt-BR"},{"@type":"Person","@id":"https:\/\/unisale.com.br\/pastoral\/#\/schema\/person\/492d3d7bfe53a8302576d39485aff2c4","name":"Luiz Alexandre Marinho Lanzoni","url":"https:\/\/unisale.com.br\/pastoral\/author\/luiz\/"}]}},"_links":{"self":[{"href":"https:\/\/unisale.com.br\/pastoral\/wp-json\/wp\/v2\/posts\/4482","targetHints":{"allow":["GET"]}}],"collection":[{"href":"https:\/\/unisale.com.br\/pastoral\/wp-json\/wp\/v2\/posts"}],"about":[{"href":"https:\/\/unisale.com.br\/pastoral\/wp-json\/wp\/v2\/types\/post"}],"author":[{"embeddable":true,"href":"https:\/\/unisale.com.br\/pastoral\/wp-json\/wp\/v2\/users\/6"}],"replies":[{"embeddable":true,"href":"https:\/\/unisale.com.br\/pastoral\/wp-json\/wp\/v2\/comments?post=4482"}],"version-history":[{"count":0,"href":"https:\/\/unisale.com.br\/pastoral\/wp-json\/wp\/v2\/posts\/4482\/revisions"}],"wp:featuredmedia":[{"embeddable":true,"href":"https:\/\/unisale.com.br\/pastoral\/wp-json\/wp\/v2\/media\/4483"}],"wp:attachment":[{"href":"https:\/\/unisale.com.br\/pastoral\/wp-json\/wp\/v2\/media?parent=4482"}],"wp:term":[{"taxonomy":"category","embeddable":true,"href":"https:\/\/unisale.com.br\/pastoral\/wp-json\/wp\/v2\/categories?post=4482"},{"taxonomy":"post_tag","embeddable":true,"href":"https:\/\/unisale.com.br\/pastoral\/wp-json\/wp\/v2\/tags?post=4482"}],"curies":[{"name":"wp","href":"https:\/\/api.w.org\/{rel}","templated":true}]}}