{"id":4508,"date":"2022-06-03T15:04:50","date_gmt":"2022-06-03T15:04:50","guid":{"rendered":"https:\/\/unisale.com.br\/pastoral\/?p=4508"},"modified":"2022-06-08T11:29:36","modified_gmt":"2022-06-08T11:29:36","slug":"01-06-consagra-os-na-verdade-a-tua-palavra-e-verdade","status":"publish","type":"post","link":"https:\/\/unisale.com.br\/pastoral\/01-06-consagra-os-na-verdade-a-tua-palavra-e-verdade\/","title":{"rendered":"01\/06 &#8211; Consagra-os na verdade; a tua palavra \u00e9 verdade."},"content":{"rendered":"<p>Quarta-feira, 01 de junho de 2022.<\/p>\n<p>&nbsp;<\/p>\n<p>Evangelho (Jo 17,11-19)<\/p>\n<p>&nbsp;<\/p>\n<p><strong>\u201cConsagra-os na verdade; a tua palavra \u00e9 verdade.\u201d<\/strong><\/p>\n<p>&nbsp;<\/p>\n<p>Naquele tempo, Jesus ergueu os olhos para o c\u00e9u e rezou, dizendo: <sup>11b<\/sup>\u201cPai santo, guarda-os em teu nome, o nome que me deste, para que eles sejam um assim como n\u00f3s somos um. <sup>12<\/sup>Quando eu estava com eles, guardava-os em teu nome, o nome que me deste. Eu os guardei e nenhum deles se perdeu, a n\u00e3o ser o filho da perdi\u00e7\u00e3o, para se cumprir a Escritura. <sup>13<\/sup>Agora, eu vou para junto de ti, e digo estas coisas, estando ainda no mundo, para que eles tenham em si a minha alegria plenamente realizada. <sup>14<\/sup>Eu lhes dei a tua palavra, mas o mundo os rejeitou, porque n\u00e3o s\u00e3o do mundo, como eu n\u00e3o sou do mundo. <sup>15<\/sup>N\u00e3o te pe\u00e7o que os tires do mundo, mas que os guardes do Maligno. <sup>16<\/sup>Eles n\u00e3o s\u00e3o do mundo, como eu n\u00e3o sou do mundo. <sup>17<\/sup>Consagra-os na verdade; a tua palavra \u00e9 verdade. <sup>18<\/sup>Como tu me enviaste ao mundo, assim tamb\u00e9m eu os enviei ao mundo. <sup>19<\/sup>Eu me consagro por eles, a fim de que eles tamb\u00e9m sejam consagrados na verdade\u201d.<\/p>\n<p>&nbsp;<\/p>\n<p><strong>Reflex\u00e3o<\/strong><\/p>\n<p>&nbsp;<\/p>\n<p>\u201cPai santo, guarda-os em teu nome, o nome que me deste, para que eles sejam um assim como n\u00f3s somos um&#8230; Eu lhes dei a tua palavra, mas o mundo os rejeitou, porque n\u00e3o s\u00e3o do mundo, como eu n\u00e3o sou do mundo\u201d. Jesus tem plena consci\u00eancia de que n\u00f3s jogamos na hist\u00f3ria como protagonistas e n\u00e3o como pe\u00f5es. Com a encarna\u00e7\u00e3o, Ele se colocou em campo, mas depois dos eventos da paix\u00e3o, morte e ressurrei\u00e7\u00e3o, Ele desceu novamente do campo do espa\u00e7o e do tempo, e deixou cada um de n\u00f3s como Seu prolongamento na hist\u00f3ria. E justamente porque estamos ainda no cora\u00e7\u00e3o da partida, temos necessidade de sermos protegidos. E o que \u00e9 que nos protege? \u00a0Sermos uma coisa s\u00f3, assim como Ele \u00e9 uma coisa s\u00f3 com o Pai. \u00c9 este o motivo pelo qual nos dirigimos ao mal chamando-o de diabo. A palavra diabo significa \u201caquele que divide\u201d. \u00c9 quando somos divididos que nos tornamos fracos e perdidos. Neste sentido a obra do mal \u00e9 sempre esta de nos dar motivos para dividirmo-nos, para nos contrapormos, para nos colocarmos uns contra os outros. Aquilo que nos salva \u00e9 justamente encontrarmos a unidade. Uma fam\u00edlia unida \u00e9 uma fam\u00edlia mais forte. Uma fam\u00edlia dividida gera somente outros problemas. Dois amigos unidos s\u00e3o dois amigos fortes, dois amigos divididos s\u00e3o dois potenciais inimigos. Uma Igreja unida \u00e9 uma Igreja forte, uma Igreja dividida \u00e9 o maior contratestemunho que podemos dar ao mundo. Mas precisar\u00edamos dizer que talvez dev\u00eassemos encontrar uma maneira de fugir da hist\u00f3ria, para encontrar um lugar onde escondermo-nos \u00e0 espera de que tudo termine, mas tamb\u00e9m esta \u00e9 uma tenta\u00e7\u00e3o. Um crist\u00e3o n\u00e3o se coloca jamais fora do jogo. \u00c9 Jesus quem pede por n\u00f3s: \u201cN\u00e3o te pe\u00e7o que os tires do mundo, mas que os guardes do Maligno\u201d. O Senhor n\u00e3o nos tira fora das din\u00e2micas da hist\u00f3ria, nos d\u00e1 somente a possibilidade de atravess\u00e1-la consagrados na verdade. E isto significa que somos chamados a estar na hist\u00f3ria mostrando uma l\u00f3gica completamente diferente. Entender no que consiste esta \u201cdiversidade\u201d crist\u00e3 e aprender a vive-la com humildade, sem covardia ou fanatismo, \u00e9 o verdadeiro empenho de hoje.<\/p>\n<p>&nbsp;<\/p>\n<p><strong>Pe. Paulo Eduardo J\u00e1como, sdb.<\/strong><\/p>\n","protected":false},"excerpt":{"rendered":"<p>Quarta-feira, 01 de junho de 2022. &nbsp; Evangelho (Jo 17,11-19) &nbsp; \u201cConsagra-os na verdade; a tua palavra \u00e9 verdade.\u201d &nbsp; Naquele tempo, Jesus ergueu os&#8230;<\/p>\n","protected":false},"author":6,"featured_media":4563,"comment_status":"closed","ping_status":"closed","sticky":false,"template":"","format":"standard","meta":{"_acf_changed":false,"footnotes":""},"categories":[13],"tags":[],"class_list":["post-4508","post","type-post","status-publish","format-standard","has-post-thumbnail","hentry","category-reflexaodoevagelho"],"acf":[],"yoast_head":"<!-- This site is optimized with the Yoast SEO plugin v27.3 - https:\/\/yoast.com\/product\/yoast-seo-wordpress\/ -->\n<title>01\/06 - Consagra-os na verdade; a tua palavra \u00e9 verdade. - Pastoral Universit\u00e1ria UniSALESIANO<\/title>\n<meta name=\"robots\" content=\"index, follow, max-snippet:-1, max-image-preview:large, max-video-preview:-1\" \/>\n<link rel=\"canonical\" href=\"https:\/\/unisale.com.br\/novo\/01-06-consagra-os-na-verdade-a-tua-palavra-e-verdade\/\" \/>\n<meta property=\"og:locale\" content=\"pt_BR\" \/>\n<meta property=\"og:type\" content=\"article\" \/>\n<meta property=\"og:title\" content=\"01\/06 - Consagra-os na verdade; a tua palavra \u00e9 verdade. - Pastoral Universit\u00e1ria UniSALESIANO\" \/>\n<meta property=\"og:description\" content=\"Quarta-feira, 01 de junho de 2022. &nbsp; Evangelho (Jo 17,11-19) &nbsp; \u201cConsagra-os na verdade; a tua palavra \u00e9 verdade.\u201d &nbsp; Naquele tempo, Jesus ergueu os...\" \/>\n<meta property=\"og:url\" content=\"https:\/\/unisale.com.br\/novo\/01-06-consagra-os-na-verdade-a-tua-palavra-e-verdade\/\" \/>\n<meta property=\"og:site_name\" content=\"Pastoral Universit\u00e1ria UniSALESIANO\" \/>\n<meta property=\"article:published_time\" content=\"2022-06-03T15:04:50+00:00\" \/>\n<meta property=\"article:modified_time\" content=\"2022-06-08T11:29:36+00:00\" \/>\n<meta property=\"og:image\" content=\"https:\/\/unisale.com.br\/novo\/wp-content\/uploads\/2022\/06\/ewditi-1.jpg\" \/>\n\t<meta property=\"og:image:width\" content=\"500\" \/>\n\t<meta property=\"og:image:height\" content=\"325\" \/>\n\t<meta property=\"og:image:type\" content=\"image\/jpeg\" \/>\n<meta name=\"author\" content=\"Luiz Alexandre Marinho Lanzoni\" \/>\n<meta name=\"twitter:card\" content=\"summary_large_image\" \/>\n<meta name=\"twitter:label1\" content=\"Escrito por\" \/>\n\t<meta name=\"twitter:data1\" content=\"Luiz Alexandre Marinho Lanzoni\" \/>\n\t<meta name=\"twitter:label2\" content=\"Est. tempo de leitura\" \/>\n\t<meta name=\"twitter:data2\" content=\"3 minutos\" \/>\n<script type=\"application\/ld+json\" class=\"yoast-schema-graph\">{\"@context\":\"https:\\\/\\\/schema.org\",\"@graph\":[{\"@type\":\"Article\",\"@id\":\"https:\\\/\\\/unisale.com.br\\\/novo\\\/01-06-consagra-os-na-verdade-a-tua-palavra-e-verdade\\\/#article\",\"isPartOf\":{\"@id\":\"https:\\\/\\\/unisale.com.br\\\/novo\\\/01-06-consagra-os-na-verdade-a-tua-palavra-e-verdade\\\/\"},\"author\":{\"name\":\"Luiz Alexandre Marinho Lanzoni\",\"@id\":\"https:\\\/\\\/unisale.com.br\\\/pastoral\\\/#\\\/schema\\\/person\\\/492d3d7bfe53a8302576d39485aff2c4\"},\"headline\":\"01\\\/06 &#8211; Consagra-os na verdade; a tua palavra \u00e9 verdade.\",\"datePublished\":\"2022-06-03T15:04:50+00:00\",\"dateModified\":\"2022-06-08T11:29:36+00:00\",\"mainEntityOfPage\":{\"@id\":\"https:\\\/\\\/unisale.com.br\\\/novo\\\/01-06-consagra-os-na-verdade-a-tua-palavra-e-verdade\\\/\"},\"wordCount\":612,\"image\":{\"@id\":\"https:\\\/\\\/unisale.com.br\\\/novo\\\/01-06-consagra-os-na-verdade-a-tua-palavra-e-verdade\\\/#primaryimage\"},\"thumbnailUrl\":\"https:\\\/\\\/unisale.com.br\\\/pastoral\\\/wp-content\\\/uploads\\\/2022\\\/06\\\/ewditi-1.jpg\",\"articleSection\":[\"Reflex\u00e3o do Evangelho\"],\"inLanguage\":\"pt-BR\"},{\"@type\":\"WebPage\",\"@id\":\"https:\\\/\\\/unisale.com.br\\\/novo\\\/01-06-consagra-os-na-verdade-a-tua-palavra-e-verdade\\\/\",\"url\":\"https:\\\/\\\/unisale.com.br\\\/novo\\\/01-06-consagra-os-na-verdade-a-tua-palavra-e-verdade\\\/\",\"name\":\"01\\\/06 - Consagra-os na verdade; a tua palavra \u00e9 verdade. - Pastoral Universit\u00e1ria UniSALESIANO\",\"isPartOf\":{\"@id\":\"https:\\\/\\\/unisale.com.br\\\/pastoral\\\/#website\"},\"primaryImageOfPage\":{\"@id\":\"https:\\\/\\\/unisale.com.br\\\/novo\\\/01-06-consagra-os-na-verdade-a-tua-palavra-e-verdade\\\/#primaryimage\"},\"image\":{\"@id\":\"https:\\\/\\\/unisale.com.br\\\/novo\\\/01-06-consagra-os-na-verdade-a-tua-palavra-e-verdade\\\/#primaryimage\"},\"thumbnailUrl\":\"https:\\\/\\\/unisale.com.br\\\/pastoral\\\/wp-content\\\/uploads\\\/2022\\\/06\\\/ewditi-1.jpg\",\"datePublished\":\"2022-06-03T15:04:50+00:00\",\"dateModified\":\"2022-06-08T11:29:36+00:00\",\"author\":{\"@id\":\"https:\\\/\\\/unisale.com.br\\\/pastoral\\\/#\\\/schema\\\/person\\\/492d3d7bfe53a8302576d39485aff2c4\"},\"inLanguage\":\"pt-BR\",\"potentialAction\":[{\"@type\":\"ReadAction\",\"target\":[\"https:\\\/\\\/unisale.com.br\\\/novo\\\/01-06-consagra-os-na-verdade-a-tua-palavra-e-verdade\\\/\"]}]},{\"@type\":\"ImageObject\",\"inLanguage\":\"pt-BR\",\"@id\":\"https:\\\/\\\/unisale.com.br\\\/novo\\\/01-06-consagra-os-na-verdade-a-tua-palavra-e-verdade\\\/#primaryimage\",\"url\":\"https:\\\/\\\/unisale.com.br\\\/pastoral\\\/wp-content\\\/uploads\\\/2022\\\/06\\\/ewditi-1.jpg\",\"contentUrl\":\"https:\\\/\\\/unisale.com.br\\\/pastoral\\\/wp-content\\\/uploads\\\/2022\\\/06\\\/ewditi-1.jpg\",\"width\":500,\"height\":325},{\"@type\":\"WebSite\",\"@id\":\"https:\\\/\\\/unisale.com.br\\\/pastoral\\\/#website\",\"url\":\"https:\\\/\\\/unisale.com.br\\\/pastoral\\\/\",\"name\":\"Pastoral Universit\u00e1ria UniSALESIANO\",\"description\":\"Site da Pastoral Universit\u00e1ria do UniSALESIANO\",\"potentialAction\":[{\"@type\":\"SearchAction\",\"target\":{\"@type\":\"EntryPoint\",\"urlTemplate\":\"https:\\\/\\\/unisale.com.br\\\/pastoral\\\/?s={search_term_string}\"},\"query-input\":{\"@type\":\"PropertyValueSpecification\",\"valueRequired\":true,\"valueName\":\"search_term_string\"}}],\"inLanguage\":\"pt-BR\"},{\"@type\":\"Person\",\"@id\":\"https:\\\/\\\/unisale.com.br\\\/pastoral\\\/#\\\/schema\\\/person\\\/492d3d7bfe53a8302576d39485aff2c4\",\"name\":\"Luiz Alexandre Marinho Lanzoni\",\"url\":\"https:\\\/\\\/unisale.com.br\\\/pastoral\\\/author\\\/luiz\\\/\"}]}<\/script>\n<!-- \/ Yoast SEO plugin. -->","yoast_head_json":{"title":"01\/06 - Consagra-os na verdade; a tua palavra \u00e9 verdade. - Pastoral Universit\u00e1ria UniSALESIANO","robots":{"index":"index","follow":"follow","max-snippet":"max-snippet:-1","max-image-preview":"max-image-preview:large","max-video-preview":"max-video-preview:-1"},"canonical":"https:\/\/unisale.com.br\/novo\/01-06-consagra-os-na-verdade-a-tua-palavra-e-verdade\/","og_locale":"pt_BR","og_type":"article","og_title":"01\/06 - Consagra-os na verdade; a tua palavra \u00e9 verdade. - Pastoral Universit\u00e1ria UniSALESIANO","og_description":"Quarta-feira, 01 de junho de 2022. &nbsp; Evangelho (Jo 17,11-19) &nbsp; \u201cConsagra-os na verdade; a tua palavra \u00e9 verdade.\u201d &nbsp; Naquele tempo, Jesus ergueu os...","og_url":"https:\/\/unisale.com.br\/novo\/01-06-consagra-os-na-verdade-a-tua-palavra-e-verdade\/","og_site_name":"Pastoral Universit\u00e1ria UniSALESIANO","article_published_time":"2022-06-03T15:04:50+00:00","article_modified_time":"2022-06-08T11:29:36+00:00","og_image":[{"width":500,"height":325,"url":"https:\/\/unisale.com.br\/novo\/wp-content\/uploads\/2022\/06\/ewditi-1.jpg","type":"image\/jpeg"}],"author":"Luiz Alexandre Marinho Lanzoni","twitter_card":"summary_large_image","twitter_misc":{"Escrito por":"Luiz Alexandre Marinho Lanzoni","Est. tempo de leitura":"3 minutos"},"schema":{"@context":"https:\/\/schema.org","@graph":[{"@type":"Article","@id":"https:\/\/unisale.com.br\/novo\/01-06-consagra-os-na-verdade-a-tua-palavra-e-verdade\/#article","isPartOf":{"@id":"https:\/\/unisale.com.br\/novo\/01-06-consagra-os-na-verdade-a-tua-palavra-e-verdade\/"},"author":{"name":"Luiz Alexandre Marinho Lanzoni","@id":"https:\/\/unisale.com.br\/pastoral\/#\/schema\/person\/492d3d7bfe53a8302576d39485aff2c4"},"headline":"01\/06 &#8211; Consagra-os na verdade; a tua palavra \u00e9 verdade.","datePublished":"2022-06-03T15:04:50+00:00","dateModified":"2022-06-08T11:29:36+00:00","mainEntityOfPage":{"@id":"https:\/\/unisale.com.br\/novo\/01-06-consagra-os-na-verdade-a-tua-palavra-e-verdade\/"},"wordCount":612,"image":{"@id":"https:\/\/unisale.com.br\/novo\/01-06-consagra-os-na-verdade-a-tua-palavra-e-verdade\/#primaryimage"},"thumbnailUrl":"https:\/\/unisale.com.br\/pastoral\/wp-content\/uploads\/2022\/06\/ewditi-1.jpg","articleSection":["Reflex\u00e3o do Evangelho"],"inLanguage":"pt-BR"},{"@type":"WebPage","@id":"https:\/\/unisale.com.br\/novo\/01-06-consagra-os-na-verdade-a-tua-palavra-e-verdade\/","url":"https:\/\/unisale.com.br\/novo\/01-06-consagra-os-na-verdade-a-tua-palavra-e-verdade\/","name":"01\/06 - Consagra-os na verdade; a tua palavra \u00e9 verdade. - Pastoral Universit\u00e1ria UniSALESIANO","isPartOf":{"@id":"https:\/\/unisale.com.br\/pastoral\/#website"},"primaryImageOfPage":{"@id":"https:\/\/unisale.com.br\/novo\/01-06-consagra-os-na-verdade-a-tua-palavra-e-verdade\/#primaryimage"},"image":{"@id":"https:\/\/unisale.com.br\/novo\/01-06-consagra-os-na-verdade-a-tua-palavra-e-verdade\/#primaryimage"},"thumbnailUrl":"https:\/\/unisale.com.br\/pastoral\/wp-content\/uploads\/2022\/06\/ewditi-1.jpg","datePublished":"2022-06-03T15:04:50+00:00","dateModified":"2022-06-08T11:29:36+00:00","author":{"@id":"https:\/\/unisale.com.br\/pastoral\/#\/schema\/person\/492d3d7bfe53a8302576d39485aff2c4"},"inLanguage":"pt-BR","potentialAction":[{"@type":"ReadAction","target":["https:\/\/unisale.com.br\/novo\/01-06-consagra-os-na-verdade-a-tua-palavra-e-verdade\/"]}]},{"@type":"ImageObject","inLanguage":"pt-BR","@id":"https:\/\/unisale.com.br\/novo\/01-06-consagra-os-na-verdade-a-tua-palavra-e-verdade\/#primaryimage","url":"https:\/\/unisale.com.br\/pastoral\/wp-content\/uploads\/2022\/06\/ewditi-1.jpg","contentUrl":"https:\/\/unisale.com.br\/pastoral\/wp-content\/uploads\/2022\/06\/ewditi-1.jpg","width":500,"height":325},{"@type":"WebSite","@id":"https:\/\/unisale.com.br\/pastoral\/#website","url":"https:\/\/unisale.com.br\/pastoral\/","name":"Pastoral Universit\u00e1ria UniSALESIANO","description":"Site da Pastoral Universit\u00e1ria do UniSALESIANO","potentialAction":[{"@type":"SearchAction","target":{"@type":"EntryPoint","urlTemplate":"https:\/\/unisale.com.br\/pastoral\/?s={search_term_string}"},"query-input":{"@type":"PropertyValueSpecification","valueRequired":true,"valueName":"search_term_string"}}],"inLanguage":"pt-BR"},{"@type":"Person","@id":"https:\/\/unisale.com.br\/pastoral\/#\/schema\/person\/492d3d7bfe53a8302576d39485aff2c4","name":"Luiz Alexandre Marinho Lanzoni","url":"https:\/\/unisale.com.br\/pastoral\/author\/luiz\/"}]}},"_links":{"self":[{"href":"https:\/\/unisale.com.br\/pastoral\/wp-json\/wp\/v2\/posts\/4508","targetHints":{"allow":["GET"]}}],"collection":[{"href":"https:\/\/unisale.com.br\/pastoral\/wp-json\/wp\/v2\/posts"}],"about":[{"href":"https:\/\/unisale.com.br\/pastoral\/wp-json\/wp\/v2\/types\/post"}],"author":[{"embeddable":true,"href":"https:\/\/unisale.com.br\/pastoral\/wp-json\/wp\/v2\/users\/6"}],"replies":[{"embeddable":true,"href":"https:\/\/unisale.com.br\/pastoral\/wp-json\/wp\/v2\/comments?post=4508"}],"version-history":[{"count":0,"href":"https:\/\/unisale.com.br\/pastoral\/wp-json\/wp\/v2\/posts\/4508\/revisions"}],"wp:featuredmedia":[{"embeddable":true,"href":"https:\/\/unisale.com.br\/pastoral\/wp-json\/wp\/v2\/media\/4563"}],"wp:attachment":[{"href":"https:\/\/unisale.com.br\/pastoral\/wp-json\/wp\/v2\/media?parent=4508"}],"wp:term":[{"taxonomy":"category","embeddable":true,"href":"https:\/\/unisale.com.br\/pastoral\/wp-json\/wp\/v2\/categories?post=4508"},{"taxonomy":"post_tag","embeddable":true,"href":"https:\/\/unisale.com.br\/pastoral\/wp-json\/wp\/v2\/tags?post=4508"}],"curies":[{"name":"wp","href":"https:\/\/api.w.org\/{rel}","templated":true}]}}