{"id":4511,"date":"2022-06-03T15:11:55","date_gmt":"2022-06-03T15:11:55","guid":{"rendered":"https:\/\/unisale.com.br\/pastoral\/?p=4511"},"modified":"2022-06-03T15:11:55","modified_gmt":"2022-06-03T15:11:55","slug":"02-06-para-que-todos-sejam-um-como-tu-pai-estas-em-mim-e-eu-em-ti","status":"publish","type":"post","link":"https:\/\/unisale.com.br\/pastoral\/02-06-para-que-todos-sejam-um-como-tu-pai-estas-em-mim-e-eu-em-ti\/","title":{"rendered":"02\/06 &#8211; &#8230;para que todos sejam um como tu, Pai, est\u00e1s em mim e eu em ti&#8230;"},"content":{"rendered":"<p>Quinta-feira, 02 de junho de 2022.<\/p>\n<p>&nbsp;<\/p>\n<p>Evangelho (Jo 17,20-26)<\/p>\n<p>&nbsp;<\/p>\n<p><strong>\u201c&#8230;para que todos sejam um como tu, Pai, est\u00e1s em mim e eu em ti&#8230;\u201d<\/strong><\/p>\n<p>&nbsp;<\/p>\n<p>Naquele tempo, Jesus ergueu os olhos ao c\u00e9u e rezou, dizendo: <sup>20<\/sup>\u201cPai santo, eu n\u00e3o te rogo somente por eles, mas tamb\u00e9m por aqueles que v\u00e3o crer em mim pela sua palavra; <sup>21<\/sup>para que todos sejam um como tu, Pai, est\u00e1s em mim e eu em ti, e para que eles estejam em n\u00f3s, a fim de que o mundo creia que tu me enviaste. <sup>22<\/sup>Eu dei-lhes a gl\u00f3ria que tu me deste, para que eles sejam um, como n\u00f3s somos um: <sup>23<\/sup>eu neles e tu em mim, para que assim eles cheguem \u00e0 unidade perfeita e o mundo reconhe\u00e7a que tu me enviaste e os amaste, como me amaste a mim. <sup>24<\/sup>Pai, aqueles que me deste, quero que estejam comigo onde eu estiver, para que eles contemplem a minha gl\u00f3ria, gl\u00f3ria que tu me deste porque me amaste antes da funda\u00e7\u00e3o do universo. <sup>25<\/sup>Pai justo, o mundo n\u00e3o te conheceu, mas eu te conheci, e estes tamb\u00e9m conheceram que tu me enviaste. <sup>26<\/sup>Eu lhes fiz conhecer o teu nome, e o tornarei conhecido ainda mais, para que o amor com que me amaste esteja neles, e eu mesmo esteja neles\u201d.<\/p>\n<p>&nbsp;<\/p>\n<p><strong>Reflex\u00e3o<\/strong><\/p>\n<p>&nbsp;<\/p>\n<p>\u00c0s vezes quando a gente l\u00ea o Evangelho de Jo\u00e3o chega d\u00e1 um calafrio, mas basta um pouco mais de aten\u00e7\u00e3o para percebermos uma beleza extraordin\u00e1ria. \u201c<sup>E<\/sup>u neles e tu em mim, para que assim eles cheguem \u00e0 unidade perfeita e o mundo reconhe\u00e7a que tu me enviaste e os amaste, como me amaste a mim\u201d. Onde est\u00e1 o Pai? O Pai est\u00e1 no Filho. E onde est\u00e1 o Filho? O Filho est\u00e1 em n\u00f3s. Qual \u00e9 a parte mais vis\u00edvel de Deus? N\u00f3s. Esta \u00e9 a grande responsabilidade que nos foi dada, aquela de ser a visibilidade de Deus. E isto \u00e9 poss\u00edvel porque o amor nos faz entrar no outro de maneira profunda. Quando se ama algu\u00e9m agora aquele amor entra tanto dentro de n\u00f3s que tudo aquilo que se faz \u00e9 influenciado por este amor. Neste sentido cada coisa fala deste amor. Tudo aquilo que Jesus fez na vida o fez tornando vis\u00edvel o amor do Pai. E isto porque \u00e9 t\u00e3o forte e verdadeiro o amor que Ele tem pelo Pai e que o Pai tem por Ele, que tudo aquilo que fez o fez influenciado por este amor. Do mesmo modo o amor profundo por Cristo deveria chegar t\u00e3o profundamente em n\u00f3s de modo a influenciar tudo aquilo que fazemos de modo a deixar claro que tudo fizemos por amor a Cristo. Quem v\u00ea o que fazemos, em certo sentido, v\u00ea o amor de Cristo e v\u00ea o amor do Pai. N\u00e3o \u00e9 um jogo de palavras, mas talvez seja a imagem mais bela para expressar do que \u00e9 feito o amor de Deus. Ningu\u00e9m agora pode dizer de n\u00e3o ver Deus, porque encontrando cada coisa feita por um disc\u00edpulo que ama Jesus, encontra o pr\u00f3prio Cristo. \u00c9 este o modo que Deus escolheu para tocar a vida dos homens: atrav\u00e9s do Seu Filho. E Seu Filho escolheu tocar a vida dos homens atrav\u00e9s de n\u00f3s. Nossa maior responsabilidade \u00e9 n\u00e3o trair esta passagem de amor. Quando n\u00f3s n\u00e3o amamos impedimos a Cristo de amor e aos outros de ver a Deus. A evangeliza\u00e7\u00e3o consiste somente em permitir ao amor de acontecer atrav\u00e9s de n\u00f3s..<\/p>\n<p>&nbsp;<\/p>\n<p><strong>Pe. Paulo Eduardo J\u00e1como, sdb.<\/strong><\/p>\n","protected":false},"excerpt":{"rendered":"<p>Quinta-feira, 02 de junho de 2022. &nbsp; Evangelho (Jo 17,20-26) &nbsp; \u201c&#8230;para que todos sejam um como tu, Pai, est\u00e1s em mim e eu em&#8230;<\/p>\n","protected":false},"author":6,"featured_media":4512,"comment_status":"closed","ping_status":"closed","sticky":false,"template":"","format":"standard","meta":{"_acf_changed":false,"footnotes":""},"categories":[13],"tags":[],"class_list":["post-4511","post","type-post","status-publish","format-standard","has-post-thumbnail","hentry","category-reflexaodoevagelho"],"acf":[],"yoast_head":"<!-- This site is optimized with the Yoast SEO plugin v27.3 - https:\/\/yoast.com\/product\/yoast-seo-wordpress\/ -->\n<title>02\/06 - ...para que todos sejam um como tu, Pai, est\u00e1s em mim e eu em ti... - Pastoral Universit\u00e1ria UniSALESIANO<\/title>\n<meta name=\"robots\" content=\"index, follow, max-snippet:-1, max-image-preview:large, max-video-preview:-1\" \/>\n<link rel=\"canonical\" href=\"https:\/\/unisale.com.br\/novo\/02-06-para-que-todos-sejam-um-como-tu-pai-estas-em-mim-e-eu-em-ti\/\" \/>\n<meta property=\"og:locale\" content=\"pt_BR\" \/>\n<meta property=\"og:type\" content=\"article\" \/>\n<meta property=\"og:title\" content=\"02\/06 - ...para que todos sejam um como tu, Pai, est\u00e1s em mim e eu em ti... - Pastoral Universit\u00e1ria UniSALESIANO\" \/>\n<meta property=\"og:description\" content=\"Quinta-feira, 02 de junho de 2022. &nbsp; Evangelho (Jo 17,20-26) &nbsp; \u201c&#8230;para que todos sejam um como tu, Pai, est\u00e1s em mim e eu em...\" \/>\n<meta property=\"og:url\" content=\"https:\/\/unisale.com.br\/novo\/02-06-para-que-todos-sejam-um-como-tu-pai-estas-em-mim-e-eu-em-ti\/\" \/>\n<meta property=\"og:site_name\" content=\"Pastoral Universit\u00e1ria UniSALESIANO\" \/>\n<meta property=\"article:published_time\" content=\"2022-06-03T15:11:55+00:00\" \/>\n<meta property=\"og:image\" content=\"https:\/\/unisale.com.br\/novo\/wp-content\/uploads\/2022\/06\/tumblr_p8v7ph4kP51ubl932o1_400.jpg\" \/>\n\t<meta property=\"og:image:width\" content=\"397\" \/>\n\t<meta property=\"og:image:height\" content=\"397\" \/>\n\t<meta property=\"og:image:type\" content=\"image\/jpeg\" \/>\n<meta name=\"author\" content=\"Luiz Alexandre Marinho Lanzoni\" \/>\n<meta name=\"twitter:card\" content=\"summary_large_image\" \/>\n<meta name=\"twitter:label1\" content=\"Escrito por\" \/>\n\t<meta name=\"twitter:data1\" content=\"Luiz Alexandre Marinho Lanzoni\" \/>\n\t<meta name=\"twitter:label2\" content=\"Est. tempo de leitura\" \/>\n\t<meta name=\"twitter:data2\" content=\"3 minutos\" \/>\n<script type=\"application\/ld+json\" class=\"yoast-schema-graph\">{\"@context\":\"https:\\\/\\\/schema.org\",\"@graph\":[{\"@type\":\"Article\",\"@id\":\"https:\\\/\\\/unisale.com.br\\\/novo\\\/02-06-para-que-todos-sejam-um-como-tu-pai-estas-em-mim-e-eu-em-ti\\\/#article\",\"isPartOf\":{\"@id\":\"https:\\\/\\\/unisale.com.br\\\/novo\\\/02-06-para-que-todos-sejam-um-como-tu-pai-estas-em-mim-e-eu-em-ti\\\/\"},\"author\":{\"name\":\"Luiz Alexandre Marinho Lanzoni\",\"@id\":\"https:\\\/\\\/unisale.com.br\\\/pastoral\\\/#\\\/schema\\\/person\\\/492d3d7bfe53a8302576d39485aff2c4\"},\"headline\":\"02\\\/06 &#8211; &#8230;para que todos sejam um como tu, Pai, est\u00e1s em mim e eu em ti&#8230;\",\"datePublished\":\"2022-06-03T15:11:55+00:00\",\"mainEntityOfPage\":{\"@id\":\"https:\\\/\\\/unisale.com.br\\\/novo\\\/02-06-para-que-todos-sejam-um-como-tu-pai-estas-em-mim-e-eu-em-ti\\\/\"},\"wordCount\":636,\"image\":{\"@id\":\"https:\\\/\\\/unisale.com.br\\\/novo\\\/02-06-para-que-todos-sejam-um-como-tu-pai-estas-em-mim-e-eu-em-ti\\\/#primaryimage\"},\"thumbnailUrl\":\"https:\\\/\\\/unisale.com.br\\\/pastoral\\\/wp-content\\\/uploads\\\/2022\\\/06\\\/tumblr_p8v7ph4kP51ubl932o1_400.jpg\",\"articleSection\":[\"Reflex\u00e3o do Evangelho\"],\"inLanguage\":\"pt-BR\"},{\"@type\":\"WebPage\",\"@id\":\"https:\\\/\\\/unisale.com.br\\\/novo\\\/02-06-para-que-todos-sejam-um-como-tu-pai-estas-em-mim-e-eu-em-ti\\\/\",\"url\":\"https:\\\/\\\/unisale.com.br\\\/novo\\\/02-06-para-que-todos-sejam-um-como-tu-pai-estas-em-mim-e-eu-em-ti\\\/\",\"name\":\"02\\\/06 - ...para que todos sejam um como tu, Pai, est\u00e1s em mim e eu em ti... - Pastoral Universit\u00e1ria UniSALESIANO\",\"isPartOf\":{\"@id\":\"https:\\\/\\\/unisale.com.br\\\/pastoral\\\/#website\"},\"primaryImageOfPage\":{\"@id\":\"https:\\\/\\\/unisale.com.br\\\/novo\\\/02-06-para-que-todos-sejam-um-como-tu-pai-estas-em-mim-e-eu-em-ti\\\/#primaryimage\"},\"image\":{\"@id\":\"https:\\\/\\\/unisale.com.br\\\/novo\\\/02-06-para-que-todos-sejam-um-como-tu-pai-estas-em-mim-e-eu-em-ti\\\/#primaryimage\"},\"thumbnailUrl\":\"https:\\\/\\\/unisale.com.br\\\/pastoral\\\/wp-content\\\/uploads\\\/2022\\\/06\\\/tumblr_p8v7ph4kP51ubl932o1_400.jpg\",\"datePublished\":\"2022-06-03T15:11:55+00:00\",\"author\":{\"@id\":\"https:\\\/\\\/unisale.com.br\\\/pastoral\\\/#\\\/schema\\\/person\\\/492d3d7bfe53a8302576d39485aff2c4\"},\"inLanguage\":\"pt-BR\",\"potentialAction\":[{\"@type\":\"ReadAction\",\"target\":[\"https:\\\/\\\/unisale.com.br\\\/novo\\\/02-06-para-que-todos-sejam-um-como-tu-pai-estas-em-mim-e-eu-em-ti\\\/\"]}]},{\"@type\":\"ImageObject\",\"inLanguage\":\"pt-BR\",\"@id\":\"https:\\\/\\\/unisale.com.br\\\/novo\\\/02-06-para-que-todos-sejam-um-como-tu-pai-estas-em-mim-e-eu-em-ti\\\/#primaryimage\",\"url\":\"https:\\\/\\\/unisale.com.br\\\/pastoral\\\/wp-content\\\/uploads\\\/2022\\\/06\\\/tumblr_p8v7ph4kP51ubl932o1_400.jpg\",\"contentUrl\":\"https:\\\/\\\/unisale.com.br\\\/pastoral\\\/wp-content\\\/uploads\\\/2022\\\/06\\\/tumblr_p8v7ph4kP51ubl932o1_400.jpg\",\"width\":397,\"height\":397},{\"@type\":\"WebSite\",\"@id\":\"https:\\\/\\\/unisale.com.br\\\/pastoral\\\/#website\",\"url\":\"https:\\\/\\\/unisale.com.br\\\/pastoral\\\/\",\"name\":\"Pastoral Universit\u00e1ria UniSALESIANO\",\"description\":\"Site da Pastoral Universit\u00e1ria do UniSALESIANO\",\"potentialAction\":[{\"@type\":\"SearchAction\",\"target\":{\"@type\":\"EntryPoint\",\"urlTemplate\":\"https:\\\/\\\/unisale.com.br\\\/pastoral\\\/?s={search_term_string}\"},\"query-input\":{\"@type\":\"PropertyValueSpecification\",\"valueRequired\":true,\"valueName\":\"search_term_string\"}}],\"inLanguage\":\"pt-BR\"},{\"@type\":\"Person\",\"@id\":\"https:\\\/\\\/unisale.com.br\\\/pastoral\\\/#\\\/schema\\\/person\\\/492d3d7bfe53a8302576d39485aff2c4\",\"name\":\"Luiz Alexandre Marinho Lanzoni\",\"url\":\"https:\\\/\\\/unisale.com.br\\\/pastoral\\\/author\\\/luiz\\\/\"}]}<\/script>\n<!-- \/ Yoast SEO plugin. -->","yoast_head_json":{"title":"02\/06 - ...para que todos sejam um como tu, Pai, est\u00e1s em mim e eu em ti... - Pastoral Universit\u00e1ria UniSALESIANO","robots":{"index":"index","follow":"follow","max-snippet":"max-snippet:-1","max-image-preview":"max-image-preview:large","max-video-preview":"max-video-preview:-1"},"canonical":"https:\/\/unisale.com.br\/novo\/02-06-para-que-todos-sejam-um-como-tu-pai-estas-em-mim-e-eu-em-ti\/","og_locale":"pt_BR","og_type":"article","og_title":"02\/06 - ...para que todos sejam um como tu, Pai, est\u00e1s em mim e eu em ti... - Pastoral Universit\u00e1ria UniSALESIANO","og_description":"Quinta-feira, 02 de junho de 2022. &nbsp; Evangelho (Jo 17,20-26) &nbsp; \u201c&#8230;para que todos sejam um como tu, Pai, est\u00e1s em mim e eu em...","og_url":"https:\/\/unisale.com.br\/novo\/02-06-para-que-todos-sejam-um-como-tu-pai-estas-em-mim-e-eu-em-ti\/","og_site_name":"Pastoral Universit\u00e1ria UniSALESIANO","article_published_time":"2022-06-03T15:11:55+00:00","og_image":[{"width":397,"height":397,"url":"https:\/\/unisale.com.br\/novo\/wp-content\/uploads\/2022\/06\/tumblr_p8v7ph4kP51ubl932o1_400.jpg","type":"image\/jpeg"}],"author":"Luiz Alexandre Marinho Lanzoni","twitter_card":"summary_large_image","twitter_misc":{"Escrito por":"Luiz Alexandre Marinho Lanzoni","Est. tempo de leitura":"3 minutos"},"schema":{"@context":"https:\/\/schema.org","@graph":[{"@type":"Article","@id":"https:\/\/unisale.com.br\/novo\/02-06-para-que-todos-sejam-um-como-tu-pai-estas-em-mim-e-eu-em-ti\/#article","isPartOf":{"@id":"https:\/\/unisale.com.br\/novo\/02-06-para-que-todos-sejam-um-como-tu-pai-estas-em-mim-e-eu-em-ti\/"},"author":{"name":"Luiz Alexandre Marinho Lanzoni","@id":"https:\/\/unisale.com.br\/pastoral\/#\/schema\/person\/492d3d7bfe53a8302576d39485aff2c4"},"headline":"02\/06 &#8211; &#8230;para que todos sejam um como tu, Pai, est\u00e1s em mim e eu em ti&#8230;","datePublished":"2022-06-03T15:11:55+00:00","mainEntityOfPage":{"@id":"https:\/\/unisale.com.br\/novo\/02-06-para-que-todos-sejam-um-como-tu-pai-estas-em-mim-e-eu-em-ti\/"},"wordCount":636,"image":{"@id":"https:\/\/unisale.com.br\/novo\/02-06-para-que-todos-sejam-um-como-tu-pai-estas-em-mim-e-eu-em-ti\/#primaryimage"},"thumbnailUrl":"https:\/\/unisale.com.br\/pastoral\/wp-content\/uploads\/2022\/06\/tumblr_p8v7ph4kP51ubl932o1_400.jpg","articleSection":["Reflex\u00e3o do Evangelho"],"inLanguage":"pt-BR"},{"@type":"WebPage","@id":"https:\/\/unisale.com.br\/novo\/02-06-para-que-todos-sejam-um-como-tu-pai-estas-em-mim-e-eu-em-ti\/","url":"https:\/\/unisale.com.br\/novo\/02-06-para-que-todos-sejam-um-como-tu-pai-estas-em-mim-e-eu-em-ti\/","name":"02\/06 - ...para que todos sejam um como tu, Pai, est\u00e1s em mim e eu em ti... - Pastoral Universit\u00e1ria UniSALESIANO","isPartOf":{"@id":"https:\/\/unisale.com.br\/pastoral\/#website"},"primaryImageOfPage":{"@id":"https:\/\/unisale.com.br\/novo\/02-06-para-que-todos-sejam-um-como-tu-pai-estas-em-mim-e-eu-em-ti\/#primaryimage"},"image":{"@id":"https:\/\/unisale.com.br\/novo\/02-06-para-que-todos-sejam-um-como-tu-pai-estas-em-mim-e-eu-em-ti\/#primaryimage"},"thumbnailUrl":"https:\/\/unisale.com.br\/pastoral\/wp-content\/uploads\/2022\/06\/tumblr_p8v7ph4kP51ubl932o1_400.jpg","datePublished":"2022-06-03T15:11:55+00:00","author":{"@id":"https:\/\/unisale.com.br\/pastoral\/#\/schema\/person\/492d3d7bfe53a8302576d39485aff2c4"},"inLanguage":"pt-BR","potentialAction":[{"@type":"ReadAction","target":["https:\/\/unisale.com.br\/novo\/02-06-para-que-todos-sejam-um-como-tu-pai-estas-em-mim-e-eu-em-ti\/"]}]},{"@type":"ImageObject","inLanguage":"pt-BR","@id":"https:\/\/unisale.com.br\/novo\/02-06-para-que-todos-sejam-um-como-tu-pai-estas-em-mim-e-eu-em-ti\/#primaryimage","url":"https:\/\/unisale.com.br\/pastoral\/wp-content\/uploads\/2022\/06\/tumblr_p8v7ph4kP51ubl932o1_400.jpg","contentUrl":"https:\/\/unisale.com.br\/pastoral\/wp-content\/uploads\/2022\/06\/tumblr_p8v7ph4kP51ubl932o1_400.jpg","width":397,"height":397},{"@type":"WebSite","@id":"https:\/\/unisale.com.br\/pastoral\/#website","url":"https:\/\/unisale.com.br\/pastoral\/","name":"Pastoral Universit\u00e1ria UniSALESIANO","description":"Site da Pastoral Universit\u00e1ria do UniSALESIANO","potentialAction":[{"@type":"SearchAction","target":{"@type":"EntryPoint","urlTemplate":"https:\/\/unisale.com.br\/pastoral\/?s={search_term_string}"},"query-input":{"@type":"PropertyValueSpecification","valueRequired":true,"valueName":"search_term_string"}}],"inLanguage":"pt-BR"},{"@type":"Person","@id":"https:\/\/unisale.com.br\/pastoral\/#\/schema\/person\/492d3d7bfe53a8302576d39485aff2c4","name":"Luiz Alexandre Marinho Lanzoni","url":"https:\/\/unisale.com.br\/pastoral\/author\/luiz\/"}]}},"_links":{"self":[{"href":"https:\/\/unisale.com.br\/pastoral\/wp-json\/wp\/v2\/posts\/4511","targetHints":{"allow":["GET"]}}],"collection":[{"href":"https:\/\/unisale.com.br\/pastoral\/wp-json\/wp\/v2\/posts"}],"about":[{"href":"https:\/\/unisale.com.br\/pastoral\/wp-json\/wp\/v2\/types\/post"}],"author":[{"embeddable":true,"href":"https:\/\/unisale.com.br\/pastoral\/wp-json\/wp\/v2\/users\/6"}],"replies":[{"embeddable":true,"href":"https:\/\/unisale.com.br\/pastoral\/wp-json\/wp\/v2\/comments?post=4511"}],"version-history":[{"count":0,"href":"https:\/\/unisale.com.br\/pastoral\/wp-json\/wp\/v2\/posts\/4511\/revisions"}],"wp:featuredmedia":[{"embeddable":true,"href":"https:\/\/unisale.com.br\/pastoral\/wp-json\/wp\/v2\/media\/4512"}],"wp:attachment":[{"href":"https:\/\/unisale.com.br\/pastoral\/wp-json\/wp\/v2\/media?parent=4511"}],"wp:term":[{"taxonomy":"category","embeddable":true,"href":"https:\/\/unisale.com.br\/pastoral\/wp-json\/wp\/v2\/categories?post=4511"},{"taxonomy":"post_tag","embeddable":true,"href":"https:\/\/unisale.com.br\/pastoral\/wp-json\/wp\/v2\/tags?post=4511"}],"curies":[{"name":"wp","href":"https:\/\/api.w.org\/{rel}","templated":true}]}}