{"id":4514,"date":"2022-06-03T15:16:28","date_gmt":"2022-06-03T15:16:28","guid":{"rendered":"https:\/\/unisale.com.br\/pastoral\/?p=4514"},"modified":"2022-06-03T15:16:28","modified_gmt":"2022-06-03T15:16:28","slug":"03-06-apascenta-as-minhas-ovelhas","status":"publish","type":"post","link":"https:\/\/unisale.com.br\/pastoral\/03-06-apascenta-as-minhas-ovelhas\/","title":{"rendered":"03\/06 &#8211; Apascenta as minhas ovelhas."},"content":{"rendered":"<p>Sexta-feira, 03 de junho de 2022.<\/p>\n<p>&nbsp;<\/p>\n<p>Evangelho (Jo 21,15-19)<\/p>\n<p>&nbsp;<\/p>\n<p><strong>\u201cApascenta as minhas ovelhas\u201d<\/strong><\/p>\n<p>&nbsp;<\/p>\n<p>Jesus manifestou-se aos seus disc\u00edpulos <sup>15<\/sup>e, depois de comerem, perguntou a Sim\u00e3o Pedro: \u201cSim\u00e3o, filho de Jo\u00e3o, tu me amas mais do que estes?\u201d Pedro respondeu: \u201cSim, Senhor, tu sabes que eu te amo\u201d. Jesus disse: \u201cApascenta os meus cordeiros\u201d. <sup>16<\/sup>E disse de novo a Pedro: \u201cSim\u00e3o, filho de Jo\u00e3o, tu me amas?\u201d Pedro disse: \u201cSim, Senhor, tu sabes que eu te amo\u201d. Jesus disse-lhe: \u201cApascenta as minhas ovelhas\u201d. <sup>17<\/sup>Pela terceira vez, perguntou a Pedro: \u201cSim\u00e3o, filho de Jo\u00e3o, tu me amas?\u201d Pedro ficou triste, porque Jesus perguntou tr\u00eas vezes se ele o amava. Respondeu: \u201cSenhor, tu sabes tudo; tu sabes que eu te amo\u201d. Jesus disse-lhe: \u201cApascenta as minhas ovelhas. <sup>18<\/sup>Em verdade, em verdade te digo: quando eras jovem, tu te cingias e ias para onde querias. Quando fores velho, estender\u00e1s as m\u00e3os e outro te cingir\u00e1 e te levar\u00e1 para onde n\u00e3o queres ir\u201d. <sup>19<\/sup>Jesus disse isso, significando com que morte Pedro iria glorificar a Deus. E acrescentou: \u201cSegue-me\u201d.<\/p>\n<p>&nbsp;<\/p>\n<p><strong>Reflex\u00e3o<\/strong><\/p>\n<p>&nbsp;<\/p>\n<p>\u201cSim\u00e3o, filho de Jo\u00e3o, tu me amas mais do que estes?\u201d Por que ser\u00e1 que Jesus precisava fazer tais perguntas se ele j\u00e1 sabe a resposta? Pode ser que tais perguntas servem mais a n\u00f3s do que a ele. \u00c9 Pedro que no Evangelho de hoje precisa perguntar-se se realmente ele queria bem a Jesus. Jesus j\u00e1 o sabe, sabe at\u00e9 que a falta de confian\u00e7a que ele tem em si mesmo ser\u00e1 curada com o tempo. N\u00e3o sabe mais usar a palavra amor, mas s\u00f3 a palavra bem. Mas vir\u00e1 o dia no qual Pedro se tornar\u00e1 capaz de morrer por amor. Eis agora o motivo pelo qual na nossa vida espiritual deveriam estar presentes as grandes interroga\u00e7\u00f5es da vida. S\u00e3o elas que nos fazem estar diante de Jesus face a face. S\u00e3o elas que nos reconciliam com as nossas trai\u00e7\u00f5es e com os nossos erros. S\u00e3os elas que redirecionam as nossas decis\u00f5es. Deus responde fazendo perguntas. Nos orienta na resposta, antes, Ele mesmo \u00e9 a resposta. Mas entender que a resposta \u00e9 algu\u00e9m e n\u00e3o uma coisa \u00e9 uma revolu\u00e7\u00e3o que devemos aprender com o tempo. \u00c9 a mesma convers\u00e3o de Pedro que n\u00e3o se deve contentar de querer bem, mas deve ter confian\u00e7a que antes ou depois aprender\u00e1 ele tamb\u00e9m a amar. Neste sentido a convers\u00e3o \u00e9 uma boa not\u00edcia e n\u00e3o uma tarefa insuport\u00e1vel, porque \u00e9 uma boa not\u00edcia de poder sempre recome\u00e7ar, sabendo que somos filhos de um Deus que n\u00e3o leva as coisas ao p\u00e9 da letra. Somos filhos de um Deus que nos conhece para al\u00e9m do que fa\u00e7amos ou do que nos tornemos. Mas a santidade de Pedro n\u00e3o est\u00e1 na capacidade de amar bem, mas na sinceridade de admitir n\u00e3o saber faz\u00ea-lo. Entendeu errando, mas daquele momento em diante ganhou a sua autenticidade. Neste sentido a experi\u00eancia do pecado n\u00e3o pode ser reduzida \u00e0 experi\u00eancia de fazer algo errado. Muitas vezes a li\u00e7\u00e3o devemos aprender. \u00c9 a li\u00e7\u00e3o de fazer as contas com os pr\u00f3prios limites e de come\u00e7ar a ter sobre si mesmo n\u00e3o uma vis\u00e3o idealizada, mas realista, deixando, por\u00e9m, a Jesus a \u00faltima palavra.<\/p>\n<p>&nbsp;<\/p>\n<p><strong>Pe. Paulo Eduardo J\u00e1como, sdb.<\/strong><\/p>\n","protected":false},"excerpt":{"rendered":"<p>Sexta-feira, 03 de junho de 2022. &nbsp; Evangelho (Jo 21,15-19) &nbsp; \u201cApascenta as minhas ovelhas\u201d &nbsp; Jesus manifestou-se aos seus disc\u00edpulos 15e, depois de comerem,&#8230;<\/p>\n","protected":false},"author":6,"featured_media":4515,"comment_status":"closed","ping_status":"closed","sticky":false,"template":"","format":"standard","meta":{"_acf_changed":false,"footnotes":""},"categories":[13],"tags":[],"class_list":["post-4514","post","type-post","status-publish","format-standard","has-post-thumbnail","hentry","category-reflexaodoevagelho"],"acf":[],"yoast_head":"<!-- This site is optimized with the Yoast SEO plugin v27.3 - https:\/\/yoast.com\/product\/yoast-seo-wordpress\/ -->\n<title>03\/06 - Apascenta as minhas ovelhas. - Pastoral Universit\u00e1ria UniSALESIANO<\/title>\n<meta name=\"robots\" content=\"index, follow, max-snippet:-1, max-image-preview:large, max-video-preview:-1\" \/>\n<link rel=\"canonical\" href=\"https:\/\/unisale.com.br\/novo\/03-06-apascenta-as-minhas-ovelhas\/\" \/>\n<meta property=\"og:locale\" content=\"pt_BR\" \/>\n<meta property=\"og:type\" content=\"article\" \/>\n<meta property=\"og:title\" content=\"03\/06 - Apascenta as minhas ovelhas. - Pastoral Universit\u00e1ria UniSALESIANO\" \/>\n<meta property=\"og:description\" content=\"Sexta-feira, 03 de junho de 2022. &nbsp; Evangelho (Jo 21,15-19) &nbsp; \u201cApascenta as minhas ovelhas\u201d &nbsp; Jesus manifestou-se aos seus disc\u00edpulos 15e, depois de comerem,...\" \/>\n<meta property=\"og:url\" content=\"https:\/\/unisale.com.br\/novo\/03-06-apascenta-as-minhas-ovelhas\/\" \/>\n<meta property=\"og:site_name\" content=\"Pastoral Universit\u00e1ria UniSALESIANO\" \/>\n<meta property=\"article:published_time\" content=\"2022-06-03T15:16:28+00:00\" \/>\n<meta property=\"og:image\" content=\"https:\/\/unisale.com.br\/novo\/wp-content\/uploads\/2022\/06\/ibav-sorocaba-blog-apascente-as-ovelhas.jpg\" \/>\n\t<meta property=\"og:image:width\" content=\"755\" \/>\n\t<meta property=\"og:image:height\" content=\"408\" \/>\n\t<meta property=\"og:image:type\" content=\"image\/jpeg\" \/>\n<meta name=\"author\" content=\"Luiz Alexandre Marinho Lanzoni\" \/>\n<meta name=\"twitter:card\" content=\"summary_large_image\" \/>\n<meta name=\"twitter:label1\" content=\"Escrito por\" \/>\n\t<meta name=\"twitter:data1\" content=\"Luiz Alexandre Marinho Lanzoni\" \/>\n\t<meta name=\"twitter:label2\" content=\"Est. tempo de leitura\" \/>\n\t<meta name=\"twitter:data2\" content=\"3 minutos\" \/>\n<script type=\"application\/ld+json\" class=\"yoast-schema-graph\">{\"@context\":\"https:\\\/\\\/schema.org\",\"@graph\":[{\"@type\":\"Article\",\"@id\":\"https:\\\/\\\/unisale.com.br\\\/novo\\\/03-06-apascenta-as-minhas-ovelhas\\\/#article\",\"isPartOf\":{\"@id\":\"https:\\\/\\\/unisale.com.br\\\/novo\\\/03-06-apascenta-as-minhas-ovelhas\\\/\"},\"author\":{\"name\":\"Luiz Alexandre Marinho Lanzoni\",\"@id\":\"https:\\\/\\\/unisale.com.br\\\/pastoral\\\/#\\\/schema\\\/person\\\/492d3d7bfe53a8302576d39485aff2c4\"},\"headline\":\"03\\\/06 &#8211; Apascenta as minhas ovelhas.\",\"datePublished\":\"2022-06-03T15:16:28+00:00\",\"mainEntityOfPage\":{\"@id\":\"https:\\\/\\\/unisale.com.br\\\/novo\\\/03-06-apascenta-as-minhas-ovelhas\\\/\"},\"wordCount\":590,\"image\":{\"@id\":\"https:\\\/\\\/unisale.com.br\\\/novo\\\/03-06-apascenta-as-minhas-ovelhas\\\/#primaryimage\"},\"thumbnailUrl\":\"https:\\\/\\\/unisale.com.br\\\/pastoral\\\/wp-content\\\/uploads\\\/2022\\\/06\\\/ibav-sorocaba-blog-apascente-as-ovelhas.jpg\",\"articleSection\":[\"Reflex\u00e3o do Evangelho\"],\"inLanguage\":\"pt-BR\"},{\"@type\":\"WebPage\",\"@id\":\"https:\\\/\\\/unisale.com.br\\\/novo\\\/03-06-apascenta-as-minhas-ovelhas\\\/\",\"url\":\"https:\\\/\\\/unisale.com.br\\\/novo\\\/03-06-apascenta-as-minhas-ovelhas\\\/\",\"name\":\"03\\\/06 - Apascenta as minhas ovelhas. - Pastoral Universit\u00e1ria UniSALESIANO\",\"isPartOf\":{\"@id\":\"https:\\\/\\\/unisale.com.br\\\/pastoral\\\/#website\"},\"primaryImageOfPage\":{\"@id\":\"https:\\\/\\\/unisale.com.br\\\/novo\\\/03-06-apascenta-as-minhas-ovelhas\\\/#primaryimage\"},\"image\":{\"@id\":\"https:\\\/\\\/unisale.com.br\\\/novo\\\/03-06-apascenta-as-minhas-ovelhas\\\/#primaryimage\"},\"thumbnailUrl\":\"https:\\\/\\\/unisale.com.br\\\/pastoral\\\/wp-content\\\/uploads\\\/2022\\\/06\\\/ibav-sorocaba-blog-apascente-as-ovelhas.jpg\",\"datePublished\":\"2022-06-03T15:16:28+00:00\",\"author\":{\"@id\":\"https:\\\/\\\/unisale.com.br\\\/pastoral\\\/#\\\/schema\\\/person\\\/492d3d7bfe53a8302576d39485aff2c4\"},\"inLanguage\":\"pt-BR\",\"potentialAction\":[{\"@type\":\"ReadAction\",\"target\":[\"https:\\\/\\\/unisale.com.br\\\/novo\\\/03-06-apascenta-as-minhas-ovelhas\\\/\"]}]},{\"@type\":\"ImageObject\",\"inLanguage\":\"pt-BR\",\"@id\":\"https:\\\/\\\/unisale.com.br\\\/novo\\\/03-06-apascenta-as-minhas-ovelhas\\\/#primaryimage\",\"url\":\"https:\\\/\\\/unisale.com.br\\\/pastoral\\\/wp-content\\\/uploads\\\/2022\\\/06\\\/ibav-sorocaba-blog-apascente-as-ovelhas.jpg\",\"contentUrl\":\"https:\\\/\\\/unisale.com.br\\\/pastoral\\\/wp-content\\\/uploads\\\/2022\\\/06\\\/ibav-sorocaba-blog-apascente-as-ovelhas.jpg\",\"width\":755,\"height\":408},{\"@type\":\"WebSite\",\"@id\":\"https:\\\/\\\/unisale.com.br\\\/pastoral\\\/#website\",\"url\":\"https:\\\/\\\/unisale.com.br\\\/pastoral\\\/\",\"name\":\"Pastoral Universit\u00e1ria UniSALESIANO\",\"description\":\"Site da Pastoral Universit\u00e1ria do UniSALESIANO\",\"potentialAction\":[{\"@type\":\"SearchAction\",\"target\":{\"@type\":\"EntryPoint\",\"urlTemplate\":\"https:\\\/\\\/unisale.com.br\\\/pastoral\\\/?s={search_term_string}\"},\"query-input\":{\"@type\":\"PropertyValueSpecification\",\"valueRequired\":true,\"valueName\":\"search_term_string\"}}],\"inLanguage\":\"pt-BR\"},{\"@type\":\"Person\",\"@id\":\"https:\\\/\\\/unisale.com.br\\\/pastoral\\\/#\\\/schema\\\/person\\\/492d3d7bfe53a8302576d39485aff2c4\",\"name\":\"Luiz Alexandre Marinho Lanzoni\",\"url\":\"https:\\\/\\\/unisale.com.br\\\/pastoral\\\/author\\\/luiz\\\/\"}]}<\/script>\n<!-- \/ Yoast SEO plugin. -->","yoast_head_json":{"title":"03\/06 - Apascenta as minhas ovelhas. - Pastoral Universit\u00e1ria UniSALESIANO","robots":{"index":"index","follow":"follow","max-snippet":"max-snippet:-1","max-image-preview":"max-image-preview:large","max-video-preview":"max-video-preview:-1"},"canonical":"https:\/\/unisale.com.br\/novo\/03-06-apascenta-as-minhas-ovelhas\/","og_locale":"pt_BR","og_type":"article","og_title":"03\/06 - Apascenta as minhas ovelhas. - Pastoral Universit\u00e1ria UniSALESIANO","og_description":"Sexta-feira, 03 de junho de 2022. &nbsp; Evangelho (Jo 21,15-19) &nbsp; \u201cApascenta as minhas ovelhas\u201d &nbsp; Jesus manifestou-se aos seus disc\u00edpulos 15e, depois de comerem,...","og_url":"https:\/\/unisale.com.br\/novo\/03-06-apascenta-as-minhas-ovelhas\/","og_site_name":"Pastoral Universit\u00e1ria UniSALESIANO","article_published_time":"2022-06-03T15:16:28+00:00","og_image":[{"width":755,"height":408,"url":"https:\/\/unisale.com.br\/novo\/wp-content\/uploads\/2022\/06\/ibav-sorocaba-blog-apascente-as-ovelhas.jpg","type":"image\/jpeg"}],"author":"Luiz Alexandre Marinho Lanzoni","twitter_card":"summary_large_image","twitter_misc":{"Escrito por":"Luiz Alexandre Marinho Lanzoni","Est. tempo de leitura":"3 minutos"},"schema":{"@context":"https:\/\/schema.org","@graph":[{"@type":"Article","@id":"https:\/\/unisale.com.br\/novo\/03-06-apascenta-as-minhas-ovelhas\/#article","isPartOf":{"@id":"https:\/\/unisale.com.br\/novo\/03-06-apascenta-as-minhas-ovelhas\/"},"author":{"name":"Luiz Alexandre Marinho Lanzoni","@id":"https:\/\/unisale.com.br\/pastoral\/#\/schema\/person\/492d3d7bfe53a8302576d39485aff2c4"},"headline":"03\/06 &#8211; Apascenta as minhas ovelhas.","datePublished":"2022-06-03T15:16:28+00:00","mainEntityOfPage":{"@id":"https:\/\/unisale.com.br\/novo\/03-06-apascenta-as-minhas-ovelhas\/"},"wordCount":590,"image":{"@id":"https:\/\/unisale.com.br\/novo\/03-06-apascenta-as-minhas-ovelhas\/#primaryimage"},"thumbnailUrl":"https:\/\/unisale.com.br\/pastoral\/wp-content\/uploads\/2022\/06\/ibav-sorocaba-blog-apascente-as-ovelhas.jpg","articleSection":["Reflex\u00e3o do Evangelho"],"inLanguage":"pt-BR"},{"@type":"WebPage","@id":"https:\/\/unisale.com.br\/novo\/03-06-apascenta-as-minhas-ovelhas\/","url":"https:\/\/unisale.com.br\/novo\/03-06-apascenta-as-minhas-ovelhas\/","name":"03\/06 - Apascenta as minhas ovelhas. - Pastoral Universit\u00e1ria UniSALESIANO","isPartOf":{"@id":"https:\/\/unisale.com.br\/pastoral\/#website"},"primaryImageOfPage":{"@id":"https:\/\/unisale.com.br\/novo\/03-06-apascenta-as-minhas-ovelhas\/#primaryimage"},"image":{"@id":"https:\/\/unisale.com.br\/novo\/03-06-apascenta-as-minhas-ovelhas\/#primaryimage"},"thumbnailUrl":"https:\/\/unisale.com.br\/pastoral\/wp-content\/uploads\/2022\/06\/ibav-sorocaba-blog-apascente-as-ovelhas.jpg","datePublished":"2022-06-03T15:16:28+00:00","author":{"@id":"https:\/\/unisale.com.br\/pastoral\/#\/schema\/person\/492d3d7bfe53a8302576d39485aff2c4"},"inLanguage":"pt-BR","potentialAction":[{"@type":"ReadAction","target":["https:\/\/unisale.com.br\/novo\/03-06-apascenta-as-minhas-ovelhas\/"]}]},{"@type":"ImageObject","inLanguage":"pt-BR","@id":"https:\/\/unisale.com.br\/novo\/03-06-apascenta-as-minhas-ovelhas\/#primaryimage","url":"https:\/\/unisale.com.br\/pastoral\/wp-content\/uploads\/2022\/06\/ibav-sorocaba-blog-apascente-as-ovelhas.jpg","contentUrl":"https:\/\/unisale.com.br\/pastoral\/wp-content\/uploads\/2022\/06\/ibav-sorocaba-blog-apascente-as-ovelhas.jpg","width":755,"height":408},{"@type":"WebSite","@id":"https:\/\/unisale.com.br\/pastoral\/#website","url":"https:\/\/unisale.com.br\/pastoral\/","name":"Pastoral Universit\u00e1ria UniSALESIANO","description":"Site da Pastoral Universit\u00e1ria do UniSALESIANO","potentialAction":[{"@type":"SearchAction","target":{"@type":"EntryPoint","urlTemplate":"https:\/\/unisale.com.br\/pastoral\/?s={search_term_string}"},"query-input":{"@type":"PropertyValueSpecification","valueRequired":true,"valueName":"search_term_string"}}],"inLanguage":"pt-BR"},{"@type":"Person","@id":"https:\/\/unisale.com.br\/pastoral\/#\/schema\/person\/492d3d7bfe53a8302576d39485aff2c4","name":"Luiz Alexandre Marinho Lanzoni","url":"https:\/\/unisale.com.br\/pastoral\/author\/luiz\/"}]}},"_links":{"self":[{"href":"https:\/\/unisale.com.br\/pastoral\/wp-json\/wp\/v2\/posts\/4514","targetHints":{"allow":["GET"]}}],"collection":[{"href":"https:\/\/unisale.com.br\/pastoral\/wp-json\/wp\/v2\/posts"}],"about":[{"href":"https:\/\/unisale.com.br\/pastoral\/wp-json\/wp\/v2\/types\/post"}],"author":[{"embeddable":true,"href":"https:\/\/unisale.com.br\/pastoral\/wp-json\/wp\/v2\/users\/6"}],"replies":[{"embeddable":true,"href":"https:\/\/unisale.com.br\/pastoral\/wp-json\/wp\/v2\/comments?post=4514"}],"version-history":[{"count":0,"href":"https:\/\/unisale.com.br\/pastoral\/wp-json\/wp\/v2\/posts\/4514\/revisions"}],"wp:featuredmedia":[{"embeddable":true,"href":"https:\/\/unisale.com.br\/pastoral\/wp-json\/wp\/v2\/media\/4515"}],"wp:attachment":[{"href":"https:\/\/unisale.com.br\/pastoral\/wp-json\/wp\/v2\/media?parent=4514"}],"wp:term":[{"taxonomy":"category","embeddable":true,"href":"https:\/\/unisale.com.br\/pastoral\/wp-json\/wp\/v2\/categories?post=4514"},{"taxonomy":"post_tag","embeddable":true,"href":"https:\/\/unisale.com.br\/pastoral\/wp-json\/wp\/v2\/tags?post=4514"}],"curies":[{"name":"wp","href":"https:\/\/api.w.org\/{rel}","templated":true}]}}