{"id":4522,"date":"2022-06-03T15:37:08","date_gmt":"2022-06-03T15:37:08","guid":{"rendered":"https:\/\/unisale.com.br\/pastoral\/?p=4522"},"modified":"2022-06-03T15:37:08","modified_gmt":"2022-06-03T15:37:08","slug":"05-06-recebei-o-espirito-santo","status":"publish","type":"post","link":"https:\/\/unisale.com.br\/pastoral\/05-06-recebei-o-espirito-santo\/","title":{"rendered":"05\/06 &#8211; Recebei o Esp\u00edrito Santo."},"content":{"rendered":"<p>Domingo, 05 de junho de 2022.<\/p>\n<p>&nbsp;<\/p>\n<p>Evangelho (Jo 20,19-23)<\/p>\n<p>&nbsp;<\/p>\n<p><strong>\u201cRecebei o Esp\u00edrito Santo.<\/strong><\/p>\n<p>&nbsp;<\/p>\n<p><sup>19<\/sup>Ao anoitecer daquele dia, o primeiro da semana, estando fechadas, por medo dos judeus, as portas do lugar onde os disc\u00edpulos se encontravam, Jesus entrou e, pondo-se no meio deles, disse: \u201cA paz esteja convosco\u201d. <sup>20<\/sup>Depois dessas palavras, mostrou-lhes as m\u00e3os e o lado. Ent\u00e3o os disc\u00edpulos se alegraram por verem o Senhor. <sup>21<\/sup>Novamente, Jesus disse: \u201cA paz esteja convosco. Como o Pai me enviou, tamb\u00e9m eu vos envio\u201d. <sup>22<\/sup>E, depois de ter dito isso, soprou sobre eles e disse: \u201cRecebei o Esp\u00edrito Santo. <sup>23<\/sup>A quem perdoardes os pecados, eles lhes ser\u00e3o perdoados; a quem n\u00e3o os perdoardes, eles lhes ser\u00e3o retidos\u201d.<\/p>\n<p>&nbsp;<\/p>\n<p><strong>Reflex\u00e3o<\/strong><\/p>\n<p>&nbsp;<\/p>\n<p>Hoje somos convidados a professar a nossa f\u00e9 na Presen\u00e7a e na A\u00e7\u00e3o do Esp\u00edrito Santo e a invocar a sua efus\u00e3o sobre n\u00f3s, sobre a Igreja e sobre o mundo. Vem Esp\u00edrito Santo! \u00c9 uma invoca\u00e7\u00e3o, pode ser cantada, simples e ao mesmo tempo profunda. O Esp\u00edrito \u00e9 dom que Jesus pediu ao Pai para os seus amigos. Jesus suplica ao Pai o Consolador. Do Filho de Deus morte e ressuscitado emana sobre a humanidade o sopro divino, o Esp\u00edrito Santo, o Esp\u00edrito que cria unidade e compreens\u00e3o. As pessoas, reduzidas muitas vezes a indiv\u00edduos em competi\u00e7\u00e3o ou em conflito entre si, alcan\u00e7adas pelo Esp\u00edrito de Cristo, abrem-se \u00e0 experi\u00eancia da comunh\u00e3o, ao ponto de se tornarem um novo organismo, um novo sujeito: a Igreja. Deus faz isso, Ele cria Unidade. Esta \u00e9 a caracter\u00edstica da Igreja. Desde Pentecostes ela fala todas as l\u00ednguas. Quando uma pessoa se fecha na sua maneira de pensar e agir \u00e9 sinal que se afastou do Esp\u00edrito Santo. O caminho do crist\u00e3o deve sempre confrontar-se com o da Igreja. \u00c9 evidente que a unidade do Esp\u00edrito se manifesta na pluralidade da compreens\u00e3o. A igreja \u00e9 uma e m\u00faltipla, destinada a viver em todas as na\u00e7\u00f5es, em todos os povos e nos mais diversos contextos sociais. Esta \u00e9 a sua voca\u00e7\u00e3o, ser sinal e instrumento de unidade de todo g\u00eanero humano. \u00c9 importante lembrar que no Pentecoste, o Esp\u00edrito Santa manifesta-se como fogo. Sobre os disc\u00edpulos reunidos, acendeu-se neles e infundiu-lhes o novo ardor de Deus. O fogo de Deus \u00e9 o fogo que arde, mas n\u00e3o destr\u00f3i. Arde, mas n\u00e3o queima, todavia realiza uma transforma\u00e7\u00e3o. Seu poder transformador consome no homem as esc\u00f3rias que o corrompem e o impedem nas suas rela\u00e7\u00f5es com Deus e com o pr\u00f3ximo. Existem muitas pessoas que t\u00eam medo das exig\u00eancias da f\u00e9. \u00c9 o temor das exig\u00eancias do seguimento de Cristo. Queremos seguir Jesus, mas temos medo do que isso comporta. \u00c9 Cristo mesmo quem nos acalma como acalmou aos disc\u00edpulos dizendo: \u201cN\u00e3o tenhais medo!\u201d. Assim como os disc\u00edpulos temos que deixar que a Sua Presen\u00e7a e a sua Gra\u00e7a transformem o nosso cora\u00e7\u00e3o que est\u00e1 sempre sujeito \u00e0s debilidades humanas. Quem se confia a Jesus experimenta j\u00e1 nesta vida a paz e a alegria do cora\u00e7\u00e3o. Alegria que o mundo n\u00e3o pode nos dar e nem nos tirar, porque foi Deus quem nos deu. S\u00f3 posso dizer que vale a pena deixar-se tocar pelo fogo do Esp\u00edrito Santo.<\/p>\n<p><strong>Pe. Paulo Eduardo J\u00e1como, sdb.<\/strong><\/p>\n","protected":false},"excerpt":{"rendered":"<p>Domingo, 05 de junho de 2022. &nbsp; Evangelho (Jo 20,19-23) &nbsp; \u201cRecebei o Esp\u00edrito Santo. &nbsp; 19Ao anoitecer daquele dia, o primeiro da semana, estando&#8230;<\/p>\n","protected":false},"author":6,"featured_media":4494,"comment_status":"closed","ping_status":"closed","sticky":false,"template":"","format":"standard","meta":{"_acf_changed":false,"footnotes":""},"categories":[13],"tags":[],"class_list":["post-4522","post","type-post","status-publish","format-standard","has-post-thumbnail","hentry","category-reflexaodoevagelho"],"acf":[],"yoast_head":"<!-- This site is optimized with the Yoast SEO plugin v27.3 - https:\/\/yoast.com\/product\/yoast-seo-wordpress\/ -->\n<title>05\/06 - Recebei o Esp\u00edrito Santo. - Pastoral Universit\u00e1ria UniSALESIANO<\/title>\n<meta name=\"robots\" content=\"index, follow, max-snippet:-1, max-image-preview:large, max-video-preview:-1\" \/>\n<link rel=\"canonical\" href=\"https:\/\/unisale.com.br\/novo\/05-06-recebei-o-espirito-santo\/\" \/>\n<meta property=\"og:locale\" content=\"pt_BR\" \/>\n<meta property=\"og:type\" content=\"article\" \/>\n<meta property=\"og:title\" content=\"05\/06 - Recebei o Esp\u00edrito Santo. - Pastoral Universit\u00e1ria UniSALESIANO\" \/>\n<meta property=\"og:description\" content=\"Domingo, 05 de junho de 2022. &nbsp; Evangelho (Jo 20,19-23) &nbsp; \u201cRecebei o Esp\u00edrito Santo. &nbsp; 19Ao anoitecer daquele dia, o primeiro da semana, estando...\" \/>\n<meta property=\"og:url\" content=\"https:\/\/unisale.com.br\/novo\/05-06-recebei-o-espirito-santo\/\" \/>\n<meta property=\"og:site_name\" content=\"Pastoral Universit\u00e1ria UniSALESIANO\" \/>\n<meta property=\"article:published_time\" content=\"2022-06-03T15:37:08+00:00\" \/>\n<meta property=\"og:image\" content=\"https:\/\/unisale.com.br\/novo\/wp-content\/uploads\/2022\/06\/Ev-05.jpg\" \/>\n\t<meta property=\"og:image:width\" content=\"1024\" \/>\n\t<meta property=\"og:image:height\" content=\"575\" \/>\n\t<meta property=\"og:image:type\" content=\"image\/jpeg\" \/>\n<meta name=\"author\" content=\"Luiz Alexandre Marinho Lanzoni\" \/>\n<meta name=\"twitter:card\" content=\"summary_large_image\" \/>\n<meta name=\"twitter:label1\" content=\"Escrito por\" \/>\n\t<meta name=\"twitter:data1\" content=\"Luiz Alexandre Marinho Lanzoni\" \/>\n\t<meta name=\"twitter:label2\" content=\"Est. tempo de leitura\" \/>\n\t<meta name=\"twitter:data2\" content=\"3 minutos\" \/>\n<script type=\"application\/ld+json\" class=\"yoast-schema-graph\">{\"@context\":\"https:\\\/\\\/schema.org\",\"@graph\":[{\"@type\":\"Article\",\"@id\":\"https:\\\/\\\/unisale.com.br\\\/novo\\\/05-06-recebei-o-espirito-santo\\\/#article\",\"isPartOf\":{\"@id\":\"https:\\\/\\\/unisale.com.br\\\/novo\\\/05-06-recebei-o-espirito-santo\\\/\"},\"author\":{\"name\":\"Luiz Alexandre Marinho Lanzoni\",\"@id\":\"https:\\\/\\\/unisale.com.br\\\/pastoral\\\/#\\\/schema\\\/person\\\/492d3d7bfe53a8302576d39485aff2c4\"},\"headline\":\"05\\\/06 &#8211; Recebei o Esp\u00edrito Santo.\",\"datePublished\":\"2022-06-03T15:37:08+00:00\",\"mainEntityOfPage\":{\"@id\":\"https:\\\/\\\/unisale.com.br\\\/novo\\\/05-06-recebei-o-espirito-santo\\\/\"},\"wordCount\":590,\"image\":{\"@id\":\"https:\\\/\\\/unisale.com.br\\\/novo\\\/05-06-recebei-o-espirito-santo\\\/#primaryimage\"},\"thumbnailUrl\":\"https:\\\/\\\/unisale.com.br\\\/pastoral\\\/wp-content\\\/uploads\\\/2022\\\/06\\\/Ev-05.jpg\",\"articleSection\":[\"Reflex\u00e3o do Evangelho\"],\"inLanguage\":\"pt-BR\"},{\"@type\":\"WebPage\",\"@id\":\"https:\\\/\\\/unisale.com.br\\\/novo\\\/05-06-recebei-o-espirito-santo\\\/\",\"url\":\"https:\\\/\\\/unisale.com.br\\\/novo\\\/05-06-recebei-o-espirito-santo\\\/\",\"name\":\"05\\\/06 - Recebei o Esp\u00edrito Santo. - Pastoral Universit\u00e1ria UniSALESIANO\",\"isPartOf\":{\"@id\":\"https:\\\/\\\/unisale.com.br\\\/pastoral\\\/#website\"},\"primaryImageOfPage\":{\"@id\":\"https:\\\/\\\/unisale.com.br\\\/novo\\\/05-06-recebei-o-espirito-santo\\\/#primaryimage\"},\"image\":{\"@id\":\"https:\\\/\\\/unisale.com.br\\\/novo\\\/05-06-recebei-o-espirito-santo\\\/#primaryimage\"},\"thumbnailUrl\":\"https:\\\/\\\/unisale.com.br\\\/pastoral\\\/wp-content\\\/uploads\\\/2022\\\/06\\\/Ev-05.jpg\",\"datePublished\":\"2022-06-03T15:37:08+00:00\",\"author\":{\"@id\":\"https:\\\/\\\/unisale.com.br\\\/pastoral\\\/#\\\/schema\\\/person\\\/492d3d7bfe53a8302576d39485aff2c4\"},\"inLanguage\":\"pt-BR\",\"potentialAction\":[{\"@type\":\"ReadAction\",\"target\":[\"https:\\\/\\\/unisale.com.br\\\/novo\\\/05-06-recebei-o-espirito-santo\\\/\"]}]},{\"@type\":\"ImageObject\",\"inLanguage\":\"pt-BR\",\"@id\":\"https:\\\/\\\/unisale.com.br\\\/novo\\\/05-06-recebei-o-espirito-santo\\\/#primaryimage\",\"url\":\"https:\\\/\\\/unisale.com.br\\\/pastoral\\\/wp-content\\\/uploads\\\/2022\\\/06\\\/Ev-05.jpg\",\"contentUrl\":\"https:\\\/\\\/unisale.com.br\\\/pastoral\\\/wp-content\\\/uploads\\\/2022\\\/06\\\/Ev-05.jpg\",\"width\":890,\"height\":500},{\"@type\":\"WebSite\",\"@id\":\"https:\\\/\\\/unisale.com.br\\\/pastoral\\\/#website\",\"url\":\"https:\\\/\\\/unisale.com.br\\\/pastoral\\\/\",\"name\":\"Pastoral Universit\u00e1ria UniSALESIANO\",\"description\":\"Site da Pastoral Universit\u00e1ria do UniSALESIANO\",\"potentialAction\":[{\"@type\":\"SearchAction\",\"target\":{\"@type\":\"EntryPoint\",\"urlTemplate\":\"https:\\\/\\\/unisale.com.br\\\/pastoral\\\/?s={search_term_string}\"},\"query-input\":{\"@type\":\"PropertyValueSpecification\",\"valueRequired\":true,\"valueName\":\"search_term_string\"}}],\"inLanguage\":\"pt-BR\"},{\"@type\":\"Person\",\"@id\":\"https:\\\/\\\/unisale.com.br\\\/pastoral\\\/#\\\/schema\\\/person\\\/492d3d7bfe53a8302576d39485aff2c4\",\"name\":\"Luiz Alexandre Marinho Lanzoni\",\"url\":\"https:\\\/\\\/unisale.com.br\\\/pastoral\\\/author\\\/luiz\\\/\"}]}<\/script>\n<!-- \/ Yoast SEO plugin. -->","yoast_head_json":{"title":"05\/06 - Recebei o Esp\u00edrito Santo. - Pastoral Universit\u00e1ria UniSALESIANO","robots":{"index":"index","follow":"follow","max-snippet":"max-snippet:-1","max-image-preview":"max-image-preview:large","max-video-preview":"max-video-preview:-1"},"canonical":"https:\/\/unisale.com.br\/novo\/05-06-recebei-o-espirito-santo\/","og_locale":"pt_BR","og_type":"article","og_title":"05\/06 - Recebei o Esp\u00edrito Santo. - Pastoral Universit\u00e1ria UniSALESIANO","og_description":"Domingo, 05 de junho de 2022. &nbsp; Evangelho (Jo 20,19-23) &nbsp; \u201cRecebei o Esp\u00edrito Santo. &nbsp; 19Ao anoitecer daquele dia, o primeiro da semana, estando...","og_url":"https:\/\/unisale.com.br\/novo\/05-06-recebei-o-espirito-santo\/","og_site_name":"Pastoral Universit\u00e1ria UniSALESIANO","article_published_time":"2022-06-03T15:37:08+00:00","og_image":[{"width":1024,"height":575,"url":"https:\/\/unisale.com.br\/novo\/wp-content\/uploads\/2022\/06\/Ev-05.jpg","type":"image\/jpeg"}],"author":"Luiz Alexandre Marinho Lanzoni","twitter_card":"summary_large_image","twitter_misc":{"Escrito por":"Luiz Alexandre Marinho Lanzoni","Est. tempo de leitura":"3 minutos"},"schema":{"@context":"https:\/\/schema.org","@graph":[{"@type":"Article","@id":"https:\/\/unisale.com.br\/novo\/05-06-recebei-o-espirito-santo\/#article","isPartOf":{"@id":"https:\/\/unisale.com.br\/novo\/05-06-recebei-o-espirito-santo\/"},"author":{"name":"Luiz Alexandre Marinho Lanzoni","@id":"https:\/\/unisale.com.br\/pastoral\/#\/schema\/person\/492d3d7bfe53a8302576d39485aff2c4"},"headline":"05\/06 &#8211; Recebei o Esp\u00edrito Santo.","datePublished":"2022-06-03T15:37:08+00:00","mainEntityOfPage":{"@id":"https:\/\/unisale.com.br\/novo\/05-06-recebei-o-espirito-santo\/"},"wordCount":590,"image":{"@id":"https:\/\/unisale.com.br\/novo\/05-06-recebei-o-espirito-santo\/#primaryimage"},"thumbnailUrl":"https:\/\/unisale.com.br\/pastoral\/wp-content\/uploads\/2022\/06\/Ev-05.jpg","articleSection":["Reflex\u00e3o do Evangelho"],"inLanguage":"pt-BR"},{"@type":"WebPage","@id":"https:\/\/unisale.com.br\/novo\/05-06-recebei-o-espirito-santo\/","url":"https:\/\/unisale.com.br\/novo\/05-06-recebei-o-espirito-santo\/","name":"05\/06 - Recebei o Esp\u00edrito Santo. - Pastoral Universit\u00e1ria UniSALESIANO","isPartOf":{"@id":"https:\/\/unisale.com.br\/pastoral\/#website"},"primaryImageOfPage":{"@id":"https:\/\/unisale.com.br\/novo\/05-06-recebei-o-espirito-santo\/#primaryimage"},"image":{"@id":"https:\/\/unisale.com.br\/novo\/05-06-recebei-o-espirito-santo\/#primaryimage"},"thumbnailUrl":"https:\/\/unisale.com.br\/pastoral\/wp-content\/uploads\/2022\/06\/Ev-05.jpg","datePublished":"2022-06-03T15:37:08+00:00","author":{"@id":"https:\/\/unisale.com.br\/pastoral\/#\/schema\/person\/492d3d7bfe53a8302576d39485aff2c4"},"inLanguage":"pt-BR","potentialAction":[{"@type":"ReadAction","target":["https:\/\/unisale.com.br\/novo\/05-06-recebei-o-espirito-santo\/"]}]},{"@type":"ImageObject","inLanguage":"pt-BR","@id":"https:\/\/unisale.com.br\/novo\/05-06-recebei-o-espirito-santo\/#primaryimage","url":"https:\/\/unisale.com.br\/pastoral\/wp-content\/uploads\/2022\/06\/Ev-05.jpg","contentUrl":"https:\/\/unisale.com.br\/pastoral\/wp-content\/uploads\/2022\/06\/Ev-05.jpg","width":890,"height":500},{"@type":"WebSite","@id":"https:\/\/unisale.com.br\/pastoral\/#website","url":"https:\/\/unisale.com.br\/pastoral\/","name":"Pastoral Universit\u00e1ria UniSALESIANO","description":"Site da Pastoral Universit\u00e1ria do UniSALESIANO","potentialAction":[{"@type":"SearchAction","target":{"@type":"EntryPoint","urlTemplate":"https:\/\/unisale.com.br\/pastoral\/?s={search_term_string}"},"query-input":{"@type":"PropertyValueSpecification","valueRequired":true,"valueName":"search_term_string"}}],"inLanguage":"pt-BR"},{"@type":"Person","@id":"https:\/\/unisale.com.br\/pastoral\/#\/schema\/person\/492d3d7bfe53a8302576d39485aff2c4","name":"Luiz Alexandre Marinho Lanzoni","url":"https:\/\/unisale.com.br\/pastoral\/author\/luiz\/"}]}},"_links":{"self":[{"href":"https:\/\/unisale.com.br\/pastoral\/wp-json\/wp\/v2\/posts\/4522","targetHints":{"allow":["GET"]}}],"collection":[{"href":"https:\/\/unisale.com.br\/pastoral\/wp-json\/wp\/v2\/posts"}],"about":[{"href":"https:\/\/unisale.com.br\/pastoral\/wp-json\/wp\/v2\/types\/post"}],"author":[{"embeddable":true,"href":"https:\/\/unisale.com.br\/pastoral\/wp-json\/wp\/v2\/users\/6"}],"replies":[{"embeddable":true,"href":"https:\/\/unisale.com.br\/pastoral\/wp-json\/wp\/v2\/comments?post=4522"}],"version-history":[{"count":0,"href":"https:\/\/unisale.com.br\/pastoral\/wp-json\/wp\/v2\/posts\/4522\/revisions"}],"wp:featuredmedia":[{"embeddable":true,"href":"https:\/\/unisale.com.br\/pastoral\/wp-json\/wp\/v2\/media\/4494"}],"wp:attachment":[{"href":"https:\/\/unisale.com.br\/pastoral\/wp-json\/wp\/v2\/media?parent=4522"}],"wp:term":[{"taxonomy":"category","embeddable":true,"href":"https:\/\/unisale.com.br\/pastoral\/wp-json\/wp\/v2\/categories?post=4522"},{"taxonomy":"post_tag","embeddable":true,"href":"https:\/\/unisale.com.br\/pastoral\/wp-json\/wp\/v2\/tags?post=4522"}],"curies":[{"name":"wp","href":"https:\/\/api.w.org\/{rel}","templated":true}]}}