{"id":4567,"date":"2022-06-08T11:40:18","date_gmt":"2022-06-08T11:40:18","guid":{"rendered":"https:\/\/unisale.com.br\/pastoral\/?p=4567"},"modified":"2022-06-08T11:40:18","modified_gmt":"2022-06-08T11:40:18","slug":"12-06-quando-porem-vier-o-espirito-da-verdade-ele-vos-conduzira-a-plena-verdade","status":"publish","type":"post","link":"https:\/\/unisale.com.br\/pastoral\/12-06-quando-porem-vier-o-espirito-da-verdade-ele-vos-conduzira-a-plena-verdade\/","title":{"rendered":"12\/06 &#8211; Quando, por\u00e9m, vier o Esp\u00edrito da Verdade, ele vos conduzir\u00e1 \u00e0 plena verdade."},"content":{"rendered":"<p>Domingo, 12 de junho de 2022.<\/p>\n<p>&nbsp;<\/p>\n<p>Evangelho (Jo 16,12-15)<\/p>\n<p>&nbsp;<\/p>\n<p><strong>\u201cQuando, por\u00e9m, vier o Esp\u00edrito da Verdade, ele vos conduzir\u00e1 \u00e0 plena verdade.\u201d<\/strong><\/p>\n<p>&nbsp;<\/p>\n<p>Naquele tempo, disse Jesus a seus disc\u00edpulos: <sup>12<\/sup>\u201cTenho ainda muitas coisas a dizer-vos, mas n\u00e3o sois capazes de as compreender agora. <sup>13<\/sup>Quando, por\u00e9m, vier o Esp\u00edrito da Verdade, ele vos conduzir\u00e1 \u00e0 plena verdade. Pois ele n\u00e3o falar\u00e1 por si mesmo, mas dir\u00e1 tudo o que tiver ouvido; e at\u00e9 as coisas futuras vos anunciar\u00e1. <sup>14<\/sup>Ele me glorificar\u00e1, porque receber\u00e1 do que \u00e9 meu e vo-lo anunciar\u00e1. <sup>15<\/sup>Tudo o que o Pai possui \u00e9 meu. Por isso, disse que o que ele receber\u00e1 e vos anunciar\u00e1, \u00e9 meu\u201d.<\/p>\n<p>&nbsp;<\/p>\n<p><strong>Reflex\u00e3o<\/strong><\/p>\n<p>&nbsp;<\/p>\n<p>Depois de termos celebrado a P\u00e1scoa e termos revivido Pentecostes, olhando para o c\u00e9u com os olhos da f\u00e9, entramos no Mist\u00e9rio de Deus, Uno na sua subst\u00e2ncia e Trino nas Pessoas: Pai, Filho e Esp\u00edrito Santo. Sabemos que este mist\u00e9rio da Trindade \u00e9 inalcan\u00e7\u00e1vel para a mente humana. A mente e a linguagem humana s\u00e3o inapropriadas para explicar a rela\u00e7\u00e3o existente entre o Pai, o Filho e o Esp\u00edrito Santo. Como os Padres da Igreja explicavam, para entender tal mist\u00e9rio \u00e9 preciso vive-lo na pr\u00f3pria exist\u00eancia com f\u00e9 profunda. Sim, a Trindade come\u00e7a a habitar em n\u00f3s no dia do nosso batismo: \u201cEu te batizo em nome do Pai, e do Filho e do Esp\u00edrito Santo\u201d. Este nome de Deus n\u00f3s recordamos todas as vezes que tra\u00e7amos sobre n\u00f3s o sinal da cruz. Com este sinal n\u00f3s nos colocamos espiritualmente em ordem; concentramos em Deus os pensamentos, cora\u00e7\u00e3o e vontade. No sinal da cruz e no nome do Deus vivente est\u00e1 contido o An\u00fancio que gera a f\u00e9 e inspira a ora\u00e7\u00e3o. \u00c9 Jesus que promete que o Esp\u00edrito nos guiar\u00e1 \u00e0 verdade. A festa da Sant\u00edssima Trindade nos faz contemplar a gl\u00f3ria de Deus, \u201co \u00fanico Deus em tr\u00eas pessoas. Deus se apresenta a n\u00f3s n\u00e3o como um ser est\u00e1tico e solit\u00e1rio, mas como uma comunh\u00e3o de vida e uma troca de dons at\u00e9 a eternidade. Mas se Deus \u00e9 Trindade e a sua natureza \u00e9 uma realidade de maravilhosas rela\u00e7\u00f5es, agora tamb\u00e9m n\u00f3s, criados \u00e0 sua imagem e semelhan\u00e7a, n\u00e3o podemos buscar o sentido da nossa vida se n\u00e3o no espa\u00e7o de rela\u00e7\u00f5es que vivemos. Jesus diz aos seus disc\u00edpulos que somente atrav\u00e9s do Esp\u00edrito \u00e9 poss\u00edvel ter acesso \u00e0 gra\u00e7a, que nos faz part\u00edcipes da vida em Deus. O Esp\u00edrito nos introduz na rela\u00e7\u00e3o de amor que existe na Trindade. Na festa da Trindade que possamos olhar com esperan\u00e7a a n\u00f3s e ao tecido das rela\u00e7\u00f5es no qual somos constitu\u00eddos homens e mulheres, pais e m\u00e3es, irm\u00e3os e irm\u00e3s. Mesmo que as nossas rela\u00e7\u00f5es sejam marcadas por feridas e trai\u00e7\u00f5es, somos chamados a esperan\u00e7a de que possa florir a certeza de que aconte\u00e7am sempre novas ocasi\u00f5es de retomar em m\u00e3os, aquelas rela\u00e7\u00f5es que come\u00e7amos a construir e cur\u00e1-las. A comunh\u00e3o do Pai, do Filho e do Esp\u00edrito Santo nos sustenta, nos ilumina e nos transfigura para tornar-nos capazes de doar, receber e ser amor.<\/p>\n<p>&nbsp;<\/p>\n<p><strong>Pe. Paulo Eduardo J\u00e1como, sdb.<\/strong><\/p>\n","protected":false},"excerpt":{"rendered":"<p>Domingo, 12 de junho de 2022. &nbsp; Evangelho (Jo 16,12-15) &nbsp; \u201cQuando, por\u00e9m, vier o Esp\u00edrito da Verdade, ele vos conduzir\u00e1 \u00e0 plena verdade.\u201d &nbsp;&#8230;<\/p>\n","protected":false},"author":6,"featured_media":4559,"comment_status":"closed","ping_status":"closed","sticky":false,"template":"","format":"standard","meta":{"_acf_changed":false,"footnotes":""},"categories":[13],"tags":[],"class_list":["post-4567","post","type-post","status-publish","format-standard","has-post-thumbnail","hentry","category-reflexaodoevagelho"],"acf":[],"yoast_head":"<!-- This site is optimized with the Yoast SEO plugin v27.3 - https:\/\/yoast.com\/product\/yoast-seo-wordpress\/ -->\n<title>12\/06 - Quando, por\u00e9m, vier o Esp\u00edrito da Verdade, ele vos conduzir\u00e1 \u00e0 plena verdade. - Pastoral Universit\u00e1ria UniSALESIANO<\/title>\n<meta name=\"robots\" content=\"index, follow, max-snippet:-1, max-image-preview:large, max-video-preview:-1\" \/>\n<link rel=\"canonical\" href=\"https:\/\/unisale.com.br\/novo\/12-06-quando-porem-vier-o-espirito-da-verdade-ele-vos-conduzira-a-plena-verdade\/\" \/>\n<meta property=\"og:locale\" content=\"pt_BR\" \/>\n<meta property=\"og:type\" content=\"article\" \/>\n<meta property=\"og:title\" content=\"12\/06 - Quando, por\u00e9m, vier o Esp\u00edrito da Verdade, ele vos conduzir\u00e1 \u00e0 plena verdade. - Pastoral Universit\u00e1ria UniSALESIANO\" \/>\n<meta property=\"og:description\" content=\"Domingo, 12 de junho de 2022. &nbsp; Evangelho (Jo 16,12-15) &nbsp; \u201cQuando, por\u00e9m, vier o Esp\u00edrito da Verdade, ele vos conduzir\u00e1 \u00e0 plena verdade.\u201d &nbsp;...\" \/>\n<meta property=\"og:url\" content=\"https:\/\/unisale.com.br\/novo\/12-06-quando-porem-vier-o-espirito-da-verdade-ele-vos-conduzira-a-plena-verdade\/\" \/>\n<meta property=\"og:site_name\" content=\"Pastoral Universit\u00e1ria UniSALESIANO\" \/>\n<meta property=\"article:published_time\" content=\"2022-06-08T11:40:18+00:00\" \/>\n<meta property=\"og:image\" content=\"https:\/\/unisale.com.br\/novo\/wp-content\/uploads\/2022\/06\/Ev-12.jpeg\" \/>\n\t<meta property=\"og:image:width\" content=\"750\" \/>\n\t<meta property=\"og:image:height\" content=\"422\" \/>\n\t<meta property=\"og:image:type\" content=\"image\/jpeg\" \/>\n<meta name=\"author\" content=\"Luiz Alexandre Marinho Lanzoni\" \/>\n<meta name=\"twitter:card\" content=\"summary_large_image\" \/>\n<meta name=\"twitter:label1\" content=\"Escrito por\" \/>\n\t<meta name=\"twitter:data1\" content=\"Luiz Alexandre Marinho Lanzoni\" \/>\n\t<meta name=\"twitter:label2\" content=\"Est. tempo de leitura\" \/>\n\t<meta name=\"twitter:data2\" content=\"3 minutos\" \/>\n<script type=\"application\/ld+json\" class=\"yoast-schema-graph\">{\"@context\":\"https:\\\/\\\/schema.org\",\"@graph\":[{\"@type\":\"Article\",\"@id\":\"https:\\\/\\\/unisale.com.br\\\/novo\\\/12-06-quando-porem-vier-o-espirito-da-verdade-ele-vos-conduzira-a-plena-verdade\\\/#article\",\"isPartOf\":{\"@id\":\"https:\\\/\\\/unisale.com.br\\\/novo\\\/12-06-quando-porem-vier-o-espirito-da-verdade-ele-vos-conduzira-a-plena-verdade\\\/\"},\"author\":{\"name\":\"Luiz Alexandre Marinho Lanzoni\",\"@id\":\"https:\\\/\\\/unisale.com.br\\\/pastoral\\\/#\\\/schema\\\/person\\\/492d3d7bfe53a8302576d39485aff2c4\"},\"headline\":\"12\\\/06 &#8211; Quando, por\u00e9m, vier o Esp\u00edrito da Verdade, ele vos conduzir\u00e1 \u00e0 plena verdade.\",\"datePublished\":\"2022-06-08T11:40:18+00:00\",\"mainEntityOfPage\":{\"@id\":\"https:\\\/\\\/unisale.com.br\\\/novo\\\/12-06-quando-porem-vier-o-espirito-da-verdade-ele-vos-conduzira-a-plena-verdade\\\/\"},\"wordCount\":594,\"image\":{\"@id\":\"https:\\\/\\\/unisale.com.br\\\/novo\\\/12-06-quando-porem-vier-o-espirito-da-verdade-ele-vos-conduzira-a-plena-verdade\\\/#primaryimage\"},\"thumbnailUrl\":\"https:\\\/\\\/unisale.com.br\\\/pastoral\\\/wp-content\\\/uploads\\\/2022\\\/06\\\/Ev-12.jpeg\",\"articleSection\":[\"Reflex\u00e3o do Evangelho\"],\"inLanguage\":\"pt-BR\"},{\"@type\":\"WebPage\",\"@id\":\"https:\\\/\\\/unisale.com.br\\\/novo\\\/12-06-quando-porem-vier-o-espirito-da-verdade-ele-vos-conduzira-a-plena-verdade\\\/\",\"url\":\"https:\\\/\\\/unisale.com.br\\\/novo\\\/12-06-quando-porem-vier-o-espirito-da-verdade-ele-vos-conduzira-a-plena-verdade\\\/\",\"name\":\"12\\\/06 - Quando, por\u00e9m, vier o Esp\u00edrito da Verdade, ele vos conduzir\u00e1 \u00e0 plena verdade. - Pastoral Universit\u00e1ria UniSALESIANO\",\"isPartOf\":{\"@id\":\"https:\\\/\\\/unisale.com.br\\\/pastoral\\\/#website\"},\"primaryImageOfPage\":{\"@id\":\"https:\\\/\\\/unisale.com.br\\\/novo\\\/12-06-quando-porem-vier-o-espirito-da-verdade-ele-vos-conduzira-a-plena-verdade\\\/#primaryimage\"},\"image\":{\"@id\":\"https:\\\/\\\/unisale.com.br\\\/novo\\\/12-06-quando-porem-vier-o-espirito-da-verdade-ele-vos-conduzira-a-plena-verdade\\\/#primaryimage\"},\"thumbnailUrl\":\"https:\\\/\\\/unisale.com.br\\\/pastoral\\\/wp-content\\\/uploads\\\/2022\\\/06\\\/Ev-12.jpeg\",\"datePublished\":\"2022-06-08T11:40:18+00:00\",\"author\":{\"@id\":\"https:\\\/\\\/unisale.com.br\\\/pastoral\\\/#\\\/schema\\\/person\\\/492d3d7bfe53a8302576d39485aff2c4\"},\"inLanguage\":\"pt-BR\",\"potentialAction\":[{\"@type\":\"ReadAction\",\"target\":[\"https:\\\/\\\/unisale.com.br\\\/novo\\\/12-06-quando-porem-vier-o-espirito-da-verdade-ele-vos-conduzira-a-plena-verdade\\\/\"]}]},{\"@type\":\"ImageObject\",\"inLanguage\":\"pt-BR\",\"@id\":\"https:\\\/\\\/unisale.com.br\\\/novo\\\/12-06-quando-porem-vier-o-espirito-da-verdade-ele-vos-conduzira-a-plena-verdade\\\/#primaryimage\",\"url\":\"https:\\\/\\\/unisale.com.br\\\/pastoral\\\/wp-content\\\/uploads\\\/2022\\\/06\\\/Ev-12.jpeg\",\"contentUrl\":\"https:\\\/\\\/unisale.com.br\\\/pastoral\\\/wp-content\\\/uploads\\\/2022\\\/06\\\/Ev-12.jpeg\",\"width\":750,\"height\":422},{\"@type\":\"WebSite\",\"@id\":\"https:\\\/\\\/unisale.com.br\\\/pastoral\\\/#website\",\"url\":\"https:\\\/\\\/unisale.com.br\\\/pastoral\\\/\",\"name\":\"Pastoral Universit\u00e1ria UniSALESIANO\",\"description\":\"Site da Pastoral Universit\u00e1ria do UniSALESIANO\",\"potentialAction\":[{\"@type\":\"SearchAction\",\"target\":{\"@type\":\"EntryPoint\",\"urlTemplate\":\"https:\\\/\\\/unisale.com.br\\\/pastoral\\\/?s={search_term_string}\"},\"query-input\":{\"@type\":\"PropertyValueSpecification\",\"valueRequired\":true,\"valueName\":\"search_term_string\"}}],\"inLanguage\":\"pt-BR\"},{\"@type\":\"Person\",\"@id\":\"https:\\\/\\\/unisale.com.br\\\/pastoral\\\/#\\\/schema\\\/person\\\/492d3d7bfe53a8302576d39485aff2c4\",\"name\":\"Luiz Alexandre Marinho Lanzoni\",\"url\":\"https:\\\/\\\/unisale.com.br\\\/pastoral\\\/author\\\/luiz\\\/\"}]}<\/script>\n<!-- \/ Yoast SEO plugin. -->","yoast_head_json":{"title":"12\/06 - Quando, por\u00e9m, vier o Esp\u00edrito da Verdade, ele vos conduzir\u00e1 \u00e0 plena verdade. - Pastoral Universit\u00e1ria UniSALESIANO","robots":{"index":"index","follow":"follow","max-snippet":"max-snippet:-1","max-image-preview":"max-image-preview:large","max-video-preview":"max-video-preview:-1"},"canonical":"https:\/\/unisale.com.br\/novo\/12-06-quando-porem-vier-o-espirito-da-verdade-ele-vos-conduzira-a-plena-verdade\/","og_locale":"pt_BR","og_type":"article","og_title":"12\/06 - Quando, por\u00e9m, vier o Esp\u00edrito da Verdade, ele vos conduzir\u00e1 \u00e0 plena verdade. - Pastoral Universit\u00e1ria UniSALESIANO","og_description":"Domingo, 12 de junho de 2022. &nbsp; Evangelho (Jo 16,12-15) &nbsp; \u201cQuando, por\u00e9m, vier o Esp\u00edrito da Verdade, ele vos conduzir\u00e1 \u00e0 plena verdade.\u201d &nbsp;...","og_url":"https:\/\/unisale.com.br\/novo\/12-06-quando-porem-vier-o-espirito-da-verdade-ele-vos-conduzira-a-plena-verdade\/","og_site_name":"Pastoral Universit\u00e1ria UniSALESIANO","article_published_time":"2022-06-08T11:40:18+00:00","og_image":[{"width":750,"height":422,"url":"https:\/\/unisale.com.br\/novo\/wp-content\/uploads\/2022\/06\/Ev-12.jpeg","type":"image\/jpeg"}],"author":"Luiz Alexandre Marinho Lanzoni","twitter_card":"summary_large_image","twitter_misc":{"Escrito por":"Luiz Alexandre Marinho Lanzoni","Est. tempo de leitura":"3 minutos"},"schema":{"@context":"https:\/\/schema.org","@graph":[{"@type":"Article","@id":"https:\/\/unisale.com.br\/novo\/12-06-quando-porem-vier-o-espirito-da-verdade-ele-vos-conduzira-a-plena-verdade\/#article","isPartOf":{"@id":"https:\/\/unisale.com.br\/novo\/12-06-quando-porem-vier-o-espirito-da-verdade-ele-vos-conduzira-a-plena-verdade\/"},"author":{"name":"Luiz Alexandre Marinho Lanzoni","@id":"https:\/\/unisale.com.br\/pastoral\/#\/schema\/person\/492d3d7bfe53a8302576d39485aff2c4"},"headline":"12\/06 &#8211; Quando, por\u00e9m, vier o Esp\u00edrito da Verdade, ele vos conduzir\u00e1 \u00e0 plena verdade.","datePublished":"2022-06-08T11:40:18+00:00","mainEntityOfPage":{"@id":"https:\/\/unisale.com.br\/novo\/12-06-quando-porem-vier-o-espirito-da-verdade-ele-vos-conduzira-a-plena-verdade\/"},"wordCount":594,"image":{"@id":"https:\/\/unisale.com.br\/novo\/12-06-quando-porem-vier-o-espirito-da-verdade-ele-vos-conduzira-a-plena-verdade\/#primaryimage"},"thumbnailUrl":"https:\/\/unisale.com.br\/pastoral\/wp-content\/uploads\/2022\/06\/Ev-12.jpeg","articleSection":["Reflex\u00e3o do Evangelho"],"inLanguage":"pt-BR"},{"@type":"WebPage","@id":"https:\/\/unisale.com.br\/novo\/12-06-quando-porem-vier-o-espirito-da-verdade-ele-vos-conduzira-a-plena-verdade\/","url":"https:\/\/unisale.com.br\/novo\/12-06-quando-porem-vier-o-espirito-da-verdade-ele-vos-conduzira-a-plena-verdade\/","name":"12\/06 - Quando, por\u00e9m, vier o Esp\u00edrito da Verdade, ele vos conduzir\u00e1 \u00e0 plena verdade. - Pastoral Universit\u00e1ria UniSALESIANO","isPartOf":{"@id":"https:\/\/unisale.com.br\/pastoral\/#website"},"primaryImageOfPage":{"@id":"https:\/\/unisale.com.br\/novo\/12-06-quando-porem-vier-o-espirito-da-verdade-ele-vos-conduzira-a-plena-verdade\/#primaryimage"},"image":{"@id":"https:\/\/unisale.com.br\/novo\/12-06-quando-porem-vier-o-espirito-da-verdade-ele-vos-conduzira-a-plena-verdade\/#primaryimage"},"thumbnailUrl":"https:\/\/unisale.com.br\/pastoral\/wp-content\/uploads\/2022\/06\/Ev-12.jpeg","datePublished":"2022-06-08T11:40:18+00:00","author":{"@id":"https:\/\/unisale.com.br\/pastoral\/#\/schema\/person\/492d3d7bfe53a8302576d39485aff2c4"},"inLanguage":"pt-BR","potentialAction":[{"@type":"ReadAction","target":["https:\/\/unisale.com.br\/novo\/12-06-quando-porem-vier-o-espirito-da-verdade-ele-vos-conduzira-a-plena-verdade\/"]}]},{"@type":"ImageObject","inLanguage":"pt-BR","@id":"https:\/\/unisale.com.br\/novo\/12-06-quando-porem-vier-o-espirito-da-verdade-ele-vos-conduzira-a-plena-verdade\/#primaryimage","url":"https:\/\/unisale.com.br\/pastoral\/wp-content\/uploads\/2022\/06\/Ev-12.jpeg","contentUrl":"https:\/\/unisale.com.br\/pastoral\/wp-content\/uploads\/2022\/06\/Ev-12.jpeg","width":750,"height":422},{"@type":"WebSite","@id":"https:\/\/unisale.com.br\/pastoral\/#website","url":"https:\/\/unisale.com.br\/pastoral\/","name":"Pastoral Universit\u00e1ria UniSALESIANO","description":"Site da Pastoral Universit\u00e1ria do UniSALESIANO","potentialAction":[{"@type":"SearchAction","target":{"@type":"EntryPoint","urlTemplate":"https:\/\/unisale.com.br\/pastoral\/?s={search_term_string}"},"query-input":{"@type":"PropertyValueSpecification","valueRequired":true,"valueName":"search_term_string"}}],"inLanguage":"pt-BR"},{"@type":"Person","@id":"https:\/\/unisale.com.br\/pastoral\/#\/schema\/person\/492d3d7bfe53a8302576d39485aff2c4","name":"Luiz Alexandre Marinho Lanzoni","url":"https:\/\/unisale.com.br\/pastoral\/author\/luiz\/"}]}},"_links":{"self":[{"href":"https:\/\/unisale.com.br\/pastoral\/wp-json\/wp\/v2\/posts\/4567","targetHints":{"allow":["GET"]}}],"collection":[{"href":"https:\/\/unisale.com.br\/pastoral\/wp-json\/wp\/v2\/posts"}],"about":[{"href":"https:\/\/unisale.com.br\/pastoral\/wp-json\/wp\/v2\/types\/post"}],"author":[{"embeddable":true,"href":"https:\/\/unisale.com.br\/pastoral\/wp-json\/wp\/v2\/users\/6"}],"replies":[{"embeddable":true,"href":"https:\/\/unisale.com.br\/pastoral\/wp-json\/wp\/v2\/comments?post=4567"}],"version-history":[{"count":0,"href":"https:\/\/unisale.com.br\/pastoral\/wp-json\/wp\/v2\/posts\/4567\/revisions"}],"wp:featuredmedia":[{"embeddable":true,"href":"https:\/\/unisale.com.br\/pastoral\/wp-json\/wp\/v2\/media\/4559"}],"wp:attachment":[{"href":"https:\/\/unisale.com.br\/pastoral\/wp-json\/wp\/v2\/media?parent=4567"}],"wp:term":[{"taxonomy":"category","embeddable":true,"href":"https:\/\/unisale.com.br\/pastoral\/wp-json\/wp\/v2\/categories?post=4567"},{"taxonomy":"post_tag","embeddable":true,"href":"https:\/\/unisale.com.br\/pastoral\/wp-json\/wp\/v2\/tags?post=4567"}],"curies":[{"name":"wp","href":"https:\/\/api.w.org\/{rel}","templated":true}]}}