{"id":4670,"date":"2022-06-13T13:41:13","date_gmt":"2022-06-13T13:41:13","guid":{"rendered":"https:\/\/unisale.com.br\/pastoral\/?p=4670"},"modified":"2022-06-13T13:41:13","modified_gmt":"2022-06-13T13:41:13","slug":"tema-da-amizade-e-abordado-em-formacao-de-espiritualidade-salesiana","status":"publish","type":"post","link":"https:\/\/unisale.com.br\/pastoral\/tema-da-amizade-e-abordado-em-formacao-de-espiritualidade-salesiana\/","title":{"rendered":"Tema da amizade \u00e9 abordado em Forma\u00e7\u00e3o de Espiritualidade Salesiana"},"content":{"rendered":"<h3>Ao final do evento, os colaboradores aniversariantes foram agraciados com presentes<\/h3>\n<p>&nbsp;<\/p>\n<p>A <strong>\u201cForma\u00e7\u00e3o de Espiritualidade Salesiana\u201d,<\/strong> realizada na tarde do dia 29 de abril, no audit\u00f3rio Papa Francisco, pela Pastoral Universit\u00e1ria e Departamento de Recursos Humanos, foi bem animada.<\/p>\n<p>Por conta do tema da \u201camizade\u201d, os colaboradores dan\u00e7aram e participaram de uma din\u00e2mica interativa, comandada pela <strong>Coordenadora do Curso de Educa\u00e7\u00e3o F\u00edsica, Prof.\u00aa Juliana Mitidiero<\/strong>, e pelo <strong>agente de Pastoral, Leosino Eduardo Sousa<\/strong>.<\/p>\n<p><strong>DESCONTRA\u00c7\u00c3O<\/strong><\/p>\n<p>O <strong>Pr\u00f3-Reitor de Pastoral, Pe. Paulo J\u00e1como<\/strong>, ressaltou que esse tipo de atividade, de descontra\u00e7\u00e3o, \u00e9 importante n\u00e3o s\u00f3 da parte formativa, mas tamb\u00e9m da din\u00e2mica do trabalho. \u201cAfinal de contas, somos uma comunidade que faz parte do UniSALESIANO\u201d, disse.<\/p>\n<p>Ao final do evento, os colaboradores aniversariantes foram agraciados com presentes e os participantes tiveram acesso a comes e bebes.<\/p>\n<p>&nbsp;<\/p>\n<p><img fetchpriority=\"high\" decoding=\"async\" class=\"alignnone size-medium wp-image-4671\" src=\"https:\/\/unisale.com.br\/pastoral\/wp-content\/uploads\/2022\/06\/WhatsApp-Image-2022-05-02-at-14.13.50-1-1024x682-1-300x200.jpeg\" alt=\"\" width=\"300\" height=\"200\" srcset=\"https:\/\/unisale.com.br\/pastoral\/wp-content\/uploads\/2022\/06\/WhatsApp-Image-2022-05-02-at-14.13.50-1-1024x682-1-300x200.jpeg 300w, https:\/\/unisale.com.br\/pastoral\/wp-content\/uploads\/2022\/06\/WhatsApp-Image-2022-05-02-at-14.13.50-1-1024x682-1-768x512.jpeg 768w, https:\/\/unisale.com.br\/pastoral\/wp-content\/uploads\/2022\/06\/WhatsApp-Image-2022-05-02-at-14.13.50-1-1024x682-1-930x620.jpeg 930w, https:\/\/unisale.com.br\/pastoral\/wp-content\/uploads\/2022\/06\/WhatsApp-Image-2022-05-02-at-14.13.50-1-1024x682-1.jpeg 751w\" sizes=\"(max-width: 300px) 100vw, 300px\" \/> <img decoding=\"async\" class=\"alignnone size-medium wp-image-4672\" src=\"https:\/\/unisale.com.br\/pastoral\/wp-content\/uploads\/2022\/06\/WhatsApp-Image-2022-05-02-at-14.13.50-2-1024x682-1-300x200.jpeg\" alt=\"\" width=\"300\" height=\"200\" srcset=\"https:\/\/unisale.com.br\/pastoral\/wp-content\/uploads\/2022\/06\/WhatsApp-Image-2022-05-02-at-14.13.50-2-1024x682-1-300x200.jpeg 300w, https:\/\/unisale.com.br\/pastoral\/wp-content\/uploads\/2022\/06\/WhatsApp-Image-2022-05-02-at-14.13.50-2-1024x682-1-768x512.jpeg 768w, https:\/\/unisale.com.br\/pastoral\/wp-content\/uploads\/2022\/06\/WhatsApp-Image-2022-05-02-at-14.13.50-2-1024x682-1-930x620.jpeg 930w, https:\/\/unisale.com.br\/pastoral\/wp-content\/uploads\/2022\/06\/WhatsApp-Image-2022-05-02-at-14.13.50-2-1024x682-1.jpeg 751w\" sizes=\"(max-width: 300px) 100vw, 300px\" \/> <img decoding=\"async\" class=\"alignnone size-medium wp-image-4673\" src=\"https:\/\/unisale.com.br\/pastoral\/wp-content\/uploads\/2022\/06\/WhatsApp-Image-2022-05-02-at-14.13.50-3-1024x682-1-300x200.jpeg\" alt=\"\" width=\"300\" height=\"200\" srcset=\"https:\/\/unisale.com.br\/pastoral\/wp-content\/uploads\/2022\/06\/WhatsApp-Image-2022-05-02-at-14.13.50-3-1024x682-1-300x200.jpeg 300w, https:\/\/unisale.com.br\/pastoral\/wp-content\/uploads\/2022\/06\/WhatsApp-Image-2022-05-02-at-14.13.50-3-1024x682-1-768x512.jpeg 768w, https:\/\/unisale.com.br\/pastoral\/wp-content\/uploads\/2022\/06\/WhatsApp-Image-2022-05-02-at-14.13.50-3-1024x682-1-930x620.jpeg 930w, https:\/\/unisale.com.br\/pastoral\/wp-content\/uploads\/2022\/06\/WhatsApp-Image-2022-05-02-at-14.13.50-3-1024x682-1.jpeg 751w\" sizes=\"(max-width: 300px) 100vw, 300px\" \/> <img loading=\"lazy\" decoding=\"async\" class=\"alignnone size-medium wp-image-4674\" src=\"https:\/\/unisale.com.br\/pastoral\/wp-content\/uploads\/2022\/06\/WhatsApp-Image-2022-05-02-at-14.13.50-5-1024x682-1-300x200.jpeg\" alt=\"\" width=\"300\" height=\"200\" srcset=\"https:\/\/unisale.com.br\/pastoral\/wp-content\/uploads\/2022\/06\/WhatsApp-Image-2022-05-02-at-14.13.50-5-1024x682-1-300x200.jpeg 300w, https:\/\/unisale.com.br\/pastoral\/wp-content\/uploads\/2022\/06\/WhatsApp-Image-2022-05-02-at-14.13.50-5-1024x682-1-768x512.jpeg 768w, https:\/\/unisale.com.br\/pastoral\/wp-content\/uploads\/2022\/06\/WhatsApp-Image-2022-05-02-at-14.13.50-5-1024x682-1-930x620.jpeg 930w, https:\/\/unisale.com.br\/pastoral\/wp-content\/uploads\/2022\/06\/WhatsApp-Image-2022-05-02-at-14.13.50-5-1024x682-1.jpeg 751w\" sizes=\"(max-width: 300px) 100vw, 300px\" \/> <img loading=\"lazy\" decoding=\"async\" class=\"alignnone size-medium wp-image-4675\" src=\"https:\/\/unisale.com.br\/pastoral\/wp-content\/uploads\/2022\/06\/WhatsApp-Image-2022-05-02-at-14.13.50-6-1024x682-1-300x200.jpeg\" alt=\"\" width=\"300\" height=\"200\" srcset=\"https:\/\/unisale.com.br\/pastoral\/wp-content\/uploads\/2022\/06\/WhatsApp-Image-2022-05-02-at-14.13.50-6-1024x682-1-300x200.jpeg 300w, https:\/\/unisale.com.br\/pastoral\/wp-content\/uploads\/2022\/06\/WhatsApp-Image-2022-05-02-at-14.13.50-6-1024x682-1-768x512.jpeg 768w, https:\/\/unisale.com.br\/pastoral\/wp-content\/uploads\/2022\/06\/WhatsApp-Image-2022-05-02-at-14.13.50-6-1024x682-1-930x620.jpeg 930w, https:\/\/unisale.com.br\/pastoral\/wp-content\/uploads\/2022\/06\/WhatsApp-Image-2022-05-02-at-14.13.50-6-1024x682-1.jpeg 751w\" sizes=\"(max-width: 300px) 100vw, 300px\" \/> <img loading=\"lazy\" decoding=\"async\" class=\"alignnone size-medium wp-image-4676\" src=\"https:\/\/unisale.com.br\/pastoral\/wp-content\/uploads\/2022\/06\/WhatsApp-Image-2022-05-02-at-14.13.50-7-1024x682-1-300x200.jpeg\" alt=\"\" width=\"300\" height=\"200\" srcset=\"https:\/\/unisale.com.br\/pastoral\/wp-content\/uploads\/2022\/06\/WhatsApp-Image-2022-05-02-at-14.13.50-7-1024x682-1-300x200.jpeg 300w, https:\/\/unisale.com.br\/pastoral\/wp-content\/uploads\/2022\/06\/WhatsApp-Image-2022-05-02-at-14.13.50-7-1024x682-1-768x512.jpeg 768w, https:\/\/unisale.com.br\/pastoral\/wp-content\/uploads\/2022\/06\/WhatsApp-Image-2022-05-02-at-14.13.50-7-1024x682-1-930x620.jpeg 930w, https:\/\/unisale.com.br\/pastoral\/wp-content\/uploads\/2022\/06\/WhatsApp-Image-2022-05-02-at-14.13.50-7-1024x682-1.jpeg 751w\" sizes=\"(max-width: 300px) 100vw, 300px\" \/> <img loading=\"lazy\" decoding=\"async\" class=\"alignnone size-medium wp-image-4677\" src=\"https:\/\/unisale.com.br\/pastoral\/wp-content\/uploads\/2022\/06\/WhatsApp-Image-2022-05-02-at-14.13.50-1024x682-1-300x200.jpeg\" alt=\"\" width=\"300\" height=\"200\" srcset=\"https:\/\/unisale.com.br\/pastoral\/wp-content\/uploads\/2022\/06\/WhatsApp-Image-2022-05-02-at-14.13.50-1024x682-1-300x200.jpeg 300w, https:\/\/unisale.com.br\/pastoral\/wp-content\/uploads\/2022\/06\/WhatsApp-Image-2022-05-02-at-14.13.50-1024x682-1-768x512.jpeg 768w, https:\/\/unisale.com.br\/pastoral\/wp-content\/uploads\/2022\/06\/WhatsApp-Image-2022-05-02-at-14.13.50-1024x682-1-930x620.jpeg 930w, https:\/\/unisale.com.br\/pastoral\/wp-content\/uploads\/2022\/06\/WhatsApp-Image-2022-05-02-at-14.13.50-1024x682-1.jpeg 751w\" sizes=\"(max-width: 300px) 100vw, 300px\" \/><\/p>\n","protected":false},"excerpt":{"rendered":"<p>Ao final do evento, os colaboradores aniversariantes foram agraciados com presentes &nbsp; A \u201cForma\u00e7\u00e3o de Espiritualidade Salesiana\u201d, realizada na tarde do dia 29 de abril,&#8230;<\/p>\n","protected":false},"author":6,"featured_media":4678,"comment_status":"closed","ping_status":"closed","sticky":false,"template":"","format":"standard","meta":{"_acf_changed":false,"footnotes":""},"categories":[3],"tags":[],"class_list":["post-4670","post","type-post","status-publish","format-standard","has-post-thumbnail","hentry","category-not"],"acf":[],"yoast_head":"<!-- This site is optimized with the Yoast SEO plugin v27.3 - https:\/\/yoast.com\/product\/yoast-seo-wordpress\/ -->\n<title>Tema da amizade \u00e9 abordado em Forma\u00e7\u00e3o de Espiritualidade Salesiana - Pastoral Universit\u00e1ria UniSALESIANO<\/title>\n<meta name=\"robots\" content=\"index, follow, max-snippet:-1, max-image-preview:large, max-video-preview:-1\" \/>\n<link rel=\"canonical\" href=\"https:\/\/unisale.com.br\/novo\/tema-da-amizade-e-abordado-em-formacao-de-espiritualidade-salesiana\/\" \/>\n<meta property=\"og:locale\" content=\"pt_BR\" \/>\n<meta property=\"og:type\" content=\"article\" \/>\n<meta property=\"og:title\" content=\"Tema da amizade \u00e9 abordado em Forma\u00e7\u00e3o de Espiritualidade Salesiana - Pastoral Universit\u00e1ria UniSALESIANO\" \/>\n<meta property=\"og:description\" content=\"Ao final do evento, os colaboradores aniversariantes foram agraciados com presentes &nbsp; A \u201cForma\u00e7\u00e3o de Espiritualidade Salesiana\u201d, realizada na tarde do dia 29 de abril,...\" \/>\n<meta property=\"og:url\" content=\"https:\/\/unisale.com.br\/novo\/tema-da-amizade-e-abordado-em-formacao-de-espiritualidade-salesiana\/\" \/>\n<meta property=\"og:site_name\" content=\"Pastoral Universit\u00e1ria UniSALESIANO\" \/>\n<meta property=\"article:published_time\" content=\"2022-06-13T13:41:13+00:00\" \/>\n<meta property=\"og:image\" content=\"https:\/\/unisale.com.br\/novo\/wp-content\/uploads\/2022\/06\/WhatsApp-Image-2022-05-02-at-14.13.50-4-1-1024x682-1.jpeg\" \/>\n\t<meta property=\"og:image:width\" content=\"1024\" \/>\n\t<meta property=\"og:image:height\" content=\"682\" \/>\n\t<meta property=\"og:image:type\" content=\"image\/jpeg\" \/>\n<meta name=\"author\" content=\"Luiz Alexandre Marinho Lanzoni\" \/>\n<meta name=\"twitter:card\" content=\"summary_large_image\" \/>\n<meta name=\"twitter:label1\" content=\"Escrito por\" \/>\n\t<meta name=\"twitter:data1\" content=\"Luiz Alexandre Marinho Lanzoni\" \/>\n\t<meta name=\"twitter:label2\" content=\"Est. tempo de leitura\" \/>\n\t<meta name=\"twitter:data2\" content=\"1 minuto\" \/>\n<script type=\"application\/ld+json\" class=\"yoast-schema-graph\">{\"@context\":\"https:\\\/\\\/schema.org\",\"@graph\":[{\"@type\":\"Article\",\"@id\":\"https:\\\/\\\/unisale.com.br\\\/novo\\\/tema-da-amizade-e-abordado-em-formacao-de-espiritualidade-salesiana\\\/#article\",\"isPartOf\":{\"@id\":\"https:\\\/\\\/unisale.com.br\\\/novo\\\/tema-da-amizade-e-abordado-em-formacao-de-espiritualidade-salesiana\\\/\"},\"author\":{\"name\":\"Luiz Alexandre Marinho Lanzoni\",\"@id\":\"https:\\\/\\\/unisale.com.br\\\/pastoral\\\/#\\\/schema\\\/person\\\/492d3d7bfe53a8302576d39485aff2c4\"},\"headline\":\"Tema da amizade \u00e9 abordado em Forma\u00e7\u00e3o de Espiritualidade Salesiana\",\"datePublished\":\"2022-06-13T13:41:13+00:00\",\"mainEntityOfPage\":{\"@id\":\"https:\\\/\\\/unisale.com.br\\\/novo\\\/tema-da-amizade-e-abordado-em-formacao-de-espiritualidade-salesiana\\\/\"},\"wordCount\":158,\"image\":{\"@id\":\"https:\\\/\\\/unisale.com.br\\\/novo\\\/tema-da-amizade-e-abordado-em-formacao-de-espiritualidade-salesiana\\\/#primaryimage\"},\"thumbnailUrl\":\"https:\\\/\\\/unisale.com.br\\\/pastoral\\\/wp-content\\\/uploads\\\/2022\\\/06\\\/WhatsApp-Image-2022-05-02-at-14.13.50-4-1-1024x682-1.jpeg\",\"articleSection\":[\"Not\u00edcias\"],\"inLanguage\":\"pt-BR\"},{\"@type\":\"WebPage\",\"@id\":\"https:\\\/\\\/unisale.com.br\\\/novo\\\/tema-da-amizade-e-abordado-em-formacao-de-espiritualidade-salesiana\\\/\",\"url\":\"https:\\\/\\\/unisale.com.br\\\/novo\\\/tema-da-amizade-e-abordado-em-formacao-de-espiritualidade-salesiana\\\/\",\"name\":\"Tema da amizade \u00e9 abordado em Forma\u00e7\u00e3o de Espiritualidade Salesiana - Pastoral Universit\u00e1ria UniSALESIANO\",\"isPartOf\":{\"@id\":\"https:\\\/\\\/unisale.com.br\\\/pastoral\\\/#website\"},\"primaryImageOfPage\":{\"@id\":\"https:\\\/\\\/unisale.com.br\\\/novo\\\/tema-da-amizade-e-abordado-em-formacao-de-espiritualidade-salesiana\\\/#primaryimage\"},\"image\":{\"@id\":\"https:\\\/\\\/unisale.com.br\\\/novo\\\/tema-da-amizade-e-abordado-em-formacao-de-espiritualidade-salesiana\\\/#primaryimage\"},\"thumbnailUrl\":\"https:\\\/\\\/unisale.com.br\\\/pastoral\\\/wp-content\\\/uploads\\\/2022\\\/06\\\/WhatsApp-Image-2022-05-02-at-14.13.50-4-1-1024x682-1.jpeg\",\"datePublished\":\"2022-06-13T13:41:13+00:00\",\"author\":{\"@id\":\"https:\\\/\\\/unisale.com.br\\\/pastoral\\\/#\\\/schema\\\/person\\\/492d3d7bfe53a8302576d39485aff2c4\"},\"inLanguage\":\"pt-BR\",\"potentialAction\":[{\"@type\":\"ReadAction\",\"target\":[\"https:\\\/\\\/unisale.com.br\\\/novo\\\/tema-da-amizade-e-abordado-em-formacao-de-espiritualidade-salesiana\\\/\"]}]},{\"@type\":\"ImageObject\",\"inLanguage\":\"pt-BR\",\"@id\":\"https:\\\/\\\/unisale.com.br\\\/novo\\\/tema-da-amizade-e-abordado-em-formacao-de-espiritualidade-salesiana\\\/#primaryimage\",\"url\":\"https:\\\/\\\/unisale.com.br\\\/pastoral\\\/wp-content\\\/uploads\\\/2022\\\/06\\\/WhatsApp-Image-2022-05-02-at-14.13.50-4-1-1024x682-1.jpeg\",\"contentUrl\":\"https:\\\/\\\/unisale.com.br\\\/pastoral\\\/wp-content\\\/uploads\\\/2022\\\/06\\\/WhatsApp-Image-2022-05-02-at-14.13.50-4-1-1024x682-1.jpeg\",\"width\":751,\"height\":500},{\"@type\":\"WebSite\",\"@id\":\"https:\\\/\\\/unisale.com.br\\\/pastoral\\\/#website\",\"url\":\"https:\\\/\\\/unisale.com.br\\\/pastoral\\\/\",\"name\":\"Pastoral Universit\u00e1ria UniSALESIANO\",\"description\":\"Site da Pastoral Universit\u00e1ria do UniSALESIANO\",\"potentialAction\":[{\"@type\":\"SearchAction\",\"target\":{\"@type\":\"EntryPoint\",\"urlTemplate\":\"https:\\\/\\\/unisale.com.br\\\/pastoral\\\/?s={search_term_string}\"},\"query-input\":{\"@type\":\"PropertyValueSpecification\",\"valueRequired\":true,\"valueName\":\"search_term_string\"}}],\"inLanguage\":\"pt-BR\"},{\"@type\":\"Person\",\"@id\":\"https:\\\/\\\/unisale.com.br\\\/pastoral\\\/#\\\/schema\\\/person\\\/492d3d7bfe53a8302576d39485aff2c4\",\"name\":\"Luiz Alexandre Marinho Lanzoni\",\"url\":\"https:\\\/\\\/unisale.com.br\\\/pastoral\\\/author\\\/luiz\\\/\"}]}<\/script>\n<!-- \/ Yoast SEO plugin. -->","yoast_head_json":{"title":"Tema da amizade \u00e9 abordado em Forma\u00e7\u00e3o de Espiritualidade Salesiana - Pastoral Universit\u00e1ria UniSALESIANO","robots":{"index":"index","follow":"follow","max-snippet":"max-snippet:-1","max-image-preview":"max-image-preview:large","max-video-preview":"max-video-preview:-1"},"canonical":"https:\/\/unisale.com.br\/novo\/tema-da-amizade-e-abordado-em-formacao-de-espiritualidade-salesiana\/","og_locale":"pt_BR","og_type":"article","og_title":"Tema da amizade \u00e9 abordado em Forma\u00e7\u00e3o de Espiritualidade Salesiana - Pastoral Universit\u00e1ria UniSALESIANO","og_description":"Ao final do evento, os colaboradores aniversariantes foram agraciados com presentes &nbsp; A \u201cForma\u00e7\u00e3o de Espiritualidade Salesiana\u201d, realizada na tarde do dia 29 de abril,...","og_url":"https:\/\/unisale.com.br\/novo\/tema-da-amizade-e-abordado-em-formacao-de-espiritualidade-salesiana\/","og_site_name":"Pastoral Universit\u00e1ria UniSALESIANO","article_published_time":"2022-06-13T13:41:13+00:00","og_image":[{"width":1024,"height":682,"url":"https:\/\/unisale.com.br\/novo\/wp-content\/uploads\/2022\/06\/WhatsApp-Image-2022-05-02-at-14.13.50-4-1-1024x682-1.jpeg","type":"image\/jpeg"}],"author":"Luiz Alexandre Marinho Lanzoni","twitter_card":"summary_large_image","twitter_misc":{"Escrito por":"Luiz Alexandre Marinho Lanzoni","Est. tempo de leitura":"1 minuto"},"schema":{"@context":"https:\/\/schema.org","@graph":[{"@type":"Article","@id":"https:\/\/unisale.com.br\/novo\/tema-da-amizade-e-abordado-em-formacao-de-espiritualidade-salesiana\/#article","isPartOf":{"@id":"https:\/\/unisale.com.br\/novo\/tema-da-amizade-e-abordado-em-formacao-de-espiritualidade-salesiana\/"},"author":{"name":"Luiz Alexandre Marinho Lanzoni","@id":"https:\/\/unisale.com.br\/pastoral\/#\/schema\/person\/492d3d7bfe53a8302576d39485aff2c4"},"headline":"Tema da amizade \u00e9 abordado em Forma\u00e7\u00e3o de Espiritualidade Salesiana","datePublished":"2022-06-13T13:41:13+00:00","mainEntityOfPage":{"@id":"https:\/\/unisale.com.br\/novo\/tema-da-amizade-e-abordado-em-formacao-de-espiritualidade-salesiana\/"},"wordCount":158,"image":{"@id":"https:\/\/unisale.com.br\/novo\/tema-da-amizade-e-abordado-em-formacao-de-espiritualidade-salesiana\/#primaryimage"},"thumbnailUrl":"https:\/\/unisale.com.br\/pastoral\/wp-content\/uploads\/2022\/06\/WhatsApp-Image-2022-05-02-at-14.13.50-4-1-1024x682-1.jpeg","articleSection":["Not\u00edcias"],"inLanguage":"pt-BR"},{"@type":"WebPage","@id":"https:\/\/unisale.com.br\/novo\/tema-da-amizade-e-abordado-em-formacao-de-espiritualidade-salesiana\/","url":"https:\/\/unisale.com.br\/novo\/tema-da-amizade-e-abordado-em-formacao-de-espiritualidade-salesiana\/","name":"Tema da amizade \u00e9 abordado em Forma\u00e7\u00e3o de Espiritualidade Salesiana - Pastoral Universit\u00e1ria UniSALESIANO","isPartOf":{"@id":"https:\/\/unisale.com.br\/pastoral\/#website"},"primaryImageOfPage":{"@id":"https:\/\/unisale.com.br\/novo\/tema-da-amizade-e-abordado-em-formacao-de-espiritualidade-salesiana\/#primaryimage"},"image":{"@id":"https:\/\/unisale.com.br\/novo\/tema-da-amizade-e-abordado-em-formacao-de-espiritualidade-salesiana\/#primaryimage"},"thumbnailUrl":"https:\/\/unisale.com.br\/pastoral\/wp-content\/uploads\/2022\/06\/WhatsApp-Image-2022-05-02-at-14.13.50-4-1-1024x682-1.jpeg","datePublished":"2022-06-13T13:41:13+00:00","author":{"@id":"https:\/\/unisale.com.br\/pastoral\/#\/schema\/person\/492d3d7bfe53a8302576d39485aff2c4"},"inLanguage":"pt-BR","potentialAction":[{"@type":"ReadAction","target":["https:\/\/unisale.com.br\/novo\/tema-da-amizade-e-abordado-em-formacao-de-espiritualidade-salesiana\/"]}]},{"@type":"ImageObject","inLanguage":"pt-BR","@id":"https:\/\/unisale.com.br\/novo\/tema-da-amizade-e-abordado-em-formacao-de-espiritualidade-salesiana\/#primaryimage","url":"https:\/\/unisale.com.br\/pastoral\/wp-content\/uploads\/2022\/06\/WhatsApp-Image-2022-05-02-at-14.13.50-4-1-1024x682-1.jpeg","contentUrl":"https:\/\/unisale.com.br\/pastoral\/wp-content\/uploads\/2022\/06\/WhatsApp-Image-2022-05-02-at-14.13.50-4-1-1024x682-1.jpeg","width":751,"height":500},{"@type":"WebSite","@id":"https:\/\/unisale.com.br\/pastoral\/#website","url":"https:\/\/unisale.com.br\/pastoral\/","name":"Pastoral Universit\u00e1ria UniSALESIANO","description":"Site da Pastoral Universit\u00e1ria do UniSALESIANO","potentialAction":[{"@type":"SearchAction","target":{"@type":"EntryPoint","urlTemplate":"https:\/\/unisale.com.br\/pastoral\/?s={search_term_string}"},"query-input":{"@type":"PropertyValueSpecification","valueRequired":true,"valueName":"search_term_string"}}],"inLanguage":"pt-BR"},{"@type":"Person","@id":"https:\/\/unisale.com.br\/pastoral\/#\/schema\/person\/492d3d7bfe53a8302576d39485aff2c4","name":"Luiz Alexandre Marinho Lanzoni","url":"https:\/\/unisale.com.br\/pastoral\/author\/luiz\/"}]}},"_links":{"self":[{"href":"https:\/\/unisale.com.br\/pastoral\/wp-json\/wp\/v2\/posts\/4670","targetHints":{"allow":["GET"]}}],"collection":[{"href":"https:\/\/unisale.com.br\/pastoral\/wp-json\/wp\/v2\/posts"}],"about":[{"href":"https:\/\/unisale.com.br\/pastoral\/wp-json\/wp\/v2\/types\/post"}],"author":[{"embeddable":true,"href":"https:\/\/unisale.com.br\/pastoral\/wp-json\/wp\/v2\/users\/6"}],"replies":[{"embeddable":true,"href":"https:\/\/unisale.com.br\/pastoral\/wp-json\/wp\/v2\/comments?post=4670"}],"version-history":[{"count":0,"href":"https:\/\/unisale.com.br\/pastoral\/wp-json\/wp\/v2\/posts\/4670\/revisions"}],"wp:featuredmedia":[{"embeddable":true,"href":"https:\/\/unisale.com.br\/pastoral\/wp-json\/wp\/v2\/media\/4678"}],"wp:attachment":[{"href":"https:\/\/unisale.com.br\/pastoral\/wp-json\/wp\/v2\/media?parent=4670"}],"wp:term":[{"taxonomy":"category","embeddable":true,"href":"https:\/\/unisale.com.br\/pastoral\/wp-json\/wp\/v2\/categories?post=4670"},{"taxonomy":"post_tag","embeddable":true,"href":"https:\/\/unisale.com.br\/pastoral\/wp-json\/wp\/v2\/tags?post=4670"}],"curies":[{"name":"wp","href":"https:\/\/api.w.org\/{rel}","templated":true}]}}