{"id":4727,"date":"2022-06-13T14:10:15","date_gmt":"2022-06-13T14:10:15","guid":{"rendered":"https:\/\/unisale.com.br\/pastoral\/?p=4727"},"modified":"2022-06-13T14:10:15","modified_gmt":"2022-06-13T14:10:15","slug":"dia-de-nossa-senhora-auxiliadora-comemoracao-com-missas-e-entrega-de-medalhas-e-capelas","status":"publish","type":"post","link":"https:\/\/unisale.com.br\/pastoral\/dia-de-nossa-senhora-auxiliadora-comemoracao-com-missas-e-entrega-de-medalhas-e-capelas\/","title":{"rendered":"Dia de Nossa Senhora Auxiliadora: comemora\u00e7\u00e3o com missas e entrega de medalhas e capelas"},"content":{"rendered":"<h3>As missas ser\u00e3o celebradas pelo Diretor-Geral do UniSALESIANO, Pe. Erondi Tamandar\u00e9, SDB<\/h3>\n<p>&nbsp;<\/p>\n<div class=\"grid-12 post-content\">\n<p>Nesta ter\u00e7a-feira, 24 de maio, Dia da Festa Lit\u00fargica de Maria Auxiliadora, o UniSALESIANO comemora a data de sua padroeira, Nossa Senhora Auxiliadora, com missas na Igreja Universit\u00e1ria e entrega de medalhas e capelinhas.<\/p>\n<p>Pela manh\u00e3, \u00e0s 8h20, os acad\u00eamicos dos cursos de per\u00edodo diurno e integral se re\u00fanem para a missa que ser\u00e1 celebrada pelo<strong> Pe. Erondi Tamandar\u00e9, SDB<\/strong>, assim como em todas as celebra\u00e7\u00f5es.<\/p>\n<p>Na entrada, os alunos ir\u00e3o receber uma medalha de Nossa Senhora Auxiliadora, que ser\u00e1 aben\u00e7oada durante a missa.<\/p>\n<p>J\u00e1 os colaboradores participar\u00e3o da missa no per\u00edodo da tarde, \u00e0s 14h. Al\u00e9m da medalha, ser\u00e1 entregue uma capelinha de madeira com a imagem da padroeira.<\/p>\n<p>Aos acad\u00eamicos do per\u00edodo noturno ter\u00e3o a celebra\u00e7\u00e3o em louvor \u00e0 Nossa Senhora Auxiliadora \u00e0s 20h, tamb\u00e9m com a entrega da medalha.<\/p>\n<p><strong>PAR\u00d3QUIA<\/strong><\/p>\n<p>Na <strong>Par\u00f3quia S\u00e3o Francisco e Santa Clara<\/strong>, no Jardim Pinheiros, em Ara\u00e7atuba, a festividade de Nossa Senhora Auxiliadora iniciar\u00e1 \u00e0s 18h, com a ora\u00e7\u00e3o do Ter\u00e7o, seguida da Santa Missa, \u00e0s 18h30. Por fim, \u00e0s 19h30, haver\u00e1 uma noite de espiritualidade para as fam\u00edlias.<\/p>\n<p><strong>MARATONA<\/strong><\/p>\n<p>De acordo com a Agenzia Info Salesiana \u2013 Ans, a fim de incentivar a participa\u00e7\u00e3o da festa de Nossa Senhora Auxiliadora em todo o mundo, est\u00e1 prevista uma \u201cmaratona digital\u201d, para que todos possam assistir aos principais eventos.<\/p>\n<p>Das 17h at\u00e9 o final do dia, a ANS, com a colabora\u00e7\u00e3o da IME COMUNICAZIONE, transmitir\u00e1, ao vivo e em cinco idiomas (italiano, ingl\u00eas, espanhol, franc\u00eas e portugu\u00eas), da p\u00e1gina da ANS no Facebook \u2013 <a href=\"http:\/\/www.facebook.com\/agenziaans\">www.facebook.com\/agenziaans<\/a>, os seguintes eventos:<\/p>\n<p>\u2013 Links e entrevistas especiais dos est\u00fadios de Turim, com o padre Moreno Filipetto, delegado de comunica\u00e7\u00e3o Social da ICP;<\/p>\n<p>\u2013 Missa na Bas\u00edlica presidida pelo Reitor-Mor, Pe. \u00c1ngel Fern\u00e1ndez Artime (\u00e0s 18h30);<\/p>\n<p>\u2013 Prociss\u00e3o de Maria Auxiliadora pelas ruas do bairro, presidida por dom Cesare Nosiglia, arcebispo em\u00e9rito de Turim (\u00e0s 20h30).<\/p>\n<\/div>\n<p>&nbsp;<\/p>\n<p>&nbsp;<\/p>\n","protected":false},"excerpt":{"rendered":"<p>As missas ser\u00e3o celebradas pelo Diretor-Geral do UniSALESIANO, Pe. Erondi Tamandar\u00e9, SDB &nbsp; Nesta ter\u00e7a-feira, 24 de maio, Dia da Festa Lit\u00fargica de Maria Auxiliadora,&#8230;<\/p>\n","protected":false},"author":6,"featured_media":4728,"comment_status":"closed","ping_status":"closed","sticky":false,"template":"","format":"standard","meta":{"_acf_changed":false,"footnotes":""},"categories":[3],"tags":[],"class_list":["post-4727","post","type-post","status-publish","format-standard","has-post-thumbnail","hentry","category-not"],"acf":[],"yoast_head":"<!-- This site is optimized with the Yoast SEO plugin v27.3 - https:\/\/yoast.com\/product\/yoast-seo-wordpress\/ -->\n<title>Dia de Nossa Senhora Auxiliadora: comemora\u00e7\u00e3o com missas e entrega de medalhas e capelas - Pastoral Universit\u00e1ria UniSALESIANO<\/title>\n<meta name=\"robots\" content=\"index, follow, max-snippet:-1, max-image-preview:large, max-video-preview:-1\" \/>\n<link rel=\"canonical\" href=\"https:\/\/unisale.com.br\/novo\/dia-de-nossa-senhora-auxiliadora-comemoracao-com-missas-e-entrega-de-medalhas-e-capelas\/\" \/>\n<meta property=\"og:locale\" content=\"pt_BR\" \/>\n<meta property=\"og:type\" content=\"article\" \/>\n<meta property=\"og:title\" content=\"Dia de Nossa Senhora Auxiliadora: comemora\u00e7\u00e3o com missas e entrega de medalhas e capelas - Pastoral Universit\u00e1ria UniSALESIANO\" \/>\n<meta property=\"og:description\" content=\"As missas ser\u00e3o celebradas pelo Diretor-Geral do UniSALESIANO, Pe. Erondi Tamandar\u00e9, SDB &nbsp; Nesta ter\u00e7a-feira, 24 de maio, Dia da Festa Lit\u00fargica de Maria Auxiliadora,...\" \/>\n<meta property=\"og:url\" content=\"https:\/\/unisale.com.br\/novo\/dia-de-nossa-senhora-auxiliadora-comemoracao-com-missas-e-entrega-de-medalhas-e-capelas\/\" \/>\n<meta property=\"og:site_name\" content=\"Pastoral Universit\u00e1ria UniSALESIANO\" \/>\n<meta property=\"article:published_time\" content=\"2022-06-13T14:10:15+00:00\" \/>\n<meta property=\"og:image\" content=\"https:\/\/unisale.com.br\/novo\/wp-content\/uploads\/2022\/06\/WhatsApp-Image-2022-05-23-at-15.51.58-1024x1024-1.jpeg\" \/>\n\t<meta property=\"og:image:width\" content=\"1024\" \/>\n\t<meta property=\"og:image:height\" content=\"1024\" \/>\n\t<meta property=\"og:image:type\" content=\"image\/jpeg\" \/>\n<meta name=\"author\" content=\"Luiz Alexandre Marinho Lanzoni\" \/>\n<meta name=\"twitter:card\" content=\"summary_large_image\" \/>\n<meta name=\"twitter:label1\" content=\"Escrito por\" \/>\n\t<meta name=\"twitter:data1\" content=\"Luiz Alexandre Marinho Lanzoni\" \/>\n\t<meta name=\"twitter:label2\" content=\"Est. tempo de leitura\" \/>\n\t<meta name=\"twitter:data2\" content=\"2 minutos\" \/>\n<script type=\"application\/ld+json\" class=\"yoast-schema-graph\">{\"@context\":\"https:\\\/\\\/schema.org\",\"@graph\":[{\"@type\":\"Article\",\"@id\":\"https:\\\/\\\/unisale.com.br\\\/novo\\\/dia-de-nossa-senhora-auxiliadora-comemoracao-com-missas-e-entrega-de-medalhas-e-capelas\\\/#article\",\"isPartOf\":{\"@id\":\"https:\\\/\\\/unisale.com.br\\\/novo\\\/dia-de-nossa-senhora-auxiliadora-comemoracao-com-missas-e-entrega-de-medalhas-e-capelas\\\/\"},\"author\":{\"name\":\"Luiz Alexandre Marinho Lanzoni\",\"@id\":\"https:\\\/\\\/unisale.com.br\\\/pastoral\\\/#\\\/schema\\\/person\\\/492d3d7bfe53a8302576d39485aff2c4\"},\"headline\":\"Dia de Nossa Senhora Auxiliadora: comemora\u00e7\u00e3o com missas e entrega de medalhas e capelas\",\"datePublished\":\"2022-06-13T14:10:15+00:00\",\"mainEntityOfPage\":{\"@id\":\"https:\\\/\\\/unisale.com.br\\\/novo\\\/dia-de-nossa-senhora-auxiliadora-comemoracao-com-missas-e-entrega-de-medalhas-e-capelas\\\/\"},\"wordCount\":371,\"image\":{\"@id\":\"https:\\\/\\\/unisale.com.br\\\/novo\\\/dia-de-nossa-senhora-auxiliadora-comemoracao-com-missas-e-entrega-de-medalhas-e-capelas\\\/#primaryimage\"},\"thumbnailUrl\":\"https:\\\/\\\/unisale.com.br\\\/pastoral\\\/wp-content\\\/uploads\\\/2022\\\/06\\\/WhatsApp-Image-2022-05-23-at-15.51.58-1024x1024-1.jpeg\",\"articleSection\":[\"Not\u00edcias\"],\"inLanguage\":\"pt-BR\"},{\"@type\":\"WebPage\",\"@id\":\"https:\\\/\\\/unisale.com.br\\\/novo\\\/dia-de-nossa-senhora-auxiliadora-comemoracao-com-missas-e-entrega-de-medalhas-e-capelas\\\/\",\"url\":\"https:\\\/\\\/unisale.com.br\\\/novo\\\/dia-de-nossa-senhora-auxiliadora-comemoracao-com-missas-e-entrega-de-medalhas-e-capelas\\\/\",\"name\":\"Dia de Nossa Senhora Auxiliadora: comemora\u00e7\u00e3o com missas e entrega de medalhas e capelas - Pastoral Universit\u00e1ria UniSALESIANO\",\"isPartOf\":{\"@id\":\"https:\\\/\\\/unisale.com.br\\\/pastoral\\\/#website\"},\"primaryImageOfPage\":{\"@id\":\"https:\\\/\\\/unisale.com.br\\\/novo\\\/dia-de-nossa-senhora-auxiliadora-comemoracao-com-missas-e-entrega-de-medalhas-e-capelas\\\/#primaryimage\"},\"image\":{\"@id\":\"https:\\\/\\\/unisale.com.br\\\/novo\\\/dia-de-nossa-senhora-auxiliadora-comemoracao-com-missas-e-entrega-de-medalhas-e-capelas\\\/#primaryimage\"},\"thumbnailUrl\":\"https:\\\/\\\/unisale.com.br\\\/pastoral\\\/wp-content\\\/uploads\\\/2022\\\/06\\\/WhatsApp-Image-2022-05-23-at-15.51.58-1024x1024-1.jpeg\",\"datePublished\":\"2022-06-13T14:10:15+00:00\",\"author\":{\"@id\":\"https:\\\/\\\/unisale.com.br\\\/pastoral\\\/#\\\/schema\\\/person\\\/492d3d7bfe53a8302576d39485aff2c4\"},\"inLanguage\":\"pt-BR\",\"potentialAction\":[{\"@type\":\"ReadAction\",\"target\":[\"https:\\\/\\\/unisale.com.br\\\/novo\\\/dia-de-nossa-senhora-auxiliadora-comemoracao-com-missas-e-entrega-de-medalhas-e-capelas\\\/\"]}]},{\"@type\":\"ImageObject\",\"inLanguage\":\"pt-BR\",\"@id\":\"https:\\\/\\\/unisale.com.br\\\/novo\\\/dia-de-nossa-senhora-auxiliadora-comemoracao-com-missas-e-entrega-de-medalhas-e-capelas\\\/#primaryimage\",\"url\":\"https:\\\/\\\/unisale.com.br\\\/pastoral\\\/wp-content\\\/uploads\\\/2022\\\/06\\\/WhatsApp-Image-2022-05-23-at-15.51.58-1024x1024-1.jpeg\",\"contentUrl\":\"https:\\\/\\\/unisale.com.br\\\/pastoral\\\/wp-content\\\/uploads\\\/2022\\\/06\\\/WhatsApp-Image-2022-05-23-at-15.51.58-1024x1024-1.jpeg\",\"width\":500,\"height\":500},{\"@type\":\"WebSite\",\"@id\":\"https:\\\/\\\/unisale.com.br\\\/pastoral\\\/#website\",\"url\":\"https:\\\/\\\/unisale.com.br\\\/pastoral\\\/\",\"name\":\"Pastoral Universit\u00e1ria UniSALESIANO\",\"description\":\"Site da Pastoral Universit\u00e1ria do UniSALESIANO\",\"potentialAction\":[{\"@type\":\"SearchAction\",\"target\":{\"@type\":\"EntryPoint\",\"urlTemplate\":\"https:\\\/\\\/unisale.com.br\\\/pastoral\\\/?s={search_term_string}\"},\"query-input\":{\"@type\":\"PropertyValueSpecification\",\"valueRequired\":true,\"valueName\":\"search_term_string\"}}],\"inLanguage\":\"pt-BR\"},{\"@type\":\"Person\",\"@id\":\"https:\\\/\\\/unisale.com.br\\\/pastoral\\\/#\\\/schema\\\/person\\\/492d3d7bfe53a8302576d39485aff2c4\",\"name\":\"Luiz Alexandre Marinho Lanzoni\",\"url\":\"https:\\\/\\\/unisale.com.br\\\/pastoral\\\/author\\\/luiz\\\/\"}]}<\/script>\n<!-- \/ Yoast SEO plugin. -->","yoast_head_json":{"title":"Dia de Nossa Senhora Auxiliadora: comemora\u00e7\u00e3o com missas e entrega de medalhas e capelas - Pastoral Universit\u00e1ria UniSALESIANO","robots":{"index":"index","follow":"follow","max-snippet":"max-snippet:-1","max-image-preview":"max-image-preview:large","max-video-preview":"max-video-preview:-1"},"canonical":"https:\/\/unisale.com.br\/novo\/dia-de-nossa-senhora-auxiliadora-comemoracao-com-missas-e-entrega-de-medalhas-e-capelas\/","og_locale":"pt_BR","og_type":"article","og_title":"Dia de Nossa Senhora Auxiliadora: comemora\u00e7\u00e3o com missas e entrega de medalhas e capelas - Pastoral Universit\u00e1ria UniSALESIANO","og_description":"As missas ser\u00e3o celebradas pelo Diretor-Geral do UniSALESIANO, Pe. Erondi Tamandar\u00e9, SDB &nbsp; Nesta ter\u00e7a-feira, 24 de maio, Dia da Festa Lit\u00fargica de Maria Auxiliadora,...","og_url":"https:\/\/unisale.com.br\/novo\/dia-de-nossa-senhora-auxiliadora-comemoracao-com-missas-e-entrega-de-medalhas-e-capelas\/","og_site_name":"Pastoral Universit\u00e1ria UniSALESIANO","article_published_time":"2022-06-13T14:10:15+00:00","og_image":[{"width":1024,"height":1024,"url":"https:\/\/unisale.com.br\/novo\/wp-content\/uploads\/2022\/06\/WhatsApp-Image-2022-05-23-at-15.51.58-1024x1024-1.jpeg","type":"image\/jpeg"}],"author":"Luiz Alexandre Marinho Lanzoni","twitter_card":"summary_large_image","twitter_misc":{"Escrito por":"Luiz Alexandre Marinho Lanzoni","Est. tempo de leitura":"2 minutos"},"schema":{"@context":"https:\/\/schema.org","@graph":[{"@type":"Article","@id":"https:\/\/unisale.com.br\/novo\/dia-de-nossa-senhora-auxiliadora-comemoracao-com-missas-e-entrega-de-medalhas-e-capelas\/#article","isPartOf":{"@id":"https:\/\/unisale.com.br\/novo\/dia-de-nossa-senhora-auxiliadora-comemoracao-com-missas-e-entrega-de-medalhas-e-capelas\/"},"author":{"name":"Luiz Alexandre Marinho Lanzoni","@id":"https:\/\/unisale.com.br\/pastoral\/#\/schema\/person\/492d3d7bfe53a8302576d39485aff2c4"},"headline":"Dia de Nossa Senhora Auxiliadora: comemora\u00e7\u00e3o com missas e entrega de medalhas e capelas","datePublished":"2022-06-13T14:10:15+00:00","mainEntityOfPage":{"@id":"https:\/\/unisale.com.br\/novo\/dia-de-nossa-senhora-auxiliadora-comemoracao-com-missas-e-entrega-de-medalhas-e-capelas\/"},"wordCount":371,"image":{"@id":"https:\/\/unisale.com.br\/novo\/dia-de-nossa-senhora-auxiliadora-comemoracao-com-missas-e-entrega-de-medalhas-e-capelas\/#primaryimage"},"thumbnailUrl":"https:\/\/unisale.com.br\/pastoral\/wp-content\/uploads\/2022\/06\/WhatsApp-Image-2022-05-23-at-15.51.58-1024x1024-1.jpeg","articleSection":["Not\u00edcias"],"inLanguage":"pt-BR"},{"@type":"WebPage","@id":"https:\/\/unisale.com.br\/novo\/dia-de-nossa-senhora-auxiliadora-comemoracao-com-missas-e-entrega-de-medalhas-e-capelas\/","url":"https:\/\/unisale.com.br\/novo\/dia-de-nossa-senhora-auxiliadora-comemoracao-com-missas-e-entrega-de-medalhas-e-capelas\/","name":"Dia de Nossa Senhora Auxiliadora: comemora\u00e7\u00e3o com missas e entrega de medalhas e capelas - Pastoral Universit\u00e1ria UniSALESIANO","isPartOf":{"@id":"https:\/\/unisale.com.br\/pastoral\/#website"},"primaryImageOfPage":{"@id":"https:\/\/unisale.com.br\/novo\/dia-de-nossa-senhora-auxiliadora-comemoracao-com-missas-e-entrega-de-medalhas-e-capelas\/#primaryimage"},"image":{"@id":"https:\/\/unisale.com.br\/novo\/dia-de-nossa-senhora-auxiliadora-comemoracao-com-missas-e-entrega-de-medalhas-e-capelas\/#primaryimage"},"thumbnailUrl":"https:\/\/unisale.com.br\/pastoral\/wp-content\/uploads\/2022\/06\/WhatsApp-Image-2022-05-23-at-15.51.58-1024x1024-1.jpeg","datePublished":"2022-06-13T14:10:15+00:00","author":{"@id":"https:\/\/unisale.com.br\/pastoral\/#\/schema\/person\/492d3d7bfe53a8302576d39485aff2c4"},"inLanguage":"pt-BR","potentialAction":[{"@type":"ReadAction","target":["https:\/\/unisale.com.br\/novo\/dia-de-nossa-senhora-auxiliadora-comemoracao-com-missas-e-entrega-de-medalhas-e-capelas\/"]}]},{"@type":"ImageObject","inLanguage":"pt-BR","@id":"https:\/\/unisale.com.br\/novo\/dia-de-nossa-senhora-auxiliadora-comemoracao-com-missas-e-entrega-de-medalhas-e-capelas\/#primaryimage","url":"https:\/\/unisale.com.br\/pastoral\/wp-content\/uploads\/2022\/06\/WhatsApp-Image-2022-05-23-at-15.51.58-1024x1024-1.jpeg","contentUrl":"https:\/\/unisale.com.br\/pastoral\/wp-content\/uploads\/2022\/06\/WhatsApp-Image-2022-05-23-at-15.51.58-1024x1024-1.jpeg","width":500,"height":500},{"@type":"WebSite","@id":"https:\/\/unisale.com.br\/pastoral\/#website","url":"https:\/\/unisale.com.br\/pastoral\/","name":"Pastoral Universit\u00e1ria UniSALESIANO","description":"Site da Pastoral Universit\u00e1ria do UniSALESIANO","potentialAction":[{"@type":"SearchAction","target":{"@type":"EntryPoint","urlTemplate":"https:\/\/unisale.com.br\/pastoral\/?s={search_term_string}"},"query-input":{"@type":"PropertyValueSpecification","valueRequired":true,"valueName":"search_term_string"}}],"inLanguage":"pt-BR"},{"@type":"Person","@id":"https:\/\/unisale.com.br\/pastoral\/#\/schema\/person\/492d3d7bfe53a8302576d39485aff2c4","name":"Luiz Alexandre Marinho Lanzoni","url":"https:\/\/unisale.com.br\/pastoral\/author\/luiz\/"}]}},"_links":{"self":[{"href":"https:\/\/unisale.com.br\/pastoral\/wp-json\/wp\/v2\/posts\/4727","targetHints":{"allow":["GET"]}}],"collection":[{"href":"https:\/\/unisale.com.br\/pastoral\/wp-json\/wp\/v2\/posts"}],"about":[{"href":"https:\/\/unisale.com.br\/pastoral\/wp-json\/wp\/v2\/types\/post"}],"author":[{"embeddable":true,"href":"https:\/\/unisale.com.br\/pastoral\/wp-json\/wp\/v2\/users\/6"}],"replies":[{"embeddable":true,"href":"https:\/\/unisale.com.br\/pastoral\/wp-json\/wp\/v2\/comments?post=4727"}],"version-history":[{"count":0,"href":"https:\/\/unisale.com.br\/pastoral\/wp-json\/wp\/v2\/posts\/4727\/revisions"}],"wp:featuredmedia":[{"embeddable":true,"href":"https:\/\/unisale.com.br\/pastoral\/wp-json\/wp\/v2\/media\/4728"}],"wp:attachment":[{"href":"https:\/\/unisale.com.br\/pastoral\/wp-json\/wp\/v2\/media?parent=4727"}],"wp:term":[{"taxonomy":"category","embeddable":true,"href":"https:\/\/unisale.com.br\/pastoral\/wp-json\/wp\/v2\/categories?post=4727"},{"taxonomy":"post_tag","embeddable":true,"href":"https:\/\/unisale.com.br\/pastoral\/wp-json\/wp\/v2\/tags?post=4727"}],"curies":[{"name":"wp","href":"https:\/\/api.w.org\/{rel}","templated":true}]}}