{"id":4791,"date":"2022-06-15T15:17:10","date_gmt":"2022-06-15T15:17:10","guid":{"rendered":"https:\/\/unisale.com.br\/pastoral\/?p=4791"},"modified":"2022-06-15T15:17:10","modified_gmt":"2022-06-15T15:17:10","slug":"20-06-nao-julgueis-e-nao-sereis-julgados","status":"publish","type":"post","link":"https:\/\/unisale.com.br\/pastoral\/20-06-nao-julgueis-e-nao-sereis-julgados\/","title":{"rendered":"20\/06 &#8211; N\u00e3o julgueis, e n\u00e3o sereis julgados."},"content":{"rendered":"<p>Segunda-feira, 20 de junho de 2022.<\/p>\n<p>&nbsp;<\/p>\n<p>Evangelho (Mt 7,1-5)<\/p>\n<p>&nbsp;<\/p>\n<p><strong>\u201cN\u00e3o julgueis, e n\u00e3o sereis julgados.\u201d<\/strong><\/p>\n<p>&nbsp;<\/p>\n<p>Naquele tempo, disse Jesus aos seus disc\u00edpulos: <sup>1<\/sup>\u201cN\u00e3o julgueis, e n\u00e3o sereis julgados. <sup>2<\/sup>Pois, v\u00f3s sereis julgados com o mesmo julgamento com que julgardes; e sereis medidos, com a mesma medida com que medirdes. <sup>3<\/sup>Por que observas o cisco no olho do teu irm\u00e3o, e n\u00e3o prestas aten\u00e7\u00e3o \u00e0 trave que est\u00e1 no teu pr\u00f3prio olho? <sup>4<\/sup>Ou, como podes dizer a teu irm\u00e3o: \u2018Deixa-me tirar o cisco do teu olho\u2019, quando tu mesmo tens uma trave no teu? <sup>5<\/sup>Hip\u00f3crita, tira primeiro a trave do teu pr\u00f3prio olho, e ent\u00e3o enxergar\u00e1s bem para tirar o cisco do olho do teu irm\u00e3o\u201d.<\/p>\n<p>&nbsp;<\/p>\n<p><strong>Reflex\u00e3o<\/strong><\/p>\n<p>&nbsp;<\/p>\n<p>A palavra de Jesus se oferece como uma b\u00fassola para n\u00e3o errarmos a dire\u00e7\u00e3o, \u00e9 um escudo protetor para evitar que destruamos as nossas rela\u00e7\u00f5es interpessoais. Neste evangelho de hoje Jesus nos coloca diante da nossa realidade profunda: n\u00e3o podemos criticar os irm\u00e3os se n\u00e3o estivermos dispostos a reconhecer e a nos purificarmos das nossas pr\u00f3prias faltas: \u201ctira primeiro a trave do teu olho\u201d. Devemos estar conscientes da nossa pr\u00f3pria mis\u00e9ria antes de corrigir os outros. Quando Jesus pede: \u201cn\u00e3o julguei\u201d, Ele j\u00e1 est\u00e1 nos pedindo que n\u00e3o condenemos. Isso significa que n\u00e3o podemos depositar t\u00e3o somente sobre os outros a nossa capacidade cr\u00edtica, mas que tamb\u00e9m n\u00e3o podemos censurar os outros sem que estes tenham a chance de se defender, como se n\u00f3s tamb\u00e9m n\u00e3o precisamos de miseric\u00f3rdia. O Senhor nos pede que assumamos para com o outro uma atitude profunda de compreens\u00e3o e de respeito, sem que com isso tenhamos que tolerar o pecado ou a cumplicidade do outro. A palavra de Jesus nos pro\u00edbe de condenar o irm\u00e3o, se n\u00e3o quisermos nos submeter ao mesmo ju\u00edzo de condena\u00e7\u00e3o. Hoje, muitas vezes a toler\u00e2ncia e a compreens\u00e3o se confundem com a aprova\u00e7\u00e3o indiscriminada de comportamentos que pisam a justi\u00e7a, atingindo principalmente os mais fracos. Podemos e devemos reprovar com caridade, o erro, sem \u00e9 claro, fazer ju\u00edzo sobre a consci\u00eancia de quem erra. Devemos ser fi\u00e9is ao ideal do evangelho, e ao mesmo tempo, devemos respeitar a fraqueza alheia e tamb\u00e9m a nossa. Somente assim agindo \u00e9 que vamos alcan\u00e7ar a unidade e construir a fam\u00edlia dos filhos de Deus.<\/p>\n<p>&nbsp;<\/p>\n<p><strong>Pe. Paulo Eduardo J\u00e1como, sdb.<\/strong><\/p>\n","protected":false},"excerpt":{"rendered":"<p>Segunda-feira, 20 de junho de 2022. &nbsp; Evangelho (Mt 7,1-5) &nbsp; \u201cN\u00e3o julgueis, e n\u00e3o sereis julgados.\u201d &nbsp; Naquele tempo, disse Jesus aos seus disc\u00edpulos:&#8230;<\/p>\n","protected":false},"author":6,"featured_media":4784,"comment_status":"closed","ping_status":"closed","sticky":false,"template":"","format":"standard","meta":{"_acf_changed":false,"footnotes":""},"categories":[13],"tags":[],"class_list":["post-4791","post","type-post","status-publish","format-standard","has-post-thumbnail","hentry","category-reflexaodoevagelho"],"acf":[],"yoast_head":"<!-- This site is optimized with the Yoast SEO plugin v27.3 - https:\/\/yoast.com\/product\/yoast-seo-wordpress\/ -->\n<title>20\/06 - N\u00e3o julgueis, e n\u00e3o sereis julgados. - Pastoral Universit\u00e1ria UniSALESIANO<\/title>\n<meta name=\"robots\" content=\"index, follow, max-snippet:-1, max-image-preview:large, max-video-preview:-1\" \/>\n<link rel=\"canonical\" href=\"https:\/\/unisale.com.br\/novo\/20-06-nao-julgueis-e-nao-sereis-julgados\/\" \/>\n<meta property=\"og:locale\" content=\"pt_BR\" \/>\n<meta property=\"og:type\" content=\"article\" \/>\n<meta property=\"og:title\" content=\"20\/06 - N\u00e3o julgueis, e n\u00e3o sereis julgados. - Pastoral Universit\u00e1ria UniSALESIANO\" \/>\n<meta property=\"og:description\" content=\"Segunda-feira, 20 de junho de 2022. &nbsp; Evangelho (Mt 7,1-5) &nbsp; \u201cN\u00e3o julgueis, e n\u00e3o sereis julgados.\u201d &nbsp; Naquele tempo, disse Jesus aos seus disc\u00edpulos:...\" \/>\n<meta property=\"og:url\" content=\"https:\/\/unisale.com.br\/novo\/20-06-nao-julgueis-e-nao-sereis-julgados\/\" \/>\n<meta property=\"og:site_name\" content=\"Pastoral Universit\u00e1ria UniSALESIANO\" \/>\n<meta property=\"article:published_time\" content=\"2022-06-15T15:17:10+00:00\" \/>\n<meta property=\"og:image\" content=\"https:\/\/unisale.com.br\/novo\/wp-content\/uploads\/2022\/06\/Ev-20-1.jpg\" \/>\n\t<meta property=\"og:image:width\" content=\"320\" \/>\n\t<meta property=\"og:image:height\" content=\"220\" \/>\n\t<meta property=\"og:image:type\" content=\"image\/jpeg\" \/>\n<meta name=\"author\" content=\"Luiz Alexandre Marinho Lanzoni\" \/>\n<meta name=\"twitter:card\" content=\"summary_large_image\" \/>\n<meta name=\"twitter:label1\" content=\"Escrito por\" \/>\n\t<meta name=\"twitter:data1\" content=\"Luiz Alexandre Marinho Lanzoni\" \/>\n\t<meta name=\"twitter:label2\" content=\"Est. tempo de leitura\" \/>\n\t<meta name=\"twitter:data2\" content=\"2 minutos\" \/>\n<script type=\"application\/ld+json\" class=\"yoast-schema-graph\">{\"@context\":\"https:\\\/\\\/schema.org\",\"@graph\":[{\"@type\":\"Article\",\"@id\":\"https:\\\/\\\/unisale.com.br\\\/novo\\\/20-06-nao-julgueis-e-nao-sereis-julgados\\\/#article\",\"isPartOf\":{\"@id\":\"https:\\\/\\\/unisale.com.br\\\/novo\\\/20-06-nao-julgueis-e-nao-sereis-julgados\\\/\"},\"author\":{\"name\":\"Luiz Alexandre Marinho Lanzoni\",\"@id\":\"https:\\\/\\\/unisale.com.br\\\/pastoral\\\/#\\\/schema\\\/person\\\/492d3d7bfe53a8302576d39485aff2c4\"},\"headline\":\"20\\\/06 &#8211; N\u00e3o julgueis, e n\u00e3o sereis julgados.\",\"datePublished\":\"2022-06-15T15:17:10+00:00\",\"mainEntityOfPage\":{\"@id\":\"https:\\\/\\\/unisale.com.br\\\/novo\\\/20-06-nao-julgueis-e-nao-sereis-julgados\\\/\"},\"wordCount\":447,\"image\":{\"@id\":\"https:\\\/\\\/unisale.com.br\\\/novo\\\/20-06-nao-julgueis-e-nao-sereis-julgados\\\/#primaryimage\"},\"thumbnailUrl\":\"https:\\\/\\\/unisale.com.br\\\/pastoral\\\/wp-content\\\/uploads\\\/2022\\\/06\\\/Ev-20-1.jpg\",\"articleSection\":[\"Reflex\u00e3o do Evangelho\"],\"inLanguage\":\"pt-BR\"},{\"@type\":\"WebPage\",\"@id\":\"https:\\\/\\\/unisale.com.br\\\/novo\\\/20-06-nao-julgueis-e-nao-sereis-julgados\\\/\",\"url\":\"https:\\\/\\\/unisale.com.br\\\/novo\\\/20-06-nao-julgueis-e-nao-sereis-julgados\\\/\",\"name\":\"20\\\/06 - N\u00e3o julgueis, e n\u00e3o sereis julgados. - Pastoral Universit\u00e1ria UniSALESIANO\",\"isPartOf\":{\"@id\":\"https:\\\/\\\/unisale.com.br\\\/pastoral\\\/#website\"},\"primaryImageOfPage\":{\"@id\":\"https:\\\/\\\/unisale.com.br\\\/novo\\\/20-06-nao-julgueis-e-nao-sereis-julgados\\\/#primaryimage\"},\"image\":{\"@id\":\"https:\\\/\\\/unisale.com.br\\\/novo\\\/20-06-nao-julgueis-e-nao-sereis-julgados\\\/#primaryimage\"},\"thumbnailUrl\":\"https:\\\/\\\/unisale.com.br\\\/pastoral\\\/wp-content\\\/uploads\\\/2022\\\/06\\\/Ev-20-1.jpg\",\"datePublished\":\"2022-06-15T15:17:10+00:00\",\"author\":{\"@id\":\"https:\\\/\\\/unisale.com.br\\\/pastoral\\\/#\\\/schema\\\/person\\\/492d3d7bfe53a8302576d39485aff2c4\"},\"inLanguage\":\"pt-BR\",\"potentialAction\":[{\"@type\":\"ReadAction\",\"target\":[\"https:\\\/\\\/unisale.com.br\\\/novo\\\/20-06-nao-julgueis-e-nao-sereis-julgados\\\/\"]}]},{\"@type\":\"ImageObject\",\"inLanguage\":\"pt-BR\",\"@id\":\"https:\\\/\\\/unisale.com.br\\\/novo\\\/20-06-nao-julgueis-e-nao-sereis-julgados\\\/#primaryimage\",\"url\":\"https:\\\/\\\/unisale.com.br\\\/pastoral\\\/wp-content\\\/uploads\\\/2022\\\/06\\\/Ev-20-1.jpg\",\"contentUrl\":\"https:\\\/\\\/unisale.com.br\\\/pastoral\\\/wp-content\\\/uploads\\\/2022\\\/06\\\/Ev-20-1.jpg\",\"width\":320,\"height\":220},{\"@type\":\"WebSite\",\"@id\":\"https:\\\/\\\/unisale.com.br\\\/pastoral\\\/#website\",\"url\":\"https:\\\/\\\/unisale.com.br\\\/pastoral\\\/\",\"name\":\"Pastoral Universit\u00e1ria UniSALESIANO\",\"description\":\"Site da Pastoral Universit\u00e1ria do UniSALESIANO\",\"potentialAction\":[{\"@type\":\"SearchAction\",\"target\":{\"@type\":\"EntryPoint\",\"urlTemplate\":\"https:\\\/\\\/unisale.com.br\\\/pastoral\\\/?s={search_term_string}\"},\"query-input\":{\"@type\":\"PropertyValueSpecification\",\"valueRequired\":true,\"valueName\":\"search_term_string\"}}],\"inLanguage\":\"pt-BR\"},{\"@type\":\"Person\",\"@id\":\"https:\\\/\\\/unisale.com.br\\\/pastoral\\\/#\\\/schema\\\/person\\\/492d3d7bfe53a8302576d39485aff2c4\",\"name\":\"Luiz Alexandre Marinho Lanzoni\",\"url\":\"https:\\\/\\\/unisale.com.br\\\/pastoral\\\/author\\\/luiz\\\/\"}]}<\/script>\n<!-- \/ Yoast SEO plugin. -->","yoast_head_json":{"title":"20\/06 - N\u00e3o julgueis, e n\u00e3o sereis julgados. - Pastoral Universit\u00e1ria UniSALESIANO","robots":{"index":"index","follow":"follow","max-snippet":"max-snippet:-1","max-image-preview":"max-image-preview:large","max-video-preview":"max-video-preview:-1"},"canonical":"https:\/\/unisale.com.br\/novo\/20-06-nao-julgueis-e-nao-sereis-julgados\/","og_locale":"pt_BR","og_type":"article","og_title":"20\/06 - N\u00e3o julgueis, e n\u00e3o sereis julgados. - Pastoral Universit\u00e1ria UniSALESIANO","og_description":"Segunda-feira, 20 de junho de 2022. &nbsp; Evangelho (Mt 7,1-5) &nbsp; \u201cN\u00e3o julgueis, e n\u00e3o sereis julgados.\u201d &nbsp; Naquele tempo, disse Jesus aos seus disc\u00edpulos:...","og_url":"https:\/\/unisale.com.br\/novo\/20-06-nao-julgueis-e-nao-sereis-julgados\/","og_site_name":"Pastoral Universit\u00e1ria UniSALESIANO","article_published_time":"2022-06-15T15:17:10+00:00","og_image":[{"width":320,"height":220,"url":"https:\/\/unisale.com.br\/novo\/wp-content\/uploads\/2022\/06\/Ev-20-1.jpg","type":"image\/jpeg"}],"author":"Luiz Alexandre Marinho Lanzoni","twitter_card":"summary_large_image","twitter_misc":{"Escrito por":"Luiz Alexandre Marinho Lanzoni","Est. tempo de leitura":"2 minutos"},"schema":{"@context":"https:\/\/schema.org","@graph":[{"@type":"Article","@id":"https:\/\/unisale.com.br\/novo\/20-06-nao-julgueis-e-nao-sereis-julgados\/#article","isPartOf":{"@id":"https:\/\/unisale.com.br\/novo\/20-06-nao-julgueis-e-nao-sereis-julgados\/"},"author":{"name":"Luiz Alexandre Marinho Lanzoni","@id":"https:\/\/unisale.com.br\/pastoral\/#\/schema\/person\/492d3d7bfe53a8302576d39485aff2c4"},"headline":"20\/06 &#8211; N\u00e3o julgueis, e n\u00e3o sereis julgados.","datePublished":"2022-06-15T15:17:10+00:00","mainEntityOfPage":{"@id":"https:\/\/unisale.com.br\/novo\/20-06-nao-julgueis-e-nao-sereis-julgados\/"},"wordCount":447,"image":{"@id":"https:\/\/unisale.com.br\/novo\/20-06-nao-julgueis-e-nao-sereis-julgados\/#primaryimage"},"thumbnailUrl":"https:\/\/unisale.com.br\/pastoral\/wp-content\/uploads\/2022\/06\/Ev-20-1.jpg","articleSection":["Reflex\u00e3o do Evangelho"],"inLanguage":"pt-BR"},{"@type":"WebPage","@id":"https:\/\/unisale.com.br\/novo\/20-06-nao-julgueis-e-nao-sereis-julgados\/","url":"https:\/\/unisale.com.br\/novo\/20-06-nao-julgueis-e-nao-sereis-julgados\/","name":"20\/06 - N\u00e3o julgueis, e n\u00e3o sereis julgados. - Pastoral Universit\u00e1ria UniSALESIANO","isPartOf":{"@id":"https:\/\/unisale.com.br\/pastoral\/#website"},"primaryImageOfPage":{"@id":"https:\/\/unisale.com.br\/novo\/20-06-nao-julgueis-e-nao-sereis-julgados\/#primaryimage"},"image":{"@id":"https:\/\/unisale.com.br\/novo\/20-06-nao-julgueis-e-nao-sereis-julgados\/#primaryimage"},"thumbnailUrl":"https:\/\/unisale.com.br\/pastoral\/wp-content\/uploads\/2022\/06\/Ev-20-1.jpg","datePublished":"2022-06-15T15:17:10+00:00","author":{"@id":"https:\/\/unisale.com.br\/pastoral\/#\/schema\/person\/492d3d7bfe53a8302576d39485aff2c4"},"inLanguage":"pt-BR","potentialAction":[{"@type":"ReadAction","target":["https:\/\/unisale.com.br\/novo\/20-06-nao-julgueis-e-nao-sereis-julgados\/"]}]},{"@type":"ImageObject","inLanguage":"pt-BR","@id":"https:\/\/unisale.com.br\/novo\/20-06-nao-julgueis-e-nao-sereis-julgados\/#primaryimage","url":"https:\/\/unisale.com.br\/pastoral\/wp-content\/uploads\/2022\/06\/Ev-20-1.jpg","contentUrl":"https:\/\/unisale.com.br\/pastoral\/wp-content\/uploads\/2022\/06\/Ev-20-1.jpg","width":320,"height":220},{"@type":"WebSite","@id":"https:\/\/unisale.com.br\/pastoral\/#website","url":"https:\/\/unisale.com.br\/pastoral\/","name":"Pastoral Universit\u00e1ria UniSALESIANO","description":"Site da Pastoral Universit\u00e1ria do UniSALESIANO","potentialAction":[{"@type":"SearchAction","target":{"@type":"EntryPoint","urlTemplate":"https:\/\/unisale.com.br\/pastoral\/?s={search_term_string}"},"query-input":{"@type":"PropertyValueSpecification","valueRequired":true,"valueName":"search_term_string"}}],"inLanguage":"pt-BR"},{"@type":"Person","@id":"https:\/\/unisale.com.br\/pastoral\/#\/schema\/person\/492d3d7bfe53a8302576d39485aff2c4","name":"Luiz Alexandre Marinho Lanzoni","url":"https:\/\/unisale.com.br\/pastoral\/author\/luiz\/"}]}},"_links":{"self":[{"href":"https:\/\/unisale.com.br\/pastoral\/wp-json\/wp\/v2\/posts\/4791","targetHints":{"allow":["GET"]}}],"collection":[{"href":"https:\/\/unisale.com.br\/pastoral\/wp-json\/wp\/v2\/posts"}],"about":[{"href":"https:\/\/unisale.com.br\/pastoral\/wp-json\/wp\/v2\/types\/post"}],"author":[{"embeddable":true,"href":"https:\/\/unisale.com.br\/pastoral\/wp-json\/wp\/v2\/users\/6"}],"replies":[{"embeddable":true,"href":"https:\/\/unisale.com.br\/pastoral\/wp-json\/wp\/v2\/comments?post=4791"}],"version-history":[{"count":0,"href":"https:\/\/unisale.com.br\/pastoral\/wp-json\/wp\/v2\/posts\/4791\/revisions"}],"wp:featuredmedia":[{"embeddable":true,"href":"https:\/\/unisale.com.br\/pastoral\/wp-json\/wp\/v2\/media\/4784"}],"wp:attachment":[{"href":"https:\/\/unisale.com.br\/pastoral\/wp-json\/wp\/v2\/media?parent=4791"}],"wp:term":[{"taxonomy":"category","embeddable":true,"href":"https:\/\/unisale.com.br\/pastoral\/wp-json\/wp\/v2\/categories?post=4791"},{"taxonomy":"post_tag","embeddable":true,"href":"https:\/\/unisale.com.br\/pastoral\/wp-json\/wp\/v2\/tags?post=4791"}],"curies":[{"name":"wp","href":"https:\/\/api.w.org\/{rel}","templated":true}]}}