{"id":4823,"date":"2022-06-22T11:36:53","date_gmt":"2022-06-22T11:36:53","guid":{"rendered":"https:\/\/unisale.com.br\/pastoral\/?p=4823"},"modified":"2022-06-22T11:43:56","modified_gmt":"2022-06-22T11:43:56","slug":"22-06-quem-poe-a-mao-no-arado-e-olha-para-tras-nao-esta-apto-para-o-reino-de-deus","status":"publish","type":"post","link":"https:\/\/unisale.com.br\/pastoral\/22-06-quem-poe-a-mao-no-arado-e-olha-para-tras-nao-esta-apto-para-o-reino-de-deus\/","title":{"rendered":"26\/06 &#8211; Quem p\u00f5e a m\u00e3o no arado e olha para tr\u00e1s n\u00e3o est\u00e1 apto para o Reino de Deus."},"content":{"rendered":"<p>Domingo, 26 de junho de 2022.<\/p>\n<p>&nbsp;<\/p>\n<p>Evangelho (Lc 9,51-62)<\/p>\n<p>&nbsp;<\/p>\n<p><strong>\u201cQuem p\u00f5e a m\u00e3o no arado e olha para tr\u00e1s n\u00e3o est\u00e1 apto para o Reino de Deus.\u201d<\/strong><\/p>\n<p>&nbsp;<\/p>\n<p><sup>51<\/sup>Estava chegando o tempo de Jesus ser levado para o c\u00e9u. Ent\u00e3o ele tomou a firme decis\u00e3o de partir para Jerusal\u00e9m <sup>52<\/sup>e enviou mensageiros \u00e0 sua frente. Estes puseram-se a caminho e entraram num povoado de samaritanos, para preparar hospedagem para Jesus. <sup>53<\/sup>Mas os samaritanos n\u00e3o o receberam, pois Jesus dava a impress\u00e3o de que ia a Jerusal\u00e9m. <sup>54<\/sup>Vendo isso, os disc\u00edpulos Tiago e Jo\u00e3o disseram: \u201cSenhor, queres que mandemos descer fogo do c\u00e9u para destru\u00ed-los?\u201d <sup>55<\/sup>Jesus, por\u00e9m, voltou-se e repreendeu-os. <sup>56<\/sup>E partiram para outro povoado. <sup>57<\/sup>Enquanto estavam caminhando, algu\u00e9m na estrada disse a Jesus: \u201cEu te seguirei para onde quer que fores\u201d. <sup>58<\/sup>Jesus lhe respondeu: \u201cAs raposas t\u00eam tocas e os p\u00e1ssaros t\u00eam ninhos; mas o Filho do Homem n\u00e3o tem onde repousar a cabe\u00e7a\u201d. <sup>59<\/sup>Jesus disse a outro: \u201cSegue-me\u201d. Este respondeu: \u201cDeixa-me primeiro ir enterrar meu pai\u201d. <sup>60<\/sup>Jesus respondeu: \u201cDeixa que os mortos enterrem os seus mortos; mas tu, vai anunciar o Reino de Deus\u201d. <sup>61<\/sup>Um outro ainda lhe disse: \u201cEu te seguirei, Senhor, mas deixa-me primeiro despedir-me dos meus familiares\u201d. <sup>62<\/sup>Jesus, por\u00e9m, respondeu-lhe: \u201cQuem p\u00f5e a m\u00e3o no arado e olha para tr\u00e1s n\u00e3o est\u00e1 apto para o Reino de Deus\u201d.<\/p>\n<p>&nbsp;<\/p>\n<p><strong>Reflex\u00e3o<\/strong><\/p>\n<p>&nbsp;<\/p>\n<p>Um psicanalista moderno certa vez disse: \u201cEnquanto leio o Evangelho, eu leio a mim mesmo: reencontro os meus problemas, os meus riscos e sobretudo as respostas que busco\u201d. A mesma coisa disse Santo Agostinho: \u201cSe conhecesse a mim mesmo, conheceria tamb\u00e9m a Ti\u201d. O Evangelho deste domingo aprofunda a resposta de Jesus a Pedro: crer em Cristo significa segui-lo e seguir Cristo significa preferir as suas escolhas. Quais? A primeira escolha \u00e9 a mansid\u00e3o, que n\u00e3o \u00e9 fraqueza, n\u00e3o \u00e9 resigna\u00e7\u00e3o&#8230; mas o modo mais verdadeiro e mais justo de ser forte. Olhemos Jesus. Ele vai da Galileia \u00e0 Jud\u00e9ia: \u00e9 a viagem de toda a sua vida. Nesta viagem ele deve atravessar a Samaria, mas os samaritanos a s\u00e9culos est\u00e3o em briga com os judeus e, portanto, n\u00e3o acolhem voluntariamente um profeta vindo da Jud\u00e9ia. Fecham-lhe a porta, rejeitam at\u00e9 um di\u00e1logo. Um comportamento mesquinho. E quantas vezes \u00e9 justamente a mesquinhez humana a estragar as grandes ocasi\u00f5es de Deus. Acontece tamb\u00e9m assim para n\u00f3s. Como reagem os ap\u00f3stolos? \u201cSenhor, queres que mandemos descer fogo do c\u00e9u para destru\u00ed-los?\u201d. Jo\u00e3o e Tiago querem se vingar. Seria f\u00e1cil, c\u00f4modo, resolutivo segundo a nossa maneira de pensar&#8230; mas seria contr\u00e1rio ao Deus que \u00e9 amor e respeito infinito. A resposta de Jesus \u00e9 lac\u00f4nica, mas eficaz: \u201cJesus, por\u00e9m, voltou-se e repreendeu-os\u201d. N\u00e3o sabemos quais palavras tenha usado, mas podemos deduzir pelo Evangelho: \u201cComo! Voc\u00eas querem a vingan\u00e7a? Mas voc\u00eas n\u00e3o se recordam do que eu disse: Bem-aventurados os mansos&#8230; Bem-aventurados os pacificadores&#8230; Bem-aventurados os que s\u00e3o perseguidos?\u201d Quereis a vingan\u00e7a? Mas n\u00e3o vos recordais que durante a persegui\u00e7\u00e3o de Herodes eu preferi fugir para o Egito com Jos\u00e9 e com Maria para n\u00e3o violar a liberdade e n\u00e3o for\u00e7ar os acontecimentos: Quereis a vingan\u00e7a? Mas n\u00e3o vos recordais que eu estou indo para Jerusal\u00e9m e deixarei que me maltratem, deixarei que descarreguem sobre mim a maldade humana e n\u00e3o reagirei? Vos parece fraqueza? Saibam: \u201cEu venci o mundo!\u201d. Precisa de muita f\u00e9 para apegar-se a esta l\u00f3gica. \u00c9 um modo diferente do nosso de ver as coisas. \u00c9 realmente crist\u00e3o aquele que escolhe a l\u00f3gica de Deus e n\u00e3o a l\u00f3gica humana. A segunda grande escolha \u00e9 a pobreza. Algu\u00e9m disse a Jesus: \u201cTe seguirei para onde quer que fores\u201d. Jesus lhe respondeu: \u201cAs raposas t\u00eam tocas e os p\u00e1ssaros t\u00eam ninhos; mas o Filho do Homem n\u00e3o tem onde repousar a cabe\u00e7a\u201d. O que significam estas palavras? Eis o que significam: \u201cQuer ir comigo? Saiba que eu nasci em Bel\u00e9m, eu escolhi Bel\u00e9m. Recordem sempre disso. Quereis vir comigo? Abandonem as riquezas, corte a vossa liga\u00e7\u00e3o com o mundo. Seja patr\u00e3o das coisas, n\u00e3o escravo. Quereis vir comigo? Eu n\u00e3o tenho nada para vos dar: eu te dou a esperan\u00e7a, o sentido da vida, te dou Deus. Te prometo Deus como pr\u00eamio! N\u00e3o podeis querer mais do que isso. Tamb\u00e9m isso s\u00f3 compreendemos pela f\u00e9. A pobreza \u00e9 consequ\u00eancia da f\u00e9. S\u00f3 quem cr\u00ea pode entender o sentido destas palavras. Ainda o Evangelho conta que Jesus disse a algu\u00e9m: \u201cSegue-me!\u201d. E a resposta foi: \u201cSenhor, deixa-me primeiro enterrar o meu pai\u201d. Jesus respondeu: \u201cDeixa que os mortos enterrem os seus mortos; mas tu, vai anunciar o reino de Deus\u201d. Jesus certamente n\u00e3o pro\u00edbe a devo\u00e7\u00e3o aos pais, mas recorda que a fam\u00edlia n\u00e3o pode ser um obst\u00e1culo para amar a Deus. \u00c9 Deus o objetivo da nossa vida e a fam\u00edlia ser\u00e1 sempre um meio para alcan\u00e7ar este objetivo. Jesus nos pede a decis\u00e3o de viver na f\u00e9. Cristo n\u00e3o ama a incerteza. N\u00f3s n\u00e3o podemos viver a f\u00e9 como as fases da lua. N\u00e3o podemos ter uma f\u00e9 vacilante. \u00c9 importante recordar que Cristo nos d\u00e1 sempre a gra\u00e7a de recome\u00e7ar.<\/p>\n<p>&nbsp;<\/p>\n<p><strong>Pe. Paulo Eduardo J\u00e1como, SDB.<\/strong><\/p>\n","protected":false},"excerpt":{"rendered":"<p>Domingo, 26 de junho de 2022. &nbsp; Evangelho (Lc 9,51-62) &nbsp; \u201cQuem p\u00f5e a m\u00e3o no arado e olha para tr\u00e1s n\u00e3o est\u00e1 apto para&#8230;<\/p>\n","protected":false},"author":6,"featured_media":4825,"comment_status":"closed","ping_status":"closed","sticky":false,"template":"","format":"standard","meta":{"_acf_changed":false,"footnotes":""},"categories":[13],"tags":[],"class_list":["post-4823","post","type-post","status-publish","format-standard","has-post-thumbnail","hentry","category-reflexaodoevagelho"],"acf":[],"yoast_head":"<!-- This site is optimized with the Yoast SEO plugin v27.3 - https:\/\/yoast.com\/product\/yoast-seo-wordpress\/ -->\n<title>26\/06 - Quem p\u00f5e a m\u00e3o no arado e olha para tr\u00e1s n\u00e3o est\u00e1 apto para o Reino de Deus. - Pastoral Universit\u00e1ria UniSALESIANO<\/title>\n<meta name=\"robots\" content=\"index, follow, max-snippet:-1, max-image-preview:large, max-video-preview:-1\" \/>\n<link rel=\"canonical\" href=\"https:\/\/unisale.com.br\/novo\/22-06-quem-poe-a-mao-no-arado-e-olha-para-tras-nao-esta-apto-para-o-reino-de-deus\/\" \/>\n<meta property=\"og:locale\" content=\"pt_BR\" \/>\n<meta property=\"og:type\" content=\"article\" \/>\n<meta property=\"og:title\" content=\"26\/06 - Quem p\u00f5e a m\u00e3o no arado e olha para tr\u00e1s n\u00e3o est\u00e1 apto para o Reino de Deus. - Pastoral Universit\u00e1ria UniSALESIANO\" \/>\n<meta property=\"og:description\" content=\"Domingo, 26 de junho de 2022. &nbsp; Evangelho (Lc 9,51-62) &nbsp; \u201cQuem p\u00f5e a m\u00e3o no arado e olha para tr\u00e1s n\u00e3o est\u00e1 apto para...\" \/>\n<meta property=\"og:url\" content=\"https:\/\/unisale.com.br\/novo\/22-06-quem-poe-a-mao-no-arado-e-olha-para-tras-nao-esta-apto-para-o-reino-de-deus\/\" \/>\n<meta property=\"og:site_name\" content=\"Pastoral Universit\u00e1ria UniSALESIANO\" \/>\n<meta property=\"article:published_time\" content=\"2022-06-22T11:36:53+00:00\" \/>\n<meta property=\"article:modified_time\" content=\"2022-06-22T11:43:56+00:00\" \/>\n<meta property=\"og:image\" content=\"https:\/\/unisale.com.br\/novo\/wp-content\/uploads\/2022\/06\/Ev-26-1.jpg\" \/>\n\t<meta property=\"og:image:width\" content=\"480\" \/>\n\t<meta property=\"og:image:height\" content=\"360\" \/>\n\t<meta property=\"og:image:type\" content=\"image\/jpeg\" \/>\n<meta name=\"author\" content=\"Luiz Alexandre Marinho Lanzoni\" \/>\n<meta name=\"twitter:card\" content=\"summary_large_image\" \/>\n<meta name=\"twitter:label1\" content=\"Escrito por\" \/>\n\t<meta name=\"twitter:data1\" content=\"Luiz Alexandre Marinho Lanzoni\" \/>\n\t<meta name=\"twitter:label2\" content=\"Est. tempo de leitura\" \/>\n\t<meta name=\"twitter:data2\" content=\"5 minutos\" \/>\n<script type=\"application\/ld+json\" class=\"yoast-schema-graph\">{\"@context\":\"https:\\\/\\\/schema.org\",\"@graph\":[{\"@type\":\"Article\",\"@id\":\"https:\\\/\\\/unisale.com.br\\\/novo\\\/22-06-quem-poe-a-mao-no-arado-e-olha-para-tras-nao-esta-apto-para-o-reino-de-deus\\\/#article\",\"isPartOf\":{\"@id\":\"https:\\\/\\\/unisale.com.br\\\/novo\\\/22-06-quem-poe-a-mao-no-arado-e-olha-para-tras-nao-esta-apto-para-o-reino-de-deus\\\/\"},\"author\":{\"name\":\"Luiz Alexandre Marinho Lanzoni\",\"@id\":\"https:\\\/\\\/unisale.com.br\\\/pastoral\\\/#\\\/schema\\\/person\\\/492d3d7bfe53a8302576d39485aff2c4\"},\"headline\":\"26\\\/06 &#8211; Quem p\u00f5e a m\u00e3o no arado e olha para tr\u00e1s n\u00e3o est\u00e1 apto para o Reino de Deus.\",\"datePublished\":\"2022-06-22T11:36:53+00:00\",\"dateModified\":\"2022-06-22T11:43:56+00:00\",\"mainEntityOfPage\":{\"@id\":\"https:\\\/\\\/unisale.com.br\\\/novo\\\/22-06-quem-poe-a-mao-no-arado-e-olha-para-tras-nao-esta-apto-para-o-reino-de-deus\\\/\"},\"wordCount\":967,\"image\":{\"@id\":\"https:\\\/\\\/unisale.com.br\\\/novo\\\/22-06-quem-poe-a-mao-no-arado-e-olha-para-tras-nao-esta-apto-para-o-reino-de-deus\\\/#primaryimage\"},\"thumbnailUrl\":\"https:\\\/\\\/unisale.com.br\\\/pastoral\\\/wp-content\\\/uploads\\\/2022\\\/06\\\/Ev-26-1.jpg\",\"articleSection\":[\"Reflex\u00e3o do Evangelho\"],\"inLanguage\":\"pt-BR\"},{\"@type\":\"WebPage\",\"@id\":\"https:\\\/\\\/unisale.com.br\\\/novo\\\/22-06-quem-poe-a-mao-no-arado-e-olha-para-tras-nao-esta-apto-para-o-reino-de-deus\\\/\",\"url\":\"https:\\\/\\\/unisale.com.br\\\/novo\\\/22-06-quem-poe-a-mao-no-arado-e-olha-para-tras-nao-esta-apto-para-o-reino-de-deus\\\/\",\"name\":\"26\\\/06 - Quem p\u00f5e a m\u00e3o no arado e olha para tr\u00e1s n\u00e3o est\u00e1 apto para o Reino de Deus. - Pastoral Universit\u00e1ria UniSALESIANO\",\"isPartOf\":{\"@id\":\"https:\\\/\\\/unisale.com.br\\\/pastoral\\\/#website\"},\"primaryImageOfPage\":{\"@id\":\"https:\\\/\\\/unisale.com.br\\\/novo\\\/22-06-quem-poe-a-mao-no-arado-e-olha-para-tras-nao-esta-apto-para-o-reino-de-deus\\\/#primaryimage\"},\"image\":{\"@id\":\"https:\\\/\\\/unisale.com.br\\\/novo\\\/22-06-quem-poe-a-mao-no-arado-e-olha-para-tras-nao-esta-apto-para-o-reino-de-deus\\\/#primaryimage\"},\"thumbnailUrl\":\"https:\\\/\\\/unisale.com.br\\\/pastoral\\\/wp-content\\\/uploads\\\/2022\\\/06\\\/Ev-26-1.jpg\",\"datePublished\":\"2022-06-22T11:36:53+00:00\",\"dateModified\":\"2022-06-22T11:43:56+00:00\",\"author\":{\"@id\":\"https:\\\/\\\/unisale.com.br\\\/pastoral\\\/#\\\/schema\\\/person\\\/492d3d7bfe53a8302576d39485aff2c4\"},\"inLanguage\":\"pt-BR\",\"potentialAction\":[{\"@type\":\"ReadAction\",\"target\":[\"https:\\\/\\\/unisale.com.br\\\/novo\\\/22-06-quem-poe-a-mao-no-arado-e-olha-para-tras-nao-esta-apto-para-o-reino-de-deus\\\/\"]}]},{\"@type\":\"ImageObject\",\"inLanguage\":\"pt-BR\",\"@id\":\"https:\\\/\\\/unisale.com.br\\\/novo\\\/22-06-quem-poe-a-mao-no-arado-e-olha-para-tras-nao-esta-apto-para-o-reino-de-deus\\\/#primaryimage\",\"url\":\"https:\\\/\\\/unisale.com.br\\\/pastoral\\\/wp-content\\\/uploads\\\/2022\\\/06\\\/Ev-26-1.jpg\",\"contentUrl\":\"https:\\\/\\\/unisale.com.br\\\/pastoral\\\/wp-content\\\/uploads\\\/2022\\\/06\\\/Ev-26-1.jpg\",\"width\":480,\"height\":360},{\"@type\":\"WebSite\",\"@id\":\"https:\\\/\\\/unisale.com.br\\\/pastoral\\\/#website\",\"url\":\"https:\\\/\\\/unisale.com.br\\\/pastoral\\\/\",\"name\":\"Pastoral Universit\u00e1ria UniSALESIANO\",\"description\":\"Site da Pastoral Universit\u00e1ria do UniSALESIANO\",\"potentialAction\":[{\"@type\":\"SearchAction\",\"target\":{\"@type\":\"EntryPoint\",\"urlTemplate\":\"https:\\\/\\\/unisale.com.br\\\/pastoral\\\/?s={search_term_string}\"},\"query-input\":{\"@type\":\"PropertyValueSpecification\",\"valueRequired\":true,\"valueName\":\"search_term_string\"}}],\"inLanguage\":\"pt-BR\"},{\"@type\":\"Person\",\"@id\":\"https:\\\/\\\/unisale.com.br\\\/pastoral\\\/#\\\/schema\\\/person\\\/492d3d7bfe53a8302576d39485aff2c4\",\"name\":\"Luiz Alexandre Marinho Lanzoni\",\"url\":\"https:\\\/\\\/unisale.com.br\\\/pastoral\\\/author\\\/luiz\\\/\"}]}<\/script>\n<!-- \/ Yoast SEO plugin. -->","yoast_head_json":{"title":"26\/06 - Quem p\u00f5e a m\u00e3o no arado e olha para tr\u00e1s n\u00e3o est\u00e1 apto para o Reino de Deus. - Pastoral Universit\u00e1ria UniSALESIANO","robots":{"index":"index","follow":"follow","max-snippet":"max-snippet:-1","max-image-preview":"max-image-preview:large","max-video-preview":"max-video-preview:-1"},"canonical":"https:\/\/unisale.com.br\/novo\/22-06-quem-poe-a-mao-no-arado-e-olha-para-tras-nao-esta-apto-para-o-reino-de-deus\/","og_locale":"pt_BR","og_type":"article","og_title":"26\/06 - Quem p\u00f5e a m\u00e3o no arado e olha para tr\u00e1s n\u00e3o est\u00e1 apto para o Reino de Deus. - Pastoral Universit\u00e1ria UniSALESIANO","og_description":"Domingo, 26 de junho de 2022. &nbsp; Evangelho (Lc 9,51-62) &nbsp; \u201cQuem p\u00f5e a m\u00e3o no arado e olha para tr\u00e1s n\u00e3o est\u00e1 apto para...","og_url":"https:\/\/unisale.com.br\/novo\/22-06-quem-poe-a-mao-no-arado-e-olha-para-tras-nao-esta-apto-para-o-reino-de-deus\/","og_site_name":"Pastoral Universit\u00e1ria UniSALESIANO","article_published_time":"2022-06-22T11:36:53+00:00","article_modified_time":"2022-06-22T11:43:56+00:00","og_image":[{"width":480,"height":360,"url":"https:\/\/unisale.com.br\/novo\/wp-content\/uploads\/2022\/06\/Ev-26-1.jpg","type":"image\/jpeg"}],"author":"Luiz Alexandre Marinho Lanzoni","twitter_card":"summary_large_image","twitter_misc":{"Escrito por":"Luiz Alexandre Marinho Lanzoni","Est. tempo de leitura":"5 minutos"},"schema":{"@context":"https:\/\/schema.org","@graph":[{"@type":"Article","@id":"https:\/\/unisale.com.br\/novo\/22-06-quem-poe-a-mao-no-arado-e-olha-para-tras-nao-esta-apto-para-o-reino-de-deus\/#article","isPartOf":{"@id":"https:\/\/unisale.com.br\/novo\/22-06-quem-poe-a-mao-no-arado-e-olha-para-tras-nao-esta-apto-para-o-reino-de-deus\/"},"author":{"name":"Luiz Alexandre Marinho Lanzoni","@id":"https:\/\/unisale.com.br\/pastoral\/#\/schema\/person\/492d3d7bfe53a8302576d39485aff2c4"},"headline":"26\/06 &#8211; Quem p\u00f5e a m\u00e3o no arado e olha para tr\u00e1s n\u00e3o est\u00e1 apto para o Reino de Deus.","datePublished":"2022-06-22T11:36:53+00:00","dateModified":"2022-06-22T11:43:56+00:00","mainEntityOfPage":{"@id":"https:\/\/unisale.com.br\/novo\/22-06-quem-poe-a-mao-no-arado-e-olha-para-tras-nao-esta-apto-para-o-reino-de-deus\/"},"wordCount":967,"image":{"@id":"https:\/\/unisale.com.br\/novo\/22-06-quem-poe-a-mao-no-arado-e-olha-para-tras-nao-esta-apto-para-o-reino-de-deus\/#primaryimage"},"thumbnailUrl":"https:\/\/unisale.com.br\/pastoral\/wp-content\/uploads\/2022\/06\/Ev-26-1.jpg","articleSection":["Reflex\u00e3o do Evangelho"],"inLanguage":"pt-BR"},{"@type":"WebPage","@id":"https:\/\/unisale.com.br\/novo\/22-06-quem-poe-a-mao-no-arado-e-olha-para-tras-nao-esta-apto-para-o-reino-de-deus\/","url":"https:\/\/unisale.com.br\/novo\/22-06-quem-poe-a-mao-no-arado-e-olha-para-tras-nao-esta-apto-para-o-reino-de-deus\/","name":"26\/06 - Quem p\u00f5e a m\u00e3o no arado e olha para tr\u00e1s n\u00e3o est\u00e1 apto para o Reino de Deus. - Pastoral Universit\u00e1ria UniSALESIANO","isPartOf":{"@id":"https:\/\/unisale.com.br\/pastoral\/#website"},"primaryImageOfPage":{"@id":"https:\/\/unisale.com.br\/novo\/22-06-quem-poe-a-mao-no-arado-e-olha-para-tras-nao-esta-apto-para-o-reino-de-deus\/#primaryimage"},"image":{"@id":"https:\/\/unisale.com.br\/novo\/22-06-quem-poe-a-mao-no-arado-e-olha-para-tras-nao-esta-apto-para-o-reino-de-deus\/#primaryimage"},"thumbnailUrl":"https:\/\/unisale.com.br\/pastoral\/wp-content\/uploads\/2022\/06\/Ev-26-1.jpg","datePublished":"2022-06-22T11:36:53+00:00","dateModified":"2022-06-22T11:43:56+00:00","author":{"@id":"https:\/\/unisale.com.br\/pastoral\/#\/schema\/person\/492d3d7bfe53a8302576d39485aff2c4"},"inLanguage":"pt-BR","potentialAction":[{"@type":"ReadAction","target":["https:\/\/unisale.com.br\/novo\/22-06-quem-poe-a-mao-no-arado-e-olha-para-tras-nao-esta-apto-para-o-reino-de-deus\/"]}]},{"@type":"ImageObject","inLanguage":"pt-BR","@id":"https:\/\/unisale.com.br\/novo\/22-06-quem-poe-a-mao-no-arado-e-olha-para-tras-nao-esta-apto-para-o-reino-de-deus\/#primaryimage","url":"https:\/\/unisale.com.br\/pastoral\/wp-content\/uploads\/2022\/06\/Ev-26-1.jpg","contentUrl":"https:\/\/unisale.com.br\/pastoral\/wp-content\/uploads\/2022\/06\/Ev-26-1.jpg","width":480,"height":360},{"@type":"WebSite","@id":"https:\/\/unisale.com.br\/pastoral\/#website","url":"https:\/\/unisale.com.br\/pastoral\/","name":"Pastoral Universit\u00e1ria UniSALESIANO","description":"Site da Pastoral Universit\u00e1ria do UniSALESIANO","potentialAction":[{"@type":"SearchAction","target":{"@type":"EntryPoint","urlTemplate":"https:\/\/unisale.com.br\/pastoral\/?s={search_term_string}"},"query-input":{"@type":"PropertyValueSpecification","valueRequired":true,"valueName":"search_term_string"}}],"inLanguage":"pt-BR"},{"@type":"Person","@id":"https:\/\/unisale.com.br\/pastoral\/#\/schema\/person\/492d3d7bfe53a8302576d39485aff2c4","name":"Luiz Alexandre Marinho Lanzoni","url":"https:\/\/unisale.com.br\/pastoral\/author\/luiz\/"}]}},"_links":{"self":[{"href":"https:\/\/unisale.com.br\/pastoral\/wp-json\/wp\/v2\/posts\/4823","targetHints":{"allow":["GET"]}}],"collection":[{"href":"https:\/\/unisale.com.br\/pastoral\/wp-json\/wp\/v2\/posts"}],"about":[{"href":"https:\/\/unisale.com.br\/pastoral\/wp-json\/wp\/v2\/types\/post"}],"author":[{"embeddable":true,"href":"https:\/\/unisale.com.br\/pastoral\/wp-json\/wp\/v2\/users\/6"}],"replies":[{"embeddable":true,"href":"https:\/\/unisale.com.br\/pastoral\/wp-json\/wp\/v2\/comments?post=4823"}],"version-history":[{"count":0,"href":"https:\/\/unisale.com.br\/pastoral\/wp-json\/wp\/v2\/posts\/4823\/revisions"}],"wp:featuredmedia":[{"embeddable":true,"href":"https:\/\/unisale.com.br\/pastoral\/wp-json\/wp\/v2\/media\/4825"}],"wp:attachment":[{"href":"https:\/\/unisale.com.br\/pastoral\/wp-json\/wp\/v2\/media?parent=4823"}],"wp:term":[{"taxonomy":"category","embeddable":true,"href":"https:\/\/unisale.com.br\/pastoral\/wp-json\/wp\/v2\/categories?post=4823"},{"taxonomy":"post_tag","embeddable":true,"href":"https:\/\/unisale.com.br\/pastoral\/wp-json\/wp\/v2\/tags?post=4823"}],"curies":[{"name":"wp","href":"https:\/\/api.w.org\/{rel}","templated":true}]}}