{"id":4835,"date":"2022-06-27T14:46:01","date_gmt":"2022-06-27T14:46:01","guid":{"rendered":"https:\/\/unisale.com.br\/pastoral\/?p=4835"},"modified":"2022-06-27T14:46:01","modified_gmt":"2022-06-27T14:46:01","slug":"28-06-por-que-tendes-tanto-medo-homens-fracos-na-fe","status":"publish","type":"post","link":"https:\/\/unisale.com.br\/pastoral\/28-06-por-que-tendes-tanto-medo-homens-fracos-na-fe\/","title":{"rendered":"28\/06 &#8211; Por que tendes tanto medo, homens fracos na f\u00e9?"},"content":{"rendered":"<p>Ter\u00e7a-feira, 28 de junho de 2022.<\/p>\n<p>&nbsp;<\/p>\n<p>Evangelho (Mt 8,23-27)<\/p>\n<p>&nbsp;<\/p>\n<p><strong>\u201cPor que tendes tanto medo, homens fracos na f\u00e9?\u201d<\/strong><\/p>\n<p>&nbsp;<\/p>\n<p>Naquele tempo, <sup>23<\/sup>Jesus entrou na barca, e seus disc\u00edpulos o acompanharam. <sup>24<\/sup>E eis que houve uma grande tempestade no mar, de modo que a barca estava sendo coberta pelas ondas. Jesus, por\u00e9m, dormia. <sup>25<\/sup>Os disc\u00edpulos aproximaram-se e o acordaram, dizendo: \u201cSenhor, salva-nos, pois estamos perecendo!\u201d <sup>26<\/sup>Jesus respondeu: \u201cPor que tendes tanto medo, homens fracos na f\u00e9?\u201d Ent\u00e3o, levantando-se, amea\u00e7ou os ventos e o mar, e fez-se uma grande calmaria. <sup>27<\/sup>Os homens ficaram admirados e diziam: \u201cQuem \u00e9 este homem, que at\u00e9 os ventos e o mar lhe obedecem?\u201d<\/p>\n<p>&nbsp;<\/p>\n<p><strong>Reflex\u00e3o<\/strong><\/p>\n<p>&nbsp;<\/p>\n<p>Os disc\u00edpulos est\u00e3o no lago de Genesar\u00e9 onde tudo parece tranquilo, mas essa tranquilidade pode alterar-se quando chegam as tempestades. A calmaria se transforma em perigo, o lago se torna s\u00edmbolo das for\u00e7as obscuras que agitam a vida e a hist\u00f3ria de cada um de n\u00f3s. A narrativa desse evangelho quer justamente responder \u00e0 pergunta que aparece ao final deste trecho que estamos refletindo: \u201cQuem \u00e9 este homem, que at\u00e9 os ventos e o mar lhe obedeceu?\u201d. E poder\u00edamos acrescentar o pensamento escondido na mente de quem faz tal interroga\u00e7\u00e3o: somente Deus pode dar ordens ao vento e ao mar. Portanto, o gesto de Jesus evoca n\u2019Ele mesmo a autoridade divina. A tempestade n\u00e3o \u00e9 uma \u201csimples tempestade\u201d, mas \u00e9 uma tormenta. O barco permanece firme porque os disc\u00edpulos t\u00eam consigo a presen\u00e7a do \u201cSenhor\u201d e \u00e9 a Ele que dirigem o seu apelo. A imagem \u00e9 alerta para todos n\u00f3s: a nossa vida pode at\u00e9 ser sacudida pelas intemp\u00e9ries, mas n\u00f3s nunca estamos abandonados. Nada pode causar mal verdadeiramente, n\u00e3o obstante as apar\u00eancias, a quem se coloca nas m\u00e3os do Senhor. O mar pode at\u00e9 levantar as suas tormentas contra a nossa barca mostrando sua f\u00faria e sua viol\u00eancia, mas \u00e9 Deus que Se ergue vitorioso e com Sua voz calma e sem fadiga alguma d\u00e1 ordens e o mar obedece e sessa sua tormenta. \u00c9 Deus que domina as \u00e1guas, n\u00e3o nos esque\u00e7amos jamais disso.<\/p>\n<p><strong>Pe. Paulo Eduardo\u00a0 J\u00e1como, SDB.\u00a0<\/strong><\/p>\n","protected":false},"excerpt":{"rendered":"<p>Ter\u00e7a-feira, 28 de junho de 2022. &nbsp; Evangelho (Mt 8,23-27) &nbsp; \u201cPor que tendes tanto medo, homens fracos na f\u00e9?\u201d &nbsp; Naquele tempo, 23Jesus entrou&#8230;<\/p>\n","protected":false},"author":6,"featured_media":4836,"comment_status":"closed","ping_status":"closed","sticky":false,"template":"","format":"standard","meta":{"_acf_changed":false,"footnotes":""},"categories":[13],"tags":[],"class_list":["post-4835","post","type-post","status-publish","format-standard","has-post-thumbnail","hentry","category-reflexaodoevagelho"],"acf":[],"yoast_head":"<!-- This site is optimized with the Yoast SEO plugin v27.3 - https:\/\/yoast.com\/product\/yoast-seo-wordpress\/ -->\n<title>28\/06 - Por que tendes tanto medo, homens fracos na f\u00e9? - Pastoral Universit\u00e1ria UniSALESIANO<\/title>\n<meta name=\"robots\" content=\"index, follow, max-snippet:-1, max-image-preview:large, max-video-preview:-1\" \/>\n<link rel=\"canonical\" href=\"https:\/\/unisale.com.br\/novo\/28-06-por-que-tendes-tanto-medo-homens-fracos-na-fe\/\" \/>\n<meta property=\"og:locale\" content=\"pt_BR\" \/>\n<meta property=\"og:type\" content=\"article\" \/>\n<meta property=\"og:title\" content=\"28\/06 - Por que tendes tanto medo, homens fracos na f\u00e9? - Pastoral Universit\u00e1ria UniSALESIANO\" \/>\n<meta property=\"og:description\" content=\"Ter\u00e7a-feira, 28 de junho de 2022. &nbsp; Evangelho (Mt 8,23-27) &nbsp; \u201cPor que tendes tanto medo, homens fracos na f\u00e9?\u201d &nbsp; Naquele tempo, 23Jesus entrou...\" \/>\n<meta property=\"og:url\" content=\"https:\/\/unisale.com.br\/novo\/28-06-por-que-tendes-tanto-medo-homens-fracos-na-fe\/\" \/>\n<meta property=\"og:site_name\" content=\"Pastoral Universit\u00e1ria UniSALESIANO\" \/>\n<meta property=\"article:published_time\" content=\"2022-06-27T14:46:01+00:00\" \/>\n<meta property=\"og:image\" content=\"https:\/\/unisale.com.br\/novo\/wp-content\/uploads\/2022\/06\/Ev-28.jpg\" \/>\n\t<meta property=\"og:image:width\" content=\"620\" \/>\n\t<meta property=\"og:image:height\" content=\"400\" \/>\n\t<meta property=\"og:image:type\" content=\"image\/jpeg\" \/>\n<meta name=\"author\" content=\"Luiz Alexandre Marinho Lanzoni\" \/>\n<meta name=\"twitter:card\" content=\"summary_large_image\" \/>\n<meta name=\"twitter:label1\" content=\"Escrito por\" \/>\n\t<meta name=\"twitter:data1\" content=\"Luiz Alexandre Marinho Lanzoni\" \/>\n\t<meta name=\"twitter:label2\" content=\"Est. tempo de leitura\" \/>\n\t<meta name=\"twitter:data2\" content=\"2 minutos\" \/>\n<script type=\"application\/ld+json\" class=\"yoast-schema-graph\">{\"@context\":\"https:\\\/\\\/schema.org\",\"@graph\":[{\"@type\":\"Article\",\"@id\":\"https:\\\/\\\/unisale.com.br\\\/novo\\\/28-06-por-que-tendes-tanto-medo-homens-fracos-na-fe\\\/#article\",\"isPartOf\":{\"@id\":\"https:\\\/\\\/unisale.com.br\\\/novo\\\/28-06-por-que-tendes-tanto-medo-homens-fracos-na-fe\\\/\"},\"author\":{\"name\":\"Luiz Alexandre Marinho Lanzoni\",\"@id\":\"https:\\\/\\\/unisale.com.br\\\/pastoral\\\/#\\\/schema\\\/person\\\/492d3d7bfe53a8302576d39485aff2c4\"},\"headline\":\"28\\\/06 &#8211; Por que tendes tanto medo, homens fracos na f\u00e9?\",\"datePublished\":\"2022-06-27T14:46:01+00:00\",\"mainEntityOfPage\":{\"@id\":\"https:\\\/\\\/unisale.com.br\\\/novo\\\/28-06-por-que-tendes-tanto-medo-homens-fracos-na-fe\\\/\"},\"wordCount\":384,\"image\":{\"@id\":\"https:\\\/\\\/unisale.com.br\\\/novo\\\/28-06-por-que-tendes-tanto-medo-homens-fracos-na-fe\\\/#primaryimage\"},\"thumbnailUrl\":\"https:\\\/\\\/unisale.com.br\\\/pastoral\\\/wp-content\\\/uploads\\\/2022\\\/06\\\/Ev-28.jpg\",\"articleSection\":[\"Reflex\u00e3o do Evangelho\"],\"inLanguage\":\"pt-BR\"},{\"@type\":\"WebPage\",\"@id\":\"https:\\\/\\\/unisale.com.br\\\/novo\\\/28-06-por-que-tendes-tanto-medo-homens-fracos-na-fe\\\/\",\"url\":\"https:\\\/\\\/unisale.com.br\\\/novo\\\/28-06-por-que-tendes-tanto-medo-homens-fracos-na-fe\\\/\",\"name\":\"28\\\/06 - Por que tendes tanto medo, homens fracos na f\u00e9? - Pastoral Universit\u00e1ria UniSALESIANO\",\"isPartOf\":{\"@id\":\"https:\\\/\\\/unisale.com.br\\\/pastoral\\\/#website\"},\"primaryImageOfPage\":{\"@id\":\"https:\\\/\\\/unisale.com.br\\\/novo\\\/28-06-por-que-tendes-tanto-medo-homens-fracos-na-fe\\\/#primaryimage\"},\"image\":{\"@id\":\"https:\\\/\\\/unisale.com.br\\\/novo\\\/28-06-por-que-tendes-tanto-medo-homens-fracos-na-fe\\\/#primaryimage\"},\"thumbnailUrl\":\"https:\\\/\\\/unisale.com.br\\\/pastoral\\\/wp-content\\\/uploads\\\/2022\\\/06\\\/Ev-28.jpg\",\"datePublished\":\"2022-06-27T14:46:01+00:00\",\"author\":{\"@id\":\"https:\\\/\\\/unisale.com.br\\\/pastoral\\\/#\\\/schema\\\/person\\\/492d3d7bfe53a8302576d39485aff2c4\"},\"inLanguage\":\"pt-BR\",\"potentialAction\":[{\"@type\":\"ReadAction\",\"target\":[\"https:\\\/\\\/unisale.com.br\\\/novo\\\/28-06-por-que-tendes-tanto-medo-homens-fracos-na-fe\\\/\"]}]},{\"@type\":\"ImageObject\",\"inLanguage\":\"pt-BR\",\"@id\":\"https:\\\/\\\/unisale.com.br\\\/novo\\\/28-06-por-que-tendes-tanto-medo-homens-fracos-na-fe\\\/#primaryimage\",\"url\":\"https:\\\/\\\/unisale.com.br\\\/pastoral\\\/wp-content\\\/uploads\\\/2022\\\/06\\\/Ev-28.jpg\",\"contentUrl\":\"https:\\\/\\\/unisale.com.br\\\/pastoral\\\/wp-content\\\/uploads\\\/2022\\\/06\\\/Ev-28.jpg\",\"width\":620,\"height\":400},{\"@type\":\"WebSite\",\"@id\":\"https:\\\/\\\/unisale.com.br\\\/pastoral\\\/#website\",\"url\":\"https:\\\/\\\/unisale.com.br\\\/pastoral\\\/\",\"name\":\"Pastoral Universit\u00e1ria UniSALESIANO\",\"description\":\"Site da Pastoral Universit\u00e1ria do UniSALESIANO\",\"potentialAction\":[{\"@type\":\"SearchAction\",\"target\":{\"@type\":\"EntryPoint\",\"urlTemplate\":\"https:\\\/\\\/unisale.com.br\\\/pastoral\\\/?s={search_term_string}\"},\"query-input\":{\"@type\":\"PropertyValueSpecification\",\"valueRequired\":true,\"valueName\":\"search_term_string\"}}],\"inLanguage\":\"pt-BR\"},{\"@type\":\"Person\",\"@id\":\"https:\\\/\\\/unisale.com.br\\\/pastoral\\\/#\\\/schema\\\/person\\\/492d3d7bfe53a8302576d39485aff2c4\",\"name\":\"Luiz Alexandre Marinho Lanzoni\",\"url\":\"https:\\\/\\\/unisale.com.br\\\/pastoral\\\/author\\\/luiz\\\/\"}]}<\/script>\n<!-- \/ Yoast SEO plugin. -->","yoast_head_json":{"title":"28\/06 - Por que tendes tanto medo, homens fracos na f\u00e9? - Pastoral Universit\u00e1ria UniSALESIANO","robots":{"index":"index","follow":"follow","max-snippet":"max-snippet:-1","max-image-preview":"max-image-preview:large","max-video-preview":"max-video-preview:-1"},"canonical":"https:\/\/unisale.com.br\/novo\/28-06-por-que-tendes-tanto-medo-homens-fracos-na-fe\/","og_locale":"pt_BR","og_type":"article","og_title":"28\/06 - Por que tendes tanto medo, homens fracos na f\u00e9? - Pastoral Universit\u00e1ria UniSALESIANO","og_description":"Ter\u00e7a-feira, 28 de junho de 2022. &nbsp; Evangelho (Mt 8,23-27) &nbsp; \u201cPor que tendes tanto medo, homens fracos na f\u00e9?\u201d &nbsp; Naquele tempo, 23Jesus entrou...","og_url":"https:\/\/unisale.com.br\/novo\/28-06-por-que-tendes-tanto-medo-homens-fracos-na-fe\/","og_site_name":"Pastoral Universit\u00e1ria UniSALESIANO","article_published_time":"2022-06-27T14:46:01+00:00","og_image":[{"width":620,"height":400,"url":"https:\/\/unisale.com.br\/novo\/wp-content\/uploads\/2022\/06\/Ev-28.jpg","type":"image\/jpeg"}],"author":"Luiz Alexandre Marinho Lanzoni","twitter_card":"summary_large_image","twitter_misc":{"Escrito por":"Luiz Alexandre Marinho Lanzoni","Est. tempo de leitura":"2 minutos"},"schema":{"@context":"https:\/\/schema.org","@graph":[{"@type":"Article","@id":"https:\/\/unisale.com.br\/novo\/28-06-por-que-tendes-tanto-medo-homens-fracos-na-fe\/#article","isPartOf":{"@id":"https:\/\/unisale.com.br\/novo\/28-06-por-que-tendes-tanto-medo-homens-fracos-na-fe\/"},"author":{"name":"Luiz Alexandre Marinho Lanzoni","@id":"https:\/\/unisale.com.br\/pastoral\/#\/schema\/person\/492d3d7bfe53a8302576d39485aff2c4"},"headline":"28\/06 &#8211; Por que tendes tanto medo, homens fracos na f\u00e9?","datePublished":"2022-06-27T14:46:01+00:00","mainEntityOfPage":{"@id":"https:\/\/unisale.com.br\/novo\/28-06-por-que-tendes-tanto-medo-homens-fracos-na-fe\/"},"wordCount":384,"image":{"@id":"https:\/\/unisale.com.br\/novo\/28-06-por-que-tendes-tanto-medo-homens-fracos-na-fe\/#primaryimage"},"thumbnailUrl":"https:\/\/unisale.com.br\/pastoral\/wp-content\/uploads\/2022\/06\/Ev-28.jpg","articleSection":["Reflex\u00e3o do Evangelho"],"inLanguage":"pt-BR"},{"@type":"WebPage","@id":"https:\/\/unisale.com.br\/novo\/28-06-por-que-tendes-tanto-medo-homens-fracos-na-fe\/","url":"https:\/\/unisale.com.br\/novo\/28-06-por-que-tendes-tanto-medo-homens-fracos-na-fe\/","name":"28\/06 - Por que tendes tanto medo, homens fracos na f\u00e9? - Pastoral Universit\u00e1ria UniSALESIANO","isPartOf":{"@id":"https:\/\/unisale.com.br\/pastoral\/#website"},"primaryImageOfPage":{"@id":"https:\/\/unisale.com.br\/novo\/28-06-por-que-tendes-tanto-medo-homens-fracos-na-fe\/#primaryimage"},"image":{"@id":"https:\/\/unisale.com.br\/novo\/28-06-por-que-tendes-tanto-medo-homens-fracos-na-fe\/#primaryimage"},"thumbnailUrl":"https:\/\/unisale.com.br\/pastoral\/wp-content\/uploads\/2022\/06\/Ev-28.jpg","datePublished":"2022-06-27T14:46:01+00:00","author":{"@id":"https:\/\/unisale.com.br\/pastoral\/#\/schema\/person\/492d3d7bfe53a8302576d39485aff2c4"},"inLanguage":"pt-BR","potentialAction":[{"@type":"ReadAction","target":["https:\/\/unisale.com.br\/novo\/28-06-por-que-tendes-tanto-medo-homens-fracos-na-fe\/"]}]},{"@type":"ImageObject","inLanguage":"pt-BR","@id":"https:\/\/unisale.com.br\/novo\/28-06-por-que-tendes-tanto-medo-homens-fracos-na-fe\/#primaryimage","url":"https:\/\/unisale.com.br\/pastoral\/wp-content\/uploads\/2022\/06\/Ev-28.jpg","contentUrl":"https:\/\/unisale.com.br\/pastoral\/wp-content\/uploads\/2022\/06\/Ev-28.jpg","width":620,"height":400},{"@type":"WebSite","@id":"https:\/\/unisale.com.br\/pastoral\/#website","url":"https:\/\/unisale.com.br\/pastoral\/","name":"Pastoral Universit\u00e1ria UniSALESIANO","description":"Site da Pastoral Universit\u00e1ria do UniSALESIANO","potentialAction":[{"@type":"SearchAction","target":{"@type":"EntryPoint","urlTemplate":"https:\/\/unisale.com.br\/pastoral\/?s={search_term_string}"},"query-input":{"@type":"PropertyValueSpecification","valueRequired":true,"valueName":"search_term_string"}}],"inLanguage":"pt-BR"},{"@type":"Person","@id":"https:\/\/unisale.com.br\/pastoral\/#\/schema\/person\/492d3d7bfe53a8302576d39485aff2c4","name":"Luiz Alexandre Marinho Lanzoni","url":"https:\/\/unisale.com.br\/pastoral\/author\/luiz\/"}]}},"_links":{"self":[{"href":"https:\/\/unisale.com.br\/pastoral\/wp-json\/wp\/v2\/posts\/4835","targetHints":{"allow":["GET"]}}],"collection":[{"href":"https:\/\/unisale.com.br\/pastoral\/wp-json\/wp\/v2\/posts"}],"about":[{"href":"https:\/\/unisale.com.br\/pastoral\/wp-json\/wp\/v2\/types\/post"}],"author":[{"embeddable":true,"href":"https:\/\/unisale.com.br\/pastoral\/wp-json\/wp\/v2\/users\/6"}],"replies":[{"embeddable":true,"href":"https:\/\/unisale.com.br\/pastoral\/wp-json\/wp\/v2\/comments?post=4835"}],"version-history":[{"count":0,"href":"https:\/\/unisale.com.br\/pastoral\/wp-json\/wp\/v2\/posts\/4835\/revisions"}],"wp:featuredmedia":[{"embeddable":true,"href":"https:\/\/unisale.com.br\/pastoral\/wp-json\/wp\/v2\/media\/4836"}],"wp:attachment":[{"href":"https:\/\/unisale.com.br\/pastoral\/wp-json\/wp\/v2\/media?parent=4835"}],"wp:term":[{"taxonomy":"category","embeddable":true,"href":"https:\/\/unisale.com.br\/pastoral\/wp-json\/wp\/v2\/categories?post=4835"},{"taxonomy":"post_tag","embeddable":true,"href":"https:\/\/unisale.com.br\/pastoral\/wp-json\/wp\/v2\/tags?post=4835"}],"curies":[{"name":"wp","href":"https:\/\/api.w.org\/{rel}","templated":true}]}}