{"id":4850,"date":"2022-06-27T15:03:18","date_gmt":"2022-06-27T15:03:18","guid":{"rendered":"https:\/\/unisale.com.br\/pastoral\/?p=4850"},"modified":"2022-06-27T15:05:54","modified_gmt":"2022-06-27T15:05:54","slug":"27-06-tu-e-pedro-e-sobre-esta-pedra-construirei-a-minha-igreja-e-o-poder-do-inferno-nunca-podera-vence-la","status":"publish","type":"post","link":"https:\/\/unisale.com.br\/pastoral\/27-06-tu-e-pedro-e-sobre-esta-pedra-construirei-a-minha-igreja-e-o-poder-do-inferno-nunca-podera-vence-la\/","title":{"rendered":"03\/07 &#8211; &#8230;tu \u00e9 Pedro e sobre esta pedra construirei a minha Igreja, e o poder do inferno nunca poder\u00e1 venc\u00ea-la."},"content":{"rendered":"<p>Domingo, 03 de julho de 2022.<\/p>\n<p>&nbsp;<\/p>\n<p>Solenidade de Pedro e Paulo<\/p>\n<p>&nbsp;<\/p>\n<p>Evangelho (Mt 16,13-19)<\/p>\n<p>&nbsp;<\/p>\n<p><strong><em>\u201c&#8230;tu \u00e9 Pedro e sobre esta pedra construirei a minha Igreja, e o poder do inferno nunca poder\u00e1 venc\u00ea-la\u201d.<\/em><\/strong><\/p>\n<p>&nbsp;<\/p>\n<p>Naquele tempo, <sup>13<\/sup>Jesus foi \u00e0 regi\u00e3o de Cesar\u00e9ia de Filipe e ali perguntou aos seus disc\u00edpulos: \u201cQuem dizem os homens ser o Filho do Homem?\u201d <sup>14<\/sup>Eles responderam: \u201cAlguns dizem que \u00e9 Jo\u00e3o Batista; outros que \u00e9 Elias; outros ainda, que \u00e9 Jeremias ou algum dos profetas\u201d. <sup>15<\/sup>Ent\u00e3o Jesus lhes perguntou: \u201cE v\u00f3s, quem dizeis que eu sou?\u201d <sup>16<\/sup>Sim\u00e3o Pedro respondeu: \u201cTu \u00e9s o Messias, o Filho do Deus vivo\u201d. <sup>17<\/sup>Respondendo, Jesus lhe disse: \u201cFeliz \u00e9s tu, Sim\u00e3o, filho de Jonas, porque n\u00e3o foi um ser humano que te revelou isso, mas o meu Pai que est\u00e1 no c\u00e9u. <sup>18<\/sup>Por isso eu te digo que tu \u00e9s Pedro, e sobre esta pedra construirei a minha Igreja, e o poder do inferno nunca poder\u00e1 venc\u00ea-la. <sup>19<\/sup>Eu te darei as chaves do Reino dos C\u00e9us: tudo o que tu ligares na terra ser\u00e1 ligado nos c\u00e9us; tudo o que tu desligares na terra ser\u00e1 desligado nos c\u00e9us\u201d.<\/p>\n<p>&nbsp;<\/p>\n<p><strong>Reflex\u00e3o<\/strong><\/p>\n<p>&nbsp;<\/p>\n<p>A Festa dos Santos Ap\u00f3stolos Pedro e Paulo \u00e9 a celebra\u00e7\u00e3o das grandes testemunhas de Jesus Cristo. S\u00e3o Paulo, o Ap\u00f3stolo dos gentios. De perseguidor, foi agarrado por Cristo. Sempre zeloso ardente na sua miss\u00e3o. Apaixonado por Cristo, deixou-se impelir pelo amor do Mestre. Percorreu o mundo pregando Cristo aos gentios e aos pag\u00e3os. A espiritualidade da Igreja sempre se nutriu do ardor da f\u00e9 e da caridade de S\u00e3o Paulo.<\/p>\n<p>Hoje n\u00f3s celebramos a festa da catolicidade, pois celebramos tamb\u00e9m Pedro, a pedra que \u00e9 alicerce sobre o qual Cristo edificou a sua Igreja. Pedro faz a sua confiss\u00e3o a Jesus reconhecendo-o como Messias e Filho de Deus. \u00c9 mediante esta confiss\u00e3o que Pedro recebe a sua tarefa particular atrav\u00e9s das tr\u00eas imagens: a da rocha que se torna pedra de fundamento ou pedra angular, a das chaves e a de ligar e desligar. E o que dizer desta tarefa recebida por Pedro? A partir do acontecimento descrito no Evangelho de hoje, precisamos entender que a Igreja n\u00e3o \u00e9 uma sociedade de Livres pensadores, mas \u00e9 a comunidade daqueles que se unem a Pedro em proclamar a f\u00e9 em Jesus Cristo. Quem edifica a Igreja \u00e9 Cristo. \u00c9 ele quem escolhe livremente um homem para coloc\u00e1-lo na base do edif\u00edcio. Pedro \u00e9 apenas a primeira pedra do edif\u00edcio, enquanto Cristo \u00e9 Aquele que p\u00f5e a primeira pedra.<\/p>\n<p>O que podemos dizer \u00e9 que n\u00e3o pode estar verdadeira e plenamente na Igreja, como pedra viva, se n\u00e3o est\u00e1 em comunh\u00e3o com a f\u00e9 de Pedro e a sua autoridade. A fun\u00e7\u00e3o de Pedro \u00e9 servi\u00e7o. O servi\u00e7o de apascentar as ovelhas de Jesus, servi\u00e7o que est\u00e1 impl\u00edcito no \u201cligar\u201d e \u201cdeligar\u201d, ditos por Jesus. Testemunha de Cristo, pastor e servo dos que creem, portanto, s\u00e3o as caracter\u00edsticas que de Cristo passaram a Pedro.<\/p>\n<p>Pedro e Paulo, caminhos diferentes, servi\u00e7os quase id\u00eanticos. Dois Ap\u00f3stolos, duas testemunhas, dois m\u00e1rtires. Uma tradi\u00e7\u00e3o antiqu\u00edssima, que remonta aos tempos apost\u00f3licos, narra que exatamente a pouca dist\u00e2ncia deste lugar aconteceu o \u00faltimo encontro entre eles, antes do mart\u00edrio: os dois ter-se-iam abra\u00e7ado, aben\u00e7oando-se reciprocamente. E sobre a porta principal desta Bas\u00edlica eles est\u00e3o representados em conjunto, com as cenas do mart\u00edrio de ambos. Desde o in\u00edcio, portanto, a tradi\u00e7\u00e3o crist\u00e3 considerou Pedro e Paulo insepar\u00e1veis um do outro, embora cada um tenha tido uma miss\u00e3o diferente a cumprir: Pedro, em primeiro lugar, confessou a f\u00e9 em Cristo, e Paulo obteve o dom de poder aprofundar a sua riqueza. Pedro fundou a primeira comunidade dos crist\u00e3os provenientes do povo eleito, e Paulo tornou-se o Ap\u00f3stolo dos pag\u00e3os. Com carismas diversos trabalharam por uma \u00fanica causa: a constru\u00e7\u00e3o da Igreja de Cristo.<\/p>\n<p>&nbsp;<\/p>\n<p><strong>Pe. Paulo Eduardo J\u00e1como, SDB.<\/strong><\/p>\n","protected":false},"excerpt":{"rendered":"<p>Domingo, 03 de julho de 2022. &nbsp; Solenidade de Pedro e Paulo &nbsp; Evangelho (Mt 16,13-19) &nbsp; \u201c&#8230;tu \u00e9 Pedro e sobre esta pedra construirei&#8230;<\/p>\n","protected":false},"author":6,"featured_media":4851,"comment_status":"closed","ping_status":"closed","sticky":false,"template":"","format":"standard","meta":{"_acf_changed":false,"footnotes":""},"categories":[13],"tags":[],"class_list":["post-4850","post","type-post","status-publish","format-standard","has-post-thumbnail","hentry","category-reflexaodoevagelho"],"acf":[],"yoast_head":"<!-- This site is optimized with the Yoast SEO plugin v27.3 - https:\/\/yoast.com\/product\/yoast-seo-wordpress\/ -->\n<title>03\/07 - ...tu \u00e9 Pedro e sobre esta pedra construirei a minha Igreja, e o poder do inferno nunca poder\u00e1 venc\u00ea-la. - Pastoral Universit\u00e1ria UniSALESIANO<\/title>\n<meta name=\"robots\" content=\"index, follow, max-snippet:-1, max-image-preview:large, max-video-preview:-1\" \/>\n<link rel=\"canonical\" href=\"https:\/\/unisale.com.br\/novo\/27-06-tu-e-pedro-e-sobre-esta-pedra-construirei-a-minha-igreja-e-o-poder-do-inferno-nunca-podera-vence-la\/\" \/>\n<meta property=\"og:locale\" content=\"pt_BR\" \/>\n<meta property=\"og:type\" content=\"article\" \/>\n<meta property=\"og:title\" content=\"03\/07 - ...tu \u00e9 Pedro e sobre esta pedra construirei a minha Igreja, e o poder do inferno nunca poder\u00e1 venc\u00ea-la. - Pastoral Universit\u00e1ria UniSALESIANO\" \/>\n<meta property=\"og:description\" content=\"Domingo, 03 de julho de 2022. &nbsp; Solenidade de Pedro e Paulo &nbsp; Evangelho (Mt 16,13-19) &nbsp; \u201c&#8230;tu \u00e9 Pedro e sobre esta pedra construirei...\" \/>\n<meta property=\"og:url\" content=\"https:\/\/unisale.com.br\/novo\/27-06-tu-e-pedro-e-sobre-esta-pedra-construirei-a-minha-igreja-e-o-poder-do-inferno-nunca-podera-vence-la\/\" \/>\n<meta property=\"og:site_name\" content=\"Pastoral Universit\u00e1ria UniSALESIANO\" \/>\n<meta property=\"article:published_time\" content=\"2022-06-27T15:03:18+00:00\" \/>\n<meta property=\"article:modified_time\" content=\"2022-06-27T15:05:54+00:00\" \/>\n<meta property=\"og:image\" content=\"https:\/\/unisale.com.br\/novo\/wp-content\/uploads\/2022\/06\/Ev-03-Sao-Pedro-e-Sao-Paulo.jpg\" \/>\n\t<meta property=\"og:image:width\" content=\"990\" \/>\n\t<meta property=\"og:image:height\" content=\"557\" \/>\n\t<meta property=\"og:image:type\" content=\"image\/jpeg\" \/>\n<meta name=\"author\" content=\"Luiz Alexandre Marinho Lanzoni\" \/>\n<meta name=\"twitter:card\" content=\"summary_large_image\" \/>\n<meta name=\"twitter:label1\" content=\"Escrito por\" \/>\n\t<meta name=\"twitter:data1\" content=\"Luiz Alexandre Marinho Lanzoni\" \/>\n\t<meta name=\"twitter:label2\" content=\"Est. tempo de leitura\" \/>\n\t<meta name=\"twitter:data2\" content=\"3 minutos\" \/>\n<script type=\"application\/ld+json\" class=\"yoast-schema-graph\">{\"@context\":\"https:\\\/\\\/schema.org\",\"@graph\":[{\"@type\":\"Article\",\"@id\":\"https:\\\/\\\/unisale.com.br\\\/novo\\\/27-06-tu-e-pedro-e-sobre-esta-pedra-construirei-a-minha-igreja-e-o-poder-do-inferno-nunca-podera-vence-la\\\/#article\",\"isPartOf\":{\"@id\":\"https:\\\/\\\/unisale.com.br\\\/novo\\\/27-06-tu-e-pedro-e-sobre-esta-pedra-construirei-a-minha-igreja-e-o-poder-do-inferno-nunca-podera-vence-la\\\/\"},\"author\":{\"name\":\"Luiz Alexandre Marinho Lanzoni\",\"@id\":\"https:\\\/\\\/unisale.com.br\\\/pastoral\\\/#\\\/schema\\\/person\\\/492d3d7bfe53a8302576d39485aff2c4\"},\"headline\":\"03\\\/07 &#8211; &#8230;tu \u00e9 Pedro e sobre esta pedra construirei a minha Igreja, e o poder do inferno nunca poder\u00e1 venc\u00ea-la.\",\"datePublished\":\"2022-06-27T15:03:18+00:00\",\"dateModified\":\"2022-06-27T15:05:54+00:00\",\"mainEntityOfPage\":{\"@id\":\"https:\\\/\\\/unisale.com.br\\\/novo\\\/27-06-tu-e-pedro-e-sobre-esta-pedra-construirei-a-minha-igreja-e-o-poder-do-inferno-nunca-podera-vence-la\\\/\"},\"wordCount\":713,\"image\":{\"@id\":\"https:\\\/\\\/unisale.com.br\\\/novo\\\/27-06-tu-e-pedro-e-sobre-esta-pedra-construirei-a-minha-igreja-e-o-poder-do-inferno-nunca-podera-vence-la\\\/#primaryimage\"},\"thumbnailUrl\":\"https:\\\/\\\/unisale.com.br\\\/pastoral\\\/wp-content\\\/uploads\\\/2022\\\/06\\\/Ev-03-Sao-Pedro-e-Sao-Paulo.jpg\",\"articleSection\":[\"Reflex\u00e3o do Evangelho\"],\"inLanguage\":\"pt-BR\"},{\"@type\":\"WebPage\",\"@id\":\"https:\\\/\\\/unisale.com.br\\\/novo\\\/27-06-tu-e-pedro-e-sobre-esta-pedra-construirei-a-minha-igreja-e-o-poder-do-inferno-nunca-podera-vence-la\\\/\",\"url\":\"https:\\\/\\\/unisale.com.br\\\/novo\\\/27-06-tu-e-pedro-e-sobre-esta-pedra-construirei-a-minha-igreja-e-o-poder-do-inferno-nunca-podera-vence-la\\\/\",\"name\":\"03\\\/07 - ...tu \u00e9 Pedro e sobre esta pedra construirei a minha Igreja, e o poder do inferno nunca poder\u00e1 venc\u00ea-la. - Pastoral Universit\u00e1ria UniSALESIANO\",\"isPartOf\":{\"@id\":\"https:\\\/\\\/unisale.com.br\\\/pastoral\\\/#website\"},\"primaryImageOfPage\":{\"@id\":\"https:\\\/\\\/unisale.com.br\\\/novo\\\/27-06-tu-e-pedro-e-sobre-esta-pedra-construirei-a-minha-igreja-e-o-poder-do-inferno-nunca-podera-vence-la\\\/#primaryimage\"},\"image\":{\"@id\":\"https:\\\/\\\/unisale.com.br\\\/novo\\\/27-06-tu-e-pedro-e-sobre-esta-pedra-construirei-a-minha-igreja-e-o-poder-do-inferno-nunca-podera-vence-la\\\/#primaryimage\"},\"thumbnailUrl\":\"https:\\\/\\\/unisale.com.br\\\/pastoral\\\/wp-content\\\/uploads\\\/2022\\\/06\\\/Ev-03-Sao-Pedro-e-Sao-Paulo.jpg\",\"datePublished\":\"2022-06-27T15:03:18+00:00\",\"dateModified\":\"2022-06-27T15:05:54+00:00\",\"author\":{\"@id\":\"https:\\\/\\\/unisale.com.br\\\/pastoral\\\/#\\\/schema\\\/person\\\/492d3d7bfe53a8302576d39485aff2c4\"},\"inLanguage\":\"pt-BR\",\"potentialAction\":[{\"@type\":\"ReadAction\",\"target\":[\"https:\\\/\\\/unisale.com.br\\\/novo\\\/27-06-tu-e-pedro-e-sobre-esta-pedra-construirei-a-minha-igreja-e-o-poder-do-inferno-nunca-podera-vence-la\\\/\"]}]},{\"@type\":\"ImageObject\",\"inLanguage\":\"pt-BR\",\"@id\":\"https:\\\/\\\/unisale.com.br\\\/novo\\\/27-06-tu-e-pedro-e-sobre-esta-pedra-construirei-a-minha-igreja-e-o-poder-do-inferno-nunca-podera-vence-la\\\/#primaryimage\",\"url\":\"https:\\\/\\\/unisale.com.br\\\/pastoral\\\/wp-content\\\/uploads\\\/2022\\\/06\\\/Ev-03-Sao-Pedro-e-Sao-Paulo.jpg\",\"contentUrl\":\"https:\\\/\\\/unisale.com.br\\\/pastoral\\\/wp-content\\\/uploads\\\/2022\\\/06\\\/Ev-03-Sao-Pedro-e-Sao-Paulo.jpg\",\"width\":889,\"height\":500},{\"@type\":\"WebSite\",\"@id\":\"https:\\\/\\\/unisale.com.br\\\/pastoral\\\/#website\",\"url\":\"https:\\\/\\\/unisale.com.br\\\/pastoral\\\/\",\"name\":\"Pastoral Universit\u00e1ria UniSALESIANO\",\"description\":\"Site da Pastoral Universit\u00e1ria do UniSALESIANO\",\"potentialAction\":[{\"@type\":\"SearchAction\",\"target\":{\"@type\":\"EntryPoint\",\"urlTemplate\":\"https:\\\/\\\/unisale.com.br\\\/pastoral\\\/?s={search_term_string}\"},\"query-input\":{\"@type\":\"PropertyValueSpecification\",\"valueRequired\":true,\"valueName\":\"search_term_string\"}}],\"inLanguage\":\"pt-BR\"},{\"@type\":\"Person\",\"@id\":\"https:\\\/\\\/unisale.com.br\\\/pastoral\\\/#\\\/schema\\\/person\\\/492d3d7bfe53a8302576d39485aff2c4\",\"name\":\"Luiz Alexandre Marinho Lanzoni\",\"url\":\"https:\\\/\\\/unisale.com.br\\\/pastoral\\\/author\\\/luiz\\\/\"}]}<\/script>\n<!-- \/ Yoast SEO plugin. -->","yoast_head_json":{"title":"03\/07 - ...tu \u00e9 Pedro e sobre esta pedra construirei a minha Igreja, e o poder do inferno nunca poder\u00e1 venc\u00ea-la. - Pastoral Universit\u00e1ria UniSALESIANO","robots":{"index":"index","follow":"follow","max-snippet":"max-snippet:-1","max-image-preview":"max-image-preview:large","max-video-preview":"max-video-preview:-1"},"canonical":"https:\/\/unisale.com.br\/novo\/27-06-tu-e-pedro-e-sobre-esta-pedra-construirei-a-minha-igreja-e-o-poder-do-inferno-nunca-podera-vence-la\/","og_locale":"pt_BR","og_type":"article","og_title":"03\/07 - ...tu \u00e9 Pedro e sobre esta pedra construirei a minha Igreja, e o poder do inferno nunca poder\u00e1 venc\u00ea-la. - Pastoral Universit\u00e1ria UniSALESIANO","og_description":"Domingo, 03 de julho de 2022. &nbsp; Solenidade de Pedro e Paulo &nbsp; Evangelho (Mt 16,13-19) &nbsp; \u201c&#8230;tu \u00e9 Pedro e sobre esta pedra construirei...","og_url":"https:\/\/unisale.com.br\/novo\/27-06-tu-e-pedro-e-sobre-esta-pedra-construirei-a-minha-igreja-e-o-poder-do-inferno-nunca-podera-vence-la\/","og_site_name":"Pastoral Universit\u00e1ria UniSALESIANO","article_published_time":"2022-06-27T15:03:18+00:00","article_modified_time":"2022-06-27T15:05:54+00:00","og_image":[{"width":990,"height":557,"url":"https:\/\/unisale.com.br\/novo\/wp-content\/uploads\/2022\/06\/Ev-03-Sao-Pedro-e-Sao-Paulo.jpg","type":"image\/jpeg"}],"author":"Luiz Alexandre Marinho Lanzoni","twitter_card":"summary_large_image","twitter_misc":{"Escrito por":"Luiz Alexandre Marinho Lanzoni","Est. tempo de leitura":"3 minutos"},"schema":{"@context":"https:\/\/schema.org","@graph":[{"@type":"Article","@id":"https:\/\/unisale.com.br\/novo\/27-06-tu-e-pedro-e-sobre-esta-pedra-construirei-a-minha-igreja-e-o-poder-do-inferno-nunca-podera-vence-la\/#article","isPartOf":{"@id":"https:\/\/unisale.com.br\/novo\/27-06-tu-e-pedro-e-sobre-esta-pedra-construirei-a-minha-igreja-e-o-poder-do-inferno-nunca-podera-vence-la\/"},"author":{"name":"Luiz Alexandre Marinho Lanzoni","@id":"https:\/\/unisale.com.br\/pastoral\/#\/schema\/person\/492d3d7bfe53a8302576d39485aff2c4"},"headline":"03\/07 &#8211; &#8230;tu \u00e9 Pedro e sobre esta pedra construirei a minha Igreja, e o poder do inferno nunca poder\u00e1 venc\u00ea-la.","datePublished":"2022-06-27T15:03:18+00:00","dateModified":"2022-06-27T15:05:54+00:00","mainEntityOfPage":{"@id":"https:\/\/unisale.com.br\/novo\/27-06-tu-e-pedro-e-sobre-esta-pedra-construirei-a-minha-igreja-e-o-poder-do-inferno-nunca-podera-vence-la\/"},"wordCount":713,"image":{"@id":"https:\/\/unisale.com.br\/novo\/27-06-tu-e-pedro-e-sobre-esta-pedra-construirei-a-minha-igreja-e-o-poder-do-inferno-nunca-podera-vence-la\/#primaryimage"},"thumbnailUrl":"https:\/\/unisale.com.br\/pastoral\/wp-content\/uploads\/2022\/06\/Ev-03-Sao-Pedro-e-Sao-Paulo.jpg","articleSection":["Reflex\u00e3o do Evangelho"],"inLanguage":"pt-BR"},{"@type":"WebPage","@id":"https:\/\/unisale.com.br\/novo\/27-06-tu-e-pedro-e-sobre-esta-pedra-construirei-a-minha-igreja-e-o-poder-do-inferno-nunca-podera-vence-la\/","url":"https:\/\/unisale.com.br\/novo\/27-06-tu-e-pedro-e-sobre-esta-pedra-construirei-a-minha-igreja-e-o-poder-do-inferno-nunca-podera-vence-la\/","name":"03\/07 - ...tu \u00e9 Pedro e sobre esta pedra construirei a minha Igreja, e o poder do inferno nunca poder\u00e1 venc\u00ea-la. - Pastoral Universit\u00e1ria UniSALESIANO","isPartOf":{"@id":"https:\/\/unisale.com.br\/pastoral\/#website"},"primaryImageOfPage":{"@id":"https:\/\/unisale.com.br\/novo\/27-06-tu-e-pedro-e-sobre-esta-pedra-construirei-a-minha-igreja-e-o-poder-do-inferno-nunca-podera-vence-la\/#primaryimage"},"image":{"@id":"https:\/\/unisale.com.br\/novo\/27-06-tu-e-pedro-e-sobre-esta-pedra-construirei-a-minha-igreja-e-o-poder-do-inferno-nunca-podera-vence-la\/#primaryimage"},"thumbnailUrl":"https:\/\/unisale.com.br\/pastoral\/wp-content\/uploads\/2022\/06\/Ev-03-Sao-Pedro-e-Sao-Paulo.jpg","datePublished":"2022-06-27T15:03:18+00:00","dateModified":"2022-06-27T15:05:54+00:00","author":{"@id":"https:\/\/unisale.com.br\/pastoral\/#\/schema\/person\/492d3d7bfe53a8302576d39485aff2c4"},"inLanguage":"pt-BR","potentialAction":[{"@type":"ReadAction","target":["https:\/\/unisale.com.br\/novo\/27-06-tu-e-pedro-e-sobre-esta-pedra-construirei-a-minha-igreja-e-o-poder-do-inferno-nunca-podera-vence-la\/"]}]},{"@type":"ImageObject","inLanguage":"pt-BR","@id":"https:\/\/unisale.com.br\/novo\/27-06-tu-e-pedro-e-sobre-esta-pedra-construirei-a-minha-igreja-e-o-poder-do-inferno-nunca-podera-vence-la\/#primaryimage","url":"https:\/\/unisale.com.br\/pastoral\/wp-content\/uploads\/2022\/06\/Ev-03-Sao-Pedro-e-Sao-Paulo.jpg","contentUrl":"https:\/\/unisale.com.br\/pastoral\/wp-content\/uploads\/2022\/06\/Ev-03-Sao-Pedro-e-Sao-Paulo.jpg","width":889,"height":500},{"@type":"WebSite","@id":"https:\/\/unisale.com.br\/pastoral\/#website","url":"https:\/\/unisale.com.br\/pastoral\/","name":"Pastoral Universit\u00e1ria UniSALESIANO","description":"Site da Pastoral Universit\u00e1ria do UniSALESIANO","potentialAction":[{"@type":"SearchAction","target":{"@type":"EntryPoint","urlTemplate":"https:\/\/unisale.com.br\/pastoral\/?s={search_term_string}"},"query-input":{"@type":"PropertyValueSpecification","valueRequired":true,"valueName":"search_term_string"}}],"inLanguage":"pt-BR"},{"@type":"Person","@id":"https:\/\/unisale.com.br\/pastoral\/#\/schema\/person\/492d3d7bfe53a8302576d39485aff2c4","name":"Luiz Alexandre Marinho Lanzoni","url":"https:\/\/unisale.com.br\/pastoral\/author\/luiz\/"}]}},"_links":{"self":[{"href":"https:\/\/unisale.com.br\/pastoral\/wp-json\/wp\/v2\/posts\/4850","targetHints":{"allow":["GET"]}}],"collection":[{"href":"https:\/\/unisale.com.br\/pastoral\/wp-json\/wp\/v2\/posts"}],"about":[{"href":"https:\/\/unisale.com.br\/pastoral\/wp-json\/wp\/v2\/types\/post"}],"author":[{"embeddable":true,"href":"https:\/\/unisale.com.br\/pastoral\/wp-json\/wp\/v2\/users\/6"}],"replies":[{"embeddable":true,"href":"https:\/\/unisale.com.br\/pastoral\/wp-json\/wp\/v2\/comments?post=4850"}],"version-history":[{"count":0,"href":"https:\/\/unisale.com.br\/pastoral\/wp-json\/wp\/v2\/posts\/4850\/revisions"}],"wp:featuredmedia":[{"embeddable":true,"href":"https:\/\/unisale.com.br\/pastoral\/wp-json\/wp\/v2\/media\/4851"}],"wp:attachment":[{"href":"https:\/\/unisale.com.br\/pastoral\/wp-json\/wp\/v2\/media?parent=4850"}],"wp:term":[{"taxonomy":"category","embeddable":true,"href":"https:\/\/unisale.com.br\/pastoral\/wp-json\/wp\/v2\/categories?post=4850"},{"taxonomy":"post_tag","embeddable":true,"href":"https:\/\/unisale.com.br\/pastoral\/wp-json\/wp\/v2\/tags?post=4850"}],"curies":[{"name":"wp","href":"https:\/\/api.w.org\/{rel}","templated":true}]}}