{"id":4864,"date":"2022-06-29T11:03:33","date_gmt":"2022-06-29T11:03:33","guid":{"rendered":"https:\/\/unisale.com.br\/pastoral\/?p=4864"},"modified":"2022-06-29T11:04:32","modified_gmt":"2022-06-29T11:04:32","slug":"05-07-vendo-jesus-as-multidoes-compadeceu-se-delas","status":"publish","type":"post","link":"https:\/\/unisale.com.br\/pastoral\/05-07-vendo-jesus-as-multidoes-compadeceu-se-delas\/","title":{"rendered":"05\/07 &#8211; Vendo Jesus as multid\u00f5es, compadeceu-se delas."},"content":{"rendered":"<p>Ter\u00e7a-feira, 05 de julho de 2022.<\/p>\n<p>&nbsp;<\/p>\n<p>Evangelho (Mt 9,32-38)<\/p>\n<p>&nbsp;<\/p>\n<p><strong>\u201cVendo Jesus as multid\u00f5es, compadeceu-se delas\u201d<\/strong><\/p>\n<p>&nbsp;<\/p>\n<p>Naquele tempo, <sup>32<\/sup>apresentaram a Jesus um homem mudo, que estava possu\u00eddo pelo dem\u00f4nio. <sup>33<\/sup>Quando o dem\u00f4nio foi expulso, o mudo come\u00e7ou a falar. As multid\u00f5es ficaram admiradas e diziam: \u201cNunca se viu coisa igual em Israel\u201d. <sup>34<\/sup>Os fariseus, por\u00e9m, diziam: \u201c\u00c9 pelo chefe dos dem\u00f4nios que ele expulsa os dem\u00f4nios\u201d. <sup>35<\/sup>Jesus percorria todas as cidades e povoados, ensinando em suas sinagogas, pregando o Evangelho do Reino, e curando todo o tipo de doen\u00e7a e enfermidade. <sup>36<\/sup>Vendo Jesus as multid\u00f5es, compadeceu-se delas, porque estavam cansadas e abatidas, como ovelhas que n\u00e3o t\u00eam pastor. Ent\u00e3o disse a seus disc\u00edpulos: <sup>37<\/sup>\u201cA messe \u00e9 grande, mas os trabalhadores s\u00e3o poucos. <sup>38<\/sup>Pedi pois ao dono da messe que envie trabalhadores para a sua colheita!\u201d<\/p>\n<p>&nbsp;<\/p>\n<p><strong>Reflex\u00e3o<\/strong><\/p>\n<p>&nbsp;<\/p>\n<p>As obras de Deus estiveram sempre acompanhadas por estas duas atitudes: acolhimento ou cr\u00edtica destrutiva. Tamb\u00e9m nos tempos de hoje isso acontece. E n\u00e3o podia ser pior quando a cr\u00edtica acontece \u201cdentro de casa\u201d. A atitude com a inten\u00e7\u00e3o de destruir n\u00e3o vem s\u00f3 de longe, mas principalmente de perto. Mas n\u00e3o precisamos falar s\u00f3 da Igreja, tamb\u00e9m outros \u00e2mbitos isso acontece. Principalmente no ambiente de trabalho, na fam\u00edlia, tamb\u00e9m estes n\u00e3o est\u00e3o livres deste tipo de doen\u00e7a. \u00c9 a l\u00f3gica da cr\u00edtica destrutiva que faz surgir a maldade onde tudo poderia ser mais sadio. Mas se analisarmos bem esta \u201cdoen\u00e7a\u201d, n\u00e3o precisaria de muito esfor\u00e7o para perceber que este tipo de cr\u00edtica nasce da nossa inveja e do nosso ci\u00fame. Enquanto ocupamos nosso tempo com \u201ca\u00e7\u00f5es destrutivas\u201d, muitas outras coisas de bem deixam de serem feitas. Bem reconhece isso Jesus quanto sente que uma multid\u00e3o vive como \u201covelhas que n\u00e3o tem pastor\u201d. Se cada um de n\u00f3s estivesse disposto a submeter-se a uma verdadeira convers\u00e3o, certamente ocupar\u00edamos mais o tempo em fazer o bem e n\u00e3o perder\u00edamos tempo em praticar certas \u201cmaldades\u201d que destroem a vida, a miss\u00e3o, a felicidade e a realiza\u00e7\u00e3o do outro.<\/p>\n<p>&nbsp;<\/p>\n<p>&nbsp;<\/p>\n<p><strong>Pe. Paulo Eduardo J\u00e1como, SDB.<\/strong><\/p>\n","protected":false},"excerpt":{"rendered":"<p>Ter\u00e7a-feira, 05 de julho de 2022. &nbsp; Evangelho (Mt 9,32-38) &nbsp; \u201cVendo Jesus as multid\u00f5es, compadeceu-se delas\u201d &nbsp; Naquele tempo, 32apresentaram a Jesus um homem&#8230;<\/p>\n","protected":false},"author":6,"featured_media":4866,"comment_status":"closed","ping_status":"closed","sticky":false,"template":"","format":"standard","meta":{"_acf_changed":false,"footnotes":""},"categories":[13],"tags":[],"class_list":["post-4864","post","type-post","status-publish","format-standard","has-post-thumbnail","hentry","category-reflexaodoevagelho"],"acf":[],"yoast_head":"<!-- This site is optimized with the Yoast SEO plugin v27.3 - https:\/\/yoast.com\/product\/yoast-seo-wordpress\/ -->\n<title>05\/07 - Vendo Jesus as multid\u00f5es, compadeceu-se delas. - Pastoral Universit\u00e1ria UniSALESIANO<\/title>\n<meta name=\"robots\" content=\"index, follow, max-snippet:-1, max-image-preview:large, max-video-preview:-1\" \/>\n<link rel=\"canonical\" href=\"https:\/\/unisale.com.br\/novo\/05-07-vendo-jesus-as-multidoes-compadeceu-se-delas\/\" \/>\n<meta property=\"og:locale\" content=\"pt_BR\" \/>\n<meta property=\"og:type\" content=\"article\" \/>\n<meta property=\"og:title\" content=\"05\/07 - Vendo Jesus as multid\u00f5es, compadeceu-se delas. - Pastoral Universit\u00e1ria UniSALESIANO\" \/>\n<meta property=\"og:description\" content=\"Ter\u00e7a-feira, 05 de julho de 2022. &nbsp; Evangelho (Mt 9,32-38) &nbsp; \u201cVendo Jesus as multid\u00f5es, compadeceu-se delas\u201d &nbsp; Naquele tempo, 32apresentaram a Jesus um homem...\" \/>\n<meta property=\"og:url\" content=\"https:\/\/unisale.com.br\/novo\/05-07-vendo-jesus-as-multidoes-compadeceu-se-delas\/\" \/>\n<meta property=\"og:site_name\" content=\"Pastoral Universit\u00e1ria UniSALESIANO\" \/>\n<meta property=\"article:published_time\" content=\"2022-06-29T11:03:33+00:00\" \/>\n<meta property=\"article:modified_time\" content=\"2022-06-29T11:04:32+00:00\" \/>\n<meta property=\"og:image\" content=\"https:\/\/unisale.com.br\/novo\/wp-content\/uploads\/2022\/06\/Ev-05-1.jpg\" \/>\n\t<meta property=\"og:image:width\" content=\"680\" \/>\n\t<meta property=\"og:image:height\" content=\"453\" \/>\n\t<meta property=\"og:image:type\" content=\"image\/jpeg\" \/>\n<meta name=\"author\" content=\"Luiz Alexandre Marinho Lanzoni\" \/>\n<meta name=\"twitter:card\" content=\"summary_large_image\" \/>\n<meta name=\"twitter:label1\" content=\"Escrito por\" \/>\n\t<meta name=\"twitter:data1\" content=\"Luiz Alexandre Marinho Lanzoni\" \/>\n\t<meta name=\"twitter:label2\" content=\"Est. tempo de leitura\" \/>\n\t<meta name=\"twitter:data2\" content=\"2 minutos\" \/>\n<script type=\"application\/ld+json\" class=\"yoast-schema-graph\">{\"@context\":\"https:\\\/\\\/schema.org\",\"@graph\":[{\"@type\":\"Article\",\"@id\":\"https:\\\/\\\/unisale.com.br\\\/novo\\\/05-07-vendo-jesus-as-multidoes-compadeceu-se-delas\\\/#article\",\"isPartOf\":{\"@id\":\"https:\\\/\\\/unisale.com.br\\\/novo\\\/05-07-vendo-jesus-as-multidoes-compadeceu-se-delas\\\/\"},\"author\":{\"name\":\"Luiz Alexandre Marinho Lanzoni\",\"@id\":\"https:\\\/\\\/unisale.com.br\\\/pastoral\\\/#\\\/schema\\\/person\\\/492d3d7bfe53a8302576d39485aff2c4\"},\"headline\":\"05\\\/07 &#8211; Vendo Jesus as multid\u00f5es, compadeceu-se delas.\",\"datePublished\":\"2022-06-29T11:03:33+00:00\",\"dateModified\":\"2022-06-29T11:04:32+00:00\",\"mainEntityOfPage\":{\"@id\":\"https:\\\/\\\/unisale.com.br\\\/novo\\\/05-07-vendo-jesus-as-multidoes-compadeceu-se-delas\\\/\"},\"wordCount\":395,\"image\":{\"@id\":\"https:\\\/\\\/unisale.com.br\\\/novo\\\/05-07-vendo-jesus-as-multidoes-compadeceu-se-delas\\\/#primaryimage\"},\"thumbnailUrl\":\"https:\\\/\\\/unisale.com.br\\\/pastoral\\\/wp-content\\\/uploads\\\/2022\\\/06\\\/Ev-05-1.jpg\",\"articleSection\":[\"Reflex\u00e3o do Evangelho\"],\"inLanguage\":\"pt-BR\"},{\"@type\":\"WebPage\",\"@id\":\"https:\\\/\\\/unisale.com.br\\\/novo\\\/05-07-vendo-jesus-as-multidoes-compadeceu-se-delas\\\/\",\"url\":\"https:\\\/\\\/unisale.com.br\\\/novo\\\/05-07-vendo-jesus-as-multidoes-compadeceu-se-delas\\\/\",\"name\":\"05\\\/07 - Vendo Jesus as multid\u00f5es, compadeceu-se delas. - Pastoral Universit\u00e1ria UniSALESIANO\",\"isPartOf\":{\"@id\":\"https:\\\/\\\/unisale.com.br\\\/pastoral\\\/#website\"},\"primaryImageOfPage\":{\"@id\":\"https:\\\/\\\/unisale.com.br\\\/novo\\\/05-07-vendo-jesus-as-multidoes-compadeceu-se-delas\\\/#primaryimage\"},\"image\":{\"@id\":\"https:\\\/\\\/unisale.com.br\\\/novo\\\/05-07-vendo-jesus-as-multidoes-compadeceu-se-delas\\\/#primaryimage\"},\"thumbnailUrl\":\"https:\\\/\\\/unisale.com.br\\\/pastoral\\\/wp-content\\\/uploads\\\/2022\\\/06\\\/Ev-05-1.jpg\",\"datePublished\":\"2022-06-29T11:03:33+00:00\",\"dateModified\":\"2022-06-29T11:04:32+00:00\",\"author\":{\"@id\":\"https:\\\/\\\/unisale.com.br\\\/pastoral\\\/#\\\/schema\\\/person\\\/492d3d7bfe53a8302576d39485aff2c4\"},\"inLanguage\":\"pt-BR\",\"potentialAction\":[{\"@type\":\"ReadAction\",\"target\":[\"https:\\\/\\\/unisale.com.br\\\/novo\\\/05-07-vendo-jesus-as-multidoes-compadeceu-se-delas\\\/\"]}]},{\"@type\":\"ImageObject\",\"inLanguage\":\"pt-BR\",\"@id\":\"https:\\\/\\\/unisale.com.br\\\/novo\\\/05-07-vendo-jesus-as-multidoes-compadeceu-se-delas\\\/#primaryimage\",\"url\":\"https:\\\/\\\/unisale.com.br\\\/pastoral\\\/wp-content\\\/uploads\\\/2022\\\/06\\\/Ev-05-1.jpg\",\"contentUrl\":\"https:\\\/\\\/unisale.com.br\\\/pastoral\\\/wp-content\\\/uploads\\\/2022\\\/06\\\/Ev-05-1.jpg\",\"width\":680,\"height\":453},{\"@type\":\"WebSite\",\"@id\":\"https:\\\/\\\/unisale.com.br\\\/pastoral\\\/#website\",\"url\":\"https:\\\/\\\/unisale.com.br\\\/pastoral\\\/\",\"name\":\"Pastoral Universit\u00e1ria UniSALESIANO\",\"description\":\"Site da Pastoral Universit\u00e1ria do UniSALESIANO\",\"potentialAction\":[{\"@type\":\"SearchAction\",\"target\":{\"@type\":\"EntryPoint\",\"urlTemplate\":\"https:\\\/\\\/unisale.com.br\\\/pastoral\\\/?s={search_term_string}\"},\"query-input\":{\"@type\":\"PropertyValueSpecification\",\"valueRequired\":true,\"valueName\":\"search_term_string\"}}],\"inLanguage\":\"pt-BR\"},{\"@type\":\"Person\",\"@id\":\"https:\\\/\\\/unisale.com.br\\\/pastoral\\\/#\\\/schema\\\/person\\\/492d3d7bfe53a8302576d39485aff2c4\",\"name\":\"Luiz Alexandre Marinho Lanzoni\",\"url\":\"https:\\\/\\\/unisale.com.br\\\/pastoral\\\/author\\\/luiz\\\/\"}]}<\/script>\n<!-- \/ Yoast SEO plugin. -->","yoast_head_json":{"title":"05\/07 - Vendo Jesus as multid\u00f5es, compadeceu-se delas. - Pastoral Universit\u00e1ria UniSALESIANO","robots":{"index":"index","follow":"follow","max-snippet":"max-snippet:-1","max-image-preview":"max-image-preview:large","max-video-preview":"max-video-preview:-1"},"canonical":"https:\/\/unisale.com.br\/novo\/05-07-vendo-jesus-as-multidoes-compadeceu-se-delas\/","og_locale":"pt_BR","og_type":"article","og_title":"05\/07 - Vendo Jesus as multid\u00f5es, compadeceu-se delas. - Pastoral Universit\u00e1ria UniSALESIANO","og_description":"Ter\u00e7a-feira, 05 de julho de 2022. &nbsp; Evangelho (Mt 9,32-38) &nbsp; \u201cVendo Jesus as multid\u00f5es, compadeceu-se delas\u201d &nbsp; Naquele tempo, 32apresentaram a Jesus um homem...","og_url":"https:\/\/unisale.com.br\/novo\/05-07-vendo-jesus-as-multidoes-compadeceu-se-delas\/","og_site_name":"Pastoral Universit\u00e1ria UniSALESIANO","article_published_time":"2022-06-29T11:03:33+00:00","article_modified_time":"2022-06-29T11:04:32+00:00","og_image":[{"width":680,"height":453,"url":"https:\/\/unisale.com.br\/novo\/wp-content\/uploads\/2022\/06\/Ev-05-1.jpg","type":"image\/jpeg"}],"author":"Luiz Alexandre Marinho Lanzoni","twitter_card":"summary_large_image","twitter_misc":{"Escrito por":"Luiz Alexandre Marinho Lanzoni","Est. tempo de leitura":"2 minutos"},"schema":{"@context":"https:\/\/schema.org","@graph":[{"@type":"Article","@id":"https:\/\/unisale.com.br\/novo\/05-07-vendo-jesus-as-multidoes-compadeceu-se-delas\/#article","isPartOf":{"@id":"https:\/\/unisale.com.br\/novo\/05-07-vendo-jesus-as-multidoes-compadeceu-se-delas\/"},"author":{"name":"Luiz Alexandre Marinho Lanzoni","@id":"https:\/\/unisale.com.br\/pastoral\/#\/schema\/person\/492d3d7bfe53a8302576d39485aff2c4"},"headline":"05\/07 &#8211; Vendo Jesus as multid\u00f5es, compadeceu-se delas.","datePublished":"2022-06-29T11:03:33+00:00","dateModified":"2022-06-29T11:04:32+00:00","mainEntityOfPage":{"@id":"https:\/\/unisale.com.br\/novo\/05-07-vendo-jesus-as-multidoes-compadeceu-se-delas\/"},"wordCount":395,"image":{"@id":"https:\/\/unisale.com.br\/novo\/05-07-vendo-jesus-as-multidoes-compadeceu-se-delas\/#primaryimage"},"thumbnailUrl":"https:\/\/unisale.com.br\/pastoral\/wp-content\/uploads\/2022\/06\/Ev-05-1.jpg","articleSection":["Reflex\u00e3o do Evangelho"],"inLanguage":"pt-BR"},{"@type":"WebPage","@id":"https:\/\/unisale.com.br\/novo\/05-07-vendo-jesus-as-multidoes-compadeceu-se-delas\/","url":"https:\/\/unisale.com.br\/novo\/05-07-vendo-jesus-as-multidoes-compadeceu-se-delas\/","name":"05\/07 - Vendo Jesus as multid\u00f5es, compadeceu-se delas. - Pastoral Universit\u00e1ria UniSALESIANO","isPartOf":{"@id":"https:\/\/unisale.com.br\/pastoral\/#website"},"primaryImageOfPage":{"@id":"https:\/\/unisale.com.br\/novo\/05-07-vendo-jesus-as-multidoes-compadeceu-se-delas\/#primaryimage"},"image":{"@id":"https:\/\/unisale.com.br\/novo\/05-07-vendo-jesus-as-multidoes-compadeceu-se-delas\/#primaryimage"},"thumbnailUrl":"https:\/\/unisale.com.br\/pastoral\/wp-content\/uploads\/2022\/06\/Ev-05-1.jpg","datePublished":"2022-06-29T11:03:33+00:00","dateModified":"2022-06-29T11:04:32+00:00","author":{"@id":"https:\/\/unisale.com.br\/pastoral\/#\/schema\/person\/492d3d7bfe53a8302576d39485aff2c4"},"inLanguage":"pt-BR","potentialAction":[{"@type":"ReadAction","target":["https:\/\/unisale.com.br\/novo\/05-07-vendo-jesus-as-multidoes-compadeceu-se-delas\/"]}]},{"@type":"ImageObject","inLanguage":"pt-BR","@id":"https:\/\/unisale.com.br\/novo\/05-07-vendo-jesus-as-multidoes-compadeceu-se-delas\/#primaryimage","url":"https:\/\/unisale.com.br\/pastoral\/wp-content\/uploads\/2022\/06\/Ev-05-1.jpg","contentUrl":"https:\/\/unisale.com.br\/pastoral\/wp-content\/uploads\/2022\/06\/Ev-05-1.jpg","width":680,"height":453},{"@type":"WebSite","@id":"https:\/\/unisale.com.br\/pastoral\/#website","url":"https:\/\/unisale.com.br\/pastoral\/","name":"Pastoral Universit\u00e1ria UniSALESIANO","description":"Site da Pastoral Universit\u00e1ria do UniSALESIANO","potentialAction":[{"@type":"SearchAction","target":{"@type":"EntryPoint","urlTemplate":"https:\/\/unisale.com.br\/pastoral\/?s={search_term_string}"},"query-input":{"@type":"PropertyValueSpecification","valueRequired":true,"valueName":"search_term_string"}}],"inLanguage":"pt-BR"},{"@type":"Person","@id":"https:\/\/unisale.com.br\/pastoral\/#\/schema\/person\/492d3d7bfe53a8302576d39485aff2c4","name":"Luiz Alexandre Marinho Lanzoni","url":"https:\/\/unisale.com.br\/pastoral\/author\/luiz\/"}]}},"_links":{"self":[{"href":"https:\/\/unisale.com.br\/pastoral\/wp-json\/wp\/v2\/posts\/4864","targetHints":{"allow":["GET"]}}],"collection":[{"href":"https:\/\/unisale.com.br\/pastoral\/wp-json\/wp\/v2\/posts"}],"about":[{"href":"https:\/\/unisale.com.br\/pastoral\/wp-json\/wp\/v2\/types\/post"}],"author":[{"embeddable":true,"href":"https:\/\/unisale.com.br\/pastoral\/wp-json\/wp\/v2\/users\/6"}],"replies":[{"embeddable":true,"href":"https:\/\/unisale.com.br\/pastoral\/wp-json\/wp\/v2\/comments?post=4864"}],"version-history":[{"count":0,"href":"https:\/\/unisale.com.br\/pastoral\/wp-json\/wp\/v2\/posts\/4864\/revisions"}],"wp:featuredmedia":[{"embeddable":true,"href":"https:\/\/unisale.com.br\/pastoral\/wp-json\/wp\/v2\/media\/4866"}],"wp:attachment":[{"href":"https:\/\/unisale.com.br\/pastoral\/wp-json\/wp\/v2\/media?parent=4864"}],"wp:term":[{"taxonomy":"category","embeddable":true,"href":"https:\/\/unisale.com.br\/pastoral\/wp-json\/wp\/v2\/categories?post=4864"},{"taxonomy":"post_tag","embeddable":true,"href":"https:\/\/unisale.com.br\/pastoral\/wp-json\/wp\/v2\/tags?post=4864"}],"curies":[{"name":"wp","href":"https:\/\/api.w.org\/{rel}","templated":true}]}}