{"id":4891,"date":"2022-06-29T11:26:20","date_gmt":"2022-06-29T11:26:20","guid":{"rendered":"https:\/\/unisale.com.br\/pastoral\/?p=4891"},"modified":"2022-06-29T11:26:20","modified_gmt":"2022-06-29T11:26:20","slug":"13-07-ninguem-conhece-o-pai-senao-o-filho-e-aquele-a-quem-o-filho-quiser-revelar","status":"publish","type":"post","link":"https:\/\/unisale.com.br\/pastoral\/13-07-ninguem-conhece-o-pai-senao-o-filho-e-aquele-a-quem-o-filho-quiser-revelar\/","title":{"rendered":"13\/07 &#8211; &#8230;ningu\u00e9m conhece o Pai, sen\u00e3o o Filho e aquele a quem o Filho quiser revelar."},"content":{"rendered":"<p>Quarta-feira, 13 de julho de 2022.<\/p>\n<p>&nbsp;<\/p>\n<p>Evangelho (Mt 11,25-27)<\/p>\n<p>&nbsp;<\/p>\n<p><strong>\u201c&#8230;ningu\u00e9m conhece o Pai, sen\u00e3o o Filho e aquele a quem o Filho quiser revelar\u201d<\/strong><\/p>\n<p>&nbsp;<\/p>\n<p><sup>25<\/sup>Naquele tempo, Jesus p\u00f4s-se a dizer: \u201cEu te louvo, \u00f3 Pai, Senhor do c\u00e9u e da terra, porque escondeste estas coisas aos s\u00e1bios e entendidos e as revelaste aos pequeninos. <sup>26<\/sup>Sim, Pai, porque assim foi do teu agrado. <sup>27<\/sup>Tudo me foi entregue por meu Pai, e ningu\u00e9m conhece o Filho, sen\u00e3o o Pai, e ningu\u00e9m conhece o Pai, sen\u00e3o o Filho e aquele a quem o Filho o quiser revelar\u201d<\/p>\n<p>&nbsp;<\/p>\n<p>&nbsp;<\/p>\n<p><strong>Reflex\u00e3o<\/strong><\/p>\n<p>&nbsp;<\/p>\n<p>No evangelho de hoje Jesus deixa claro quem s\u00e3o os seus preferidos: os simples, os \u2018pequenos\u2019. Jesus n\u00e3o fala aqui somente das crian\u00e7as, mas de todos aqueles que renunciam complicar a vida ficando com aquilo com \u00e9 essencial. A estas pessoas Deus n\u00e3o tem receio de comunicar os seus planos. Esta simplicidade \u00e9 fruto de uma educa\u00e7\u00e3o interior. A educa\u00e7\u00e3o interior \u00e9 a arte atrav\u00e9s da qual n\u00f3s aprendemos a simplificar as coisas, permanecendo com o que \u00e9 essencial. A pessoa simples n\u00e3o se at\u00e9m \u00e0s banalidades, mas \u00e0quilo que \u00e9 essencial. Estas pessoas percebem aquilo que \u00e9 central na vida e n\u00e3o se perdem em racioc\u00ednios il\u00f3gicos. A Deus se conquista n\u00e3o com complexidades, mas com a simplicidade do cora\u00e7\u00e3o. \u00c9 o simples que possui a capacidade de se deixar levar por Jesus ao conhecimento do Pai. Quem \u00e9 simples confia em Jesus. Quem \u00e9 simples em pr\u00e1tica reza e sabe que a ora\u00e7\u00e3o \u00e9 arte de ser simples. A ora\u00e7\u00e3o \u00e9 o contr\u00e1rio das preocupa\u00e7\u00f5es. Ali\u00e1s, quem \u00e9 simples sabe que as nossas preocupa\u00e7\u00f5es devem ser levadas \u00e0 sua ora\u00e7\u00e3o confiante, depositando tudo nas m\u00e3os de Jesus. O simples se apoia na for\u00e7a de Deus, os que pelo contr\u00e1rio julgam ser grandes, se apoiam no poder, na for\u00e7a, na intelig\u00eancia, julgando que tudo isso tem sua origem neles e que \u00e9 algo que podem usar pelo seu benef\u00edcio, n\u00e3o uma d\u00e1diva que devem colocar a servi\u00e7o dos outros, fracassam miseravelmente e n\u00e3o participam da sabedoria de Deus, na revela\u00e7\u00e3o do rosto do Pai que cuida de todos os que confiam n\u2019Ele.<\/p>\n<p>&nbsp;<\/p>\n<p>&nbsp;<\/p>\n<p><strong>Pe. Paulo Eduardo J\u00e1como, SDB.<\/strong><\/p>\n","protected":false},"excerpt":{"rendered":"<p>Quarta-feira, 13 de julho de 2022. &nbsp; Evangelho (Mt 11,25-27) &nbsp; \u201c&#8230;ningu\u00e9m conhece o Pai, sen\u00e3o o Filho e aquele a quem o Filho quiser&#8230;<\/p>\n","protected":false},"author":6,"featured_media":4889,"comment_status":"closed","ping_status":"closed","sticky":false,"template":"","format":"standard","meta":{"_acf_changed":false,"footnotes":""},"categories":[13],"tags":[],"class_list":["post-4891","post","type-post","status-publish","format-standard","has-post-thumbnail","hentry","category-reflexaodoevagelho"],"acf":[],"yoast_head":"<!-- This site is optimized with the Yoast SEO plugin v27.3 - https:\/\/yoast.com\/product\/yoast-seo-wordpress\/ -->\n<title>13\/07 - ...ningu\u00e9m conhece o Pai, sen\u00e3o o Filho e aquele a quem o Filho quiser revelar. - Pastoral Universit\u00e1ria UniSALESIANO<\/title>\n<meta name=\"robots\" content=\"index, follow, max-snippet:-1, max-image-preview:large, max-video-preview:-1\" \/>\n<link rel=\"canonical\" href=\"https:\/\/unisale.com.br\/novo\/13-07-ninguem-conhece-o-pai-senao-o-filho-e-aquele-a-quem-o-filho-quiser-revelar\/\" \/>\n<meta property=\"og:locale\" content=\"pt_BR\" \/>\n<meta property=\"og:type\" content=\"article\" \/>\n<meta property=\"og:title\" content=\"13\/07 - ...ningu\u00e9m conhece o Pai, sen\u00e3o o Filho e aquele a quem o Filho quiser revelar. - Pastoral Universit\u00e1ria UniSALESIANO\" \/>\n<meta property=\"og:description\" content=\"Quarta-feira, 13 de julho de 2022. &nbsp; Evangelho (Mt 11,25-27) &nbsp; \u201c&#8230;ningu\u00e9m conhece o Pai, sen\u00e3o o Filho e aquele a quem o Filho quiser...\" \/>\n<meta property=\"og:url\" content=\"https:\/\/unisale.com.br\/novo\/13-07-ninguem-conhece-o-pai-senao-o-filho-e-aquele-a-quem-o-filho-quiser-revelar\/\" \/>\n<meta property=\"og:site_name\" content=\"Pastoral Universit\u00e1ria UniSALESIANO\" \/>\n<meta property=\"article:published_time\" content=\"2022-06-29T11:26:20+00:00\" \/>\n<meta property=\"og:image\" content=\"https:\/\/unisale.com.br\/novo\/wp-content\/uploads\/2022\/06\/Ev-13.jpg\" \/>\n\t<meta property=\"og:image:width\" content=\"1280\" \/>\n\t<meta property=\"og:image:height\" content=\"860\" \/>\n\t<meta property=\"og:image:type\" content=\"image\/jpeg\" \/>\n<meta name=\"author\" content=\"Luiz Alexandre Marinho Lanzoni\" \/>\n<meta name=\"twitter:card\" content=\"summary_large_image\" \/>\n<meta name=\"twitter:label1\" content=\"Escrito por\" \/>\n\t<meta name=\"twitter:data1\" content=\"Luiz Alexandre Marinho Lanzoni\" \/>\n\t<meta name=\"twitter:label2\" content=\"Est. tempo de leitura\" \/>\n\t<meta name=\"twitter:data2\" content=\"2 minutos\" \/>\n<script type=\"application\/ld+json\" class=\"yoast-schema-graph\">{\"@context\":\"https:\\\/\\\/schema.org\",\"@graph\":[{\"@type\":\"Article\",\"@id\":\"https:\\\/\\\/unisale.com.br\\\/novo\\\/13-07-ninguem-conhece-o-pai-senao-o-filho-e-aquele-a-quem-o-filho-quiser-revelar\\\/#article\",\"isPartOf\":{\"@id\":\"https:\\\/\\\/unisale.com.br\\\/novo\\\/13-07-ninguem-conhece-o-pai-senao-o-filho-e-aquele-a-quem-o-filho-quiser-revelar\\\/\"},\"author\":{\"name\":\"Luiz Alexandre Marinho Lanzoni\",\"@id\":\"https:\\\/\\\/unisale.com.br\\\/pastoral\\\/#\\\/schema\\\/person\\\/492d3d7bfe53a8302576d39485aff2c4\"},\"headline\":\"13\\\/07 &#8211; &#8230;ningu\u00e9m conhece o Pai, sen\u00e3o o Filho e aquele a quem o Filho quiser revelar.\",\"datePublished\":\"2022-06-29T11:26:20+00:00\",\"mainEntityOfPage\":{\"@id\":\"https:\\\/\\\/unisale.com.br\\\/novo\\\/13-07-ninguem-conhece-o-pai-senao-o-filho-e-aquele-a-quem-o-filho-quiser-revelar\\\/\"},\"wordCount\":418,\"image\":{\"@id\":\"https:\\\/\\\/unisale.com.br\\\/novo\\\/13-07-ninguem-conhece-o-pai-senao-o-filho-e-aquele-a-quem-o-filho-quiser-revelar\\\/#primaryimage\"},\"thumbnailUrl\":\"https:\\\/\\\/unisale.com.br\\\/pastoral\\\/wp-content\\\/uploads\\\/2022\\\/06\\\/Ev-13.jpg\",\"articleSection\":[\"Reflex\u00e3o do Evangelho\"],\"inLanguage\":\"pt-BR\"},{\"@type\":\"WebPage\",\"@id\":\"https:\\\/\\\/unisale.com.br\\\/novo\\\/13-07-ninguem-conhece-o-pai-senao-o-filho-e-aquele-a-quem-o-filho-quiser-revelar\\\/\",\"url\":\"https:\\\/\\\/unisale.com.br\\\/novo\\\/13-07-ninguem-conhece-o-pai-senao-o-filho-e-aquele-a-quem-o-filho-quiser-revelar\\\/\",\"name\":\"13\\\/07 - ...ningu\u00e9m conhece o Pai, sen\u00e3o o Filho e aquele a quem o Filho quiser revelar. - Pastoral Universit\u00e1ria UniSALESIANO\",\"isPartOf\":{\"@id\":\"https:\\\/\\\/unisale.com.br\\\/pastoral\\\/#website\"},\"primaryImageOfPage\":{\"@id\":\"https:\\\/\\\/unisale.com.br\\\/novo\\\/13-07-ninguem-conhece-o-pai-senao-o-filho-e-aquele-a-quem-o-filho-quiser-revelar\\\/#primaryimage\"},\"image\":{\"@id\":\"https:\\\/\\\/unisale.com.br\\\/novo\\\/13-07-ninguem-conhece-o-pai-senao-o-filho-e-aquele-a-quem-o-filho-quiser-revelar\\\/#primaryimage\"},\"thumbnailUrl\":\"https:\\\/\\\/unisale.com.br\\\/pastoral\\\/wp-content\\\/uploads\\\/2022\\\/06\\\/Ev-13.jpg\",\"datePublished\":\"2022-06-29T11:26:20+00:00\",\"author\":{\"@id\":\"https:\\\/\\\/unisale.com.br\\\/pastoral\\\/#\\\/schema\\\/person\\\/492d3d7bfe53a8302576d39485aff2c4\"},\"inLanguage\":\"pt-BR\",\"potentialAction\":[{\"@type\":\"ReadAction\",\"target\":[\"https:\\\/\\\/unisale.com.br\\\/novo\\\/13-07-ninguem-conhece-o-pai-senao-o-filho-e-aquele-a-quem-o-filho-quiser-revelar\\\/\"]}]},{\"@type\":\"ImageObject\",\"inLanguage\":\"pt-BR\",\"@id\":\"https:\\\/\\\/unisale.com.br\\\/novo\\\/13-07-ninguem-conhece-o-pai-senao-o-filho-e-aquele-a-quem-o-filho-quiser-revelar\\\/#primaryimage\",\"url\":\"https:\\\/\\\/unisale.com.br\\\/pastoral\\\/wp-content\\\/uploads\\\/2022\\\/06\\\/Ev-13.jpg\",\"contentUrl\":\"https:\\\/\\\/unisale.com.br\\\/pastoral\\\/wp-content\\\/uploads\\\/2022\\\/06\\\/Ev-13.jpg\",\"width\":744,\"height\":500},{\"@type\":\"WebSite\",\"@id\":\"https:\\\/\\\/unisale.com.br\\\/pastoral\\\/#website\",\"url\":\"https:\\\/\\\/unisale.com.br\\\/pastoral\\\/\",\"name\":\"Pastoral Universit\u00e1ria UniSALESIANO\",\"description\":\"Site da Pastoral Universit\u00e1ria do UniSALESIANO\",\"potentialAction\":[{\"@type\":\"SearchAction\",\"target\":{\"@type\":\"EntryPoint\",\"urlTemplate\":\"https:\\\/\\\/unisale.com.br\\\/pastoral\\\/?s={search_term_string}\"},\"query-input\":{\"@type\":\"PropertyValueSpecification\",\"valueRequired\":true,\"valueName\":\"search_term_string\"}}],\"inLanguage\":\"pt-BR\"},{\"@type\":\"Person\",\"@id\":\"https:\\\/\\\/unisale.com.br\\\/pastoral\\\/#\\\/schema\\\/person\\\/492d3d7bfe53a8302576d39485aff2c4\",\"name\":\"Luiz Alexandre Marinho Lanzoni\",\"url\":\"https:\\\/\\\/unisale.com.br\\\/pastoral\\\/author\\\/luiz\\\/\"}]}<\/script>\n<!-- \/ Yoast SEO plugin. -->","yoast_head_json":{"title":"13\/07 - ...ningu\u00e9m conhece o Pai, sen\u00e3o o Filho e aquele a quem o Filho quiser revelar. - Pastoral Universit\u00e1ria UniSALESIANO","robots":{"index":"index","follow":"follow","max-snippet":"max-snippet:-1","max-image-preview":"max-image-preview:large","max-video-preview":"max-video-preview:-1"},"canonical":"https:\/\/unisale.com.br\/novo\/13-07-ninguem-conhece-o-pai-senao-o-filho-e-aquele-a-quem-o-filho-quiser-revelar\/","og_locale":"pt_BR","og_type":"article","og_title":"13\/07 - ...ningu\u00e9m conhece o Pai, sen\u00e3o o Filho e aquele a quem o Filho quiser revelar. - Pastoral Universit\u00e1ria UniSALESIANO","og_description":"Quarta-feira, 13 de julho de 2022. &nbsp; Evangelho (Mt 11,25-27) &nbsp; \u201c&#8230;ningu\u00e9m conhece o Pai, sen\u00e3o o Filho e aquele a quem o Filho quiser...","og_url":"https:\/\/unisale.com.br\/novo\/13-07-ninguem-conhece-o-pai-senao-o-filho-e-aquele-a-quem-o-filho-quiser-revelar\/","og_site_name":"Pastoral Universit\u00e1ria UniSALESIANO","article_published_time":"2022-06-29T11:26:20+00:00","og_image":[{"width":1280,"height":860,"url":"https:\/\/unisale.com.br\/novo\/wp-content\/uploads\/2022\/06\/Ev-13.jpg","type":"image\/jpeg"}],"author":"Luiz Alexandre Marinho Lanzoni","twitter_card":"summary_large_image","twitter_misc":{"Escrito por":"Luiz Alexandre Marinho Lanzoni","Est. tempo de leitura":"2 minutos"},"schema":{"@context":"https:\/\/schema.org","@graph":[{"@type":"Article","@id":"https:\/\/unisale.com.br\/novo\/13-07-ninguem-conhece-o-pai-senao-o-filho-e-aquele-a-quem-o-filho-quiser-revelar\/#article","isPartOf":{"@id":"https:\/\/unisale.com.br\/novo\/13-07-ninguem-conhece-o-pai-senao-o-filho-e-aquele-a-quem-o-filho-quiser-revelar\/"},"author":{"name":"Luiz Alexandre Marinho Lanzoni","@id":"https:\/\/unisale.com.br\/pastoral\/#\/schema\/person\/492d3d7bfe53a8302576d39485aff2c4"},"headline":"13\/07 &#8211; &#8230;ningu\u00e9m conhece o Pai, sen\u00e3o o Filho e aquele a quem o Filho quiser revelar.","datePublished":"2022-06-29T11:26:20+00:00","mainEntityOfPage":{"@id":"https:\/\/unisale.com.br\/novo\/13-07-ninguem-conhece-o-pai-senao-o-filho-e-aquele-a-quem-o-filho-quiser-revelar\/"},"wordCount":418,"image":{"@id":"https:\/\/unisale.com.br\/novo\/13-07-ninguem-conhece-o-pai-senao-o-filho-e-aquele-a-quem-o-filho-quiser-revelar\/#primaryimage"},"thumbnailUrl":"https:\/\/unisale.com.br\/pastoral\/wp-content\/uploads\/2022\/06\/Ev-13.jpg","articleSection":["Reflex\u00e3o do Evangelho"],"inLanguage":"pt-BR"},{"@type":"WebPage","@id":"https:\/\/unisale.com.br\/novo\/13-07-ninguem-conhece-o-pai-senao-o-filho-e-aquele-a-quem-o-filho-quiser-revelar\/","url":"https:\/\/unisale.com.br\/novo\/13-07-ninguem-conhece-o-pai-senao-o-filho-e-aquele-a-quem-o-filho-quiser-revelar\/","name":"13\/07 - ...ningu\u00e9m conhece o Pai, sen\u00e3o o Filho e aquele a quem o Filho quiser revelar. - Pastoral Universit\u00e1ria UniSALESIANO","isPartOf":{"@id":"https:\/\/unisale.com.br\/pastoral\/#website"},"primaryImageOfPage":{"@id":"https:\/\/unisale.com.br\/novo\/13-07-ninguem-conhece-o-pai-senao-o-filho-e-aquele-a-quem-o-filho-quiser-revelar\/#primaryimage"},"image":{"@id":"https:\/\/unisale.com.br\/novo\/13-07-ninguem-conhece-o-pai-senao-o-filho-e-aquele-a-quem-o-filho-quiser-revelar\/#primaryimage"},"thumbnailUrl":"https:\/\/unisale.com.br\/pastoral\/wp-content\/uploads\/2022\/06\/Ev-13.jpg","datePublished":"2022-06-29T11:26:20+00:00","author":{"@id":"https:\/\/unisale.com.br\/pastoral\/#\/schema\/person\/492d3d7bfe53a8302576d39485aff2c4"},"inLanguage":"pt-BR","potentialAction":[{"@type":"ReadAction","target":["https:\/\/unisale.com.br\/novo\/13-07-ninguem-conhece-o-pai-senao-o-filho-e-aquele-a-quem-o-filho-quiser-revelar\/"]}]},{"@type":"ImageObject","inLanguage":"pt-BR","@id":"https:\/\/unisale.com.br\/novo\/13-07-ninguem-conhece-o-pai-senao-o-filho-e-aquele-a-quem-o-filho-quiser-revelar\/#primaryimage","url":"https:\/\/unisale.com.br\/pastoral\/wp-content\/uploads\/2022\/06\/Ev-13.jpg","contentUrl":"https:\/\/unisale.com.br\/pastoral\/wp-content\/uploads\/2022\/06\/Ev-13.jpg","width":744,"height":500},{"@type":"WebSite","@id":"https:\/\/unisale.com.br\/pastoral\/#website","url":"https:\/\/unisale.com.br\/pastoral\/","name":"Pastoral Universit\u00e1ria UniSALESIANO","description":"Site da Pastoral Universit\u00e1ria do UniSALESIANO","potentialAction":[{"@type":"SearchAction","target":{"@type":"EntryPoint","urlTemplate":"https:\/\/unisale.com.br\/pastoral\/?s={search_term_string}"},"query-input":{"@type":"PropertyValueSpecification","valueRequired":true,"valueName":"search_term_string"}}],"inLanguage":"pt-BR"},{"@type":"Person","@id":"https:\/\/unisale.com.br\/pastoral\/#\/schema\/person\/492d3d7bfe53a8302576d39485aff2c4","name":"Luiz Alexandre Marinho Lanzoni","url":"https:\/\/unisale.com.br\/pastoral\/author\/luiz\/"}]}},"_links":{"self":[{"href":"https:\/\/unisale.com.br\/pastoral\/wp-json\/wp\/v2\/posts\/4891","targetHints":{"allow":["GET"]}}],"collection":[{"href":"https:\/\/unisale.com.br\/pastoral\/wp-json\/wp\/v2\/posts"}],"about":[{"href":"https:\/\/unisale.com.br\/pastoral\/wp-json\/wp\/v2\/types\/post"}],"author":[{"embeddable":true,"href":"https:\/\/unisale.com.br\/pastoral\/wp-json\/wp\/v2\/users\/6"}],"replies":[{"embeddable":true,"href":"https:\/\/unisale.com.br\/pastoral\/wp-json\/wp\/v2\/comments?post=4891"}],"version-history":[{"count":0,"href":"https:\/\/unisale.com.br\/pastoral\/wp-json\/wp\/v2\/posts\/4891\/revisions"}],"wp:featuredmedia":[{"embeddable":true,"href":"https:\/\/unisale.com.br\/pastoral\/wp-json\/wp\/v2\/media\/4889"}],"wp:attachment":[{"href":"https:\/\/unisale.com.br\/pastoral\/wp-json\/wp\/v2\/media?parent=4891"}],"wp:term":[{"taxonomy":"category","embeddable":true,"href":"https:\/\/unisale.com.br\/pastoral\/wp-json\/wp\/v2\/categories?post=4891"},{"taxonomy":"post_tag","embeddable":true,"href":"https:\/\/unisale.com.br\/pastoral\/wp-json\/wp\/v2\/tags?post=4891"}],"curies":[{"name":"wp","href":"https:\/\/api.w.org\/{rel}","templated":true}]}}