{"id":4910,"date":"2022-07-26T14:26:26","date_gmt":"2022-07-26T14:26:26","guid":{"rendered":"https:\/\/unisale.com.br\/pastoral\/?p=4910"},"modified":"2022-07-26T14:26:26","modified_gmt":"2022-07-26T14:26:26","slug":"unisalesiano-retoma-voluntariado-missionario-com-viagem-para-aldeias-do-mato-grosso","status":"publish","type":"post","link":"https:\/\/unisale.com.br\/pastoral\/unisalesiano-retoma-voluntariado-missionario-com-viagem-para-aldeias-do-mato-grosso\/","title":{"rendered":"UniSALESIANO retoma \u201cVoluntariado Mission\u00e1rio\u201d com viagem para aldeias do Mato Grosso"},"content":{"rendered":"<h3><span style=\"font-size: 18pt;\">O retorno deste grande e importante projeto social est\u00e1 marcado para o dia 30 de junho de 2022<\/span><\/h3>\n<p>&nbsp;<\/p>\n<p>Desenvolver a\u00e7\u00f5es que contribuam com a melhoria da qualidade de vida do povo ind\u00edgena. Esse \u00e9 um dos principais objetivos do projeto do UniSALESIANO, intitulado\u00a0<strong>\u201cVoluntariado Mission\u00e1rio\u201d,<\/strong>\u00a0que acontece desde 2017, mas que foi interrompido nos anos de 2020 e 2021 por conta da pandemia da Covid-19.<\/p>\n<p>O retorno deste grande e importante projeto social est\u00e1 marcado para o dia 30 de junho de 2022, quando aproximadamente 30 pessoas, entre membros da Reitoria, Coordena\u00e7\u00f5es e corpo discente, viajar\u00e3o para as aldeias de Meruri e S\u00e3o Marcos, no Mato Grosso. A expedi\u00e7\u00e3o dever\u00e1 transcorrer at\u00e9 o dia 7 de julho.<\/p>\n<p>De acordo com uma das respons\u00e1veis pela organiza\u00e7\u00e3o do projeto, a<strong>\u00a0Prof\u00aa. Juliana Mitidiero<\/strong>, as atividades desenvolvidas com os povos Boe-Bororo e Xavante s\u00e3o focadas nas \u00e1reas da sa\u00fade, educa\u00e7\u00e3o e meio ambiente.<\/p>\n<p>\u201cAl\u00e9m disso, o nosso foco \u00e9 estreitar os la\u00e7os entre a comunidade acad\u00eamica e a diversidade cultural. \u00c9 uma mudan\u00e7a vista e vivida por todos que participam desse projeto\u201d, ressaltou.<\/p>\n<p><strong>ELEMENTOS<\/strong><\/p>\n<p>O\u00a0<strong>\u201cVoluntariado Mission\u00e1rio\u201d<\/strong>\u00a0tem como inspira\u00e7\u00e3o os elementos de identidade da IUS (Institui\u00e7\u00f5es Salesianas de Educa\u00e7\u00e3o Superior), como a transforma\u00e7\u00e3o positiva dentro de setores em vulnerabilidade social, criando, dessa forma, um ambiente rico de valores humanos, com di\u00e1logo interdisciplinar no contexto acad\u00eamico.<\/p>\n<p>A formata\u00e7\u00e3o do trabalho desenvolvido e promovido nas aldeias ind\u00edgenas \u00e9 dirigida pelo\u00a0<strong>Pe. Erondi Tamandar\u00e9, SDB, que \u00e9 Diretor-Geral do UniSALESIANO Ara\u00e7atuba<\/strong>, junto com a Pastoral Universit\u00e1ria, que tem como\u00a0<strong>Pr\u00f3-Reitor o Pe. Paulo J\u00e1como<\/strong>; e as\u00a0<strong>docentes Juliana Mitidiero (Coordenadora do Curso de Educa\u00e7\u00e3o F\u00edsica) e Mirella Justi (Coordenadora do Curso de Psicologia).<\/strong><\/p>\n<p>O\u00a0<strong>Pr\u00f3-Reitor de Ensino, Pesquisa e P\u00f3s-Gradua\u00e7\u00e3o, Prof. Andr\u00e9 Ornellas<\/strong>, lembra que a presen\u00e7a salesiana nas miss\u00f5es ind\u00edgenas existe h\u00e1 mais de 100 anos, com o objetivo de mostrar solidariedade e compromisso com os Boe-Bororo e Xavante da regi\u00e3o.<\/p>\n<p>\u201c\u00c9 um projeto amplo e o mais importante \u00e9 que o aluno veja a realidade que est\u00e1 t\u00e3o longe e, ao mesmo tempo, t\u00e3o perto. E que eles saibam que s\u00e3o parte dos salesianos que atuam para melhorar a vida dos \u00edndios, sem interferir na cultura deles\u201d, disse.<\/p>\n<p>Por sua vez, o\u00a0<strong>Diretor-Geral do UniSALESIANO Ara\u00e7atuba, Pe. Erondi Tamandar\u00e9, SDB<\/strong>, explica que o desenvolvimento humano n\u00e3o se d\u00e1 somente atrav\u00e9s da forma\u00e7\u00e3o formal, mas atrav\u00e9s de viv\u00eancias humanizantes, no qual experienciam as realidades da exist\u00eancia, potencializando para o desenvolvimento integral: intelectual, pr\u00e1tico, afetivo, espiritual e human\u00edstico.<\/p>\n<p>\u201cAssim, os trabalhos desenvolvidos nas aldeias ind\u00edgenas proporcionam a percep\u00e7\u00e3o que h\u00e1 uma diversidade de caracter\u00edsticas coexistentes na realidade, inclusive muito pr\u00f3ximo de n\u00f3s\u201d, concluiu.<\/p>\n<p>&nbsp;<\/p>\n\n\t\t<style type=\"text\/css\">\n\t\t\t#gallery-1 {\n\t\t\t\tmargin: auto;\n\t\t\t}\n\t\t\t#gallery-1 .gallery-item {\n\t\t\t\tfloat: left;\n\t\t\t\tmargin-top: 10px;\n\t\t\t\ttext-align: center;\n\t\t\t\twidth: 33%;\n\t\t\t}\n\t\t\t#gallery-1 img {\n\t\t\t\tborder: 2px solid #cfcfcf;\n\t\t\t}\n\t\t\t#gallery-1 .gallery-caption {\n\t\t\t\tmargin-left: 0;\n\t\t\t}\n\t\t\t\/* see gallery_shortcode() in wp-includes\/media.php *\/\n\t\t<\/style>\n\t\t<div id='gallery-1' class='gallery galleryid-4910 gallery-columns-3 gallery-size-large'><dl class='gallery-item'>\n\t\t\t<dt class='gallery-icon landscape'>\n\t\t\t\t<a href='https:\/\/unisale.com.br\/pastoral\/unisalesiano-retoma-voluntariado-missionario-com-viagem-para-aldeias-do-mato-grosso\/03-morro-de-meruri-1024x683\/'><img fetchpriority=\"high\" decoding=\"async\" width=\"750\" height=\"500\" src=\"https:\/\/unisale.com.br\/pastoral\/wp-content\/uploads\/2022\/07\/03-Morro-de-Meruri-1024x683-1.jpg\" class=\"attachment-large size-large\" alt=\"\" srcset=\"https:\/\/unisale.com.br\/pastoral\/wp-content\/uploads\/2022\/07\/03-Morro-de-Meruri-1024x683-1.jpg 750w, https:\/\/unisale.com.br\/pastoral\/wp-content\/uploads\/2022\/07\/03-Morro-de-Meruri-1024x683-1-300x200.jpg 300w, https:\/\/unisale.com.br\/pastoral\/wp-content\/uploads\/2022\/07\/03-Morro-de-Meruri-1024x683-1-768x512.jpg 768w, https:\/\/unisale.com.br\/pastoral\/wp-content\/uploads\/2022\/07\/03-Morro-de-Meruri-1024x683-1-930x620.jpg 930w\" sizes=\"(max-width: 750px) 100vw, 750px\" \/><\/a>\n\t\t\t<\/dt><\/dl><dl class='gallery-item'>\n\t\t\t<dt class='gallery-icon landscape'>\n\t\t\t\t<a href='https:\/\/unisale.com.br\/pastoral\/unisalesiano-retoma-voluntariado-missionario-com-viagem-para-aldeias-do-mato-grosso\/06-meruri-tumulo-padre-e-indio-1-1024x683\/'><img decoding=\"async\" width=\"750\" height=\"500\" src=\"https:\/\/unisale.com.br\/pastoral\/wp-content\/uploads\/2022\/07\/06-Meruri-Tumulo-Padre-e-Indio-1-1024x683-1.jpg\" class=\"attachment-large size-large\" alt=\"\" srcset=\"https:\/\/unisale.com.br\/pastoral\/wp-content\/uploads\/2022\/07\/06-Meruri-Tumulo-Padre-e-Indio-1-1024x683-1.jpg 750w, https:\/\/unisale.com.br\/pastoral\/wp-content\/uploads\/2022\/07\/06-Meruri-Tumulo-Padre-e-Indio-1-1024x683-1-300x200.jpg 300w, https:\/\/unisale.com.br\/pastoral\/wp-content\/uploads\/2022\/07\/06-Meruri-Tumulo-Padre-e-Indio-1-1024x683-1-768x512.jpg 768w, https:\/\/unisale.com.br\/pastoral\/wp-content\/uploads\/2022\/07\/06-Meruri-Tumulo-Padre-e-Indio-1-1024x683-1-930x620.jpg 930w\" sizes=\"(max-width: 750px) 100vw, 750px\" \/><\/a>\n\t\t\t<\/dt><\/dl><dl class='gallery-item'>\n\t\t\t<dt class='gallery-icon landscape'>\n\t\t\t\t<a href='https:\/\/unisale.com.br\/pastoral\/unisalesiano-retoma-voluntariado-missionario-com-viagem-para-aldeias-do-mato-grosso\/09-sao-marcos-1024x683\/'><img decoding=\"async\" width=\"750\" height=\"500\" src=\"https:\/\/unisale.com.br\/pastoral\/wp-content\/uploads\/2022\/07\/09-Sao-Marcos-1024x683-1.jpg\" class=\"attachment-large size-large\" alt=\"\" srcset=\"https:\/\/unisale.com.br\/pastoral\/wp-content\/uploads\/2022\/07\/09-Sao-Marcos-1024x683-1.jpg 750w, https:\/\/unisale.com.br\/pastoral\/wp-content\/uploads\/2022\/07\/09-Sao-Marcos-1024x683-1-300x200.jpg 300w, https:\/\/unisale.com.br\/pastoral\/wp-content\/uploads\/2022\/07\/09-Sao-Marcos-1024x683-1-768x512.jpg 768w, https:\/\/unisale.com.br\/pastoral\/wp-content\/uploads\/2022\/07\/09-Sao-Marcos-1024x683-1-930x620.jpg 930w\" sizes=\"(max-width: 750px) 100vw, 750px\" \/><\/a>\n\t\t\t<\/dt><\/dl><br style=\"clear: both\" \/><dl class='gallery-item'>\n\t\t\t<dt class='gallery-icon landscape'>\n\t\t\t\t<a href='https:\/\/unisale.com.br\/pastoral\/unisalesiano-retoma-voluntariado-missionario-com-viagem-para-aldeias-do-mato-grosso\/10-sao-marcos-1024x683\/'><img loading=\"lazy\" decoding=\"async\" width=\"750\" height=\"500\" src=\"https:\/\/unisale.com.br\/pastoral\/wp-content\/uploads\/2022\/07\/10-Sao-Marcos-1024x683-1.jpg\" class=\"attachment-large size-large\" alt=\"\" srcset=\"https:\/\/unisale.com.br\/pastoral\/wp-content\/uploads\/2022\/07\/10-Sao-Marcos-1024x683-1.jpg 750w, https:\/\/unisale.com.br\/pastoral\/wp-content\/uploads\/2022\/07\/10-Sao-Marcos-1024x683-1-300x200.jpg 300w, https:\/\/unisale.com.br\/pastoral\/wp-content\/uploads\/2022\/07\/10-Sao-Marcos-1024x683-1-768x512.jpg 768w, https:\/\/unisale.com.br\/pastoral\/wp-content\/uploads\/2022\/07\/10-Sao-Marcos-1024x683-1-930x620.jpg 930w\" sizes=\"(max-width: 750px) 100vw, 750px\" \/><\/a>\n\t\t\t<\/dt><\/dl><dl class='gallery-item'>\n\t\t\t<dt class='gallery-icon landscape'>\n\t\t\t\t<a href='https:\/\/unisale.com.br\/pastoral\/unisalesiano-retoma-voluntariado-missionario-com-viagem-para-aldeias-do-mato-grosso\/12-sao-marcos-1024x683\/'><img loading=\"lazy\" decoding=\"async\" width=\"750\" height=\"500\" src=\"https:\/\/unisale.com.br\/pastoral\/wp-content\/uploads\/2022\/07\/12-Sao-Marcos-1024x683-1.jpg\" class=\"attachment-large size-large\" alt=\"\" srcset=\"https:\/\/unisale.com.br\/pastoral\/wp-content\/uploads\/2022\/07\/12-Sao-Marcos-1024x683-1.jpg 750w, https:\/\/unisale.com.br\/pastoral\/wp-content\/uploads\/2022\/07\/12-Sao-Marcos-1024x683-1-300x200.jpg 300w, https:\/\/unisale.com.br\/pastoral\/wp-content\/uploads\/2022\/07\/12-Sao-Marcos-1024x683-1-768x512.jpg 768w, https:\/\/unisale.com.br\/pastoral\/wp-content\/uploads\/2022\/07\/12-Sao-Marcos-1024x683-1-930x620.jpg 930w\" sizes=\"(max-width: 750px) 100vw, 750px\" \/><\/a>\n\t\t\t<\/dt><\/dl><dl class='gallery-item'>\n\t\t\t<dt class='gallery-icon landscape'>\n\t\t\t\t<a href='https:\/\/unisale.com.br\/pastoral\/unisalesiano-retoma-voluntariado-missionario-com-viagem-para-aldeias-do-mato-grosso\/13-sao-marcos-2-1024x683\/'><img loading=\"lazy\" decoding=\"async\" width=\"750\" height=\"500\" src=\"https:\/\/unisale.com.br\/pastoral\/wp-content\/uploads\/2022\/07\/13-Sao-Marcos-2-1024x683-1.jpg\" class=\"attachment-large size-large\" alt=\"\" srcset=\"https:\/\/unisale.com.br\/pastoral\/wp-content\/uploads\/2022\/07\/13-Sao-Marcos-2-1024x683-1.jpg 750w, https:\/\/unisale.com.br\/pastoral\/wp-content\/uploads\/2022\/07\/13-Sao-Marcos-2-1024x683-1-300x200.jpg 300w, https:\/\/unisale.com.br\/pastoral\/wp-content\/uploads\/2022\/07\/13-Sao-Marcos-2-1024x683-1-768x512.jpg 768w, https:\/\/unisale.com.br\/pastoral\/wp-content\/uploads\/2022\/07\/13-Sao-Marcos-2-1024x683-1-930x620.jpg 930w\" sizes=\"(max-width: 750px) 100vw, 750px\" \/><\/a>\n\t\t\t<\/dt><\/dl><br style=\"clear: both\" \/><dl class='gallery-item'>\n\t\t\t<dt class='gallery-icon landscape'>\n\t\t\t\t<a href='https:\/\/unisale.com.br\/pastoral\/unisalesiano-retoma-voluntariado-missionario-com-viagem-para-aldeias-do-mato-grosso\/16-sao-marcos-5-1024x683\/'><img loading=\"lazy\" decoding=\"async\" width=\"750\" height=\"500\" src=\"https:\/\/unisale.com.br\/pastoral\/wp-content\/uploads\/2022\/07\/16-Sao-Marcos-5-1024x683-1.jpg\" class=\"attachment-large size-large\" alt=\"\" srcset=\"https:\/\/unisale.com.br\/pastoral\/wp-content\/uploads\/2022\/07\/16-Sao-Marcos-5-1024x683-1.jpg 750w, https:\/\/unisale.com.br\/pastoral\/wp-content\/uploads\/2022\/07\/16-Sao-Marcos-5-1024x683-1-300x200.jpg 300w, https:\/\/unisale.com.br\/pastoral\/wp-content\/uploads\/2022\/07\/16-Sao-Marcos-5-1024x683-1-768x512.jpg 768w, https:\/\/unisale.com.br\/pastoral\/wp-content\/uploads\/2022\/07\/16-Sao-Marcos-5-1024x683-1-930x620.jpg 930w\" sizes=\"(max-width: 750px) 100vw, 750px\" \/><\/a>\n\t\t\t<\/dt><\/dl><dl class='gallery-item'>\n\t\t\t<dt class='gallery-icon landscape'>\n\t\t\t\t<a href='https:\/\/unisale.com.br\/pastoral\/unisalesiano-retoma-voluntariado-missionario-com-viagem-para-aldeias-do-mato-grosso\/19-sao-marcos-5-1024x683\/'><img loading=\"lazy\" decoding=\"async\" width=\"750\" height=\"500\" src=\"https:\/\/unisale.com.br\/pastoral\/wp-content\/uploads\/2022\/07\/19-Sao-Marcos-5-1024x683-1.jpg\" class=\"attachment-large size-large\" alt=\"\" srcset=\"https:\/\/unisale.com.br\/pastoral\/wp-content\/uploads\/2022\/07\/19-Sao-Marcos-5-1024x683-1.jpg 750w, https:\/\/unisale.com.br\/pastoral\/wp-content\/uploads\/2022\/07\/19-Sao-Marcos-5-1024x683-1-300x200.jpg 300w, https:\/\/unisale.com.br\/pastoral\/wp-content\/uploads\/2022\/07\/19-Sao-Marcos-5-1024x683-1-768x512.jpg 768w, https:\/\/unisale.com.br\/pastoral\/wp-content\/uploads\/2022\/07\/19-Sao-Marcos-5-1024x683-1-930x620.jpg 930w\" sizes=\"(max-width: 750px) 100vw, 750px\" \/><\/a>\n\t\t\t<\/dt><\/dl>\n\t\t\t<br style='clear: both' \/>\n\t\t<\/div>\n\n","protected":false},"excerpt":{"rendered":"<p>O retorno deste grande e importante projeto social est\u00e1 marcado para o dia 30 de junho de 2022 &nbsp; Desenvolver a\u00e7\u00f5es que contribuam com a&#8230;<\/p>\n","protected":false},"author":6,"featured_media":4918,"comment_status":"closed","ping_status":"closed","sticky":false,"template":"","format":"standard","meta":{"_acf_changed":false,"footnotes":""},"categories":[1],"tags":[],"class_list":["post-4910","post","type-post","status-publish","format-standard","has-post-thumbnail","hentry","category-uncategorized"],"acf":[],"yoast_head":"<!-- This site is optimized with the Yoast SEO plugin v27.3 - https:\/\/yoast.com\/product\/yoast-seo-wordpress\/ -->\n<title>UniSALESIANO retoma \u201cVoluntariado Mission\u00e1rio\u201d com viagem para aldeias do Mato Grosso - Pastoral Universit\u00e1ria UniSALESIANO<\/title>\n<meta name=\"robots\" content=\"index, follow, max-snippet:-1, max-image-preview:large, max-video-preview:-1\" \/>\n<link rel=\"canonical\" href=\"https:\/\/unisale.com.br\/novo\/unisalesiano-retoma-voluntariado-missionario-com-viagem-para-aldeias-do-mato-grosso\/\" \/>\n<meta property=\"og:locale\" content=\"pt_BR\" \/>\n<meta property=\"og:type\" content=\"article\" \/>\n<meta property=\"og:title\" content=\"UniSALESIANO retoma \u201cVoluntariado Mission\u00e1rio\u201d com viagem para aldeias do Mato Grosso - Pastoral Universit\u00e1ria UniSALESIANO\" \/>\n<meta property=\"og:description\" content=\"O retorno deste grande e importante projeto social est\u00e1 marcado para o dia 30 de junho de 2022 &nbsp; Desenvolver a\u00e7\u00f5es que contribuam com a...\" \/>\n<meta property=\"og:url\" content=\"https:\/\/unisale.com.br\/novo\/unisalesiano-retoma-voluntariado-missionario-com-viagem-para-aldeias-do-mato-grosso\/\" \/>\n<meta property=\"og:site_name\" content=\"Pastoral Universit\u00e1ria UniSALESIANO\" \/>\n<meta property=\"article:published_time\" content=\"2022-07-26T14:26:26+00:00\" \/>\n<meta property=\"og:image\" content=\"https:\/\/unisale.com.br\/novo\/wp-content\/uploads\/2022\/07\/06-Meruri-Tumulo-Padre-e-Indio-1-1024x683-1.jpg\" \/>\n\t<meta property=\"og:image:width\" content=\"1024\" \/>\n\t<meta property=\"og:image:height\" content=\"683\" \/>\n\t<meta property=\"og:image:type\" content=\"image\/jpeg\" \/>\n<meta name=\"author\" content=\"Luiz Alexandre Marinho Lanzoni\" \/>\n<meta name=\"twitter:card\" content=\"summary_large_image\" \/>\n<meta name=\"twitter:label1\" content=\"Escrito por\" \/>\n\t<meta name=\"twitter:data1\" content=\"Luiz Alexandre Marinho Lanzoni\" \/>\n\t<meta name=\"twitter:label2\" content=\"Est. tempo de leitura\" \/>\n\t<meta name=\"twitter:data2\" content=\"2 minutos\" \/>\n<script type=\"application\/ld+json\" class=\"yoast-schema-graph\">{\"@context\":\"https:\\\/\\\/schema.org\",\"@graph\":[{\"@type\":\"Article\",\"@id\":\"https:\\\/\\\/unisale.com.br\\\/novo\\\/unisalesiano-retoma-voluntariado-missionario-com-viagem-para-aldeias-do-mato-grosso\\\/#article\",\"isPartOf\":{\"@id\":\"https:\\\/\\\/unisale.com.br\\\/novo\\\/unisalesiano-retoma-voluntariado-missionario-com-viagem-para-aldeias-do-mato-grosso\\\/\"},\"author\":{\"name\":\"Luiz Alexandre Marinho Lanzoni\",\"@id\":\"https:\\\/\\\/unisale.com.br\\\/pastoral\\\/#\\\/schema\\\/person\\\/492d3d7bfe53a8302576d39485aff2c4\"},\"headline\":\"UniSALESIANO retoma \u201cVoluntariado Mission\u00e1rio\u201d com viagem para aldeias do Mato Grosso\",\"datePublished\":\"2022-07-26T14:26:26+00:00\",\"mainEntityOfPage\":{\"@id\":\"https:\\\/\\\/unisale.com.br\\\/novo\\\/unisalesiano-retoma-voluntariado-missionario-com-viagem-para-aldeias-do-mato-grosso\\\/\"},\"wordCount\":494,\"image\":{\"@id\":\"https:\\\/\\\/unisale.com.br\\\/novo\\\/unisalesiano-retoma-voluntariado-missionario-com-viagem-para-aldeias-do-mato-grosso\\\/#primaryimage\"},\"thumbnailUrl\":\"https:\\\/\\\/unisale.com.br\\\/pastoral\\\/wp-content\\\/uploads\\\/2022\\\/07\\\/06-Meruri-Tumulo-Padre-e-Indio-1-1024x683-1.jpg\",\"inLanguage\":\"pt-BR\"},{\"@type\":\"WebPage\",\"@id\":\"https:\\\/\\\/unisale.com.br\\\/novo\\\/unisalesiano-retoma-voluntariado-missionario-com-viagem-para-aldeias-do-mato-grosso\\\/\",\"url\":\"https:\\\/\\\/unisale.com.br\\\/novo\\\/unisalesiano-retoma-voluntariado-missionario-com-viagem-para-aldeias-do-mato-grosso\\\/\",\"name\":\"UniSALESIANO retoma \u201cVoluntariado Mission\u00e1rio\u201d com viagem para aldeias do Mato Grosso - Pastoral Universit\u00e1ria UniSALESIANO\",\"isPartOf\":{\"@id\":\"https:\\\/\\\/unisale.com.br\\\/pastoral\\\/#website\"},\"primaryImageOfPage\":{\"@id\":\"https:\\\/\\\/unisale.com.br\\\/novo\\\/unisalesiano-retoma-voluntariado-missionario-com-viagem-para-aldeias-do-mato-grosso\\\/#primaryimage\"},\"image\":{\"@id\":\"https:\\\/\\\/unisale.com.br\\\/novo\\\/unisalesiano-retoma-voluntariado-missionario-com-viagem-para-aldeias-do-mato-grosso\\\/#primaryimage\"},\"thumbnailUrl\":\"https:\\\/\\\/unisale.com.br\\\/pastoral\\\/wp-content\\\/uploads\\\/2022\\\/07\\\/06-Meruri-Tumulo-Padre-e-Indio-1-1024x683-1.jpg\",\"datePublished\":\"2022-07-26T14:26:26+00:00\",\"author\":{\"@id\":\"https:\\\/\\\/unisale.com.br\\\/pastoral\\\/#\\\/schema\\\/person\\\/492d3d7bfe53a8302576d39485aff2c4\"},\"inLanguage\":\"pt-BR\",\"potentialAction\":[{\"@type\":\"ReadAction\",\"target\":[\"https:\\\/\\\/unisale.com.br\\\/novo\\\/unisalesiano-retoma-voluntariado-missionario-com-viagem-para-aldeias-do-mato-grosso\\\/\"]}]},{\"@type\":\"ImageObject\",\"inLanguage\":\"pt-BR\",\"@id\":\"https:\\\/\\\/unisale.com.br\\\/novo\\\/unisalesiano-retoma-voluntariado-missionario-com-viagem-para-aldeias-do-mato-grosso\\\/#primaryimage\",\"url\":\"https:\\\/\\\/unisale.com.br\\\/pastoral\\\/wp-content\\\/uploads\\\/2022\\\/07\\\/06-Meruri-Tumulo-Padre-e-Indio-1-1024x683-1.jpg\",\"contentUrl\":\"https:\\\/\\\/unisale.com.br\\\/pastoral\\\/wp-content\\\/uploads\\\/2022\\\/07\\\/06-Meruri-Tumulo-Padre-e-Indio-1-1024x683-1.jpg\",\"width\":750,\"height\":500},{\"@type\":\"WebSite\",\"@id\":\"https:\\\/\\\/unisale.com.br\\\/pastoral\\\/#website\",\"url\":\"https:\\\/\\\/unisale.com.br\\\/pastoral\\\/\",\"name\":\"Pastoral Universit\u00e1ria UniSALESIANO\",\"description\":\"Site da Pastoral Universit\u00e1ria do UniSALESIANO\",\"potentialAction\":[{\"@type\":\"SearchAction\",\"target\":{\"@type\":\"EntryPoint\",\"urlTemplate\":\"https:\\\/\\\/unisale.com.br\\\/pastoral\\\/?s={search_term_string}\"},\"query-input\":{\"@type\":\"PropertyValueSpecification\",\"valueRequired\":true,\"valueName\":\"search_term_string\"}}],\"inLanguage\":\"pt-BR\"},{\"@type\":\"Person\",\"@id\":\"https:\\\/\\\/unisale.com.br\\\/pastoral\\\/#\\\/schema\\\/person\\\/492d3d7bfe53a8302576d39485aff2c4\",\"name\":\"Luiz Alexandre Marinho Lanzoni\",\"url\":\"https:\\\/\\\/unisale.com.br\\\/pastoral\\\/author\\\/luiz\\\/\"}]}<\/script>\n<!-- \/ Yoast SEO plugin. -->","yoast_head_json":{"title":"UniSALESIANO retoma \u201cVoluntariado Mission\u00e1rio\u201d com viagem para aldeias do Mato Grosso - Pastoral Universit\u00e1ria UniSALESIANO","robots":{"index":"index","follow":"follow","max-snippet":"max-snippet:-1","max-image-preview":"max-image-preview:large","max-video-preview":"max-video-preview:-1"},"canonical":"https:\/\/unisale.com.br\/novo\/unisalesiano-retoma-voluntariado-missionario-com-viagem-para-aldeias-do-mato-grosso\/","og_locale":"pt_BR","og_type":"article","og_title":"UniSALESIANO retoma \u201cVoluntariado Mission\u00e1rio\u201d com viagem para aldeias do Mato Grosso - Pastoral Universit\u00e1ria UniSALESIANO","og_description":"O retorno deste grande e importante projeto social est\u00e1 marcado para o dia 30 de junho de 2022 &nbsp; Desenvolver a\u00e7\u00f5es que contribuam com a...","og_url":"https:\/\/unisale.com.br\/novo\/unisalesiano-retoma-voluntariado-missionario-com-viagem-para-aldeias-do-mato-grosso\/","og_site_name":"Pastoral Universit\u00e1ria UniSALESIANO","article_published_time":"2022-07-26T14:26:26+00:00","og_image":[{"width":1024,"height":683,"url":"https:\/\/unisale.com.br\/novo\/wp-content\/uploads\/2022\/07\/06-Meruri-Tumulo-Padre-e-Indio-1-1024x683-1.jpg","type":"image\/jpeg"}],"author":"Luiz Alexandre Marinho Lanzoni","twitter_card":"summary_large_image","twitter_misc":{"Escrito por":"Luiz Alexandre Marinho Lanzoni","Est. tempo de leitura":"2 minutos"},"schema":{"@context":"https:\/\/schema.org","@graph":[{"@type":"Article","@id":"https:\/\/unisale.com.br\/novo\/unisalesiano-retoma-voluntariado-missionario-com-viagem-para-aldeias-do-mato-grosso\/#article","isPartOf":{"@id":"https:\/\/unisale.com.br\/novo\/unisalesiano-retoma-voluntariado-missionario-com-viagem-para-aldeias-do-mato-grosso\/"},"author":{"name":"Luiz Alexandre Marinho Lanzoni","@id":"https:\/\/unisale.com.br\/pastoral\/#\/schema\/person\/492d3d7bfe53a8302576d39485aff2c4"},"headline":"UniSALESIANO retoma \u201cVoluntariado Mission\u00e1rio\u201d com viagem para aldeias do Mato Grosso","datePublished":"2022-07-26T14:26:26+00:00","mainEntityOfPage":{"@id":"https:\/\/unisale.com.br\/novo\/unisalesiano-retoma-voluntariado-missionario-com-viagem-para-aldeias-do-mato-grosso\/"},"wordCount":494,"image":{"@id":"https:\/\/unisale.com.br\/novo\/unisalesiano-retoma-voluntariado-missionario-com-viagem-para-aldeias-do-mato-grosso\/#primaryimage"},"thumbnailUrl":"https:\/\/unisale.com.br\/pastoral\/wp-content\/uploads\/2022\/07\/06-Meruri-Tumulo-Padre-e-Indio-1-1024x683-1.jpg","inLanguage":"pt-BR"},{"@type":"WebPage","@id":"https:\/\/unisale.com.br\/novo\/unisalesiano-retoma-voluntariado-missionario-com-viagem-para-aldeias-do-mato-grosso\/","url":"https:\/\/unisale.com.br\/novo\/unisalesiano-retoma-voluntariado-missionario-com-viagem-para-aldeias-do-mato-grosso\/","name":"UniSALESIANO retoma \u201cVoluntariado Mission\u00e1rio\u201d com viagem para aldeias do Mato Grosso - Pastoral Universit\u00e1ria UniSALESIANO","isPartOf":{"@id":"https:\/\/unisale.com.br\/pastoral\/#website"},"primaryImageOfPage":{"@id":"https:\/\/unisale.com.br\/novo\/unisalesiano-retoma-voluntariado-missionario-com-viagem-para-aldeias-do-mato-grosso\/#primaryimage"},"image":{"@id":"https:\/\/unisale.com.br\/novo\/unisalesiano-retoma-voluntariado-missionario-com-viagem-para-aldeias-do-mato-grosso\/#primaryimage"},"thumbnailUrl":"https:\/\/unisale.com.br\/pastoral\/wp-content\/uploads\/2022\/07\/06-Meruri-Tumulo-Padre-e-Indio-1-1024x683-1.jpg","datePublished":"2022-07-26T14:26:26+00:00","author":{"@id":"https:\/\/unisale.com.br\/pastoral\/#\/schema\/person\/492d3d7bfe53a8302576d39485aff2c4"},"inLanguage":"pt-BR","potentialAction":[{"@type":"ReadAction","target":["https:\/\/unisale.com.br\/novo\/unisalesiano-retoma-voluntariado-missionario-com-viagem-para-aldeias-do-mato-grosso\/"]}]},{"@type":"ImageObject","inLanguage":"pt-BR","@id":"https:\/\/unisale.com.br\/novo\/unisalesiano-retoma-voluntariado-missionario-com-viagem-para-aldeias-do-mato-grosso\/#primaryimage","url":"https:\/\/unisale.com.br\/pastoral\/wp-content\/uploads\/2022\/07\/06-Meruri-Tumulo-Padre-e-Indio-1-1024x683-1.jpg","contentUrl":"https:\/\/unisale.com.br\/pastoral\/wp-content\/uploads\/2022\/07\/06-Meruri-Tumulo-Padre-e-Indio-1-1024x683-1.jpg","width":750,"height":500},{"@type":"WebSite","@id":"https:\/\/unisale.com.br\/pastoral\/#website","url":"https:\/\/unisale.com.br\/pastoral\/","name":"Pastoral Universit\u00e1ria UniSALESIANO","description":"Site da Pastoral Universit\u00e1ria do UniSALESIANO","potentialAction":[{"@type":"SearchAction","target":{"@type":"EntryPoint","urlTemplate":"https:\/\/unisale.com.br\/pastoral\/?s={search_term_string}"},"query-input":{"@type":"PropertyValueSpecification","valueRequired":true,"valueName":"search_term_string"}}],"inLanguage":"pt-BR"},{"@type":"Person","@id":"https:\/\/unisale.com.br\/pastoral\/#\/schema\/person\/492d3d7bfe53a8302576d39485aff2c4","name":"Luiz Alexandre Marinho Lanzoni","url":"https:\/\/unisale.com.br\/pastoral\/author\/luiz\/"}]}},"_links":{"self":[{"href":"https:\/\/unisale.com.br\/pastoral\/wp-json\/wp\/v2\/posts\/4910","targetHints":{"allow":["GET"]}}],"collection":[{"href":"https:\/\/unisale.com.br\/pastoral\/wp-json\/wp\/v2\/posts"}],"about":[{"href":"https:\/\/unisale.com.br\/pastoral\/wp-json\/wp\/v2\/types\/post"}],"author":[{"embeddable":true,"href":"https:\/\/unisale.com.br\/pastoral\/wp-json\/wp\/v2\/users\/6"}],"replies":[{"embeddable":true,"href":"https:\/\/unisale.com.br\/pastoral\/wp-json\/wp\/v2\/comments?post=4910"}],"version-history":[{"count":0,"href":"https:\/\/unisale.com.br\/pastoral\/wp-json\/wp\/v2\/posts\/4910\/revisions"}],"wp:featuredmedia":[{"embeddable":true,"href":"https:\/\/unisale.com.br\/pastoral\/wp-json\/wp\/v2\/media\/4918"}],"wp:attachment":[{"href":"https:\/\/unisale.com.br\/pastoral\/wp-json\/wp\/v2\/media?parent=4910"}],"wp:term":[{"taxonomy":"category","embeddable":true,"href":"https:\/\/unisale.com.br\/pastoral\/wp-json\/wp\/v2\/categories?post=4910"},{"taxonomy":"post_tag","embeddable":true,"href":"https:\/\/unisale.com.br\/pastoral\/wp-json\/wp\/v2\/tags?post=4910"}],"curies":[{"name":"wp","href":"https:\/\/api.w.org\/{rel}","templated":true}]}}